{"id":61515,"date":"2026-04-28T17:10:17","date_gmt":"2026-04-28T15:10:17","guid":{"rendered":"https:\/\/film-mag.net\/wp\/?p=61515"},"modified":"2026-04-28T17:10:17","modified_gmt":"2026-04-28T15:10:17","slug":"svjetske-premijere-filma-vrag-nosi-pradu-2-u-new-yorku-i-londodnu","status":"publish","type":"post","link":"https:\/\/film-mag.net\/wp\/?p=61515","title":{"rendered":"Svjetske premijere filma \u2018Vrag nosi Pradu 2\u2019 u New Yorku i Londodnu"},"content":{"rendered":"<p style=\"text-align: justify;\"><strong>VRAG NOSI PRADU 2 \u2013 OSVAJA KINA RASPRODANIM DVORANAMA PRIJE SLU\u017dBENOG OTVARANJA!<\/strong><\/p>\n<p style=\"text-align: justify;\"><strong>Dvadeset godina nakon \u0161to je obilje\u017eio \u010ditavu jednu generaciju, modni spektakl <a href=\"https:\/\/www.imdb.com\/title\/tt33612209\/?ref_=nm_flmg_job_1_accord_1_unrel_cdt_t_1\" target=\"_blank\" rel=\"noopener noreferrer\">\u201eVrag nosi Pradu 2\u201d<\/a> vra\u0107a se na velika platna sna\u017eniji, rasko\u0161niji i aktualniji nego ikad. Interes publike to ve\u0107 nedvosmisleno potvr\u0111uje \u2013 tematske pretpremijerne projekcije u hrvatskim kinima rasprodane su gotovo do posljednjeg mjesta danima unaprijed, dok potra\u017enja za dodatnim ulaznicama kontinuirano raste.<\/strong><\/p>\n<p style=\"text-align: justify;\">Zagreb, 23. travnja 2026. \u2013 Filmska i modna elita ovih je dana bila usmjerena na dva klju\u010dna svjetska doga\u0111aja: spektakularnu svjetsku premijeru u David Geffen Hallu u sklopu Lincoln centra u New Yorku te europsku premijeru na Leicester Squareu u Londonu.<\/p>\n<p style=\"text-align: justify;\"><img decoding=\"async\" style=\"border: none; width: 100%;\" src=\" https:\/\/media.themoviedb.org\/t\/p\/w1066_and_h600_face\/y3fQa7pytlysovXzovpXc1OQlTW.jpg \" \/><\/p>\n<p style=\"text-align: justify;\">Fotografiju ustupio <strong><a href=\"https:\/\/www.themoviedb.org\/movie\/1314481-the-devil-wears-prada-2\" target=\"_blank\" rel=\"noopener noreferrer\"> TMDB<\/a><\/strong><\/p>\n<p style=\"text-align: justify;\">Na crvenim tepisima okupila se impresivna gluma\u010dka i autorska ekipa predvo\u0111ena trostrukom oskarovkom Meryl Streep, uz Anne Hathaway, Emily Blunt i Stanleyjem Tuccijem, kojima su se pridru\u017eila i nova, izrazito sna\u017ena imena poput Kennetha Branagha, Lucy Liu i Justina Therouxa. Dodatni sjaj ovim doga\u0111ajima dali su globalna ikona Lady Gaga, kao i klju\u010dne figure modne industrije, me\u0111u kojima Donatella Versace i Marc Jacobs.<\/p>\n<p style=\"text-align: justify;\">Europska premijera kulminirala je upe\u010datljivim fotografiranjem na stepenicama Trafalgar Square, ispred National Gallery, dok je njujor\u0161ki doga\u0111aj istodobno preno\u0161en globalno putem platformi Disney+, Hulu, ABC News i TikTok, potvr\u0111uju\u0107i status filma kao istinskog me\u0111unarodnog medijskog fenomena.<\/p>\n<p style=\"text-align: justify;\">Nastavak gledatelje ponovno uvodi u svijet \u010dasopisa Runway \u2013 prostor u kojem se prepli\u0107u ambicija, mo\u0107 i besprijekoran stil. Legendarni likovi Miranda, Andy, Emily i Nigel vra\u0107aju se s istom prepoznatljivom o\u0161trinom i karizmom, u pri\u010di koja zadr\u017eava duh originala, ali ga istodobno podi\u017ee na novu razinu suvremene relevantnosti. Film re\u017eira David Frankel, dok scenarij potpisuje Aline Brosh McKenna, autorica originalnog filmskog hita.<\/p>\n<p style=\"text-align: justify;\">U hrvatska kina film sti\u017ee 29. travnja 2026., u distribuciji Blitz filma, uz posebno osmi\u0161ljene tematske ve\u010deri \u2013 CineLady i TresChic u CineStar kinima te Ladies Night doga\u0111anja u Cineplexxu \u2013 koje su ve\u0107 sada gotovo u potpunosti rasprodane. U prodaji je ostao tek ograni\u010den broj ulaznica, dok su za sve ostale gledatelje otvoreni dodatni termini i projekcije u redovnom programu diljem zemlje.<\/p>\n<p style=\"text-align: justify;\">Za sve koji \u017eele biti dio jednog od naji\u0161\u010dekivanijih filmskih i dru\u0161tvenih doga\u0111aja godine, trenutak za odlazak u kino upravo je sada.<\/p>\n<p style=\"text-align: justify;\">[izvor informacije <strong><a href=\"https:\/\/www.blitzgroup.eu\/\" target=\"_blank\" rel=\"noopener noreferrer\"> Blitz Film &amp; Video<\/a><\/strong>]<\/p>\n<p style=\"text-align: justify;\"><iframe loading=\"lazy\" title=\"Devil wears Prada 2 [Vrag nosi Pradu 2] |Slu\u017ebeni Trailer 2| 2026\" src=\"https:\/\/www.youtube.com\/embed\/rARdIFub7bs\" width=\"560\" height=\"315\" frameborder=\"0\" allowfullscreen=\"allowfullscreen\"><span style=\"display: inline-block; width: 0px; overflow: hidden; line-height: 0;\" data-mce-type=\"bookmark\" class=\"mce_SELRES_start\">\ufeff<\/span><\/iframe><\/p>\n<p style=\"text-align: justify;\"><iframe loading=\"lazy\" style=\"border: none; overflow: hidden;\" src=\"https:\/\/www.facebook.com\/plugins\/post.php?href=https%3A%2F%2Fwww.facebook.com%2FFILMmagnet%2Fposts%2Fpfbid0jazuX7mSiwb3QYvmJu8Y8MeUgsnktLjq1Zu5XNGXCqBgTUyXkghmfuokWuBNT5dKl&amp;show_text=true&amp;width=500\" width=\"500\" height=\"665\" frameborder=\"0\" scrolling=\"no\" allowfullscreen=\"allowfullscreen\"><\/iframe><\/p>\n<div id=\"fb_share_1\" style=\"float: right; margin-left: 10px;\"><a name=\"fb_share\" type=\"box_count\" share_url=\"https:\/\/film-mag.net\/wp\/?p=61515\" href=\"http:\/\/www.facebook.com\/sharer.php\">Share<\/a><\/div><div><script src=\"https:\/\/static.ak.fbcdn.net\/connect.php\/js\/FB.Share\" type=\"text\/javascript\"><\/script><\/div><div style=\"clear:both\"><\/div>","protected":false},"excerpt":{"rendered":"<p>VRAG NOSI PRADU 2 \u2013 OSVAJA KINA RASPRODANIM DVORANAMA PRIJE SLU\u017dBENOG OTVARANJA! Dvadeset godina nakon \u0161to je obilje\u017eio \u010ditavu jednu generaciju, modni spektakl \u201eVrag nosi Pradu 2\u201d vra\u0107a se na velika platna sna\u017eniji, rasko\u0161niji i aktualniji nego ikad. Interes publike to ve\u0107 nedvosmisleno potvr\u0111uje \u2013 tematske pretpremijerne projekcije u hrvatskim kinima rasprodane su gotovo do [&hellip;]<\/p>\n","protected":false},"author":8,"featured_media":0,"comment_status":"closed","ping_status":"closed","sticky":false,"template":"","format":"standard","meta":{"_et_pb_use_builder":"","_et_pb_old_content":"","_et_gb_content_width":"","_editorskit_title_hidden":false,"_editorskit_reading_time":0,"_editorskit_is_block_options_detached":false,"_editorskit_block_options_position":"{}","footnotes":""},"categories":[9,25,17050],"tags":[],"class_list":["post-61515","post","type-post","status-publish","format-standard","hentry","category-film","category-filmske-premijere","category-press"],"yoast_head":"<!-- This site is optimized with the Yoast SEO plugin v24.6 - https:\/\/yoast.com\/wordpress\/plugins\/seo\/ -->\n<title>Svjetske premijere filma \u2018Vrag nosi Pradu 2\u2019 u New Yorku i Londodnu - FILM-mag.net<\/title>\n<meta name=\"robots\" content=\"index, follow, max-snippet:-1, max-image-preview:large, max-video-preview:-1\" \/>\n<link rel=\"canonical\" href=\"https:\/\/film-mag.net\/wp\/?p=61515\" \/>\n<meta property=\"og:locale\" content=\"en_US\" \/>\n<meta property=\"og:type\" content=\"article\" \/>\n<meta property=\"og:title\" content=\"Svjetske premijere filma \u2018Vrag nosi Pradu 2\u2019 u New Yorku i Londodnu - FILM-mag.net\" \/>\n<meta property=\"og:description\" content=\"VRAG NOSI PRADU 2 \u2013 OSVAJA KINA RASPRODANIM DVORANAMA PRIJE SLU\u017dBENOG OTVARANJA! Dvadeset godina nakon \u0161to je obilje\u017eio \u010ditavu jednu generaciju, modni spektakl \u201eVrag nosi Pradu 2\u201d vra\u0107a se na velika platna sna\u017eniji, rasko\u0161niji i aktualniji nego ikad. Interes publike to ve\u0107 nedvosmisleno potvr\u0111uje \u2013 tematske pretpremijerne projekcije u hrvatskim kinima rasprodane su gotovo do [&hellip;]\" \/>\n<meta property=\"og:url\" content=\"https:\/\/film-mag.net\/wp\/?p=61515\" \/>\n<meta property=\"og:site_name\" content=\"FILM-mag.net\" \/>\n<meta property=\"article:published_time\" content=\"2026-04-28T15:10:17+00:00\" \/>\n<meta name=\"author\" content=\"PRESS\" \/>\n<meta name=\"twitter:card\" content=\"summary_large_image\" \/>\n<meta name=\"twitter:label1\" content=\"Written by\" \/>\n\t<meta name=\"twitter:data1\" content=\"PRESS\" \/>\n\t<meta name=\"twitter:label2\" content=\"Est. reading time\" \/>\n\t<meta name=\"twitter:data2\" content=\"2 minutes\" \/>\n<script type=\"application\/ld+json\" class=\"yoast-schema-graph\">{\"@context\":\"https:\/\/schema.org\",\"@graph\":[{\"@type\":\"WebPage\",\"@id\":\"https:\/\/film-mag.net\/wp\/?p=61515\",\"url\":\"https:\/\/film-mag.net\/wp\/?p=61515\",\"name\":\"Svjetske premijere filma \u2018Vrag nosi Pradu 2\u2019 u New Yorku i Londodnu - FILM-mag.net\",\"isPartOf\":{\"@id\":\"http:\/\/film-mag.net\/wp\/#website\"},\"datePublished\":\"2026-04-28T15:10:17+00:00\",\"author\":{\"@id\":\"http:\/\/film-mag.net\/wp\/#\/schema\/person\/a8dd3a5b76a5bbde974e03510a205c2f\"},\"breadcrumb\":{\"@id\":\"https:\/\/film-mag.net\/wp\/?p=61515#breadcrumb\"},\"inLanguage\":\"en-US\",\"potentialAction\":[{\"@type\":\"ReadAction\",\"target\":[\"https:\/\/film-mag.net\/wp\/?p=61515\"]}]},{\"@type\":\"BreadcrumbList\",\"@id\":\"https:\/\/film-mag.net\/wp\/?p=61515#breadcrumb\",\"itemListElement\":[{\"@type\":\"ListItem\",\"position\":1,\"name\":\"Home\",\"item\":\"http:\/\/film-mag.net\/wp\/\"},{\"@type\":\"ListItem\",\"position\":2,\"name\":\"Svjetske premijere filma \u2018Vrag nosi Pradu 2\u2019 u New Yorku i Londodnu\"}]},{\"@type\":\"WebSite\",\"@id\":\"http:\/\/film-mag.net\/wp\/#website\",\"url\":\"http:\/\/film-mag.net\/wp\/\",\"name\":\"FILM-mag.net\",\"description\":\"Prvi hrvatski portal o filmu i filmu bliskim podru\u010djima kulture\",\"potentialAction\":[{\"@type\":\"SearchAction\",\"target\":{\"@type\":\"EntryPoint\",\"urlTemplate\":\"http:\/\/film-mag.net\/wp\/?s={search_term_string}\"},\"query-input\":{\"@type\":\"PropertyValueSpecification\",\"valueRequired\":true,\"valueName\":\"search_term_string\"}}],\"inLanguage\":\"en-US\"},{\"@type\":\"Person\",\"@id\":\"http:\/\/film-mag.net\/wp\/#\/schema\/person\/a8dd3a5b76a5bbde974e03510a205c2f\",\"name\":\"PRESS\",\"image\":{\"@type\":\"ImageObject\",\"inLanguage\":\"en-US\",\"@id\":\"http:\/\/film-mag.net\/wp\/#\/schema\/person\/image\/\",\"url\":\"https:\/\/secure.gravatar.com\/avatar\/bf4ab1626f485b36c4f3650b1d351839?s=96&d=mm&r=g\",\"contentUrl\":\"https:\/\/secure.gravatar.com\/avatar\/bf4ab1626f485b36c4f3650b1d351839?s=96&d=mm&r=g\",\"caption\":\"PRESS\"},\"url\":\"https:\/\/film-mag.net\/wp\/?author=8\"}]}<\/script>\n<!-- \/ Yoast SEO plugin. -->","yoast_head_json":{"title":"Svjetske premijere filma \u2018Vrag nosi Pradu 2\u2019 u New Yorku i Londodnu - FILM-mag.net","robots":{"index":"index","follow":"follow","max-snippet":"max-snippet:-1","max-image-preview":"max-image-preview:large","max-video-preview":"max-video-preview:-1"},"canonical":"https:\/\/film-mag.net\/wp\/?p=61515","og_locale":"en_US","og_type":"article","og_title":"Svjetske premijere filma \u2018Vrag nosi Pradu 2\u2019 u New Yorku i Londodnu - FILM-mag.net","og_description":"VRAG NOSI PRADU 2 \u2013 OSVAJA KINA RASPRODANIM DVORANAMA PRIJE SLU\u017dBENOG OTVARANJA! Dvadeset godina nakon \u0161to je obilje\u017eio \u010ditavu jednu generaciju, modni spektakl \u201eVrag nosi Pradu 2\u201d vra\u0107a se na velika platna sna\u017eniji, rasko\u0161niji i aktualniji nego ikad. Interes publike to ve\u0107 nedvosmisleno potvr\u0111uje \u2013 tematske pretpremijerne projekcije u hrvatskim kinima rasprodane su gotovo do [&hellip;]","og_url":"https:\/\/film-mag.net\/wp\/?p=61515","og_site_name":"FILM-mag.net","article_published_time":"2026-04-28T15:10:17+00:00","author":"PRESS","twitter_card":"summary_large_image","twitter_misc":{"Written by":"PRESS","Est. reading time":"2 minutes"},"schema":{"@context":"https:\/\/schema.org","@graph":[{"@type":"WebPage","@id":"https:\/\/film-mag.net\/wp\/?p=61515","url":"https:\/\/film-mag.net\/wp\/?p=61515","name":"Svjetske premijere filma \u2018Vrag nosi Pradu 2\u2019 u New Yorku i Londodnu - FILM-mag.net","isPartOf":{"@id":"http:\/\/film-mag.net\/wp\/#website"},"datePublished":"2026-04-28T15:10:17+00:00","author":{"@id":"http:\/\/film-mag.net\/wp\/#\/schema\/person\/a8dd3a5b76a5bbde974e03510a205c2f"},"breadcrumb":{"@id":"https:\/\/film-mag.net\/wp\/?p=61515#breadcrumb"},"inLanguage":"en-US","potentialAction":[{"@type":"ReadAction","target":["https:\/\/film-mag.net\/wp\/?p=61515"]}]},{"@type":"BreadcrumbList","@id":"https:\/\/film-mag.net\/wp\/?p=61515#breadcrumb","itemListElement":[{"@type":"ListItem","position":1,"name":"Home","item":"http:\/\/film-mag.net\/wp\/"},{"@type":"ListItem","position":2,"name":"Svjetske premijere filma \u2018Vrag nosi Pradu 2\u2019 u New Yorku i Londodnu"}]},{"@type":"WebSite","@id":"http:\/\/film-mag.net\/wp\/#website","url":"http:\/\/film-mag.net\/wp\/","name":"FILM-mag.net","description":"Prvi hrvatski portal o filmu i filmu bliskim podru\u010djima kulture","potentialAction":[{"@type":"SearchAction","target":{"@type":"EntryPoint","urlTemplate":"http:\/\/film-mag.net\/wp\/?s={search_term_string}"},"query-input":{"@type":"PropertyValueSpecification","valueRequired":true,"valueName":"search_term_string"}}],"inLanguage":"en-US"},{"@type":"Person","@id":"http:\/\/film-mag.net\/wp\/#\/schema\/person\/a8dd3a5b76a5bbde974e03510a205c2f","name":"PRESS","image":{"@type":"ImageObject","inLanguage":"en-US","@id":"http:\/\/film-mag.net\/wp\/#\/schema\/person\/image\/","url":"https:\/\/secure.gravatar.com\/avatar\/bf4ab1626f485b36c4f3650b1d351839?s=96&d=mm&r=g","contentUrl":"https:\/\/secure.gravatar.com\/avatar\/bf4ab1626f485b36c4f3650b1d351839?s=96&d=mm&r=g","caption":"PRESS"},"url":"https:\/\/film-mag.net\/wp\/?author=8"}]}},"_links":{"self":[{"href":"https:\/\/film-mag.net\/wp\/index.php?rest_route=\/wp\/v2\/posts\/61515","targetHints":{"allow":["GET"]}}],"collection":[{"href":"https:\/\/film-mag.net\/wp\/index.php?rest_route=\/wp\/v2\/posts"}],"about":[{"href":"https:\/\/film-mag.net\/wp\/index.php?rest_route=\/wp\/v2\/types\/post"}],"author":[{"embeddable":true,"href":"https:\/\/film-mag.net\/wp\/index.php?rest_route=\/wp\/v2\/users\/8"}],"replies":[{"embeddable":true,"href":"https:\/\/film-mag.net\/wp\/index.php?rest_route=%2Fwp%2Fv2%2Fcomments&post=61515"}],"version-history":[{"count":1,"href":"https:\/\/film-mag.net\/wp\/index.php?rest_route=\/wp\/v2\/posts\/61515\/revisions"}],"predecessor-version":[{"id":61516,"href":"https:\/\/film-mag.net\/wp\/index.php?rest_route=\/wp\/v2\/posts\/61515\/revisions\/61516"}],"wp:attachment":[{"href":"https:\/\/film-mag.net\/wp\/index.php?rest_route=%2Fwp%2Fv2%2Fmedia&parent=61515"}],"wp:term":[{"taxonomy":"category","embeddable":true,"href":"https:\/\/film-mag.net\/wp\/index.php?rest_route=%2Fwp%2Fv2%2Fcategories&post=61515"},{"taxonomy":"post_tag","embeddable":true,"href":"https:\/\/film-mag.net\/wp\/index.php?rest_route=%2Fwp%2Fv2%2Ftags&post=61515"}],"curies":[{"name":"wp","href":"https:\/\/api.w.org\/{rel}","templated":true}]}}