{"id":61503,"date":"2026-04-28T13:46:30","date_gmt":"2026-04-28T11:46:30","guid":{"rendered":"https:\/\/film-mag.net\/wp\/?p=61503"},"modified":"2026-04-28T13:47:01","modified_gmt":"2026-04-28T11:47:01","slug":"premijera-predstave-mali-ljudi-malo-lazu-u-kunstteatru","status":"publish","type":"post","link":"https:\/\/film-mag.net\/wp\/?p=61503","title":{"rendered":"Premijera predstave &#8216;Mali ljudi malo la\u017eu&#8217; u KunstTeatru"},"content":{"rendered":"<p style=\"text-align: justify;\"><strong>U \u010detvrtak, 30. travnja 2026., odr\u017eat \u0107e se premijera predstave \u201cMali ljudi malo la\u017eu\u201c prema tekstu i u re\u017eiji Pavla Vrkljana u KunstTeatru.<\/strong><\/p>\n<p style=\"text-align: justify;\">Nakon o\u010devog sprovoda, troje odrasle djece okuplja se na karminama u obiteljskoj ku\u0107i, gdje ispod povr\u0161ine pristojnosti i \u017ealosti brzo izbijaju stari sukobi, me\u0111usobne optu\u017ebe i obiteljske la\u017ei. Dok poku\u0161avaju podijeliti nasljedstvo, Karin, Erik i Andres suo\u010davaju se ne samo s o\u010devom smr\u0107u, nego i s teretom odnosa koji ih je oblikovao i trajno obilje\u017eio.<\/p>\n<p style=\"text-align: justify;\"><img decoding=\"async\" style=\"border: none; width: 100%;\" src=\" https:\/\/i0.wp.com\/www.kunstteatar.hr\/wp-content\/uploads\/2025\/02\/Kunst_gledaliste-foto-Sanja-Mercep.jpg?fit=1920%2C1280&amp;ssl=1 \" \/><\/p>\n<p style=\"text-align: justify;\">Fotografiju ustupio <strong><a href=\" https:\/\/www.kunstteatar.hr\/tehnicke-informacije\/ \" target=\"_blank\" rel=\"noopener noreferrer\"> KunstTeatar<\/a><\/strong><\/p>\n<p style=\"text-align: justify;\">Likovi neprestano grade narative o sebi i pokojnom ocu, no njihove se pri\u010de raspadaju u proturje\u010djima, malim la\u017eima i neuvjerljivim opravdanjima. Svatko od njih pola\u017ee pravo na istinu, ali sukobi razotkrivaju da je istina promjenjiva, a sje\u0107anje podlo\u017eno manipulaciji. Ovo nije sentimentalna pri\u010da o gubitku, nego satira u kojoj smrt oca postaje povod da djeca razotkriju sebe sa svim svojim slabostima.<\/p>\n<p style=\"text-align: justify;\">&#8216;Mali ljudi malo la\u017eu&#8217; crnohumorna je obiteljska drama o licemjerju, naslije\u0111enim traumama i raspadu iluzije obiteljskog zajedni\u0161tva, koja kroz ironijski odmak nordijskog okru\u017eenja dodatno nagla\u0161ava apsurd i univerzalnost obiteljskih odnosa.<\/p>\n<p style=\"text-align: justify;\">U predstavi igraju Dajana \u010culjak, Matija \u010cigir i Bernard Tomi\u0107, autori glazbe su Karlo Mrk\u0161a i Filip Triplat, oblikovatelj svjetla Martin \u0160atovi\u0107, producenti Ingrid Jak\u0161i\u0107 i Ivor Martini\u0107, koproducentica Romana Braj\u0161a, izvr\u0161na producentica Dina Tudor, dizajner Pavao Kuhari\u0107, fotograf Matej Jur\u010devi\u0107, tehni\u010dka podr\u0161ka Alen Marin, a snimatelj videomaterijala Ante Cvitanovi\u0107.<\/p>\n<p style=\"text-align: justify;\">Predstava je nastala kao koprodukcija T25 i KunstTeatra uz podr\u0161ku Ministarstva kulture i medija te Gradskog ureda za kulturu i civilno dru\u0161tvo.<\/p>\n<p style=\"text-align: justify;\">Reprizne su izvedbe na programu KunstTeatra 2., 21. i 25. svibnja 2026. u 20 sati, a ulaznice po cijeni od 10,00 eura u prodaji su na platformi ulaznice.hr, njihovim prodajnim mjestima te \u0161anku KunstCaffea. Ulaz u kazali\u0161te je na adresi Oki\u0107ka 11.<\/p>\n<p style=\"text-align: justify;\">[izvor informacije <strong><a href=\"https:\/\/www.kunstteatar.hr\/\" target=\"_blank\" rel=\"noopener noreferrer\"> KunstTeatar<\/a><\/strong>]<\/p>\n<p style=\"text-align: justify;\"><iframe loading=\"lazy\" style=\"border: none; overflow: hidden;\" src=\"https:\/\/www.facebook.com\/plugins\/post.php?href=https%3A%2F%2Fwww.facebook.com%2FFILMmagnet%2Fposts%2Fpfbid0ucS7a7yZNC4R91cou8rTXgkDT4cgiRLPYwaZUGRE2EZJearZbE5gRX9s2MBcr4SAl&amp;show_text=true&amp;width=500\" width=\"500\" height=\"582\" frameborder=\"0\" scrolling=\"no\" allowfullscreen=\"allowfullscreen\"><\/iframe><\/p>\n<div id=\"fb_share_1\" style=\"float: right; margin-left: 10px;\"><a name=\"fb_share\" type=\"box_count\" share_url=\"https:\/\/film-mag.net\/wp\/?p=61503\" href=\"http:\/\/www.facebook.com\/sharer.php\">Share<\/a><\/div><div><script src=\"https:\/\/static.ak.fbcdn.net\/connect.php\/js\/FB.Share\" type=\"text\/javascript\"><\/script><\/div><div style=\"clear:both\"><\/div>","protected":false},"excerpt":{"rendered":"<p>U \u010detvrtak, 30. travnja 2026., odr\u017eat \u0107e se premijera predstave \u201cMali ljudi malo la\u017eu\u201c prema tekstu i u re\u017eiji Pavla Vrkljana u KunstTeatru. Nakon o\u010devog sprovoda, troje odrasle djece okuplja se na karminama u obiteljskoj ku\u0107i, gdje ispod povr\u0161ine pristojnosti i \u017ealosti brzo izbijaju stari sukobi, me\u0111usobne optu\u017ebe i obiteljske la\u017ei. Dok poku\u0161avaju podijeliti nasljedstvo, [&hellip;]<\/p>\n","protected":false},"author":8,"featured_media":0,"comment_status":"closed","ping_status":"closed","sticky":false,"template":"","format":"standard","meta":{"_et_pb_use_builder":"","_et_pb_old_content":"","_et_gb_content_width":"","_editorskit_title_hidden":false,"_editorskit_reading_time":0,"_editorskit_is_block_options_detached":false,"_editorskit_block_options_position":"{}","footnotes":""},"categories":[33,10,17050],"tags":[],"class_list":["post-61503","post","type-post","status-publish","format-standard","hentry","category-kazalisne-premijere","category-kazaliste","category-press"],"yoast_head":"<!-- This site is optimized with the Yoast SEO plugin v24.6 - https:\/\/yoast.com\/wordpress\/plugins\/seo\/ -->\n<title>Premijera predstave &#039;Mali ljudi malo la\u017eu&#039; u KunstTeatru - FILM-mag.net<\/title>\n<meta name=\"robots\" content=\"index, follow, max-snippet:-1, max-image-preview:large, max-video-preview:-1\" \/>\n<link rel=\"canonical\" href=\"https:\/\/film-mag.net\/wp\/?p=61503\" \/>\n<meta property=\"og:locale\" content=\"en_US\" \/>\n<meta property=\"og:type\" content=\"article\" \/>\n<meta property=\"og:title\" content=\"Premijera predstave &#039;Mali ljudi malo la\u017eu&#039; u KunstTeatru - FILM-mag.net\" \/>\n<meta property=\"og:description\" content=\"U \u010detvrtak, 30. travnja 2026., odr\u017eat \u0107e se premijera predstave \u201cMali ljudi malo la\u017eu\u201c prema tekstu i u re\u017eiji Pavla Vrkljana u KunstTeatru. Nakon o\u010devog sprovoda, troje odrasle djece okuplja se na karminama u obiteljskoj ku\u0107i, gdje ispod povr\u0161ine pristojnosti i \u017ealosti brzo izbijaju stari sukobi, me\u0111usobne optu\u017ebe i obiteljske la\u017ei. Dok poku\u0161avaju podijeliti nasljedstvo, [&hellip;]\" \/>\n<meta property=\"og:url\" content=\"https:\/\/film-mag.net\/wp\/?p=61503\" \/>\n<meta property=\"og:site_name\" content=\"FILM-mag.net\" \/>\n<meta property=\"article:published_time\" content=\"2026-04-28T11:46:30+00:00\" \/>\n<meta property=\"article:modified_time\" content=\"2026-04-28T11:47:01+00:00\" \/>\n<meta name=\"author\" content=\"PRESS\" \/>\n<meta name=\"twitter:card\" content=\"summary_large_image\" \/>\n<meta name=\"twitter:label1\" content=\"Written by\" \/>\n\t<meta name=\"twitter:data1\" content=\"PRESS\" \/>\n\t<meta name=\"twitter:label2\" content=\"Est. reading time\" \/>\n\t<meta name=\"twitter:data2\" content=\"2 minutes\" \/>\n<script type=\"application\/ld+json\" class=\"yoast-schema-graph\">{\"@context\":\"https:\/\/schema.org\",\"@graph\":[{\"@type\":\"WebPage\",\"@id\":\"https:\/\/film-mag.net\/wp\/?p=61503\",\"url\":\"https:\/\/film-mag.net\/wp\/?p=61503\",\"name\":\"Premijera predstave 'Mali ljudi malo la\u017eu' u KunstTeatru - FILM-mag.net\",\"isPartOf\":{\"@id\":\"http:\/\/film-mag.net\/wp\/#website\"},\"datePublished\":\"2026-04-28T11:46:30+00:00\",\"dateModified\":\"2026-04-28T11:47:01+00:00\",\"author\":{\"@id\":\"http:\/\/film-mag.net\/wp\/#\/schema\/person\/a8dd3a5b76a5bbde974e03510a205c2f\"},\"breadcrumb\":{\"@id\":\"https:\/\/film-mag.net\/wp\/?p=61503#breadcrumb\"},\"inLanguage\":\"en-US\",\"potentialAction\":[{\"@type\":\"ReadAction\",\"target\":[\"https:\/\/film-mag.net\/wp\/?p=61503\"]}]},{\"@type\":\"BreadcrumbList\",\"@id\":\"https:\/\/film-mag.net\/wp\/?p=61503#breadcrumb\",\"itemListElement\":[{\"@type\":\"ListItem\",\"position\":1,\"name\":\"Home\",\"item\":\"http:\/\/film-mag.net\/wp\/\"},{\"@type\":\"ListItem\",\"position\":2,\"name\":\"Premijera predstave &#8216;Mali ljudi malo la\u017eu&#8217; u KunstTeatru\"}]},{\"@type\":\"WebSite\",\"@id\":\"http:\/\/film-mag.net\/wp\/#website\",\"url\":\"http:\/\/film-mag.net\/wp\/\",\"name\":\"FILM-mag.net\",\"description\":\"Prvi hrvatski portal o filmu i filmu bliskim podru\u010djima kulture\",\"potentialAction\":[{\"@type\":\"SearchAction\",\"target\":{\"@type\":\"EntryPoint\",\"urlTemplate\":\"http:\/\/film-mag.net\/wp\/?s={search_term_string}\"},\"query-input\":{\"@type\":\"PropertyValueSpecification\",\"valueRequired\":true,\"valueName\":\"search_term_string\"}}],\"inLanguage\":\"en-US\"},{\"@type\":\"Person\",\"@id\":\"http:\/\/film-mag.net\/wp\/#\/schema\/person\/a8dd3a5b76a5bbde974e03510a205c2f\",\"name\":\"PRESS\",\"image\":{\"@type\":\"ImageObject\",\"inLanguage\":\"en-US\",\"@id\":\"http:\/\/film-mag.net\/wp\/#\/schema\/person\/image\/\",\"url\":\"https:\/\/secure.gravatar.com\/avatar\/bf4ab1626f485b36c4f3650b1d351839?s=96&d=mm&r=g\",\"contentUrl\":\"https:\/\/secure.gravatar.com\/avatar\/bf4ab1626f485b36c4f3650b1d351839?s=96&d=mm&r=g\",\"caption\":\"PRESS\"},\"url\":\"https:\/\/film-mag.net\/wp\/?author=8\"}]}<\/script>\n<!-- \/ Yoast SEO plugin. -->","yoast_head_json":{"title":"Premijera predstave 'Mali ljudi malo la\u017eu' u KunstTeatru - FILM-mag.net","robots":{"index":"index","follow":"follow","max-snippet":"max-snippet:-1","max-image-preview":"max-image-preview:large","max-video-preview":"max-video-preview:-1"},"canonical":"https:\/\/film-mag.net\/wp\/?p=61503","og_locale":"en_US","og_type":"article","og_title":"Premijera predstave 'Mali ljudi malo la\u017eu' u KunstTeatru - FILM-mag.net","og_description":"U \u010detvrtak, 30. travnja 2026., odr\u017eat \u0107e se premijera predstave \u201cMali ljudi malo la\u017eu\u201c prema tekstu i u re\u017eiji Pavla Vrkljana u KunstTeatru. Nakon o\u010devog sprovoda, troje odrasle djece okuplja se na karminama u obiteljskoj ku\u0107i, gdje ispod povr\u0161ine pristojnosti i \u017ealosti brzo izbijaju stari sukobi, me\u0111usobne optu\u017ebe i obiteljske la\u017ei. Dok poku\u0161avaju podijeliti nasljedstvo, [&hellip;]","og_url":"https:\/\/film-mag.net\/wp\/?p=61503","og_site_name":"FILM-mag.net","article_published_time":"2026-04-28T11:46:30+00:00","article_modified_time":"2026-04-28T11:47:01+00:00","author":"PRESS","twitter_card":"summary_large_image","twitter_misc":{"Written by":"PRESS","Est. reading time":"2 minutes"},"schema":{"@context":"https:\/\/schema.org","@graph":[{"@type":"WebPage","@id":"https:\/\/film-mag.net\/wp\/?p=61503","url":"https:\/\/film-mag.net\/wp\/?p=61503","name":"Premijera predstave 'Mali ljudi malo la\u017eu' u KunstTeatru - FILM-mag.net","isPartOf":{"@id":"http:\/\/film-mag.net\/wp\/#website"},"datePublished":"2026-04-28T11:46:30+00:00","dateModified":"2026-04-28T11:47:01+00:00","author":{"@id":"http:\/\/film-mag.net\/wp\/#\/schema\/person\/a8dd3a5b76a5bbde974e03510a205c2f"},"breadcrumb":{"@id":"https:\/\/film-mag.net\/wp\/?p=61503#breadcrumb"},"inLanguage":"en-US","potentialAction":[{"@type":"ReadAction","target":["https:\/\/film-mag.net\/wp\/?p=61503"]}]},{"@type":"BreadcrumbList","@id":"https:\/\/film-mag.net\/wp\/?p=61503#breadcrumb","itemListElement":[{"@type":"ListItem","position":1,"name":"Home","item":"http:\/\/film-mag.net\/wp\/"},{"@type":"ListItem","position":2,"name":"Premijera predstave &#8216;Mali ljudi malo la\u017eu&#8217; u KunstTeatru"}]},{"@type":"WebSite","@id":"http:\/\/film-mag.net\/wp\/#website","url":"http:\/\/film-mag.net\/wp\/","name":"FILM-mag.net","description":"Prvi hrvatski portal o filmu i filmu bliskim podru\u010djima kulture","potentialAction":[{"@type":"SearchAction","target":{"@type":"EntryPoint","urlTemplate":"http:\/\/film-mag.net\/wp\/?s={search_term_string}"},"query-input":{"@type":"PropertyValueSpecification","valueRequired":true,"valueName":"search_term_string"}}],"inLanguage":"en-US"},{"@type":"Person","@id":"http:\/\/film-mag.net\/wp\/#\/schema\/person\/a8dd3a5b76a5bbde974e03510a205c2f","name":"PRESS","image":{"@type":"ImageObject","inLanguage":"en-US","@id":"http:\/\/film-mag.net\/wp\/#\/schema\/person\/image\/","url":"https:\/\/secure.gravatar.com\/avatar\/bf4ab1626f485b36c4f3650b1d351839?s=96&d=mm&r=g","contentUrl":"https:\/\/secure.gravatar.com\/avatar\/bf4ab1626f485b36c4f3650b1d351839?s=96&d=mm&r=g","caption":"PRESS"},"url":"https:\/\/film-mag.net\/wp\/?author=8"}]}},"_links":{"self":[{"href":"https:\/\/film-mag.net\/wp\/index.php?rest_route=\/wp\/v2\/posts\/61503","targetHints":{"allow":["GET"]}}],"collection":[{"href":"https:\/\/film-mag.net\/wp\/index.php?rest_route=\/wp\/v2\/posts"}],"about":[{"href":"https:\/\/film-mag.net\/wp\/index.php?rest_route=\/wp\/v2\/types\/post"}],"author":[{"embeddable":true,"href":"https:\/\/film-mag.net\/wp\/index.php?rest_route=\/wp\/v2\/users\/8"}],"replies":[{"embeddable":true,"href":"https:\/\/film-mag.net\/wp\/index.php?rest_route=%2Fwp%2Fv2%2Fcomments&post=61503"}],"version-history":[{"count":2,"href":"https:\/\/film-mag.net\/wp\/index.php?rest_route=\/wp\/v2\/posts\/61503\/revisions"}],"predecessor-version":[{"id":61505,"href":"https:\/\/film-mag.net\/wp\/index.php?rest_route=\/wp\/v2\/posts\/61503\/revisions\/61505"}],"wp:attachment":[{"href":"https:\/\/film-mag.net\/wp\/index.php?rest_route=%2Fwp%2Fv2%2Fmedia&parent=61503"}],"wp:term":[{"taxonomy":"category","embeddable":true,"href":"https:\/\/film-mag.net\/wp\/index.php?rest_route=%2Fwp%2Fv2%2Fcategories&post=61503"},{"taxonomy":"post_tag","embeddable":true,"href":"https:\/\/film-mag.net\/wp\/index.php?rest_route=%2Fwp%2Fv2%2Ftags&post=61503"}],"curies":[{"name":"wp","href":"https:\/\/api.w.org\/{rel}","templated":true}]}}