{"id":59938,"date":"2025-10-17T23:36:47","date_gmt":"2025-10-17T21:36:47","guid":{"rendered":"https:\/\/film-mag.net\/wp\/?p=59938"},"modified":"2025-10-17T23:36:47","modified_gmt":"2025-10-17T21:36:47","slug":"dokumentarni-sokol-nezaustavljiv-kao-sudbina-uskoro-u-hrvatskim-kinima","status":"publish","type":"post","link":"https:\/\/film-mag.net\/wp\/?p=59938","title":{"rendered":"Dokumentarni &#8216;SOKOL \u2013 Nezaustavljiv kao sudbina&#8217; uskoro u hrvatskim kinima"},"content":{"rendered":"<p style=\"text-align: justify;\"><strong>Ove godine Vukovar se brani u kinu &#8211; Ne propustite pogledati film \u201eSOKOL \u2013 Nezaustavljiv kao sudbina\u201c, autenti\u010dnu i do sad neispri\u010danu pri\u010du o \u017eivotu Velimira \u0110ereka Sokola, istinskog vukovarskog heroja i zapovjednika Sajmi\u0161ta &#8211; Nakon uspjeha filma \u201e\u0160esti autobus\u201c Eduard i Dominik Gali\u0107 donose pri\u010du o Velimiru \u0110ereku Sokolu<\/strong><\/p>\n<p style=\"text-align: justify;\">Zagreb, 16. listopada 2025. \u2013 Pribli\u017eavanje 18. studenog, Dana sje\u0107anja na \u017ertve Domovinskog rata i Dana sje\u0107anja na \u017ertvu Vukovara i \u0160kabrnje i ove godine, poti\u010de mnogobrojne aktivnosti, a posebno vrijedan doprinos danu koji nikada ne smijemo zaboraviti ove godine dat \u0107e prvi hrvatski dokumentarni film u Cinestar distribuciji, \u201eSokol \u2013 Nezaustavljiv kao sudbina\u201c, koji donosi potresnu, autenti\u010dnu i do sad neispri\u010danu pri\u010du o \u017eivotu Velimira \u0110ereka Sokola, istinskog heroja i zapovjednika Sajmi\u0161ta.<\/p>\n<p style=\"text-align: justify;\"><img decoding=\"async\" style=\"border: none; width: 100%;\" src=\" https:\/\/radioimotski.hr\/content\/images\/size\/w2000\/2025\/08\/1000117887-2-1-1.jpg \" \/><\/p>\n<p style=\"text-align: justify;\">Fotografiju ustupio <strong><a href=\" https:\/\/radioimotski.hr\/video-sokol-nezaustavljiv-kao-sudbina-film-o-junaku-velimiru-dereku-sokolu\/ \" target=\"_blank\" rel=\"noopener noreferrer\"> Radio Imotski<\/a><\/strong><\/p>\n<p style=\"text-align: justify;\">Velimir \u0110erek Sokol bio je jedan od posljednjih vukovarskih branitelja koji je autobusom u\u0161ao u opkoljeni grad i ostao tamo do samog kraja, dok njegova sudbina simbolizira neuni\u0161tivu snagu, ljudskost i nepokolebljivu vjeru u slobodu, u Hrvatsku.<\/p>\n<p style=\"text-align: justify;\">U \u017eelji da se ratna stradanja i ono \u0161to su hrvatski narod i gra\u0111ani Hrvatske i Vukovara pro\u017eivjeli tih ratnih godina nikada ne zaborave te da budu\u0107im generacijama kreiraju vrijedan putokaz za kvalitetniji i sigurniji \u017eivot, a cjelokupnu hrvatsku i svjetsku javnost na filmski, ali na dokazima utemeljen, na\u010din podsjete na ono \u0161to se doga\u0111alo u Vukovaru, nakon prvog hrvatskog dugometra\u017enog igranog filma o Vukovaru, \u0160estog autobusa 2022. godine o \u010dijoj kvaliteti najbolje govore ostvarene brojke i gledanost (najbolje otvaranje hrvatskog filma u 2022. godini i preko 33 000 gledatelja)., Eduard i Dominik Gali\u0107 donose jo\u0161 jedan, no ovog puta dokumentarni film koji vrijedi pogledati.<\/p>\n<p style=\"text-align: justify;\"><iframe loading=\"lazy\" title=\"Sokol | Slu\u017ebeni trailer | 2025\" src=\"https:\/\/www.youtube.com\/embed\/f44Gi7YxRVg\" width=\"560\" height=\"315\" frameborder=\"0\" allowfullscreen=\"allowfullscreen\"><\/iframe><\/p>\n<p style=\"text-align: justify;\">Kroz ekskluzivne snimke, iskrene ispovijesti obitelji, suboraca i povijesne kadrove, \u201eSOKOL \u2013 nezaustavljiv kao sudbina\u201c nam pru\u017ea duboko emotivan uvid u stvarnost rata ispri\u010danu kroz jedinstvenu pri\u010du hrabrosti i otpornosti, pri\u010du stvarnog heroja, ali i vi\u0111enja njegovih suboraca, obitelji te generacija koje tek dolaze, a koje pitanju slobode pristupaju doista iznena\u0111uju\u0107e.<\/p>\n<p style=\"text-align: justify;\">Redatelj Eduard Gali\u0107 i producent Dominik Gali\u0107 u jo\u0161 jednom izvrsnom filmskom uratku donose istinitu, sna\u017enu i dirljivu pri\u010du o tome \u0161to zna\u010di braniti svoje vrijednosti do posljednjeg daha, dok film postavlja neo\u010dekivano, no itekako va\u017eno pitanje dana\u0161njem dru\u0161tvu: \u201eTko bi danas, u miru, bio spreman pokazati takvu hrabrost i odanost domovini?\u201c<\/p>\n<p style=\"text-align: justify;\">\u201eSOKOL &#8211; nezaustavljiv kao sudbina\u201c bit \u0107e premijerno prikazan u petak, 11. studenog 2025., u Kaptol Boutique Cinema by Cinestar, dok u redovnu kino distribuciju u kinima diljem Hrvatske kre\u0107e 13. studenog 2025. godine.<\/p>\n<p style=\"text-align: justify;\">Vrijedi naglasiti da ovo nije tek dokumentarac, ovo je do\u017eivljaj koji nas sve poziva na osobno prisje\u0107anje i zajedni\u0161tvo, dok autori filma prigodnim sloganom \u201eVukovar se brani u kinu\u201c pozivaju sve zainteresirane da ove godine Vukovar doista brane u kinu.<\/p>\n<p style=\"text-align: justify;\">Interes za ovu temu i dokumentarac dodatno potvr\u0111uju i aktualne brojke i komentari na dru\u0161tvenim mre\u017eama, dok vrijedi naglasiti da je trailer filma https:\/\/www.youtube.com\/watch?v=f44Gi7YxRVg do sad pogledalo vi\u0161e od 230 000 ljudi. Tako\u0111er, temeljem preporuke Ministarstva znanosti i obrazovanja, namjeru za organiziranim odlaskom u kino i promicanje ove teme kod u\u010denika, do sad je iskazalo mnogo hrvatskih osnovnih i srednjih \u0161kola kojima ovom prilikom autori filma iskreno zahvaljuju.<\/p>\n<p style=\"text-align: justify;\">\u201eU studenom kad se svi zajedno sje\u0107amo Vukovara, budimo zajedno i pogledajmo pri\u010du u kojoj emocije pri\u010daju vi\u0161e od slika i rije\u010di. Sjetimo se istinskih heroja i vrijednosti koje su utkane u svaki na\u0161 dan u kojem \u017eivimo, u dane slobode i nezavisnosti\u201c, poru\u010duju Gali\u0107i.<\/p>\n<p style=\"text-align: justify;\">Ove godine Vukovar se brani u kinu!<\/p>\n<p style=\"text-align: justify;\">[izvor informacije <strong><a href=\" https:\/\/www.skymedia.hr\/ \" target=\"_blank\" rel=\"noopener noreferrer\"> Sky Media<\/a><\/strong>]<\/p>\n<p style=\"text-align: justify;\"><iframe loading=\"lazy\" style=\"border: none; overflow: hidden;\" src=\"https:\/\/www.facebook.com\/plugins\/post.php?href=https%3A%2F%2Fwww.facebook.com%2FFILMmagnet%2Fposts%2Fpfbid0K3ZAugyPqHFy47dj9vpsUhLSybdEcxDXBe6gK8MvWr4LkirUXsUdhTmAG2JY8L1ql&amp;show_text=true&amp;width=500\" width=\"500\" height=\"250\" frameborder=\"0\" scrolling=\"no\" allowfullscreen=\"allowfullscreen\"><\/iframe><\/p>\n<div id=\"fb_share_1\" style=\"float: right; margin-left: 10px;\"><a name=\"fb_share\" type=\"box_count\" share_url=\"https:\/\/film-mag.net\/wp\/?p=59938\" href=\"http:\/\/www.facebook.com\/sharer.php\">Share<\/a><\/div><div><script src=\"https:\/\/static.ak.fbcdn.net\/connect.php\/js\/FB.Share\" type=\"text\/javascript\"><\/script><\/div><div style=\"clear:both\"><\/div>","protected":false},"excerpt":{"rendered":"<p>Ove godine Vukovar se brani u kinu &#8211; Ne propustite pogledati film \u201eSOKOL \u2013 Nezaustavljiv kao sudbina\u201c, autenti\u010dnu i do sad neispri\u010danu pri\u010du o \u017eivotu Velimira \u0110ereka Sokola, istinskog vukovarskog heroja i zapovjednika Sajmi\u0161ta &#8211; Nakon uspjeha filma \u201e\u0160esti autobus\u201c Eduard i Dominik Gali\u0107 donose pri\u010du o Velimiru \u0110ereku Sokolu Zagreb, 16. listopada 2025. \u2013 [&hellip;]<\/p>\n","protected":false},"author":8,"featured_media":0,"comment_status":"closed","ping_status":"closed","sticky":false,"template":"","format":"standard","meta":{"_et_pb_use_builder":"","_et_pb_old_content":"","_et_gb_content_width":"","_editorskit_title_hidden":false,"_editorskit_reading_time":0,"_editorskit_is_block_options_detached":false,"_editorskit_block_options_position":"{}","footnotes":""},"categories":[9,27137,17050],"tags":[],"class_list":["post-59938","post","type-post","status-publish","format-standard","hentry","category-film","category-kino-najava","category-press"],"yoast_head":"<!-- This site is optimized with the Yoast SEO plugin v24.6 - https:\/\/yoast.com\/wordpress\/plugins\/seo\/ -->\n<title>Dokumentarni &#039;SOKOL \u2013 Nezaustavljiv kao sudbina&#039; uskoro u hrvatskim kinima - FILM-mag.net<\/title>\n<meta name=\"robots\" content=\"index, follow, max-snippet:-1, max-image-preview:large, max-video-preview:-1\" \/>\n<link rel=\"canonical\" href=\"https:\/\/film-mag.net\/wp\/?p=59938\" \/>\n<meta property=\"og:locale\" content=\"en_US\" \/>\n<meta property=\"og:type\" content=\"article\" \/>\n<meta property=\"og:title\" content=\"Dokumentarni &#039;SOKOL \u2013 Nezaustavljiv kao sudbina&#039; uskoro u hrvatskim kinima - FILM-mag.net\" \/>\n<meta property=\"og:description\" content=\"Ove godine Vukovar se brani u kinu &#8211; Ne propustite pogledati film \u201eSOKOL \u2013 Nezaustavljiv kao sudbina\u201c, autenti\u010dnu i do sad neispri\u010danu pri\u010du o \u017eivotu Velimira \u0110ereka Sokola, istinskog vukovarskog heroja i zapovjednika Sajmi\u0161ta &#8211; Nakon uspjeha filma \u201e\u0160esti autobus\u201c Eduard i Dominik Gali\u0107 donose pri\u010du o Velimiru \u0110ereku Sokolu Zagreb, 16. listopada 2025. \u2013 [&hellip;]\" \/>\n<meta property=\"og:url\" content=\"https:\/\/film-mag.net\/wp\/?p=59938\" \/>\n<meta property=\"og:site_name\" content=\"FILM-mag.net\" \/>\n<meta property=\"article:published_time\" content=\"2025-10-17T21:36:47+00:00\" \/>\n<meta name=\"author\" content=\"PRESS\" \/>\n<meta name=\"twitter:card\" content=\"summary_large_image\" \/>\n<meta name=\"twitter:label1\" content=\"Written by\" \/>\n\t<meta name=\"twitter:data1\" content=\"PRESS\" \/>\n\t<meta name=\"twitter:label2\" content=\"Est. reading time\" \/>\n\t<meta name=\"twitter:data2\" content=\"3 minutes\" \/>\n<script type=\"application\/ld+json\" class=\"yoast-schema-graph\">{\"@context\":\"https:\/\/schema.org\",\"@graph\":[{\"@type\":\"WebPage\",\"@id\":\"https:\/\/film-mag.net\/wp\/?p=59938\",\"url\":\"https:\/\/film-mag.net\/wp\/?p=59938\",\"name\":\"Dokumentarni 'SOKOL \u2013 Nezaustavljiv kao sudbina' uskoro u hrvatskim kinima - FILM-mag.net\",\"isPartOf\":{\"@id\":\"http:\/\/film-mag.net\/wp\/#website\"},\"datePublished\":\"2025-10-17T21:36:47+00:00\",\"author\":{\"@id\":\"http:\/\/film-mag.net\/wp\/#\/schema\/person\/a8dd3a5b76a5bbde974e03510a205c2f\"},\"breadcrumb\":{\"@id\":\"https:\/\/film-mag.net\/wp\/?p=59938#breadcrumb\"},\"inLanguage\":\"en-US\",\"potentialAction\":[{\"@type\":\"ReadAction\",\"target\":[\"https:\/\/film-mag.net\/wp\/?p=59938\"]}]},{\"@type\":\"BreadcrumbList\",\"@id\":\"https:\/\/film-mag.net\/wp\/?p=59938#breadcrumb\",\"itemListElement\":[{\"@type\":\"ListItem\",\"position\":1,\"name\":\"Home\",\"item\":\"http:\/\/film-mag.net\/wp\/\"},{\"@type\":\"ListItem\",\"position\":2,\"name\":\"Dokumentarni &#8216;SOKOL \u2013 Nezaustavljiv kao sudbina&#8217; uskoro u hrvatskim kinima\"}]},{\"@type\":\"WebSite\",\"@id\":\"http:\/\/film-mag.net\/wp\/#website\",\"url\":\"http:\/\/film-mag.net\/wp\/\",\"name\":\"FILM-mag.net\",\"description\":\"Prvi hrvatski portal o filmu i filmu bliskim podru\u010djima kulture\",\"potentialAction\":[{\"@type\":\"SearchAction\",\"target\":{\"@type\":\"EntryPoint\",\"urlTemplate\":\"http:\/\/film-mag.net\/wp\/?s={search_term_string}\"},\"query-input\":{\"@type\":\"PropertyValueSpecification\",\"valueRequired\":true,\"valueName\":\"search_term_string\"}}],\"inLanguage\":\"en-US\"},{\"@type\":\"Person\",\"@id\":\"http:\/\/film-mag.net\/wp\/#\/schema\/person\/a8dd3a5b76a5bbde974e03510a205c2f\",\"name\":\"PRESS\",\"image\":{\"@type\":\"ImageObject\",\"inLanguage\":\"en-US\",\"@id\":\"http:\/\/film-mag.net\/wp\/#\/schema\/person\/image\/\",\"url\":\"https:\/\/secure.gravatar.com\/avatar\/bf4ab1626f485b36c4f3650b1d351839?s=96&d=mm&r=g\",\"contentUrl\":\"https:\/\/secure.gravatar.com\/avatar\/bf4ab1626f485b36c4f3650b1d351839?s=96&d=mm&r=g\",\"caption\":\"PRESS\"},\"url\":\"https:\/\/film-mag.net\/wp\/?author=8\"}]}<\/script>\n<!-- \/ Yoast SEO plugin. -->","yoast_head_json":{"title":"Dokumentarni 'SOKOL \u2013 Nezaustavljiv kao sudbina' uskoro u hrvatskim kinima - FILM-mag.net","robots":{"index":"index","follow":"follow","max-snippet":"max-snippet:-1","max-image-preview":"max-image-preview:large","max-video-preview":"max-video-preview:-1"},"canonical":"https:\/\/film-mag.net\/wp\/?p=59938","og_locale":"en_US","og_type":"article","og_title":"Dokumentarni 'SOKOL \u2013 Nezaustavljiv kao sudbina' uskoro u hrvatskim kinima - FILM-mag.net","og_description":"Ove godine Vukovar se brani u kinu &#8211; Ne propustite pogledati film \u201eSOKOL \u2013 Nezaustavljiv kao sudbina\u201c, autenti\u010dnu i do sad neispri\u010danu pri\u010du o \u017eivotu Velimira \u0110ereka Sokola, istinskog vukovarskog heroja i zapovjednika Sajmi\u0161ta &#8211; Nakon uspjeha filma \u201e\u0160esti autobus\u201c Eduard i Dominik Gali\u0107 donose pri\u010du o Velimiru \u0110ereku Sokolu Zagreb, 16. listopada 2025. \u2013 [&hellip;]","og_url":"https:\/\/film-mag.net\/wp\/?p=59938","og_site_name":"FILM-mag.net","article_published_time":"2025-10-17T21:36:47+00:00","author":"PRESS","twitter_card":"summary_large_image","twitter_misc":{"Written by":"PRESS","Est. reading time":"3 minutes"},"schema":{"@context":"https:\/\/schema.org","@graph":[{"@type":"WebPage","@id":"https:\/\/film-mag.net\/wp\/?p=59938","url":"https:\/\/film-mag.net\/wp\/?p=59938","name":"Dokumentarni 'SOKOL \u2013 Nezaustavljiv kao sudbina' uskoro u hrvatskim kinima - FILM-mag.net","isPartOf":{"@id":"http:\/\/film-mag.net\/wp\/#website"},"datePublished":"2025-10-17T21:36:47+00:00","author":{"@id":"http:\/\/film-mag.net\/wp\/#\/schema\/person\/a8dd3a5b76a5bbde974e03510a205c2f"},"breadcrumb":{"@id":"https:\/\/film-mag.net\/wp\/?p=59938#breadcrumb"},"inLanguage":"en-US","potentialAction":[{"@type":"ReadAction","target":["https:\/\/film-mag.net\/wp\/?p=59938"]}]},{"@type":"BreadcrumbList","@id":"https:\/\/film-mag.net\/wp\/?p=59938#breadcrumb","itemListElement":[{"@type":"ListItem","position":1,"name":"Home","item":"http:\/\/film-mag.net\/wp\/"},{"@type":"ListItem","position":2,"name":"Dokumentarni &#8216;SOKOL \u2013 Nezaustavljiv kao sudbina&#8217; uskoro u hrvatskim kinima"}]},{"@type":"WebSite","@id":"http:\/\/film-mag.net\/wp\/#website","url":"http:\/\/film-mag.net\/wp\/","name":"FILM-mag.net","description":"Prvi hrvatski portal o filmu i filmu bliskim podru\u010djima kulture","potentialAction":[{"@type":"SearchAction","target":{"@type":"EntryPoint","urlTemplate":"http:\/\/film-mag.net\/wp\/?s={search_term_string}"},"query-input":{"@type":"PropertyValueSpecification","valueRequired":true,"valueName":"search_term_string"}}],"inLanguage":"en-US"},{"@type":"Person","@id":"http:\/\/film-mag.net\/wp\/#\/schema\/person\/a8dd3a5b76a5bbde974e03510a205c2f","name":"PRESS","image":{"@type":"ImageObject","inLanguage":"en-US","@id":"http:\/\/film-mag.net\/wp\/#\/schema\/person\/image\/","url":"https:\/\/secure.gravatar.com\/avatar\/bf4ab1626f485b36c4f3650b1d351839?s=96&d=mm&r=g","contentUrl":"https:\/\/secure.gravatar.com\/avatar\/bf4ab1626f485b36c4f3650b1d351839?s=96&d=mm&r=g","caption":"PRESS"},"url":"https:\/\/film-mag.net\/wp\/?author=8"}]}},"_links":{"self":[{"href":"https:\/\/film-mag.net\/wp\/index.php?rest_route=\/wp\/v2\/posts\/59938","targetHints":{"allow":["GET"]}}],"collection":[{"href":"https:\/\/film-mag.net\/wp\/index.php?rest_route=\/wp\/v2\/posts"}],"about":[{"href":"https:\/\/film-mag.net\/wp\/index.php?rest_route=\/wp\/v2\/types\/post"}],"author":[{"embeddable":true,"href":"https:\/\/film-mag.net\/wp\/index.php?rest_route=\/wp\/v2\/users\/8"}],"replies":[{"embeddable":true,"href":"https:\/\/film-mag.net\/wp\/index.php?rest_route=%2Fwp%2Fv2%2Fcomments&post=59938"}],"version-history":[{"count":1,"href":"https:\/\/film-mag.net\/wp\/index.php?rest_route=\/wp\/v2\/posts\/59938\/revisions"}],"predecessor-version":[{"id":59939,"href":"https:\/\/film-mag.net\/wp\/index.php?rest_route=\/wp\/v2\/posts\/59938\/revisions\/59939"}],"wp:attachment":[{"href":"https:\/\/film-mag.net\/wp\/index.php?rest_route=%2Fwp%2Fv2%2Fmedia&parent=59938"}],"wp:term":[{"taxonomy":"category","embeddable":true,"href":"https:\/\/film-mag.net\/wp\/index.php?rest_route=%2Fwp%2Fv2%2Fcategories&post=59938"},{"taxonomy":"post_tag","embeddable":true,"href":"https:\/\/film-mag.net\/wp\/index.php?rest_route=%2Fwp%2Fv2%2Ftags&post=59938"}],"curies":[{"name":"wp","href":"https:\/\/api.w.org\/{rel}","templated":true}]}}