{"id":57786,"date":"2025-02-17T22:06:55","date_gmt":"2025-02-17T21:06:55","guid":{"rendered":"https:\/\/film-mag.net\/wp\/?p=57786"},"modified":"2025-02-17T22:06:55","modified_gmt":"2025-02-17T21:06:55","slug":"odrzana-svjetska-premijera-filma-zecji-nasip-na-75-berlinaleu","status":"publish","type":"post","link":"https:\/\/film-mag.net\/wp\/?p=57786","title":{"rendered":"Odr\u017eana svjetska premijera filma &#8216;Ze\u010dji nasip&#8217; na 75. Berlinaleu"},"content":{"rendered":"<p style=\"text-align: justify;\"><strong>U nedjelju, 16. velja\u010de 2025.,\u00a0\u00a0u prepunoj kinodvorani Haus der Kulturen der Welt, odr\u017eana je svjetska premijera emotivne drame redateljice \u010cejen \u010cerni\u0107 \u010canak, scenarista Tomislava Zajeca i producenata Ankice Juri\u0107 Tili\u0107, Hrvoja Pervana i Dragana Juri\u0107a, <em>Ze\u010dji nasip<\/em>. Publika je film, koji se prikazuje u sklopu natjecateljskog programa Generation, do\u010dekala aplauzom i ovacijama.<\/strong><\/p>\n<p style=\"text-align: justify;\"><em>&#8220;Znala sam da je Berlin grad otvorenosti, ali nisam mogla ni sanjati da \u0107e nas do\u010dekati s toliko ljubavi&#8221;<\/em>, istaknula je redateljica \u010cejen \u010cerni\u0107 \u010canak te dodala: <em>&#8220;Film smo stvarali otvorenog srca i divno je vidjeti da to osjeti publika iz cijeloga svijeta.&#8221;<\/em><\/p>\n<p style=\"text-align: justify;\"><img decoding=\"async\" style=\"border: none; width: 100%;\" src=\" https:\/\/havc.hr\/img\/filmMedia\/image\/larger\/zsx4d808dm989rc6v9z5hl7wqqo.jpg \" \/><\/p>\n<p style=\"text-align: justify;\">Fotografiju ustupio <strong><a href=\"https:\/\/havc.hr\/hrvatski-film\/katalog-hrvatskih-filmova\/zecji-nasip\" target=\"_blank\" rel=\"noopener noreferrer\"> HAVC<\/a><\/strong><\/p>\n<p style=\"text-align: justify;\">Uz redateljicu i producente, dirljiv film producentske ku\u0107e Kinorama o zabranjenoj ljubavi dvojice mladi\u0107a predstavili su u Berlinu i glumci <strong>Lav Novosel, Andrija \u017dunac<\/strong> i<strong> Tanja Smoje<\/strong>, monta\u017eer <strong>Slaven Ze\u010devi\u0107<\/strong>, skladatelj <strong>Domas Strupinskas<\/strong> te koproducenti <strong>Ieva Norvilien\u0117<\/strong> i<strong> Ale\u0161 Pavlin<\/strong>.<\/p>\n<p style=\"text-align: justify;\">Premijera u Berlinu ujedno je povratak producentske ku\u0107e Kinorama na festival gdje je 2021. osvojila Zlatnog medvjeda kao koproducent filma <em>Baksuzno bubanje ili bezumni porni\u0107 <\/em>koji je re\u017eirao <strong>Radu Jude<\/strong>.<\/p>\n<p style=\"text-align: justify;\">Nastao prema scenariju nagra\u0111ivanog dramskog pisca i spisatelja<strong> Tomislava Zajeca<\/strong>, <em>Ze\u010dji nasip<\/em> je film u \u010dijem je sredi\u0161tu mladi sporta\u0161 Marko (Lav Novosel), \u010diji poslo\u017een \u017eivot u malom mjestu uzdrma povratak Slavena (Andrija \u017dunac), njegove dje\u010da\u010dke zabranjene ljubavi.<\/p>\n<p style=\"text-align: justify;\">Uz Lava Novosela i Andriju \u017dunca, u filmu jo\u0161 glume<strong> Leon Grgi\u0107, Franka Mikolaci, Tanja Smoje, Alma Prica, Filip \u0160ovagovi\u0107 <\/strong>i<strong> Luka Ba\u0161karad<\/strong>. Direktor fotografije je <strong>Marko Brdar<\/strong>, monta\u017eer<strong> Slaven Ze\u010devi\u0107<\/strong>, dizajner zvuka <strong>Julij Zornik<\/strong>, dok glazbu potpisuje <strong>Domas Strupinskas<\/strong>. Scenografkinja je<strong> Tajana \u010cani\u0107 Stankovi\u0107<\/strong>, kostimografkinja <strong>Selena Orb<\/strong>, a majstorica maske <strong>Matea Katunar<\/strong>.<\/p>\n<p style=\"text-align: justify;\">Uz Kinoramu kao glavnoga producenta,<em> Ze\u010dji nasip<\/em> nastao je u koprodukciji producentskih ku\u0107a Tremora iz Litve i Perfo Production iz Slovenije. Koproducenti su <strong>Ieva Norvilien\u0117, Ale\u0161 Pavlin <\/strong>i <strong>Andrej \u0160tritof<\/strong>. Financijski su nastajanje filma poduprli Hrvatski audiovizualni centar, Filmski centar Litve, Slovenski filmski centar, Viba Film Studio te Kreativna Europa \u2013 Media.<\/p>\n<p style=\"text-align: justify;\">Me\u0111unarodni sales agent filma je The Open Reel, a u hrvatska kina dolazi 13. o\u017eujka u distribuciji tvrtke Duplicato Media.<\/p>\n<p style=\"text-align: justify;\">Berlinale, s gotovo pola milijuna gledatelja i vi\u0161e od 250 filmova koji \u0107e biti prikazani tijekom 12 festivalskih dana, i u svojem 75. izdanju dokazuje da je, uz festivale u Cannesu i Veneciji, vode\u0107i europski filmski festival. Generation je njegov natjecateljski program posve\u0107en vrhunskim filmovima o mladima i za mlade iz cijeloga svijeta te je podijeljen na dva potprograma \u2013 Kplus (za djecu) i 14plus (za mlade), u kojem se natje\u010de i <em>Ze\u010dji nasip<\/em>. Nakon premijere, berlinska \u0107e publika imati priliku jo\u0161 pet puta pogledati film \u010cejen \u010cerni\u0107 \u010canak.<\/p>\n<p style=\"text-align: justify;\">Podsjetimo, u programu Perspectives premijerno je prikazana i hrvatska manjinska koprodukcija, <em>Dobre djevojke<\/em>\u00a0redateljice\u00a0<strong>Ur\u0161ke\u00a0<wbr \/>Djuki\u0107<\/strong> (koproducentica je<strong> Katarina Prpi\u0107<\/strong>, 365 Films).<\/p>\n<p style=\"text-align: justify;\">[izvor informacije <strong><a href=\"https:\/\/havc.hr\/\" target=\"_blank\" rel=\"noopener noreferrer\"> HAVC<\/a><\/strong>]<\/p>\n<p style=\"text-align: justify;\"><iframe loading=\"lazy\" style=\"border: none; overflow: hidden;\" src=\"https:\/\/www.facebook.com\/plugins\/post.php?href=https%3A%2F%2Fwww.facebook.com%2FFILMmagnet%2Fposts%2Fpfbid022w8FkJQRBGYnao9rRzZFso9yFM5KuYmzLZMfhT3eEDAbi6LXekezNHhxR2Dozscxl&amp;show_text=true&amp;width=500\" width=\"500\" height=\"396\" frameborder=\"0\" scrolling=\"no\" allowfullscreen=\"allowfullscreen\"><\/iframe><\/p>\n<div id=\"fb_share_1\" style=\"float: right; margin-left: 10px;\"><a name=\"fb_share\" type=\"box_count\" share_url=\"https:\/\/film-mag.net\/wp\/?p=57786\" href=\"http:\/\/www.facebook.com\/sharer.php\">Share<\/a><\/div><div><script src=\"https:\/\/static.ak.fbcdn.net\/connect.php\/js\/FB.Share\" type=\"text\/javascript\"><\/script><\/div><div style=\"clear:both\"><\/div>","protected":false},"excerpt":{"rendered":"<p>U nedjelju, 16. velja\u010de 2025.,\u00a0\u00a0u prepunoj kinodvorani Haus der Kulturen der Welt, odr\u017eana je svjetska premijera emotivne drame redateljice \u010cejen \u010cerni\u0107 \u010canak, scenarista Tomislava Zajeca i producenata Ankice Juri\u0107 Tili\u0107, Hrvoja Pervana i Dragana Juri\u0107a, Ze\u010dji nasip. Publika je film, koji se prikazuje u sklopu natjecateljskog programa Generation, do\u010dekala aplauzom i ovacijama. &#8220;Znala sam da [&hellip;]<\/p>\n","protected":false},"author":8,"featured_media":0,"comment_status":"closed","ping_status":"closed","sticky":false,"template":"","format":"standard","meta":{"_et_pb_use_builder":"","_et_pb_old_content":"","_et_gb_content_width":"","_editorskit_title_hidden":false,"_editorskit_reading_time":0,"_editorskit_is_block_options_detached":false,"_editorskit_block_options_position":"{}","footnotes":""},"categories":[9,21,17050],"tags":[1526,27085,1244,6432,26889,3073,94,27087,200,27083,6782,173,27084,27086,8564],"class_list":["post-57786","post","type-post","status-publish","format-standard","hentry","category-film","category-filmske-novosti","category-press","tag-alma-prica","tag-andrija-zunac","tag-berlin","tag-berlinale","tag-cejen-cernic-canak","tag-filip-sovagovic","tag-filmski-festivali-2","tag-franka-mikolaci","tag-havc","tag-havc-2025","tag-hrvatski-audiovizualni-centar","tag-hrvatski-film","tag-lav-novosel","tag-leon-grgic","tag-tanja-smoje"],"yoast_head":"<!-- This site is optimized with the Yoast SEO plugin v24.6 - https:\/\/yoast.com\/wordpress\/plugins\/seo\/ -->\n<title>Odr\u017eana svjetska premijera filma &#039;Ze\u010dji nasip&#039; na 75. Berlinaleu - FILM-mag.net<\/title>\n<meta name=\"robots\" content=\"index, follow, max-snippet:-1, max-image-preview:large, max-video-preview:-1\" \/>\n<link rel=\"canonical\" href=\"https:\/\/film-mag.net\/wp\/?p=57786\" \/>\n<meta property=\"og:locale\" content=\"en_US\" \/>\n<meta property=\"og:type\" content=\"article\" \/>\n<meta property=\"og:title\" content=\"Odr\u017eana svjetska premijera filma &#039;Ze\u010dji nasip&#039; na 75. Berlinaleu - FILM-mag.net\" \/>\n<meta property=\"og:description\" content=\"U nedjelju, 16. velja\u010de 2025.,\u00a0\u00a0u prepunoj kinodvorani Haus der Kulturen der Welt, odr\u017eana je svjetska premijera emotivne drame redateljice \u010cejen \u010cerni\u0107 \u010canak, scenarista Tomislava Zajeca i producenata Ankice Juri\u0107 Tili\u0107, Hrvoja Pervana i Dragana Juri\u0107a, Ze\u010dji nasip. Publika je film, koji se prikazuje u sklopu natjecateljskog programa Generation, do\u010dekala aplauzom i ovacijama. &#8220;Znala sam da [&hellip;]\" \/>\n<meta property=\"og:url\" content=\"https:\/\/film-mag.net\/wp\/?p=57786\" \/>\n<meta property=\"og:site_name\" content=\"FILM-mag.net\" \/>\n<meta property=\"article:published_time\" content=\"2025-02-17T21:06:55+00:00\" \/>\n<meta name=\"author\" content=\"PRESS\" \/>\n<meta name=\"twitter:card\" content=\"summary_large_image\" \/>\n<meta name=\"twitter:label1\" content=\"Written by\" \/>\n\t<meta name=\"twitter:data1\" content=\"PRESS\" \/>\n\t<meta name=\"twitter:label2\" content=\"Est. reading time\" \/>\n\t<meta name=\"twitter:data2\" content=\"3 minutes\" \/>\n<script type=\"application\/ld+json\" class=\"yoast-schema-graph\">{\"@context\":\"https:\/\/schema.org\",\"@graph\":[{\"@type\":\"WebPage\",\"@id\":\"https:\/\/film-mag.net\/wp\/?p=57786\",\"url\":\"https:\/\/film-mag.net\/wp\/?p=57786\",\"name\":\"Odr\u017eana svjetska premijera filma 'Ze\u010dji nasip' na 75. Berlinaleu - FILM-mag.net\",\"isPartOf\":{\"@id\":\"http:\/\/film-mag.net\/wp\/#website\"},\"datePublished\":\"2025-02-17T21:06:55+00:00\",\"author\":{\"@id\":\"http:\/\/film-mag.net\/wp\/#\/schema\/person\/a8dd3a5b76a5bbde974e03510a205c2f\"},\"breadcrumb\":{\"@id\":\"https:\/\/film-mag.net\/wp\/?p=57786#breadcrumb\"},\"inLanguage\":\"en-US\",\"potentialAction\":[{\"@type\":\"ReadAction\",\"target\":[\"https:\/\/film-mag.net\/wp\/?p=57786\"]}]},{\"@type\":\"BreadcrumbList\",\"@id\":\"https:\/\/film-mag.net\/wp\/?p=57786#breadcrumb\",\"itemListElement\":[{\"@type\":\"ListItem\",\"position\":1,\"name\":\"Home\",\"item\":\"http:\/\/film-mag.net\/wp\/\"},{\"@type\":\"ListItem\",\"position\":2,\"name\":\"Odr\u017eana svjetska premijera filma &#8216;Ze\u010dji nasip&#8217; na 75. Berlinaleu\"}]},{\"@type\":\"WebSite\",\"@id\":\"http:\/\/film-mag.net\/wp\/#website\",\"url\":\"http:\/\/film-mag.net\/wp\/\",\"name\":\"FILM-mag.net\",\"description\":\"Prvi hrvatski portal o filmu i filmu bliskim podru\u010djima kulture\",\"potentialAction\":[{\"@type\":\"SearchAction\",\"target\":{\"@type\":\"EntryPoint\",\"urlTemplate\":\"http:\/\/film-mag.net\/wp\/?s={search_term_string}\"},\"query-input\":{\"@type\":\"PropertyValueSpecification\",\"valueRequired\":true,\"valueName\":\"search_term_string\"}}],\"inLanguage\":\"en-US\"},{\"@type\":\"Person\",\"@id\":\"http:\/\/film-mag.net\/wp\/#\/schema\/person\/a8dd3a5b76a5bbde974e03510a205c2f\",\"name\":\"PRESS\",\"image\":{\"@type\":\"ImageObject\",\"inLanguage\":\"en-US\",\"@id\":\"http:\/\/film-mag.net\/wp\/#\/schema\/person\/image\/\",\"url\":\"https:\/\/secure.gravatar.com\/avatar\/bf4ab1626f485b36c4f3650b1d351839?s=96&d=mm&r=g\",\"contentUrl\":\"https:\/\/secure.gravatar.com\/avatar\/bf4ab1626f485b36c4f3650b1d351839?s=96&d=mm&r=g\",\"caption\":\"PRESS\"},\"url\":\"https:\/\/film-mag.net\/wp\/?author=8\"}]}<\/script>\n<!-- \/ Yoast SEO plugin. -->","yoast_head_json":{"title":"Odr\u017eana svjetska premijera filma 'Ze\u010dji nasip' na 75. Berlinaleu - FILM-mag.net","robots":{"index":"index","follow":"follow","max-snippet":"max-snippet:-1","max-image-preview":"max-image-preview:large","max-video-preview":"max-video-preview:-1"},"canonical":"https:\/\/film-mag.net\/wp\/?p=57786","og_locale":"en_US","og_type":"article","og_title":"Odr\u017eana svjetska premijera filma 'Ze\u010dji nasip' na 75. Berlinaleu - FILM-mag.net","og_description":"U nedjelju, 16. velja\u010de 2025.,\u00a0\u00a0u prepunoj kinodvorani Haus der Kulturen der Welt, odr\u017eana je svjetska premijera emotivne drame redateljice \u010cejen \u010cerni\u0107 \u010canak, scenarista Tomislava Zajeca i producenata Ankice Juri\u0107 Tili\u0107, Hrvoja Pervana i Dragana Juri\u0107a, Ze\u010dji nasip. Publika je film, koji se prikazuje u sklopu natjecateljskog programa Generation, do\u010dekala aplauzom i ovacijama. &#8220;Znala sam da [&hellip;]","og_url":"https:\/\/film-mag.net\/wp\/?p=57786","og_site_name":"FILM-mag.net","article_published_time":"2025-02-17T21:06:55+00:00","author":"PRESS","twitter_card":"summary_large_image","twitter_misc":{"Written by":"PRESS","Est. reading time":"3 minutes"},"schema":{"@context":"https:\/\/schema.org","@graph":[{"@type":"WebPage","@id":"https:\/\/film-mag.net\/wp\/?p=57786","url":"https:\/\/film-mag.net\/wp\/?p=57786","name":"Odr\u017eana svjetska premijera filma 'Ze\u010dji nasip' na 75. Berlinaleu - FILM-mag.net","isPartOf":{"@id":"http:\/\/film-mag.net\/wp\/#website"},"datePublished":"2025-02-17T21:06:55+00:00","author":{"@id":"http:\/\/film-mag.net\/wp\/#\/schema\/person\/a8dd3a5b76a5bbde974e03510a205c2f"},"breadcrumb":{"@id":"https:\/\/film-mag.net\/wp\/?p=57786#breadcrumb"},"inLanguage":"en-US","potentialAction":[{"@type":"ReadAction","target":["https:\/\/film-mag.net\/wp\/?p=57786"]}]},{"@type":"BreadcrumbList","@id":"https:\/\/film-mag.net\/wp\/?p=57786#breadcrumb","itemListElement":[{"@type":"ListItem","position":1,"name":"Home","item":"http:\/\/film-mag.net\/wp\/"},{"@type":"ListItem","position":2,"name":"Odr\u017eana svjetska premijera filma &#8216;Ze\u010dji nasip&#8217; na 75. Berlinaleu"}]},{"@type":"WebSite","@id":"http:\/\/film-mag.net\/wp\/#website","url":"http:\/\/film-mag.net\/wp\/","name":"FILM-mag.net","description":"Prvi hrvatski portal o filmu i filmu bliskim podru\u010djima kulture","potentialAction":[{"@type":"SearchAction","target":{"@type":"EntryPoint","urlTemplate":"http:\/\/film-mag.net\/wp\/?s={search_term_string}"},"query-input":{"@type":"PropertyValueSpecification","valueRequired":true,"valueName":"search_term_string"}}],"inLanguage":"en-US"},{"@type":"Person","@id":"http:\/\/film-mag.net\/wp\/#\/schema\/person\/a8dd3a5b76a5bbde974e03510a205c2f","name":"PRESS","image":{"@type":"ImageObject","inLanguage":"en-US","@id":"http:\/\/film-mag.net\/wp\/#\/schema\/person\/image\/","url":"https:\/\/secure.gravatar.com\/avatar\/bf4ab1626f485b36c4f3650b1d351839?s=96&d=mm&r=g","contentUrl":"https:\/\/secure.gravatar.com\/avatar\/bf4ab1626f485b36c4f3650b1d351839?s=96&d=mm&r=g","caption":"PRESS"},"url":"https:\/\/film-mag.net\/wp\/?author=8"}]}},"_links":{"self":[{"href":"https:\/\/film-mag.net\/wp\/index.php?rest_route=\/wp\/v2\/posts\/57786","targetHints":{"allow":["GET"]}}],"collection":[{"href":"https:\/\/film-mag.net\/wp\/index.php?rest_route=\/wp\/v2\/posts"}],"about":[{"href":"https:\/\/film-mag.net\/wp\/index.php?rest_route=\/wp\/v2\/types\/post"}],"author":[{"embeddable":true,"href":"https:\/\/film-mag.net\/wp\/index.php?rest_route=\/wp\/v2\/users\/8"}],"replies":[{"embeddable":true,"href":"https:\/\/film-mag.net\/wp\/index.php?rest_route=%2Fwp%2Fv2%2Fcomments&post=57786"}],"version-history":[{"count":1,"href":"https:\/\/film-mag.net\/wp\/index.php?rest_route=\/wp\/v2\/posts\/57786\/revisions"}],"predecessor-version":[{"id":57787,"href":"https:\/\/film-mag.net\/wp\/index.php?rest_route=\/wp\/v2\/posts\/57786\/revisions\/57787"}],"wp:attachment":[{"href":"https:\/\/film-mag.net\/wp\/index.php?rest_route=%2Fwp%2Fv2%2Fmedia&parent=57786"}],"wp:term":[{"taxonomy":"category","embeddable":true,"href":"https:\/\/film-mag.net\/wp\/index.php?rest_route=%2Fwp%2Fv2%2Fcategories&post=57786"},{"taxonomy":"post_tag","embeddable":true,"href":"https:\/\/film-mag.net\/wp\/index.php?rest_route=%2Fwp%2Fv2%2Ftags&post=57786"}],"curies":[{"name":"wp","href":"https:\/\/api.w.org\/{rel}","templated":true}]}}