{"id":57774,"date":"2025-02-16T16:02:56","date_gmt":"2025-02-16T15:02:56","guid":{"rendered":"https:\/\/film-mag.net\/wp\/?p=57774"},"modified":"2025-02-16T16:02:56","modified_gmt":"2025-02-16T15:02:56","slug":"obiljezavanje-145-godina-muzeja-za-umjetnost-i-obrt-i-na-promociju-monografije-posvecene-milanu-vulpeu","status":"publish","type":"post","link":"https:\/\/film-mag.net\/wp\/?p=57774","title":{"rendered":"Obilje\u017eavanje 145. godina Muzeja za umjetnost i obrt i na promociju monografije posve\u0107ene Milanu Vulpeu"},"content":{"rendered":"<p style=\"text-align: justify;\"><strong>145. ro\u0111endan Muzeja za umjetnost i obrt i predstavljanje prve monografije posve\u0107ene velikanu grafi\u010dkog dizajna Milanu Vulpeu<\/strong><\/p>\n<p style=\"text-align: justify;\">Datum: 17. 2. 2025., ponedjeljak<br \/>\nMjesto: Pala\u010da Gvozdanovi\u0107, Visoka ulica 8, Zagreb<br \/>\nVrijeme: 12 sati<br \/>\nUvodno obra\u0107anje Sanjina Miheli\u0107a, ravnatelja MUO<br \/>\nPredstavljanje monografije:<br \/>\n\u2022\u00a0\u00a0\u00a0\u00a0\u00a0\u00a0\u00a0\u00a0\u00a0\u00a0\u00a0\u00a0\u00a0 dr. sc. Koraljka Vlajo, autorica<br \/>\n\u2022\u00a0\u00a0\u00a0\u00a0\u00a0\u00a0\u00a0\u00a0\u00a0\u00a0\u00a0\u00a0\u00a0 dr. sc. Antonia Do\u0161en, urednica<br \/>\n\u2022\u00a0\u00a0\u00a0\u00a0\u00a0\u00a0\u00a0\u00a0\u00a0\u00a0\u00a0\u00a0\u00a0 dr. sc. Maroje Mrdulja\u0161, recenzent<br \/>\n\u2022\u00a0\u00a0\u00a0\u00a0\u00a0\u00a0\u00a0\u00a0\u00a0\u00a0\u00a0\u00a0\u00a0 dr. sc. Iva Prosoli, autorica poglavlja o fotografiji Milana Vulpea<\/p>\n<p style=\"text-align: justify;\"><img decoding=\"async\" style=\"border: none; width: 100%;\" src=\" https:\/\/i1.wp.com\/www.muo.hr\/wp-content\/uploads\/2025\/02\/Foto-Vedran-Benovic-MUO.jpg?resize=960%2C1080&amp;ssl=1 \" \/><\/p>\n<p style=\"text-align: justify;\">Fotografiju ustupio <strong><a href=\"https:\/\/www.muo.hr\/blog\/2025\/02\/11\/prva-monografija-posvecena-velikanu-grafickog-dizajna-milanu-vulpeu\/\" target=\"_blank\" rel=\"noopener noreferrer\"> MUO<\/a><\/strong><\/p>\n<p style=\"text-align: justify;\"><strong>Vi\u0161e o monografiji:<\/strong><\/p>\n<p style=\"text-align: justify;\">Monografija \u201eMilan Vulpe &#8211; od publicitera do grafi\u010dkog dizajnera\u201c prvo je monografsko izdanje posve\u0107eno radu i stvarala\u0161tvu Milana Vulpea, jednog od najzna\u010dajnijih hrvatskih grafi\u010dkih dizajnera pedesetih i \u0161ezdesetih godina dvadesetog stolje\u0107a. Ova opse\u017ena monografija na tri stotine stranica sa oko pet stotina ilustracija rezultat je dugogodi\u0161njeg istra\u017eivanja i temeljite analize njegovog opusa koje je objedinila i valorizirala autorica dr. sc. Koraljka Vlajo, muzejska savjetnica, voditeljica Zbirke grafi\u010dkog dizajna i Zbirke produkt dizajna.<\/p>\n<p style=\"text-align: justify;\">Monografija donosi uvid u Vulpeovo bogato stvarala\u0161tvo zapisano u kolektivnom sje\u0107anju brojnih generacija, poput i danas prepoznatljivih omota Op\u0107ih enciklopedija JLZ-a, naslovnica popularnih izdanja Mladosti i Matice hrvatske, TOZ olovki, vizualnih identiteta najve\u0107ih socijalisti\u010dkih poduze\u0107a, tvornica i brodogradili\u0161ta od kojih su neki i danas poput ambala\u017ea proizvoda tvrtke Saponia i brojnih vizualnih identiteta kao primjerice kutija za Saponijin deterd\u017eent Yeti koja je osvojila zlatnu medalju na me\u0111unarodnom natjecanju Monde Selection u Parizu.Vi\u0161edesetljetnim oblikovanjem hrvatske i jugoslavenske industrije i kulture Milan Vulpe je umnogome oblikovao svakodnevicu tada\u0161njih generacija. Tijekom svoje karijere sura\u0111ivao je s gotovo 400 poduze\u0107a, tvornica, manifestacija i organizacija, a njegovi su radovi danas prepoznati kao klju\u010dni momenti u razvoju grafi\u010dkog dizajna u Hrvatskoj i \u0161ire te pripadaju me\u0111u klasike doma\u0107eg grafi\u010dkog oblikovanja. U ovoj je monografiji prvi put zabilje\u017eena cjelokupna iznimno bogata Vulpeova karijera, uvid u klju\u010dne doga\u0111aje u njegovom privatnom i profesionalnom \u017eivotu, povijesni razvoj podru\u010dja dizajna tr\u017ei\u0161nih komunikacija u kojem je Milan Vulpe ostavio najve\u0107i trag, \u010dine\u0107i ga nezaobilaznim imenom na polju grafi\u010dkog dizajna. Opus Milana Vulpea gotovo je u cijelosti sa\u010duvan, prvenstveno zahvaljuju\u0107i pedantnosti i organiziranosti samog autora, a zatim i njegove obitelji koja je predano \u010duvala brojne radove i opse\u017enu dokumentaciju. Danas je ovaj materijal od neprocjenjive va\u017enosti koji djelu Milana Vulpea osigurava jedno od klju\u010dnih mjesta u povijesti hrvatskog grafi\u010dkog dizajna, bilje\u017ei tektonske promjene u dizajnerskom procesu rada tijekom \u010detrdesetak iznimno uzbudljivih godina razvoja profesije, te posredno dokumentira izuzetno va\u017eno razdoblje razvoja doma\u0107e industrije, turizma i kulture.<\/p>\n<p style=\"text-align: justify;\">Autorica monografije je dr. sc. Koraljka Vlajo, muzejska savjetnica, voditeljica Zbirke grafi\u010dkog dizajna i Zbirke produkt dizajna, urednica je dr.sc. Antonia Do\u0161en, vi\u0161a kustosica, voditeljica Zbirke grafike i voditeljica Zbirke tiskarstva i knjigove\u0161tva, \u00a0muzejska savjetnica, voditeljica Zbirke novije fotografije i Zbirke foto opreme. Knjigu kao znanstvenu publikaciju kategorizirali su recenzenti doc. dr. sc. Maroje Mrdulja\u0161 s Arhitektonskog fakulteta Sveu\u010dili\u0161ta u Zagrebu i dr. sc. Miodrag (Mi\u0161ko) \u0160uvakovi\u0107 s Fakulteta za medije i komunikacije Univerziteta Singidunum u Beogradu. Grafi\u010dki dizajn monografije potpisuje studio \u0160esni\u0107&amp;Turkovi\u0107. Monografija je tiskana uz potporu Grada Zagreba, Ministarstva kulture i medija Republike Hrvatske te tvrtke Novag Agrochemicals koja je slijednik Plivinog programa sredstava za za\u0161titu bilja i biocida te tvrtke Saponia \u010diji su vizualni identiteti autora Milana Vulpea danas dio povijesne, ba\u0161tinske i intelektualne vrijednosti.<\/p>\n<p style=\"text-align: justify;\">[izvor informacije <strong><a href=\"https:\/\/www.muo.hr\/\" target=\"_blank\" rel=\"noopener noreferrer\"> Muzej za umjetnost i obrt<\/a><\/strong>]<\/p>\n<p style=\"text-align: justify;\"><iframe loading=\"lazy\" style=\"border: none; overflow: hidden;\" src=\"https:\/\/www.facebook.com\/plugins\/post.php?href=https%3A%2F%2Fwww.facebook.com%2FFILMmagnet%2Fposts%2Fpfbid06yP6TmvxHJU1BDoy3DAADTYf91JQFjcmKhNvFkWZGbLL5bsKU8dx3kt5EHGm1Bhpl&amp;show_text=true&amp;width=500\" width=\"500\" height=\"597\" frameborder=\"0\" scrolling=\"no\" allowfullscreen=\"allowfullscreen\"><\/iframe><\/p>\n<div id=\"fb_share_1\" style=\"float: right; margin-left: 10px;\"><a name=\"fb_share\" type=\"box_count\" share_url=\"https:\/\/film-mag.net\/wp\/?p=57774\" href=\"http:\/\/www.facebook.com\/sharer.php\">Share<\/a><\/div><div><script src=\"https:\/\/static.ak.fbcdn.net\/connect.php\/js\/FB.Share\" type=\"text\/javascript\"><\/script><\/div><div style=\"clear:both\"><\/div>","protected":false},"excerpt":{"rendered":"<p>145. ro\u0111endan Muzeja za umjetnost i obrt i predstavljanje prve monografije posve\u0107ene velikanu grafi\u010dkog dizajna Milanu Vulpeu Datum: 17. 2. 2025., ponedjeljak Mjesto: Pala\u010da Gvozdanovi\u0107, Visoka ulica 8, Zagreb Vrijeme: 12 sati Uvodno obra\u0107anje Sanjina Miheli\u0107a, ravnatelja MUO Predstavljanje monografije: \u2022\u00a0\u00a0\u00a0\u00a0\u00a0\u00a0\u00a0\u00a0\u00a0\u00a0\u00a0\u00a0\u00a0 dr. sc. Koraljka Vlajo, autorica \u2022\u00a0\u00a0\u00a0\u00a0\u00a0\u00a0\u00a0\u00a0\u00a0\u00a0\u00a0\u00a0\u00a0 dr. sc. Antonia Do\u0161en, urednica \u2022\u00a0\u00a0\u00a0\u00a0\u00a0\u00a0\u00a0\u00a0\u00a0\u00a0\u00a0\u00a0\u00a0 dr. sc. [&hellip;]<\/p>\n","protected":false},"author":8,"featured_media":0,"comment_status":"closed","ping_status":"closed","sticky":false,"template":"","format":"standard","meta":{"_et_pb_use_builder":"","_et_pb_old_content":"","_et_gb_content_width":"","_editorskit_title_hidden":false,"_editorskit_reading_time":0,"_editorskit_is_block_options_detached":false,"_editorskit_block_options_position":"{}","footnotes":""},"categories":[19932,13,17050],"tags":[27080,21961,8112,17648,27027,576,883,21925],"class_list":["post-57774","post","type-post","status-publish","format-standard","hentry","category-likovni-dogadaji","category-likovnost","category-press","tag-graficki-dizajn","tag-milan-vulpe","tag-monografija","tag-muo","tag-muo-2025","tag-muzej-za-umjetnost-i-obrt","tag-obljetnice","tag-promocija-monografije"],"yoast_head":"<!-- This site is optimized with the Yoast SEO plugin v24.6 - https:\/\/yoast.com\/wordpress\/plugins\/seo\/ -->\n<title>Obilje\u017eavanje 145. godina Muzeja za umjetnost i obrt i na promociju monografije posve\u0107ene Milanu Vulpeu - FILM-mag.net<\/title>\n<meta name=\"robots\" content=\"index, follow, max-snippet:-1, max-image-preview:large, max-video-preview:-1\" \/>\n<link rel=\"canonical\" href=\"https:\/\/film-mag.net\/wp\/?p=57774\" \/>\n<meta property=\"og:locale\" content=\"en_US\" \/>\n<meta property=\"og:type\" content=\"article\" \/>\n<meta property=\"og:title\" content=\"Obilje\u017eavanje 145. godina Muzeja za umjetnost i obrt i na promociju monografije posve\u0107ene Milanu Vulpeu - FILM-mag.net\" \/>\n<meta property=\"og:description\" content=\"145. ro\u0111endan Muzeja za umjetnost i obrt i predstavljanje prve monografije posve\u0107ene velikanu grafi\u010dkog dizajna Milanu Vulpeu Datum: 17. 2. 2025., ponedjeljak Mjesto: Pala\u010da Gvozdanovi\u0107, Visoka ulica 8, Zagreb Vrijeme: 12 sati Uvodno obra\u0107anje Sanjina Miheli\u0107a, ravnatelja MUO Predstavljanje monografije: \u2022\u00a0\u00a0\u00a0\u00a0\u00a0\u00a0\u00a0\u00a0\u00a0\u00a0\u00a0\u00a0\u00a0 dr. sc. Koraljka Vlajo, autorica \u2022\u00a0\u00a0\u00a0\u00a0\u00a0\u00a0\u00a0\u00a0\u00a0\u00a0\u00a0\u00a0\u00a0 dr. sc. Antonia Do\u0161en, urednica \u2022\u00a0\u00a0\u00a0\u00a0\u00a0\u00a0\u00a0\u00a0\u00a0\u00a0\u00a0\u00a0\u00a0 dr. sc. [&hellip;]\" \/>\n<meta property=\"og:url\" content=\"https:\/\/film-mag.net\/wp\/?p=57774\" \/>\n<meta property=\"og:site_name\" content=\"FILM-mag.net\" \/>\n<meta property=\"article:published_time\" content=\"2025-02-16T15:02:56+00:00\" \/>\n<meta name=\"author\" content=\"PRESS\" \/>\n<meta name=\"twitter:card\" content=\"summary_large_image\" \/>\n<meta name=\"twitter:label1\" content=\"Written by\" \/>\n\t<meta name=\"twitter:data1\" content=\"PRESS\" \/>\n\t<meta name=\"twitter:label2\" content=\"Est. reading time\" \/>\n\t<meta name=\"twitter:data2\" content=\"3 minutes\" \/>\n<script type=\"application\/ld+json\" class=\"yoast-schema-graph\">{\"@context\":\"https:\/\/schema.org\",\"@graph\":[{\"@type\":\"WebPage\",\"@id\":\"https:\/\/film-mag.net\/wp\/?p=57774\",\"url\":\"https:\/\/film-mag.net\/wp\/?p=57774\",\"name\":\"Obilje\u017eavanje 145. godina Muzeja za umjetnost i obrt i na promociju monografije posve\u0107ene Milanu Vulpeu - FILM-mag.net\",\"isPartOf\":{\"@id\":\"http:\/\/film-mag.net\/wp\/#website\"},\"datePublished\":\"2025-02-16T15:02:56+00:00\",\"author\":{\"@id\":\"http:\/\/film-mag.net\/wp\/#\/schema\/person\/a8dd3a5b76a5bbde974e03510a205c2f\"},\"breadcrumb\":{\"@id\":\"https:\/\/film-mag.net\/wp\/?p=57774#breadcrumb\"},\"inLanguage\":\"en-US\",\"potentialAction\":[{\"@type\":\"ReadAction\",\"target\":[\"https:\/\/film-mag.net\/wp\/?p=57774\"]}]},{\"@type\":\"BreadcrumbList\",\"@id\":\"https:\/\/film-mag.net\/wp\/?p=57774#breadcrumb\",\"itemListElement\":[{\"@type\":\"ListItem\",\"position\":1,\"name\":\"Home\",\"item\":\"http:\/\/film-mag.net\/wp\/\"},{\"@type\":\"ListItem\",\"position\":2,\"name\":\"Obilje\u017eavanje 145. godina Muzeja za umjetnost i obrt i na promociju monografije posve\u0107ene Milanu Vulpeu\"}]},{\"@type\":\"WebSite\",\"@id\":\"http:\/\/film-mag.net\/wp\/#website\",\"url\":\"http:\/\/film-mag.net\/wp\/\",\"name\":\"FILM-mag.net\",\"description\":\"Prvi hrvatski portal o filmu i filmu bliskim podru\u010djima kulture\",\"potentialAction\":[{\"@type\":\"SearchAction\",\"target\":{\"@type\":\"EntryPoint\",\"urlTemplate\":\"http:\/\/film-mag.net\/wp\/?s={search_term_string}\"},\"query-input\":{\"@type\":\"PropertyValueSpecification\",\"valueRequired\":true,\"valueName\":\"search_term_string\"}}],\"inLanguage\":\"en-US\"},{\"@type\":\"Person\",\"@id\":\"http:\/\/film-mag.net\/wp\/#\/schema\/person\/a8dd3a5b76a5bbde974e03510a205c2f\",\"name\":\"PRESS\",\"image\":{\"@type\":\"ImageObject\",\"inLanguage\":\"en-US\",\"@id\":\"http:\/\/film-mag.net\/wp\/#\/schema\/person\/image\/\",\"url\":\"https:\/\/secure.gravatar.com\/avatar\/bf4ab1626f485b36c4f3650b1d351839?s=96&d=mm&r=g\",\"contentUrl\":\"https:\/\/secure.gravatar.com\/avatar\/bf4ab1626f485b36c4f3650b1d351839?s=96&d=mm&r=g\",\"caption\":\"PRESS\"},\"url\":\"https:\/\/film-mag.net\/wp\/?author=8\"}]}<\/script>\n<!-- \/ Yoast SEO plugin. -->","yoast_head_json":{"title":"Obilje\u017eavanje 145. godina Muzeja za umjetnost i obrt i na promociju monografije posve\u0107ene Milanu Vulpeu - FILM-mag.net","robots":{"index":"index","follow":"follow","max-snippet":"max-snippet:-1","max-image-preview":"max-image-preview:large","max-video-preview":"max-video-preview:-1"},"canonical":"https:\/\/film-mag.net\/wp\/?p=57774","og_locale":"en_US","og_type":"article","og_title":"Obilje\u017eavanje 145. godina Muzeja za umjetnost i obrt i na promociju monografije posve\u0107ene Milanu Vulpeu - FILM-mag.net","og_description":"145. ro\u0111endan Muzeja za umjetnost i obrt i predstavljanje prve monografije posve\u0107ene velikanu grafi\u010dkog dizajna Milanu Vulpeu Datum: 17. 2. 2025., ponedjeljak Mjesto: Pala\u010da Gvozdanovi\u0107, Visoka ulica 8, Zagreb Vrijeme: 12 sati Uvodno obra\u0107anje Sanjina Miheli\u0107a, ravnatelja MUO Predstavljanje monografije: \u2022\u00a0\u00a0\u00a0\u00a0\u00a0\u00a0\u00a0\u00a0\u00a0\u00a0\u00a0\u00a0\u00a0 dr. sc. Koraljka Vlajo, autorica \u2022\u00a0\u00a0\u00a0\u00a0\u00a0\u00a0\u00a0\u00a0\u00a0\u00a0\u00a0\u00a0\u00a0 dr. sc. Antonia Do\u0161en, urednica \u2022\u00a0\u00a0\u00a0\u00a0\u00a0\u00a0\u00a0\u00a0\u00a0\u00a0\u00a0\u00a0\u00a0 dr. sc. [&hellip;]","og_url":"https:\/\/film-mag.net\/wp\/?p=57774","og_site_name":"FILM-mag.net","article_published_time":"2025-02-16T15:02:56+00:00","author":"PRESS","twitter_card":"summary_large_image","twitter_misc":{"Written by":"PRESS","Est. reading time":"3 minutes"},"schema":{"@context":"https:\/\/schema.org","@graph":[{"@type":"WebPage","@id":"https:\/\/film-mag.net\/wp\/?p=57774","url":"https:\/\/film-mag.net\/wp\/?p=57774","name":"Obilje\u017eavanje 145. godina Muzeja za umjetnost i obrt i na promociju monografije posve\u0107ene Milanu Vulpeu - FILM-mag.net","isPartOf":{"@id":"http:\/\/film-mag.net\/wp\/#website"},"datePublished":"2025-02-16T15:02:56+00:00","author":{"@id":"http:\/\/film-mag.net\/wp\/#\/schema\/person\/a8dd3a5b76a5bbde974e03510a205c2f"},"breadcrumb":{"@id":"https:\/\/film-mag.net\/wp\/?p=57774#breadcrumb"},"inLanguage":"en-US","potentialAction":[{"@type":"ReadAction","target":["https:\/\/film-mag.net\/wp\/?p=57774"]}]},{"@type":"BreadcrumbList","@id":"https:\/\/film-mag.net\/wp\/?p=57774#breadcrumb","itemListElement":[{"@type":"ListItem","position":1,"name":"Home","item":"http:\/\/film-mag.net\/wp\/"},{"@type":"ListItem","position":2,"name":"Obilje\u017eavanje 145. godina Muzeja za umjetnost i obrt i na promociju monografije posve\u0107ene Milanu Vulpeu"}]},{"@type":"WebSite","@id":"http:\/\/film-mag.net\/wp\/#website","url":"http:\/\/film-mag.net\/wp\/","name":"FILM-mag.net","description":"Prvi hrvatski portal o filmu i filmu bliskim podru\u010djima kulture","potentialAction":[{"@type":"SearchAction","target":{"@type":"EntryPoint","urlTemplate":"http:\/\/film-mag.net\/wp\/?s={search_term_string}"},"query-input":{"@type":"PropertyValueSpecification","valueRequired":true,"valueName":"search_term_string"}}],"inLanguage":"en-US"},{"@type":"Person","@id":"http:\/\/film-mag.net\/wp\/#\/schema\/person\/a8dd3a5b76a5bbde974e03510a205c2f","name":"PRESS","image":{"@type":"ImageObject","inLanguage":"en-US","@id":"http:\/\/film-mag.net\/wp\/#\/schema\/person\/image\/","url":"https:\/\/secure.gravatar.com\/avatar\/bf4ab1626f485b36c4f3650b1d351839?s=96&d=mm&r=g","contentUrl":"https:\/\/secure.gravatar.com\/avatar\/bf4ab1626f485b36c4f3650b1d351839?s=96&d=mm&r=g","caption":"PRESS"},"url":"https:\/\/film-mag.net\/wp\/?author=8"}]}},"_links":{"self":[{"href":"https:\/\/film-mag.net\/wp\/index.php?rest_route=\/wp\/v2\/posts\/57774","targetHints":{"allow":["GET"]}}],"collection":[{"href":"https:\/\/film-mag.net\/wp\/index.php?rest_route=\/wp\/v2\/posts"}],"about":[{"href":"https:\/\/film-mag.net\/wp\/index.php?rest_route=\/wp\/v2\/types\/post"}],"author":[{"embeddable":true,"href":"https:\/\/film-mag.net\/wp\/index.php?rest_route=\/wp\/v2\/users\/8"}],"replies":[{"embeddable":true,"href":"https:\/\/film-mag.net\/wp\/index.php?rest_route=%2Fwp%2Fv2%2Fcomments&post=57774"}],"version-history":[{"count":1,"href":"https:\/\/film-mag.net\/wp\/index.php?rest_route=\/wp\/v2\/posts\/57774\/revisions"}],"predecessor-version":[{"id":57775,"href":"https:\/\/film-mag.net\/wp\/index.php?rest_route=\/wp\/v2\/posts\/57774\/revisions\/57775"}],"wp:attachment":[{"href":"https:\/\/film-mag.net\/wp\/index.php?rest_route=%2Fwp%2Fv2%2Fmedia&parent=57774"}],"wp:term":[{"taxonomy":"category","embeddable":true,"href":"https:\/\/film-mag.net\/wp\/index.php?rest_route=%2Fwp%2Fv2%2Fcategories&post=57774"},{"taxonomy":"post_tag","embeddable":true,"href":"https:\/\/film-mag.net\/wp\/index.php?rest_route=%2Fwp%2Fv2%2Ftags&post=57774"}],"curies":[{"name":"wp","href":"https:\/\/api.w.org\/{rel}","templated":true}]}}