{"id":57742,"date":"2025-02-13T00:46:28","date_gmt":"2025-02-12T23:46:28","guid":{"rendered":"https:\/\/film-mag.net\/wp\/?p=57742"},"modified":"2025-02-13T00:46:28","modified_gmt":"2025-02-12T23:46:28","slug":"film-svima-u-kinu-edison-za-valentinovo-inkluzivne-projekcije-covjeka-koji-nije-mogao-sutjeti","status":"publish","type":"post","link":"https:\/\/film-mag.net\/wp\/?p=57742","title":{"rendered":"Film svima u Kinu Edison za Valentinovo \u2014 inkluzivne projekcije &#8216;\u010covjeka koji nije mogao \u0161utjeti&#8217;"},"content":{"rendered":"<p style=\"text-align: justify;\">U petak, 14.2.2025. Film svima 2025 ponovno gostuje u karlova\u010dkom Kinu Edison na inkluzivnim projekcijama &#8216;\u010covjeka koji nije mogao \u0161utjeti&#8217; kojim sudjeluje u proslavi ro\u0111endana kina. Film Neboj\u0161e Slijep\u010devi\u0107a, nedavno nagra\u0111en Zlatnom palmom i Europskom filmskom nagradom te nominiranog za nagrade Oscar i C\u00e9sar, prilago\u0111en je osobama o\u0161te\u0107ena vida i sluha od samog po\u010detka prikazivanja. Tako mo\u0107nu poruku filma imaju priliku \u010duti i vidjeti svi uz snimku prevoditelja za HZJ, inkluzivne titlove te audiodeskripciju.<\/p>\n<p style=\"text-align: justify;\"><img decoding=\"async\" style=\"border: none; width: 100%;\" src=\" https:\/\/kino-edison.hr\/wp-content\/uploads\/2025\/02\/CKNMS_plakat_B1_photo_hrv_2025-1431x2048.jpg \" \/><\/p>\n<p style=\"text-align: justify;\">Fotografiju ustupio <strong><a href=\"https:\/\/kino-edison.hr\/filmovi\/covjek-koji-nije-mogao-sutjeti-inkluzivna-projekcija-rodendan-kina\/\" target=\"_blank\" rel=\"noopener noreferrer\"> Kino Edison<\/a><\/strong><\/p>\n<p style=\"text-align: justify;\">Projekcije \u0107e se odr\u017eati u 16:30 i u 17:00 te su besplatne uz prethodnu rezervaciju putem Entrio platforme ili na blagajni kina. Program \u0107e predstaviti Maja Ogrizovi\u0107, inicijatorica inkluzivnih programa u kulturi i Tea Rube\u0161a, savjetnica Pravobranitelja za osobe s invaliditetom. Uz prikazivanje filma, 14.2. tako\u0111er je i ro\u0111endan Kina Edison koje je svoja vrata otvorilo 1920. godine te ponovno 2023. Slavlje ro\u0111endana kultne ustanove uz besplatne inkluzivne projekcije nagra\u0111ivanog filma doista je najbolji na\u010din da se obilje\u017ei ova va\u017ena prigoda \u2014 prepoznavanje va\u017enosti solidarnosti, inkluzije i zajedni\u0161tva te uvo\u0111enje istih u praksu civilizacijska su norma.<\/p>\n<p style=\"text-align: justify;\">Gledajmo filmove \u2014 zajedno!<\/p>\n<p style=\"text-align: justify;\">Film svima!\u2028Kina svima!\u2028\u2014\u202810. izdanje Film svima organiziraju Filmaktiv, Udruga gluhih i nagluhih PG\u017d, Udruga slijepih PG\u017d i Kultura svima svugdje uz podr\u0161ku Ministarstva kulture i medija Republike Hrvatske, Hrvatskog audiovizualnog centra i Grada Rijeke.<\/p>\n<p style=\"text-align: justify;\">[izvor informacije <strong><a href=\"https:\/\/filmaktiv.org\/\" target=\"_blank\" rel=\"noopener noreferrer\"> Filmaktiv<\/a><\/strong>]<\/p>\n<p style=\"text-align: justify;\"><iframe loading=\"lazy\" style=\"border: none; overflow: hidden;\" src=\"https:\/\/www.facebook.com\/plugins\/post.php?href=https%3A%2F%2Fwww.facebook.com%2FFILMmagnet%2Fposts%2Fpfbid09n6ufaHeMXfmomniMhMntDuZJUDQmRmW1K5iAAMerWxy5v8Gn7Bt8CXJMwWFjyKal&amp;show_text=true&amp;width=500\" width=\"500\" height=\"392\" frameborder=\"0\" scrolling=\"no\" allowfullscreen=\"allowfullscreen\"><\/iframe><\/p>\n<div id=\"fb_share_1\" style=\"float: right; margin-left: 10px;\"><a name=\"fb_share\" type=\"box_count\" share_url=\"https:\/\/film-mag.net\/wp\/?p=57742\" href=\"http:\/\/www.facebook.com\/sharer.php\">Share<\/a><\/div><div><script src=\"https:\/\/static.ak.fbcdn.net\/connect.php\/js\/FB.Share\" type=\"text\/javascript\"><\/script><\/div><div style=\"clear:both\"><\/div>","protected":false},"excerpt":{"rendered":"<p>U petak, 14.2.2025. Film svima 2025 ponovno gostuje u karlova\u010dkom Kinu Edison na inkluzivnim projekcijama &#8216;\u010covjeka koji nije mogao \u0161utjeti&#8217; kojim sudjeluje u proslavi ro\u0111endana kina. Film Neboj\u0161e Slijep\u010devi\u0107a, nedavno nagra\u0111en Zlatnom palmom i Europskom filmskom nagradom te nominiranog za nagrade Oscar i C\u00e9sar, prilago\u0111en je osobama o\u0161te\u0107ena vida i sluha od samog po\u010detka prikazivanja. [&hellip;]<\/p>\n","protected":false},"author":8,"featured_media":0,"comment_status":"closed","ping_status":"closed","sticky":false,"template":"","format":"standard","meta":{"_et_pb_use_builder":"","_et_pb_old_content":"","_et_gb_content_width":"","_editorskit_title_hidden":false,"_editorskit_reading_time":0,"_editorskit_is_block_options_detached":false,"_editorskit_block_options_position":"{}","footnotes":""},"categories":[9,21,17050],"tags":[21002,554,25177,883],"class_list":["post-57742","post","type-post","status-publish","format-standard","hentry","category-film","category-filmske-novosti","category-press","tag-film-svima","tag-karlovac","tag-kino-edison","tag-obljetnice"],"yoast_head":"<!-- This site is optimized with the Yoast SEO plugin v24.6 - https:\/\/yoast.com\/wordpress\/plugins\/seo\/ -->\n<title>Film svima u Kinu Edison za Valentinovo \u2014 inkluzivne projekcije &#039;\u010covjeka koji nije mogao \u0161utjeti&#039; - FILM-mag.net<\/title>\n<meta name=\"robots\" content=\"index, follow, max-snippet:-1, max-image-preview:large, max-video-preview:-1\" \/>\n<link rel=\"canonical\" href=\"http:\/\/film-mag.net\/wp\/?p=57742\" \/>\n<meta property=\"og:locale\" content=\"en_US\" \/>\n<meta property=\"og:type\" content=\"article\" \/>\n<meta property=\"og:title\" content=\"Film svima u Kinu Edison za Valentinovo \u2014 inkluzivne projekcije &#039;\u010covjeka koji nije mogao \u0161utjeti&#039; - FILM-mag.net\" \/>\n<meta property=\"og:description\" content=\"U petak, 14.2.2025. Film svima 2025 ponovno gostuje u karlova\u010dkom Kinu Edison na inkluzivnim projekcijama &#8216;\u010covjeka koji nije mogao \u0161utjeti&#8217; kojim sudjeluje u proslavi ro\u0111endana kina. Film Neboj\u0161e Slijep\u010devi\u0107a, nedavno nagra\u0111en Zlatnom palmom i Europskom filmskom nagradom te nominiranog za nagrade Oscar i C\u00e9sar, prilago\u0111en je osobama o\u0161te\u0107ena vida i sluha od samog po\u010detka prikazivanja. [&hellip;]\" \/>\n<meta property=\"og:url\" content=\"http:\/\/film-mag.net\/wp\/?p=57742\" \/>\n<meta property=\"og:site_name\" content=\"FILM-mag.net\" \/>\n<meta property=\"article:published_time\" content=\"2025-02-12T23:46:28+00:00\" \/>\n<meta name=\"author\" content=\"PRESS\" \/>\n<meta name=\"twitter:card\" content=\"summary_large_image\" \/>\n<meta name=\"twitter:label1\" content=\"Written by\" \/>\n\t<meta name=\"twitter:data1\" content=\"PRESS\" \/>\n\t<meta name=\"twitter:label2\" content=\"Est. reading time\" \/>\n\t<meta name=\"twitter:data2\" content=\"2 minutes\" \/>\n<script type=\"application\/ld+json\" class=\"yoast-schema-graph\">{\"@context\":\"https:\/\/schema.org\",\"@graph\":[{\"@type\":\"WebPage\",\"@id\":\"http:\/\/film-mag.net\/wp\/?p=57742\",\"url\":\"http:\/\/film-mag.net\/wp\/?p=57742\",\"name\":\"Film svima u Kinu Edison za Valentinovo \u2014 inkluzivne projekcije '\u010covjeka koji nije mogao \u0161utjeti' - FILM-mag.net\",\"isPartOf\":{\"@id\":\"http:\/\/film-mag.net\/wp\/#website\"},\"datePublished\":\"2025-02-12T23:46:28+00:00\",\"author\":{\"@id\":\"http:\/\/film-mag.net\/wp\/#\/schema\/person\/a8dd3a5b76a5bbde974e03510a205c2f\"},\"breadcrumb\":{\"@id\":\"http:\/\/film-mag.net\/wp\/?p=57742#breadcrumb\"},\"inLanguage\":\"en-US\",\"potentialAction\":[{\"@type\":\"ReadAction\",\"target\":[\"http:\/\/film-mag.net\/wp\/?p=57742\"]}]},{\"@type\":\"BreadcrumbList\",\"@id\":\"http:\/\/film-mag.net\/wp\/?p=57742#breadcrumb\",\"itemListElement\":[{\"@type\":\"ListItem\",\"position\":1,\"name\":\"Home\",\"item\":\"http:\/\/film-mag.net\/wp\/\"},{\"@type\":\"ListItem\",\"position\":2,\"name\":\"Film svima u Kinu Edison za Valentinovo \u2014 inkluzivne projekcije &#8216;\u010covjeka koji nije mogao \u0161utjeti&#8217;\"}]},{\"@type\":\"WebSite\",\"@id\":\"http:\/\/film-mag.net\/wp\/#website\",\"url\":\"http:\/\/film-mag.net\/wp\/\",\"name\":\"FILM-mag.net\",\"description\":\"Prvi hrvatski portal o filmu i filmu bliskim podru\u010djima kulture\",\"potentialAction\":[{\"@type\":\"SearchAction\",\"target\":{\"@type\":\"EntryPoint\",\"urlTemplate\":\"http:\/\/film-mag.net\/wp\/?s={search_term_string}\"},\"query-input\":{\"@type\":\"PropertyValueSpecification\",\"valueRequired\":true,\"valueName\":\"search_term_string\"}}],\"inLanguage\":\"en-US\"},{\"@type\":\"Person\",\"@id\":\"http:\/\/film-mag.net\/wp\/#\/schema\/person\/a8dd3a5b76a5bbde974e03510a205c2f\",\"name\":\"PRESS\",\"image\":{\"@type\":\"ImageObject\",\"inLanguage\":\"en-US\",\"@id\":\"http:\/\/film-mag.net\/wp\/#\/schema\/person\/image\/\",\"url\":\"https:\/\/secure.gravatar.com\/avatar\/bf4ab1626f485b36c4f3650b1d351839?s=96&d=mm&r=g\",\"contentUrl\":\"https:\/\/secure.gravatar.com\/avatar\/bf4ab1626f485b36c4f3650b1d351839?s=96&d=mm&r=g\",\"caption\":\"PRESS\"},\"url\":\"https:\/\/film-mag.net\/wp\/?author=8\"}]}<\/script>\n<!-- \/ Yoast SEO plugin. -->","yoast_head_json":{"title":"Film svima u Kinu Edison za Valentinovo \u2014 inkluzivne projekcije '\u010covjeka koji nije mogao \u0161utjeti' - FILM-mag.net","robots":{"index":"index","follow":"follow","max-snippet":"max-snippet:-1","max-image-preview":"max-image-preview:large","max-video-preview":"max-video-preview:-1"},"canonical":"http:\/\/film-mag.net\/wp\/?p=57742","og_locale":"en_US","og_type":"article","og_title":"Film svima u Kinu Edison za Valentinovo \u2014 inkluzivne projekcije '\u010covjeka koji nije mogao \u0161utjeti' - FILM-mag.net","og_description":"U petak, 14.2.2025. Film svima 2025 ponovno gostuje u karlova\u010dkom Kinu Edison na inkluzivnim projekcijama &#8216;\u010covjeka koji nije mogao \u0161utjeti&#8217; kojim sudjeluje u proslavi ro\u0111endana kina. Film Neboj\u0161e Slijep\u010devi\u0107a, nedavno nagra\u0111en Zlatnom palmom i Europskom filmskom nagradom te nominiranog za nagrade Oscar i C\u00e9sar, prilago\u0111en je osobama o\u0161te\u0107ena vida i sluha od samog po\u010detka prikazivanja. [&hellip;]","og_url":"http:\/\/film-mag.net\/wp\/?p=57742","og_site_name":"FILM-mag.net","article_published_time":"2025-02-12T23:46:28+00:00","author":"PRESS","twitter_card":"summary_large_image","twitter_misc":{"Written by":"PRESS","Est. reading time":"2 minutes"},"schema":{"@context":"https:\/\/schema.org","@graph":[{"@type":"WebPage","@id":"http:\/\/film-mag.net\/wp\/?p=57742","url":"http:\/\/film-mag.net\/wp\/?p=57742","name":"Film svima u Kinu Edison za Valentinovo \u2014 inkluzivne projekcije '\u010covjeka koji nije mogao \u0161utjeti' - FILM-mag.net","isPartOf":{"@id":"http:\/\/film-mag.net\/wp\/#website"},"datePublished":"2025-02-12T23:46:28+00:00","author":{"@id":"http:\/\/film-mag.net\/wp\/#\/schema\/person\/a8dd3a5b76a5bbde974e03510a205c2f"},"breadcrumb":{"@id":"http:\/\/film-mag.net\/wp\/?p=57742#breadcrumb"},"inLanguage":"en-US","potentialAction":[{"@type":"ReadAction","target":["http:\/\/film-mag.net\/wp\/?p=57742"]}]},{"@type":"BreadcrumbList","@id":"http:\/\/film-mag.net\/wp\/?p=57742#breadcrumb","itemListElement":[{"@type":"ListItem","position":1,"name":"Home","item":"http:\/\/film-mag.net\/wp\/"},{"@type":"ListItem","position":2,"name":"Film svima u Kinu Edison za Valentinovo \u2014 inkluzivne projekcije &#8216;\u010covjeka koji nije mogao \u0161utjeti&#8217;"}]},{"@type":"WebSite","@id":"http:\/\/film-mag.net\/wp\/#website","url":"http:\/\/film-mag.net\/wp\/","name":"FILM-mag.net","description":"Prvi hrvatski portal o filmu i filmu bliskim podru\u010djima kulture","potentialAction":[{"@type":"SearchAction","target":{"@type":"EntryPoint","urlTemplate":"http:\/\/film-mag.net\/wp\/?s={search_term_string}"},"query-input":{"@type":"PropertyValueSpecification","valueRequired":true,"valueName":"search_term_string"}}],"inLanguage":"en-US"},{"@type":"Person","@id":"http:\/\/film-mag.net\/wp\/#\/schema\/person\/a8dd3a5b76a5bbde974e03510a205c2f","name":"PRESS","image":{"@type":"ImageObject","inLanguage":"en-US","@id":"http:\/\/film-mag.net\/wp\/#\/schema\/person\/image\/","url":"https:\/\/secure.gravatar.com\/avatar\/bf4ab1626f485b36c4f3650b1d351839?s=96&d=mm&r=g","contentUrl":"https:\/\/secure.gravatar.com\/avatar\/bf4ab1626f485b36c4f3650b1d351839?s=96&d=mm&r=g","caption":"PRESS"},"url":"https:\/\/film-mag.net\/wp\/?author=8"}]}},"_links":{"self":[{"href":"https:\/\/film-mag.net\/wp\/index.php?rest_route=\/wp\/v2\/posts\/57742","targetHints":{"allow":["GET"]}}],"collection":[{"href":"https:\/\/film-mag.net\/wp\/index.php?rest_route=\/wp\/v2\/posts"}],"about":[{"href":"https:\/\/film-mag.net\/wp\/index.php?rest_route=\/wp\/v2\/types\/post"}],"author":[{"embeddable":true,"href":"https:\/\/film-mag.net\/wp\/index.php?rest_route=\/wp\/v2\/users\/8"}],"replies":[{"embeddable":true,"href":"https:\/\/film-mag.net\/wp\/index.php?rest_route=%2Fwp%2Fv2%2Fcomments&post=57742"}],"version-history":[{"count":1,"href":"https:\/\/film-mag.net\/wp\/index.php?rest_route=\/wp\/v2\/posts\/57742\/revisions"}],"predecessor-version":[{"id":57743,"href":"https:\/\/film-mag.net\/wp\/index.php?rest_route=\/wp\/v2\/posts\/57742\/revisions\/57743"}],"wp:attachment":[{"href":"https:\/\/film-mag.net\/wp\/index.php?rest_route=%2Fwp%2Fv2%2Fmedia&parent=57742"}],"wp:term":[{"taxonomy":"category","embeddable":true,"href":"https:\/\/film-mag.net\/wp\/index.php?rest_route=%2Fwp%2Fv2%2Fcategories&post=57742"},{"taxonomy":"post_tag","embeddable":true,"href":"https:\/\/film-mag.net\/wp\/index.php?rest_route=%2Fwp%2Fv2%2Ftags&post=57742"}],"curies":[{"name":"wp","href":"https:\/\/api.w.org\/{rel}","templated":true}]}}