{"id":57508,"date":"2025-01-08T23:00:33","date_gmt":"2025-01-08T22:00:33","guid":{"rendered":"https:\/\/film-mag.net\/wp\/?p=57508"},"modified":"2025-01-08T23:00:33","modified_gmt":"2025-01-08T22:00:33","slug":"fascinantni-dokumentarni-portreti-i-film-iz-metroa-u-ratnom-harkivu-za-pocetak-programa-dokukina-kic-u-2025","status":"publish","type":"post","link":"https:\/\/film-mag.net\/wp\/?p=57508","title":{"rendered":"Fascinantni dokumentarni portreti i film iz metroa u ratnom Harkivu za po\u010detak programa Dokukina KIC u 2025."},"content":{"rendered":"<p style=\"text-align: justify;\">Zagreb, 8. sije\u010dnja 2025. &#8211; Dokukino KIC s programom u 2025. zapo\u010dinje uz dva biografska dokumentarca o dvije vrlo razli\u010dite li\u010dnosti: zaboravljenom ju\u017enoafri\u010dkom fotografu Ernestu Coleu i \u201carijevski idealnoj\u201d njema\u010dkoj glumici i redateljici Leni Riefenstahl; kao i filmom iz KineDokovog kataloga, dokumentarcem o dvoje djece iz harkivskog podzemlja, &#8216;Fotofobija&#8217;. Projekcije \u0107e se odr\u017eati 10., 11. i 12. sije\u010dnja 2025.<\/p>\n<p style=\"text-align: justify;\"><img decoding=\"async\" style=\"border: none; width: 100%;\" src=\" https:\/\/media.themoviedb.org\/t\/p\/w1066_and_h600_bestv2\/u4F2cV0y4lXW7uwrdsDLrZT6Izc.jpg \" \/><\/p>\n<p style=\"text-align: justify;\">Riefenstahl ; Fotografiju ustupio <strong><a href=\"https:\/\/www.themoviedb.org\/movie\/1081077-riefenstahl\" target=\"_blank\" rel=\"noopener noreferrer\"> TMDB<\/a><\/strong><\/p>\n<p style=\"text-align: justify;\">Fascinantni dokumentarni portret prvog ju\u017enoafri\u010dkog freelance fotografa Ernesta Colea u re\u017eiji Raoula Pecka, &#8216;Ernest Cole: Izgubljeno-na\u0111eno&#8217;, nastaje na korpusu vi\u0161e od 50 tisu\u0107a prona\u0111enih fotografskih negativa koji prate revolucionarne godine 1950-ih i 1960-ih. Cole je desetlje\u0107ima dokumentirao svoju najbli\u017eu sredinu, \u017eivot u siroma\u0161nim predgra\u0111ima Pretorije i svakodnevicu u aparthejdu. Film je imao premijeru na filmskom festivalu u Cannesu, gdje je osvojio i Golden Eye, a bit \u0107e prikazan u petak 10. sije\u010dnja 2025. u 19 sati i subotu 11. sije\u010dnja 2025. u 17 sati.<\/p>\n<p style=\"text-align: justify;\">Iste dane na programu je dokumentarni film Andresa Veiela koji tematizira vrlo aktivno i moralno upitno propagandno umjetni\u010dko djelovanje Leni Riefenstahl, glumice koja je u\u017eivala status idealne glumice, kako po izgledu, tako i po dru\u0161tvenim krugovima kojima se kretala, poglavito s visoko pozicioniranim \u010dasnicima nacisti\u010dke vojske. Na monta\u017eno i redateljski vje\u0161ti na\u010din Veiel predstavlja kompleksnu osobnost Riefenstahl putem arhivskih snimaka i kadrova iz njezinih filmova. Na Venecijanskom filmskom festivalu osvojio je Cinema &amp; Arts Award. Na programu Dokukina KIC je u petak 10. sije\u010dnja 2025. u 21 sat i subotu 11. sije\u010dnja 2025. u 19 sati.<\/p>\n<p style=\"text-align: justify;\">U nedjelju 12. sije\u010dnja u 19 sati na programu je &#8216;Fotofobija&#8217;, film o dvanaestogodi\u0161njem Nikiju i jedanaestogodi\u0161njoj Viki, dvoje ukrajinske djece koji se od zastra\u0161uju\u0107eg rata skrivaju u metrou u Harkivu. Oni besciljno lutaju po napu\u0161tenim vagonima i punim peronima, a njima suprostavljene su jezive scene koje se odigravaju na povr\u0161ini, ratom razorene zemlje.<\/p>\n<p style=\"text-align: justify;\">[izvor informacije <strong><a href=\"https:\/\/restarted.hr\/restart-label\/\" target=\"_blank\" rel=\"noopener noreferrer\"> Restart Label<\/a><\/strong>]<\/p>\n<p style=\"text-align: justify;\"><iframe loading=\"lazy\" style=\"border: none; overflow: hidden;\" src=\"https:\/\/www.facebook.com\/plugins\/post.php?href=https%3A%2F%2Fwww.facebook.com%2FFILMmagnet%2Fposts%2Fpfbid0kZxXjT6oDh2Q99Qo1gSzpBtb1woi8gR2cW8CVq5bGYAY6iexWRkCSpUVbYCoQAzCl&amp;show_text=true&amp;width=500\" width=\"500\" height=\"684\" frameborder=\"0\" scrolling=\"no\" allowfullscreen=\"allowfullscreen\"><\/iframe><\/p>\n<div id=\"fb_share_1\" style=\"float: right; margin-left: 10px;\"><a name=\"fb_share\" type=\"box_count\" share_url=\"https:\/\/film-mag.net\/wp\/?p=57508\" href=\"http:\/\/www.facebook.com\/sharer.php\">Share<\/a><\/div><div><script src=\"https:\/\/static.ak.fbcdn.net\/connect.php\/js\/FB.Share\" type=\"text\/javascript\"><\/script><\/div><div style=\"clear:both\"><\/div>","protected":false},"excerpt":{"rendered":"<p>Zagreb, 8. sije\u010dnja 2025. &#8211; Dokukino KIC s programom u 2025. zapo\u010dinje uz dva biografska dokumentarca o dvije vrlo razli\u010dite li\u010dnosti: zaboravljenom ju\u017enoafri\u010dkom fotografu Ernestu Coleu i \u201carijevski idealnoj\u201d njema\u010dkoj glumici i redateljici Leni Riefenstahl; kao i filmom iz KineDokovog kataloga, dokumentarcem o dvoje djece iz harkivskog podzemlja, &#8216;Fotofobija&#8217;. Projekcije \u0107e se odr\u017eati 10., 11. [&hellip;]<\/p>\n","protected":false},"author":8,"featured_media":0,"comment_status":"closed","ping_status":"closed","sticky":false,"template":"","format":"standard","meta":{"_et_pb_use_builder":"","_et_pb_old_content":"","_et_gb_content_width":"","_editorskit_title_hidden":false,"_editorskit_reading_time":0,"_editorskit_is_block_options_detached":false,"_editorskit_block_options_position":"{}","footnotes":""},"categories":[9,20347,17050],"tags":[1035,26959,103,586,6979,439],"class_list":["post-57508","post","type-post","status-publish","format-standard","hentry","category-film","category-kino-program","category-press","tag-dokukino-kic","tag-dokukino-kic-2025","tag-dokumentarni-film","tag-kino-program","tag-restart","tag-restart-label"],"yoast_head":"<!-- This site is optimized with the Yoast SEO plugin v24.6 - https:\/\/yoast.com\/wordpress\/plugins\/seo\/ -->\n<title>Fascinantni dokumentarni portreti i film iz metroa u ratnom Harkivu za po\u010detak programa Dokukina KIC u 2025. - FILM-mag.net<\/title>\n<meta name=\"robots\" content=\"index, follow, max-snippet:-1, max-image-preview:large, max-video-preview:-1\" \/>\n<link rel=\"canonical\" href=\"http:\/\/film-mag.net\/wp\/?p=57508\" \/>\n<meta property=\"og:locale\" content=\"en_US\" \/>\n<meta property=\"og:type\" content=\"article\" \/>\n<meta property=\"og:title\" content=\"Fascinantni dokumentarni portreti i film iz metroa u ratnom Harkivu za po\u010detak programa Dokukina KIC u 2025. - FILM-mag.net\" \/>\n<meta property=\"og:description\" content=\"Zagreb, 8. sije\u010dnja 2025. &#8211; Dokukino KIC s programom u 2025. zapo\u010dinje uz dva biografska dokumentarca o dvije vrlo razli\u010dite li\u010dnosti: zaboravljenom ju\u017enoafri\u010dkom fotografu Ernestu Coleu i \u201carijevski idealnoj\u201d njema\u010dkoj glumici i redateljici Leni Riefenstahl; kao i filmom iz KineDokovog kataloga, dokumentarcem o dvoje djece iz harkivskog podzemlja, &#8216;Fotofobija&#8217;. Projekcije \u0107e se odr\u017eati 10., 11. [&hellip;]\" \/>\n<meta property=\"og:url\" content=\"http:\/\/film-mag.net\/wp\/?p=57508\" \/>\n<meta property=\"og:site_name\" content=\"FILM-mag.net\" \/>\n<meta property=\"article:published_time\" content=\"2025-01-08T22:00:33+00:00\" \/>\n<meta name=\"author\" content=\"PRESS\" \/>\n<meta name=\"twitter:card\" content=\"summary_large_image\" \/>\n<meta name=\"twitter:label1\" content=\"Written by\" \/>\n\t<meta name=\"twitter:data1\" content=\"PRESS\" \/>\n\t<meta name=\"twitter:label2\" content=\"Est. reading time\" \/>\n\t<meta name=\"twitter:data2\" content=\"2 minutes\" \/>\n<script type=\"application\/ld+json\" class=\"yoast-schema-graph\">{\"@context\":\"https:\/\/schema.org\",\"@graph\":[{\"@type\":\"WebPage\",\"@id\":\"http:\/\/film-mag.net\/wp\/?p=57508\",\"url\":\"http:\/\/film-mag.net\/wp\/?p=57508\",\"name\":\"Fascinantni dokumentarni portreti i film iz metroa u ratnom Harkivu za po\u010detak programa Dokukina KIC u 2025. - FILM-mag.net\",\"isPartOf\":{\"@id\":\"http:\/\/film-mag.net\/wp\/#website\"},\"datePublished\":\"2025-01-08T22:00:33+00:00\",\"author\":{\"@id\":\"http:\/\/film-mag.net\/wp\/#\/schema\/person\/a8dd3a5b76a5bbde974e03510a205c2f\"},\"breadcrumb\":{\"@id\":\"http:\/\/film-mag.net\/wp\/?p=57508#breadcrumb\"},\"inLanguage\":\"en-US\",\"potentialAction\":[{\"@type\":\"ReadAction\",\"target\":[\"http:\/\/film-mag.net\/wp\/?p=57508\"]}]},{\"@type\":\"BreadcrumbList\",\"@id\":\"http:\/\/film-mag.net\/wp\/?p=57508#breadcrumb\",\"itemListElement\":[{\"@type\":\"ListItem\",\"position\":1,\"name\":\"Home\",\"item\":\"http:\/\/film-mag.net\/wp\/\"},{\"@type\":\"ListItem\",\"position\":2,\"name\":\"Fascinantni dokumentarni portreti i film iz metroa u ratnom Harkivu za po\u010detak programa Dokukina KIC u 2025.\"}]},{\"@type\":\"WebSite\",\"@id\":\"http:\/\/film-mag.net\/wp\/#website\",\"url\":\"http:\/\/film-mag.net\/wp\/\",\"name\":\"FILM-mag.net\",\"description\":\"Prvi hrvatski portal o filmu i filmu bliskim podru\u010djima kulture\",\"potentialAction\":[{\"@type\":\"SearchAction\",\"target\":{\"@type\":\"EntryPoint\",\"urlTemplate\":\"http:\/\/film-mag.net\/wp\/?s={search_term_string}\"},\"query-input\":{\"@type\":\"PropertyValueSpecification\",\"valueRequired\":true,\"valueName\":\"search_term_string\"}}],\"inLanguage\":\"en-US\"},{\"@type\":\"Person\",\"@id\":\"http:\/\/film-mag.net\/wp\/#\/schema\/person\/a8dd3a5b76a5bbde974e03510a205c2f\",\"name\":\"PRESS\",\"image\":{\"@type\":\"ImageObject\",\"inLanguage\":\"en-US\",\"@id\":\"http:\/\/film-mag.net\/wp\/#\/schema\/person\/image\/\",\"url\":\"https:\/\/secure.gravatar.com\/avatar\/bf4ab1626f485b36c4f3650b1d351839?s=96&d=mm&r=g\",\"contentUrl\":\"https:\/\/secure.gravatar.com\/avatar\/bf4ab1626f485b36c4f3650b1d351839?s=96&d=mm&r=g\",\"caption\":\"PRESS\"},\"url\":\"https:\/\/film-mag.net\/wp\/?author=8\"}]}<\/script>\n<!-- \/ Yoast SEO plugin. -->","yoast_head_json":{"title":"Fascinantni dokumentarni portreti i film iz metroa u ratnom Harkivu za po\u010detak programa Dokukina KIC u 2025. - FILM-mag.net","robots":{"index":"index","follow":"follow","max-snippet":"max-snippet:-1","max-image-preview":"max-image-preview:large","max-video-preview":"max-video-preview:-1"},"canonical":"http:\/\/film-mag.net\/wp\/?p=57508","og_locale":"en_US","og_type":"article","og_title":"Fascinantni dokumentarni portreti i film iz metroa u ratnom Harkivu za po\u010detak programa Dokukina KIC u 2025. - FILM-mag.net","og_description":"Zagreb, 8. sije\u010dnja 2025. &#8211; Dokukino KIC s programom u 2025. zapo\u010dinje uz dva biografska dokumentarca o dvije vrlo razli\u010dite li\u010dnosti: zaboravljenom ju\u017enoafri\u010dkom fotografu Ernestu Coleu i \u201carijevski idealnoj\u201d njema\u010dkoj glumici i redateljici Leni Riefenstahl; kao i filmom iz KineDokovog kataloga, dokumentarcem o dvoje djece iz harkivskog podzemlja, &#8216;Fotofobija&#8217;. Projekcije \u0107e se odr\u017eati 10., 11. [&hellip;]","og_url":"http:\/\/film-mag.net\/wp\/?p=57508","og_site_name":"FILM-mag.net","article_published_time":"2025-01-08T22:00:33+00:00","author":"PRESS","twitter_card":"summary_large_image","twitter_misc":{"Written by":"PRESS","Est. reading time":"2 minutes"},"schema":{"@context":"https:\/\/schema.org","@graph":[{"@type":"WebPage","@id":"http:\/\/film-mag.net\/wp\/?p=57508","url":"http:\/\/film-mag.net\/wp\/?p=57508","name":"Fascinantni dokumentarni portreti i film iz metroa u ratnom Harkivu za po\u010detak programa Dokukina KIC u 2025. - FILM-mag.net","isPartOf":{"@id":"http:\/\/film-mag.net\/wp\/#website"},"datePublished":"2025-01-08T22:00:33+00:00","author":{"@id":"http:\/\/film-mag.net\/wp\/#\/schema\/person\/a8dd3a5b76a5bbde974e03510a205c2f"},"breadcrumb":{"@id":"http:\/\/film-mag.net\/wp\/?p=57508#breadcrumb"},"inLanguage":"en-US","potentialAction":[{"@type":"ReadAction","target":["http:\/\/film-mag.net\/wp\/?p=57508"]}]},{"@type":"BreadcrumbList","@id":"http:\/\/film-mag.net\/wp\/?p=57508#breadcrumb","itemListElement":[{"@type":"ListItem","position":1,"name":"Home","item":"http:\/\/film-mag.net\/wp\/"},{"@type":"ListItem","position":2,"name":"Fascinantni dokumentarni portreti i film iz metroa u ratnom Harkivu za po\u010detak programa Dokukina KIC u 2025."}]},{"@type":"WebSite","@id":"http:\/\/film-mag.net\/wp\/#website","url":"http:\/\/film-mag.net\/wp\/","name":"FILM-mag.net","description":"Prvi hrvatski portal o filmu i filmu bliskim podru\u010djima kulture","potentialAction":[{"@type":"SearchAction","target":{"@type":"EntryPoint","urlTemplate":"http:\/\/film-mag.net\/wp\/?s={search_term_string}"},"query-input":{"@type":"PropertyValueSpecification","valueRequired":true,"valueName":"search_term_string"}}],"inLanguage":"en-US"},{"@type":"Person","@id":"http:\/\/film-mag.net\/wp\/#\/schema\/person\/a8dd3a5b76a5bbde974e03510a205c2f","name":"PRESS","image":{"@type":"ImageObject","inLanguage":"en-US","@id":"http:\/\/film-mag.net\/wp\/#\/schema\/person\/image\/","url":"https:\/\/secure.gravatar.com\/avatar\/bf4ab1626f485b36c4f3650b1d351839?s=96&d=mm&r=g","contentUrl":"https:\/\/secure.gravatar.com\/avatar\/bf4ab1626f485b36c4f3650b1d351839?s=96&d=mm&r=g","caption":"PRESS"},"url":"https:\/\/film-mag.net\/wp\/?author=8"}]}},"_links":{"self":[{"href":"https:\/\/film-mag.net\/wp\/index.php?rest_route=\/wp\/v2\/posts\/57508","targetHints":{"allow":["GET"]}}],"collection":[{"href":"https:\/\/film-mag.net\/wp\/index.php?rest_route=\/wp\/v2\/posts"}],"about":[{"href":"https:\/\/film-mag.net\/wp\/index.php?rest_route=\/wp\/v2\/types\/post"}],"author":[{"embeddable":true,"href":"https:\/\/film-mag.net\/wp\/index.php?rest_route=\/wp\/v2\/users\/8"}],"replies":[{"embeddable":true,"href":"https:\/\/film-mag.net\/wp\/index.php?rest_route=%2Fwp%2Fv2%2Fcomments&post=57508"}],"version-history":[{"count":1,"href":"https:\/\/film-mag.net\/wp\/index.php?rest_route=\/wp\/v2\/posts\/57508\/revisions"}],"predecessor-version":[{"id":57509,"href":"https:\/\/film-mag.net\/wp\/index.php?rest_route=\/wp\/v2\/posts\/57508\/revisions\/57509"}],"wp:attachment":[{"href":"https:\/\/film-mag.net\/wp\/index.php?rest_route=%2Fwp%2Fv2%2Fmedia&parent=57508"}],"wp:term":[{"taxonomy":"category","embeddable":true,"href":"https:\/\/film-mag.net\/wp\/index.php?rest_route=%2Fwp%2Fv2%2Fcategories&post=57508"},{"taxonomy":"post_tag","embeddable":true,"href":"https:\/\/film-mag.net\/wp\/index.php?rest_route=%2Fwp%2Fv2%2Ftags&post=57508"}],"curies":[{"name":"wp","href":"https:\/\/api.w.org\/{rel}","templated":true}]}}