{"id":57396,"date":"2024-12-19T00:57:32","date_gmt":"2024-12-18T23:57:32","guid":{"rendered":"https:\/\/film-mag.net\/wp\/?p=57396"},"modified":"2024-12-19T00:57:32","modified_gmt":"2024-12-18T23:57:32","slug":"dokukino-kic-od-kamaya-do-covjeka-koji-nije-mogao-sutjeti","status":"publish","type":"post","link":"https:\/\/film-mag.net\/wp\/?p=57396","title":{"rendered":"DOKUKINO KIC: Od Kamaya do \u010covjeka koji nije mogao \u0161utjeti"},"content":{"rendered":"<p style=\"text-align: justify;\"><strong>Netom prikazan na\u00a0Human Rights Film Festivalu, na repertoar Dokukina KIC ovog tjedna sti\u017ee dokumentarac koji se odvija duboko u planinskim predjelima Afganistana,\u00a0<em>Kamay<\/em>, o\u010dekuje nas i posebna\u00a0projekcija\u00a0filma\u00a0Tome Zidi\u0107a,\u00a0<em>Lutaju\u0107i oceanom<\/em>, popra\u0107en razgovorom s redateljem, a u sklopu\u00a0Maratona kratkometra\u017enog filma, bit\u00a0\u0107e prikazan i izvanredni\u00a0<em>\u010covjek koji nije mogao \u0161utjeti<\/em>\u00a0Neboj\u0161e Slijep\u010devi\u0107a<\/strong><\/p>\n<p style=\"text-align: justify;\"><a href=\"https:\/\/restarted.us7.list-manage.com\/track\/click?u=207a411ad7693f291ff0c6a9a&amp;id=ac08d91458&amp;e=4dcb642af3\" target=\"_blank\" rel=\"noopener\" data-saferedirecturl=\"https:\/\/www.google.com\/url?q=https:\/\/restarted.us7.list-manage.com\/track\/click?u%3D207a411ad7693f291ff0c6a9a%26id%3Dac08d91458%26e%3D4dcb642af3&amp;source=gmail&amp;ust=1734646000853000&amp;usg=AOvVaw2SOlURWO91-djEYQhVUiHz\"><strong><em>Kamay<\/em><\/strong><\/a>\u00a0prati pri\u010du o jednoj hazarskoj porodici, povijesno potla\u010denoj etni\u010dkoj manjini, koja poku\u0161ava otkriti istinu o iznenadnoj smrti svoje k\u0107eri Zahre, koja se preselila u Kabul za studij. Redateljski dvojac\u00a0<strong>Ilyas Yourish<\/strong><strong>\u00a0<\/strong>i\u00a0<strong>Shahrokh Bikaran<\/strong>tematiziraju vi\u0161estoljetnu represiju koju autohtono stanovni\u0161tvo tamo pro\u017eivljava. Prikazuju\u0107i svakodnevni \u017eivot i razli\u010dite borbe i strahove kroz koje obitelj prolazi sna\u017eno ukazuje na nepostojanje slobode bez istovremenog razlaganja i roda i etniciteta kao opresivnih re\u017eima u suvremenosti. Film prikazujemo\u00a0<strong>u \u010detvrtak 19. prosinca u 19 sati<\/strong>\u00a0i\u00a0<strong>nedjelju 22. prosinca u 17 sati<\/strong>.<\/p>\n<p style=\"text-align: justify;\"><img decoding=\"async\" style=\"border: none; width: 100%;\" src=\" https:\/\/dokukino.net\/wp-content\/uploads\/2024\/12\/Kamay_Still01.jpeg \" \/><\/p>\n<p style=\"text-align: justify;\">Kamay ; Fotografiju ustupio <strong><a href=\"https:\/\/dokukino.net\/film\/kamay\/2024-12-19\/\" target=\"_blank\" rel=\"noopener noreferrer\"> Dokukino KIC<\/a><\/strong><\/p>\n<p style=\"text-align: justify;\">Wendersov dokumentarac\u00a0<strong><a href=\"https:\/\/restarted.us7.list-manage.com\/track\/click?u=207a411ad7693f291ff0c6a9a&amp;id=059573a23a&amp;e=4dcb642af3\" target=\"_blank\" rel=\"noopener\" data-saferedirecturl=\"https:\/\/www.google.com\/url?q=https:\/\/restarted.us7.list-manage.com\/track\/click?u%3D207a411ad7693f291ff0c6a9a%26id%3D059573a23a%26e%3D4dcb642af3&amp;source=gmail&amp;ust=1734646000853000&amp;usg=AOvVaw1uRKAXxrEzB41JG0lXUwN5\"><em>Anselm<\/em><\/a><\/strong>\u00a0<wbr \/>jedinstveno je filmsko istra\u017eivanje rada i djela slikara i kipara Anselma Kiefera, snimljeno u 3D-u i 6k-rezoluciji, na programu\u00a0<strong>u petak 20. prosinca u 19 sati<\/strong>. Wenders podastire umjetnikov \u017eivotni put, inspiraciju i kreativni proces istra\u017euju\u0107i njegovu fascinaciju mitom i historijom; pro\u0161lost i sada\u0161njost isprepli\u0107u se i rasta\u010du granicu izme\u0111u filmskog medija i slikarstva. Monumentalni enterijeri i ekspresivne figuralne kompozicije kroz lupu trodimenzionalne perspektive postaju popri\u0161te za bliski susret s vizionarskim umjetnikom i rastvaranje njegova mikrokozmosa.<\/p>\n<p style=\"text-align: justify;\"><strong>Subota 21. prosinca<\/strong>\u00a0rezervirana je za hrvatski film i to, povodom najkra\u0107eg dana u godini, upravo hrvatskom kratkom metru. Prikazat \u0107e se program u suradnji s HAVC-om i Kino mre\u017eom,\u00a0<strong><a href=\"https:\/\/restarted.us7.list-manage.com\/track\/click?u=207a411ad7693f291ff0c6a9a&amp;id=1e799cbdfb&amp;e=4dcb642af3\" target=\"_blank\" rel=\"noopener\" data-saferedirecturl=\"https:\/\/www.google.com\/url?q=https:\/\/restarted.us7.list-manage.com\/track\/click?u%3D207a411ad7693f291ff0c6a9a%26id%3D1e799cbdfb%26e%3D4dcb642af3&amp;source=gmail&amp;ust=1734646000853000&amp;usg=AOvVaw0GmibYR3bn9N76LXHcEk-q\"><em>Doma\u0107i maratonci<\/em><\/a><\/strong>, koji uklju\u010duje pet hvaljenih i nagra\u0111ivanih filmskih naslova: dokumentarni\u00a0<strong><em>1001 no\u0107<\/em><\/strong><em>\u00a0<\/em><strong>Ree Raj\u010di\u0107<\/strong>, animirani\u00a0<em><strong>Obiteljski portret<\/strong><\/em><strong><em>\u00a0<\/em><\/strong><strong>Lee Vidakovi\u0107<\/strong>,\u00a0<em><strong>Brdo stvari<\/strong><\/em><strong><em>\u00a0<\/em><\/strong><strong>Tonija Jelini\u0107a<\/strong>, animirani film\u00a0<strong>Mortena T\u0161inakova i Lucije Mrzljak,<\/strong><strong>\u00a0<\/strong><em><strong>Eeva<\/strong>, <\/em>te<em> <strong>\u010covjek koji nije mogao \u0161utjeti<\/strong> <\/em>Neboj\u0161e Slijep\u010devi\u0107a, upravo\u00a0uvr\u0161ten na tzv.\u00a0shortlistu od 15 kratkometra\u017enih igranih naslova iz cijeloga svijeta koji su u utrci za nominaciju za nagradu Oscar Ameri\u010dke akademije filmske umjetnosti i znanosti.<\/p>\n<p style=\"text-align: justify;\">Kratkometra\u017eni program prikazat \u0107emo\u00a0<strong>u 17 sati<\/strong>, a u\u00a0<strong>19 sati\u00a0<\/strong>posljednja je prilika ove godine da uhvatite u Puli nagra\u0111enu\u00a0<em><strong><a href=\"https:\/\/restarted.us7.list-manage.com\/track\/click?u=207a411ad7693f291ff0c6a9a&amp;id=b1b2cc9e8c&amp;e=4dcb642af3\" target=\"_blank\" rel=\"noopener\" data-saferedirecturl=\"https:\/\/www.google.com\/url?q=https:\/\/restarted.us7.list-manage.com\/track\/click?u%3D207a411ad7693f291ff0c6a9a%26id%3Db1b2cc9e8c%26e%3D4dcb642af3&amp;source=gmail&amp;ust=1734646000853000&amp;usg=AOvVaw1VgHPXXlyTIAZ2QxB5nrZW\">Na\u0161u djecu<\/a><\/strong><\/em><strong><em>\u00a0<\/em><\/strong><strong>Silvestra Kolbasa<\/strong>, koje Damir Radi\u0107 opisuje kao \u201cstrukturalno\u201d i \u201cpsiholo\u0161ki slo\u017eeno djelo u kojem se izmjenjuju razli\u010dite, \u010desto izrazito suprotstavljene emocije.<\/p>\n<p style=\"text-align: justify;\">Tjedan \u0107emo otpratiti posebnom projekcijom filma koji je na Liburnia Film Festivalu osvojio nagradu kriti\u010darke \u201cDragan Rube\u0161a\u201d, poeti\u010dni\u00a0<a href=\"https:\/\/restarted.us7.list-manage.com\/track\/click?u=207a411ad7693f291ff0c6a9a&amp;id=73307a8729&amp;e=4dcb642af3\" target=\"_blank\" rel=\"noopener\" data-saferedirecturl=\"https:\/\/www.google.com\/url?q=https:\/\/restarted.us7.list-manage.com\/track\/click?u%3D207a411ad7693f291ff0c6a9a%26id%3D73307a8729%26e%3D4dcb642af3&amp;source=gmail&amp;ust=1734646000853000&amp;usg=AOvVaw0FcWs6RqhvgtH8XkDfYREe\"><strong><em>Lutaju\u0107i oceanom<\/em><\/strong><\/a>\u00a0<strong>Tome Zidi\u0107a<\/strong>. U portugalskom arhipelagu usred Atlantskog oceana, kroz sukobljeni odnos s okolinom, zapo\u010dinje duhovno istra\u017eivanje na\u0161eg unutarnjeg svijeta. Putovanje se intenzivira stalnim kretanjem koje nas navodi da ponovno zadobijemo povjerenje prirode. Nakon projekcije redatelj filma porazgovarat \u0107e s filmskom kriti\u010darkom<strong>\u00a0<\/strong><strong>Ivom Rosandi\u0107<\/strong>.<\/p>\n<p style=\"text-align: justify;\"><strong>Detaljan raspored i ulaznice<\/strong>:\u00a0<a href=\"https:\/\/restarted.us7.list-manage.com\/track\/click?u=207a411ad7693f291ff0c6a9a&amp;id=69d409dcae&amp;e=4dcb642af3\" target=\"_blank\" rel=\"noopener\" data-saferedirecturl=\"https:\/\/www.google.com\/url?q=https:\/\/restarted.us7.list-manage.com\/track\/click?u%3D207a411ad7693f291ff0c6a9a%26id%3D69d409dcae%26e%3D4dcb642af3&amp;source=gmail&amp;ust=1734646000853000&amp;usg=AOvVaw2D8rujEtDnR6E6PNp9sDQD\">dokukino.net<\/a>.<\/p>\n<p style=\"text-align: justify;\">[izvor informacije <strong><a href=\"https:\/\/restarted.hr\/restart-label\/\" target=\"_blank\" rel=\"noopener noreferrer\"> Restart Label<\/a><\/strong>]<\/p>\n<p style=\"text-align: justify;\"><iframe loading=\"lazy\" style=\"border: none; overflow: hidden;\" src=\"https:\/\/www.facebook.com\/plugins\/post.php?href=https%3A%2F%2Fwww.facebook.com%2FFILMmagnet%2Fposts%2Fpfbid02jnBn7xhM8YL3PQKqWvKaDVRpWHyWDYQKAsmCpxuyqGh6ZNpu6AnH5XjVEsfgVmAXl&amp;show_text=true&amp;width=500\" width=\"500\" height=\"392\" frameborder=\"0\" scrolling=\"no\" allowfullscreen=\"allowfullscreen\"><\/iframe><\/p>\n<div id=\"fb_share_1\" style=\"float: right; margin-left: 10px;\"><a name=\"fb_share\" type=\"box_count\" share_url=\"https:\/\/film-mag.net\/wp\/?p=57396\" href=\"http:\/\/www.facebook.com\/sharer.php\">Share<\/a><\/div><div><script src=\"https:\/\/static.ak.fbcdn.net\/connect.php\/js\/FB.Share\" type=\"text\/javascript\"><\/script><\/div><div style=\"clear:both\"><\/div>","protected":false},"excerpt":{"rendered":"<p>Netom prikazan na\u00a0Human Rights Film Festivalu, na repertoar Dokukina KIC ovog tjedna sti\u017ee dokumentarac koji se odvija duboko u planinskim predjelima Afganistana,\u00a0Kamay, o\u010dekuje nas i posebna\u00a0projekcija\u00a0filma\u00a0Tome Zidi\u0107a,\u00a0Lutaju\u0107i oceanom, popra\u0107en razgovorom s redateljem, a u sklopu\u00a0Maratona kratkometra\u017enog filma, bit\u00a0\u0107e prikazan i izvanredni\u00a0\u010covjek koji nije mogao \u0161utjeti\u00a0Neboj\u0161e Slijep\u010devi\u0107a Kamay\u00a0prati pri\u010du o jednoj hazarskoj porodici, povijesno potla\u010denoj etni\u010dkoj [&hellip;]<\/p>\n","protected":false},"author":8,"featured_media":0,"comment_status":"closed","ping_status":"closed","sticky":false,"template":"","format":"standard","meta":{"_et_pb_use_builder":"","_et_pb_old_content":"","_et_gb_content_width":"","_editorskit_title_hidden":false,"_editorskit_reading_time":0,"_editorskit_is_block_options_detached":false,"_editorskit_block_options_position":"{}","footnotes":""},"categories":[9,20347,17050],"tags":[819,1035,586],"class_list":["post-57396","post","type-post","status-publish","format-standard","hentry","category-film","category-kino-program","category-press","tag-dokuemntarni-film","tag-dokukino-kic","tag-kino-program"],"yoast_head":"<!-- This site is optimized with the Yoast SEO plugin v24.6 - https:\/\/yoast.com\/wordpress\/plugins\/seo\/ -->\n<title>DOKUKINO KIC: Od Kamaya do \u010covjeka koji nije mogao \u0161utjeti - FILM-mag.net<\/title>\n<meta name=\"robots\" content=\"index, follow, max-snippet:-1, max-image-preview:large, max-video-preview:-1\" \/>\n<link rel=\"canonical\" href=\"https:\/\/film-mag.net\/wp\/?p=57396\" \/>\n<meta property=\"og:locale\" content=\"en_US\" \/>\n<meta property=\"og:type\" content=\"article\" \/>\n<meta property=\"og:title\" content=\"DOKUKINO KIC: Od Kamaya do \u010covjeka koji nije mogao \u0161utjeti - FILM-mag.net\" \/>\n<meta property=\"og:description\" content=\"Netom prikazan na\u00a0Human Rights Film Festivalu, na repertoar Dokukina KIC ovog tjedna sti\u017ee dokumentarac koji se odvija duboko u planinskim predjelima Afganistana,\u00a0Kamay, o\u010dekuje nas i posebna\u00a0projekcija\u00a0filma\u00a0Tome Zidi\u0107a,\u00a0Lutaju\u0107i oceanom, popra\u0107en razgovorom s redateljem, a u sklopu\u00a0Maratona kratkometra\u017enog filma, bit\u00a0\u0107e prikazan i izvanredni\u00a0\u010covjek koji nije mogao \u0161utjeti\u00a0Neboj\u0161e Slijep\u010devi\u0107a Kamay\u00a0prati pri\u010du o jednoj hazarskoj porodici, povijesno potla\u010denoj etni\u010dkoj [&hellip;]\" \/>\n<meta property=\"og:url\" content=\"https:\/\/film-mag.net\/wp\/?p=57396\" \/>\n<meta property=\"og:site_name\" content=\"FILM-mag.net\" \/>\n<meta property=\"article:published_time\" content=\"2024-12-18T23:57:32+00:00\" \/>\n<meta name=\"author\" content=\"PRESS\" \/>\n<meta name=\"twitter:card\" content=\"summary_large_image\" \/>\n<meta name=\"twitter:label1\" content=\"Written by\" \/>\n\t<meta name=\"twitter:data1\" content=\"PRESS\" \/>\n\t<meta name=\"twitter:label2\" content=\"Est. reading time\" \/>\n\t<meta name=\"twitter:data2\" content=\"3 minutes\" \/>\n<script type=\"application\/ld+json\" class=\"yoast-schema-graph\">{\"@context\":\"https:\/\/schema.org\",\"@graph\":[{\"@type\":\"WebPage\",\"@id\":\"https:\/\/film-mag.net\/wp\/?p=57396\",\"url\":\"https:\/\/film-mag.net\/wp\/?p=57396\",\"name\":\"DOKUKINO KIC: Od Kamaya do \u010covjeka koji nije mogao \u0161utjeti - FILM-mag.net\",\"isPartOf\":{\"@id\":\"http:\/\/film-mag.net\/wp\/#website\"},\"datePublished\":\"2024-12-18T23:57:32+00:00\",\"author\":{\"@id\":\"http:\/\/film-mag.net\/wp\/#\/schema\/person\/a8dd3a5b76a5bbde974e03510a205c2f\"},\"breadcrumb\":{\"@id\":\"https:\/\/film-mag.net\/wp\/?p=57396#breadcrumb\"},\"inLanguage\":\"en-US\",\"potentialAction\":[{\"@type\":\"ReadAction\",\"target\":[\"https:\/\/film-mag.net\/wp\/?p=57396\"]}]},{\"@type\":\"BreadcrumbList\",\"@id\":\"https:\/\/film-mag.net\/wp\/?p=57396#breadcrumb\",\"itemListElement\":[{\"@type\":\"ListItem\",\"position\":1,\"name\":\"Home\",\"item\":\"http:\/\/film-mag.net\/wp\/\"},{\"@type\":\"ListItem\",\"position\":2,\"name\":\"DOKUKINO KIC: Od Kamaya do \u010covjeka koji nije mogao \u0161utjeti\"}]},{\"@type\":\"WebSite\",\"@id\":\"http:\/\/film-mag.net\/wp\/#website\",\"url\":\"http:\/\/film-mag.net\/wp\/\",\"name\":\"FILM-mag.net\",\"description\":\"Prvi hrvatski portal o filmu i filmu bliskim podru\u010djima kulture\",\"potentialAction\":[{\"@type\":\"SearchAction\",\"target\":{\"@type\":\"EntryPoint\",\"urlTemplate\":\"http:\/\/film-mag.net\/wp\/?s={search_term_string}\"},\"query-input\":{\"@type\":\"PropertyValueSpecification\",\"valueRequired\":true,\"valueName\":\"search_term_string\"}}],\"inLanguage\":\"en-US\"},{\"@type\":\"Person\",\"@id\":\"http:\/\/film-mag.net\/wp\/#\/schema\/person\/a8dd3a5b76a5bbde974e03510a205c2f\",\"name\":\"PRESS\",\"image\":{\"@type\":\"ImageObject\",\"inLanguage\":\"en-US\",\"@id\":\"http:\/\/film-mag.net\/wp\/#\/schema\/person\/image\/\",\"url\":\"https:\/\/secure.gravatar.com\/avatar\/bf4ab1626f485b36c4f3650b1d351839?s=96&d=mm&r=g\",\"contentUrl\":\"https:\/\/secure.gravatar.com\/avatar\/bf4ab1626f485b36c4f3650b1d351839?s=96&d=mm&r=g\",\"caption\":\"PRESS\"},\"url\":\"https:\/\/film-mag.net\/wp\/?author=8\"}]}<\/script>\n<!-- \/ Yoast SEO plugin. -->","yoast_head_json":{"title":"DOKUKINO KIC: Od Kamaya do \u010covjeka koji nije mogao \u0161utjeti - FILM-mag.net","robots":{"index":"index","follow":"follow","max-snippet":"max-snippet:-1","max-image-preview":"max-image-preview:large","max-video-preview":"max-video-preview:-1"},"canonical":"https:\/\/film-mag.net\/wp\/?p=57396","og_locale":"en_US","og_type":"article","og_title":"DOKUKINO KIC: Od Kamaya do \u010covjeka koji nije mogao \u0161utjeti - FILM-mag.net","og_description":"Netom prikazan na\u00a0Human Rights Film Festivalu, na repertoar Dokukina KIC ovog tjedna sti\u017ee dokumentarac koji se odvija duboko u planinskim predjelima Afganistana,\u00a0Kamay, o\u010dekuje nas i posebna\u00a0projekcija\u00a0filma\u00a0Tome Zidi\u0107a,\u00a0Lutaju\u0107i oceanom, popra\u0107en razgovorom s redateljem, a u sklopu\u00a0Maratona kratkometra\u017enog filma, bit\u00a0\u0107e prikazan i izvanredni\u00a0\u010covjek koji nije mogao \u0161utjeti\u00a0Neboj\u0161e Slijep\u010devi\u0107a Kamay\u00a0prati pri\u010du o jednoj hazarskoj porodici, povijesno potla\u010denoj etni\u010dkoj [&hellip;]","og_url":"https:\/\/film-mag.net\/wp\/?p=57396","og_site_name":"FILM-mag.net","article_published_time":"2024-12-18T23:57:32+00:00","author":"PRESS","twitter_card":"summary_large_image","twitter_misc":{"Written by":"PRESS","Est. reading time":"3 minutes"},"schema":{"@context":"https:\/\/schema.org","@graph":[{"@type":"WebPage","@id":"https:\/\/film-mag.net\/wp\/?p=57396","url":"https:\/\/film-mag.net\/wp\/?p=57396","name":"DOKUKINO KIC: Od Kamaya do \u010covjeka koji nije mogao \u0161utjeti - FILM-mag.net","isPartOf":{"@id":"http:\/\/film-mag.net\/wp\/#website"},"datePublished":"2024-12-18T23:57:32+00:00","author":{"@id":"http:\/\/film-mag.net\/wp\/#\/schema\/person\/a8dd3a5b76a5bbde974e03510a205c2f"},"breadcrumb":{"@id":"https:\/\/film-mag.net\/wp\/?p=57396#breadcrumb"},"inLanguage":"en-US","potentialAction":[{"@type":"ReadAction","target":["https:\/\/film-mag.net\/wp\/?p=57396"]}]},{"@type":"BreadcrumbList","@id":"https:\/\/film-mag.net\/wp\/?p=57396#breadcrumb","itemListElement":[{"@type":"ListItem","position":1,"name":"Home","item":"http:\/\/film-mag.net\/wp\/"},{"@type":"ListItem","position":2,"name":"DOKUKINO KIC: Od Kamaya do \u010covjeka koji nije mogao \u0161utjeti"}]},{"@type":"WebSite","@id":"http:\/\/film-mag.net\/wp\/#website","url":"http:\/\/film-mag.net\/wp\/","name":"FILM-mag.net","description":"Prvi hrvatski portal o filmu i filmu bliskim podru\u010djima kulture","potentialAction":[{"@type":"SearchAction","target":{"@type":"EntryPoint","urlTemplate":"http:\/\/film-mag.net\/wp\/?s={search_term_string}"},"query-input":{"@type":"PropertyValueSpecification","valueRequired":true,"valueName":"search_term_string"}}],"inLanguage":"en-US"},{"@type":"Person","@id":"http:\/\/film-mag.net\/wp\/#\/schema\/person\/a8dd3a5b76a5bbde974e03510a205c2f","name":"PRESS","image":{"@type":"ImageObject","inLanguage":"en-US","@id":"http:\/\/film-mag.net\/wp\/#\/schema\/person\/image\/","url":"https:\/\/secure.gravatar.com\/avatar\/bf4ab1626f485b36c4f3650b1d351839?s=96&d=mm&r=g","contentUrl":"https:\/\/secure.gravatar.com\/avatar\/bf4ab1626f485b36c4f3650b1d351839?s=96&d=mm&r=g","caption":"PRESS"},"url":"https:\/\/film-mag.net\/wp\/?author=8"}]}},"_links":{"self":[{"href":"https:\/\/film-mag.net\/wp\/index.php?rest_route=\/wp\/v2\/posts\/57396","targetHints":{"allow":["GET"]}}],"collection":[{"href":"https:\/\/film-mag.net\/wp\/index.php?rest_route=\/wp\/v2\/posts"}],"about":[{"href":"https:\/\/film-mag.net\/wp\/index.php?rest_route=\/wp\/v2\/types\/post"}],"author":[{"embeddable":true,"href":"https:\/\/film-mag.net\/wp\/index.php?rest_route=\/wp\/v2\/users\/8"}],"replies":[{"embeddable":true,"href":"https:\/\/film-mag.net\/wp\/index.php?rest_route=%2Fwp%2Fv2%2Fcomments&post=57396"}],"version-history":[{"count":1,"href":"https:\/\/film-mag.net\/wp\/index.php?rest_route=\/wp\/v2\/posts\/57396\/revisions"}],"predecessor-version":[{"id":57397,"href":"https:\/\/film-mag.net\/wp\/index.php?rest_route=\/wp\/v2\/posts\/57396\/revisions\/57397"}],"wp:attachment":[{"href":"https:\/\/film-mag.net\/wp\/index.php?rest_route=%2Fwp%2Fv2%2Fmedia&parent=57396"}],"wp:term":[{"taxonomy":"category","embeddable":true,"href":"https:\/\/film-mag.net\/wp\/index.php?rest_route=%2Fwp%2Fv2%2Fcategories&post=57396"},{"taxonomy":"post_tag","embeddable":true,"href":"https:\/\/film-mag.net\/wp\/index.php?rest_route=%2Fwp%2Fv2%2Ftags&post=57396"}],"curies":[{"name":"wp","href":"https:\/\/api.w.org\/{rel}","templated":true}]}}