{"id":57389,"date":"2024-12-18T01:20:17","date_gmt":"2024-12-18T00:20:17","guid":{"rendered":"https:\/\/film-mag.net\/wp\/?p=57389"},"modified":"2024-12-18T01:21:12","modified_gmt":"2024-12-18T00:21:12","slug":"ja-sam-zena-nevjerojatna-zivotna-prica-koja-se-proteze-na-cetiri-desetljeca","status":"publish","type":"post","link":"https:\/\/film-mag.net\/wp\/?p=57389","title":{"rendered":"JA SAM \u017dENA\u2026: Nevjerojatna \u017eivotna pri\u010da koja se prote\u017ee na \u010detiri desetlje\u0107a!"},"content":{"rendered":"<p style=\"text-align: justify;\"><strong>Duboko dirljiva studija karaktera redateljskog dvojca Malgorzate Szumowske i Michala Englerta u filmu JA SAM \u017dENA&#8230; koji se natjecao za nagradu Zlatni lav u Veneciji!<\/strong><\/p>\n<p style=\"text-align: justify;\">Postavljen u pozadinu poljske dr\u017eavne transformacije od komunisti\u010dke do kapitalisti\u010dke zemlje, drama <strong><a href=\"https:\/\/www.imdb.com\/title\/tt26746630\/?ref_=nm_flmg_knf_t_2\" target=\"_blank\" rel=\"noopener noreferrer\"> JA SAM \u017dENA\u2026<\/a><\/strong> radnjom se prote\u017ee na \u010dak 45 godina \u017eivota Aniele Weso\u0142y koja vi\u0161e od polovice svog \u017eivota \u017eivi u provincijskom poljskom gradi\u0107u kao mu\u0161karac. Njezino putovanje u pronala\u017eenju slobode trans \u017eene otkriva sve zapreke koje stoje na putu njezinom braku i roditeljstvu, otu\u0111enim obiteljskim odnosima te kompleksnom pona\u0161anju lokalne zajednice koji ju konstantno postavljaju u gotovo nemogu\u0107e situacije. Kakve \u0107e izbore Aniela morati donijeti? Ho\u0107e li biti spremna \u017ertvovati ba\u0161 sve kako bi postala ono \u0161to uistinu jest? Ova, ali i niz drugih pitanja postavlja humanisti\u010dka drama JA SAM \u017dENA\u2026 redateljskog dvojca Malgorzate Szumowske i Michala Englerta koja je premijerno prikazana na filmskom festivalu u Veneciji gdje se natjecala za presti\u017enu nagradu Zlatni lav u slu\u017ebenoj konkurenciji za najbolji film.<\/p>\n<p style=\"text-align: justify;\"><img decoding=\"async\" style=\"border: none; width: 100%;\" src=\" https:\/\/media.themoviedb.org\/t\/p\/w1066_and_h600_bestv2\/stoiYoe9tpzYx7sp9zicM5c0c5F.jpg \" \/><\/p>\n<p style=\"text-align: justify;\">Fotografiju ustupio <strong><a href=\"https:\/\/www.themoviedb.org\/movie\/1156130-kobieta-z\" target=\"_blank\" rel=\"noopener noreferrer\"> TMDB<\/a><\/strong><\/p>\n<p style=\"text-align: justify;\">Rije\u010d je o zajedni\u010dkoj koprodukciji izme\u0111u Poljske i \u0160vedske u kojoj su glavne uloge ostvarili Ma\u0142gorzata Hajewska-Krzysztofik, Joanna Kulig, Mateusz Wi\u0119c\u0142awek i Bogumi\u0142a Bajor. Nakon premijere u Veneciji, film JA SAM \u017dENA\u2026 prikazan je i na mnogim drugim uglednim festivalima kao \u0161to su oni u Busanu, M\u00fcnchenu i G\u00f6teborgu te slovi za jednim od najhvaljenijih poljskih filmova godine. Na odre\u0111eni na\u010din, film JA SAM \u017dENA\u2026 kao i mnoga druga djela koja se bave sli\u010dnom tematikom tvore jednu svoju posebnu vrstu pod\u017eanra o odrastanju, odnosno o samo otkrivanju postavljenu u dru\u0161tvenu klimu koja je sve samo ne otvorena prema takvoj grupaciji pojedinaca. Redatelji Szumowska i Englert vrlo decentno, ali hrabro i s jakim osje\u0107ajem za empatiju prikazuju nimalo lak \u017eivotni put svog glavnog lika do kona\u010dnog oslobo\u0111enja te pronalaska same sebe. Drama JA SAM \u017dENA\u2026 u doma\u0107a kina sti\u017ee ovog \u010detvrtka, 19. prosinca 2024.!<\/p>\n<p style=\"text-align: justify;\"><iframe loading=\"lazy\" title=\"Ja sam \u017eena... - kino najava\" src=\"https:\/\/www.youtube.com\/embed\/1CmDgXYNoiY\" width=\"560\" height=\"315\" frameborder=\"0\" allowfullscreen=\"allowfullscreen\"><\/iframe><\/p>\n<p style=\"text-align: justify;\">\u201eOvaj film za nas je jako va\u017ean, jer je rezultat dugogodi\u0161njeg rada, bezbrojnih sastanaka s trans rodnim osobama \u2013 ljudima svih godi\u0161ta koji su u Poljskoj \u017eivjeli desetlje\u0107ima. Oni su nam povjerili svoje pri\u010de i upravo zahvaljuju\u0107i njihovoj veli\u010danstvenoj potpori uspjeli smo ispri\u010dati pri\u010du o Anieli i Izi\u201c, u jednom je intervjuu izjavila redateljica filma Malgorzata Szumowska te nadodala: \u201eLik Aniele \u2013 koja je gotovo polovicu \u017eivota provela \u017eive\u0107i kao mu\u0161karac u malom provincijskom gradi\u0107u, utiru\u0107i vlastiti put do slobode \u2013 na odre\u0111eni na\u010din nam se \u010dinio simboli\u010dnim, jer funkcionira kao metafora za tranziciju Poljske kao dr\u017eave, reflektira cjelokupno na\u0161e dru\u0161tvo koje se u jednom trenutku ujedinilo kako bi se oslobodilo komunisti\u010dkog re\u017eima. To isto dru\u0161tvo danas je iznimno podijeljenog mi\u0161ljenja, u nemogu\u0107nosti prihvatiti uvjerenja koja su ve\u0107 odavno postala dru\u0161tvenim normama u ostatku zapadnog svijeta\u201c, zaklju\u010dila je Szumowska.<\/p>\n<p style=\"text-align: justify;\">Sam naslov filma nikako nije slu\u010dajan, ve\u0107 je namjerna referenca na jednog od najve\u0107ih poljskih redatelja svih vremena \u2013 Andreja Wajdu koji je u jednom od svojih najboljih filmova \u201e\u010covjek od \u017eeljeza\u201c s kojim je pobijedio u Cannesu obra\u0111ivao temu borbe za radni\u010dka prava, a kojeg su tada\u0161nje komunisti\u010dke poljske vlasti povukle iz konkurencije nakon \u0161to je isti bio nominiran za presti\u017enu nagradu Oscar u kategoriji najboljeg stranog filma. Poput Wajdinog filma, oboje redatelja djela JA SAM \u017dENA\u2026 vjeruju da je njihov film snimljen upravo u vrlo zna\u010dajnom trenutku poljske povijesti, u trenutku kada kinematografiju u multipleksima polagano zamjenjuje dodatni sadr\u017eaj pa su osjetili sna\u017enu potrebu za ispri\u010dati Anijelinu jedinstvenu pri\u010du, postavljaju\u0107i pitanja i referenciraju\u0107i se na filmske klasike sli\u010dnih \u017eanrovskih odrednica.<\/p>\n<p style=\"text-align: justify;\">Redatelj Michal Englert izjavio je da se nada da \u0107e njihov film pomo\u0107i ljudima u shva\u0107anju \u0161to zna\u010di biti trans osoba, ali i da \u0107e ohrabriti stotine mladih ljudi koji se identificiraju kao trans osobe, ali se boje javno iznijeti svoj identitet. Englert se tako\u0111er nadovezao i na poljsko zakonodavstvo za koje je izrazio nadu da \u0107e trans rodnim osobama uskoro pravnim aktima zagarantirati \u017eivot bez bojaznosti od raznih napada, kako verbalnih tako i fizi\u010dkih. U filmu JA SAM \u017dENA\u2026 glume mnoge trans rodne osobe koje nastupaju u likovima koji su ili trans rodni ili transvestiti.<\/p>\n<p style=\"text-align: justify;\">Sama produkcija filma \u2013 dakle ona iza kamere \u2013 tako\u0111er se sastojala od mnogobrojnih pripadnika LGBTQ+ zajednice, savjetnika, asistenata ili popratne filmske ekipe. Sve njih oboje redatelja uredno su javno prozivali i zahvaljivali im na njihovoj privr\u017eenosti produkciji te cjelokupnom radu: \u201eNa\u0161 film ne osu\u0111uje ba\u0161 nikoga. Za nas je najzna\u010dajniji element filma humanisti\u010dka nota unutar pri\u010de o dvama glavnim likovima. I upravo su oni ti koje na\u0161a kamera vrlo pomno i pa\u017eljivo prati, sa svim du\u017enim po\u0161tovanjem\u201c, izjavila je redateljica Szumowska. Filmom JA SAM \u017dENA\u2026 ba\u0161 kao \u0161to je to radio i veliki redatelj Wajda sa svojim remek djelima, i Szumowska i Englert nadaju se da \u0107e odraziti duh vremena u kojem \u017eive te da \u0107e izazvati diskusije, ali prvenstveno i da \u0107e pomo\u0107i nadi\u0107i nepovjerenje te pokazati pravu istinu o tome kako je u dana\u0161njem svijetu biti trans rodna osoba.<\/p>\n<p style=\"text-align: justify;\">Na popularnoj internetskoj stranici Rotten Tomatoes koja se bavi prikupljanjem tekstova filmskih kriti\u010dara iz cijelog svijeta drama JA SAM \u017dENA\u2026 ima fantasti\u010dnih 100% pozitivnih ocjena \u0161to predstavlja univerzalno priznanje kvalitete ovog uratka. Kriti\u010dari uglavnom isti\u010du hrabrost kojom su redatelji pristupili temi, uvjerljive gluma\u010dke nastupe te sna\u017enu emociju koju djelo izaziva kod gledatelja. Uz hvalospjeve kritike te festivalska priznanja koja je film do danas osvojio, nesumnjivo je da JA SAM \u017dENA\u2026 spada u kategoriju filmskih remek djela zbog kojih se i dalje isplati nastaviti pratiti sedmu umjetnost kao oblik edukacije, a ne isklju\u010divo zabave.<\/p>\n<p style=\"text-align: justify;\">Humanisti\u010dka drama JA SAM \u017dENA&#8230; u hrvatska kina sti\u017ee u \u010detvrtak, 19. prosinca 2024.<\/p>\n<p>[izvor informacije <strong><a href=\"https:\/\/mcf.hr\/\" target=\"_blank\" rel=\"noopener noreferrer\"> MCF<\/a><\/strong>]<\/p>\n<p style=\"text-align: justify;\"><iframe loading=\"lazy\" style=\"border: none; overflow: hidden;\" src=\"https:\/\/www.facebook.com\/plugins\/post.php?href=https%3A%2F%2Fwww.facebook.com%2FFILMmagnet%2Fposts%2Fpfbid02JgrMzjpU13GaEQurfaVdoDYwfLweFTf5uSAvuRZ5Phbadqvp1y6kVk2CeEa9mXqHl&amp;show_text=true&amp;width=500\" width=\"500\" height=\"665\" frameborder=\"0\" scrolling=\"no\" allowfullscreen=\"allowfullscreen\"><\/iframe><\/p>\n<div id=\"fb_share_1\" style=\"float: right; margin-left: 10px;\"><a name=\"fb_share\" type=\"box_count\" share_url=\"https:\/\/film-mag.net\/wp\/?p=57389\" href=\"http:\/\/www.facebook.com\/sharer.php\">Share<\/a><\/div><div><script src=\"https:\/\/static.ak.fbcdn.net\/connect.php\/js\/FB.Share\" type=\"text\/javascript\"><\/script><\/div><div style=\"clear:both\"><\/div>","protected":false},"excerpt":{"rendered":"<p>Duboko dirljiva studija karaktera redateljskog dvojca Malgorzate Szumowske i Michala Englerta u filmu JA SAM \u017dENA&#8230; koji se natjecao za nagradu Zlatni lav u Veneciji! Postavljen u pozadinu poljske dr\u017eavne transformacije od komunisti\u010dke do kapitalisti\u010dke zemlje, drama JA SAM \u017dENA\u2026 radnjom se prote\u017ee na \u010dak 45 godina \u017eivota Aniele Weso\u0142y koja vi\u0161e od polovice svog [&hellip;]<\/p>\n","protected":false},"author":8,"featured_media":0,"comment_status":"closed","ping_status":"closed","sticky":false,"template":"","format":"standard","meta":{"_et_pb_use_builder":"","_et_pb_old_content":"","_et_gb_content_width":"","_editorskit_title_hidden":false,"_editorskit_reading_time":0,"_editorskit_is_block_options_detached":false,"_editorskit_block_options_position":"{}","footnotes":""},"categories":[9,21,17050],"tags":[246,26891,18997,26893,8204,26894,23926,26504,26890,26892],"class_list":["post-57389","post","type-post","status-publish","format-standard","hentry","category-film","category-filmske-novosti","category-press","tag-filmske-novosti-2","tag-humorna-drama","tag-joanna-kulig","tag-malgorzata-hajewska-krzysztofik","tag-malgorzata-szumowska","tag-mateusz-wieclawek","tag-mcf","tag-mcf-2024","tag-michal-englert","tag-michal-englert-malgorzata-szumowska"],"yoast_head":"<!-- This site is optimized with the Yoast SEO plugin v24.6 - https:\/\/yoast.com\/wordpress\/plugins\/seo\/ -->\n<title>JA SAM \u017dENA\u2026: Nevjerojatna \u017eivotna pri\u010da koja se prote\u017ee na \u010detiri desetlje\u0107a! - FILM-mag.net<\/title>\n<meta name=\"robots\" content=\"index, follow, max-snippet:-1, max-image-preview:large, max-video-preview:-1\" \/>\n<link rel=\"canonical\" href=\"https:\/\/film-mag.net\/wp\/?p=57389\" \/>\n<meta property=\"og:locale\" content=\"en_US\" \/>\n<meta property=\"og:type\" content=\"article\" \/>\n<meta property=\"og:title\" content=\"JA SAM \u017dENA\u2026: Nevjerojatna \u017eivotna pri\u010da koja se prote\u017ee na \u010detiri desetlje\u0107a! - FILM-mag.net\" \/>\n<meta property=\"og:description\" content=\"Duboko dirljiva studija karaktera redateljskog dvojca Malgorzate Szumowske i Michala Englerta u filmu JA SAM \u017dENA&#8230; koji se natjecao za nagradu Zlatni lav u Veneciji! Postavljen u pozadinu poljske dr\u017eavne transformacije od komunisti\u010dke do kapitalisti\u010dke zemlje, drama JA SAM \u017dENA\u2026 radnjom se prote\u017ee na \u010dak 45 godina \u017eivota Aniele Weso\u0142y koja vi\u0161e od polovice svog [&hellip;]\" \/>\n<meta property=\"og:url\" content=\"https:\/\/film-mag.net\/wp\/?p=57389\" \/>\n<meta property=\"og:site_name\" content=\"FILM-mag.net\" \/>\n<meta property=\"article:published_time\" content=\"2024-12-18T00:20:17+00:00\" \/>\n<meta property=\"article:modified_time\" content=\"2024-12-18T00:21:12+00:00\" \/>\n<meta name=\"author\" content=\"PRESS\" \/>\n<meta name=\"twitter:card\" content=\"summary_large_image\" \/>\n<meta name=\"twitter:label1\" content=\"Written by\" \/>\n\t<meta name=\"twitter:data1\" content=\"PRESS\" \/>\n\t<meta name=\"twitter:label2\" content=\"Est. reading time\" \/>\n\t<meta name=\"twitter:data2\" content=\"5 minutes\" \/>\n<script type=\"application\/ld+json\" class=\"yoast-schema-graph\">{\"@context\":\"https:\/\/schema.org\",\"@graph\":[{\"@type\":\"WebPage\",\"@id\":\"https:\/\/film-mag.net\/wp\/?p=57389\",\"url\":\"https:\/\/film-mag.net\/wp\/?p=57389\",\"name\":\"JA SAM \u017dENA\u2026: Nevjerojatna \u017eivotna pri\u010da koja se prote\u017ee na \u010detiri desetlje\u0107a! - FILM-mag.net\",\"isPartOf\":{\"@id\":\"http:\/\/film-mag.net\/wp\/#website\"},\"datePublished\":\"2024-12-18T00:20:17+00:00\",\"dateModified\":\"2024-12-18T00:21:12+00:00\",\"author\":{\"@id\":\"http:\/\/film-mag.net\/wp\/#\/schema\/person\/a8dd3a5b76a5bbde974e03510a205c2f\"},\"breadcrumb\":{\"@id\":\"https:\/\/film-mag.net\/wp\/?p=57389#breadcrumb\"},\"inLanguage\":\"en-US\",\"potentialAction\":[{\"@type\":\"ReadAction\",\"target\":[\"https:\/\/film-mag.net\/wp\/?p=57389\"]}]},{\"@type\":\"BreadcrumbList\",\"@id\":\"https:\/\/film-mag.net\/wp\/?p=57389#breadcrumb\",\"itemListElement\":[{\"@type\":\"ListItem\",\"position\":1,\"name\":\"Home\",\"item\":\"http:\/\/film-mag.net\/wp\/\"},{\"@type\":\"ListItem\",\"position\":2,\"name\":\"JA SAM \u017dENA\u2026: Nevjerojatna \u017eivotna pri\u010da koja se prote\u017ee na \u010detiri desetlje\u0107a!\"}]},{\"@type\":\"WebSite\",\"@id\":\"http:\/\/film-mag.net\/wp\/#website\",\"url\":\"http:\/\/film-mag.net\/wp\/\",\"name\":\"FILM-mag.net\",\"description\":\"Prvi hrvatski portal o filmu i filmu bliskim podru\u010djima kulture\",\"potentialAction\":[{\"@type\":\"SearchAction\",\"target\":{\"@type\":\"EntryPoint\",\"urlTemplate\":\"http:\/\/film-mag.net\/wp\/?s={search_term_string}\"},\"query-input\":{\"@type\":\"PropertyValueSpecification\",\"valueRequired\":true,\"valueName\":\"search_term_string\"}}],\"inLanguage\":\"en-US\"},{\"@type\":\"Person\",\"@id\":\"http:\/\/film-mag.net\/wp\/#\/schema\/person\/a8dd3a5b76a5bbde974e03510a205c2f\",\"name\":\"PRESS\",\"image\":{\"@type\":\"ImageObject\",\"inLanguage\":\"en-US\",\"@id\":\"http:\/\/film-mag.net\/wp\/#\/schema\/person\/image\/\",\"url\":\"https:\/\/secure.gravatar.com\/avatar\/bf4ab1626f485b36c4f3650b1d351839?s=96&d=mm&r=g\",\"contentUrl\":\"https:\/\/secure.gravatar.com\/avatar\/bf4ab1626f485b36c4f3650b1d351839?s=96&d=mm&r=g\",\"caption\":\"PRESS\"},\"url\":\"https:\/\/film-mag.net\/wp\/?author=8\"}]}<\/script>\n<!-- \/ Yoast SEO plugin. -->","yoast_head_json":{"title":"JA SAM \u017dENA\u2026: Nevjerojatna \u017eivotna pri\u010da koja se prote\u017ee na \u010detiri desetlje\u0107a! - FILM-mag.net","robots":{"index":"index","follow":"follow","max-snippet":"max-snippet:-1","max-image-preview":"max-image-preview:large","max-video-preview":"max-video-preview:-1"},"canonical":"https:\/\/film-mag.net\/wp\/?p=57389","og_locale":"en_US","og_type":"article","og_title":"JA SAM \u017dENA\u2026: Nevjerojatna \u017eivotna pri\u010da koja se prote\u017ee na \u010detiri desetlje\u0107a! - FILM-mag.net","og_description":"Duboko dirljiva studija karaktera redateljskog dvojca Malgorzate Szumowske i Michala Englerta u filmu JA SAM \u017dENA&#8230; koji se natjecao za nagradu Zlatni lav u Veneciji! Postavljen u pozadinu poljske dr\u017eavne transformacije od komunisti\u010dke do kapitalisti\u010dke zemlje, drama JA SAM \u017dENA\u2026 radnjom se prote\u017ee na \u010dak 45 godina \u017eivota Aniele Weso\u0142y koja vi\u0161e od polovice svog [&hellip;]","og_url":"https:\/\/film-mag.net\/wp\/?p=57389","og_site_name":"FILM-mag.net","article_published_time":"2024-12-18T00:20:17+00:00","article_modified_time":"2024-12-18T00:21:12+00:00","author":"PRESS","twitter_card":"summary_large_image","twitter_misc":{"Written by":"PRESS","Est. reading time":"5 minutes"},"schema":{"@context":"https:\/\/schema.org","@graph":[{"@type":"WebPage","@id":"https:\/\/film-mag.net\/wp\/?p=57389","url":"https:\/\/film-mag.net\/wp\/?p=57389","name":"JA SAM \u017dENA\u2026: Nevjerojatna \u017eivotna pri\u010da koja se prote\u017ee na \u010detiri desetlje\u0107a! - FILM-mag.net","isPartOf":{"@id":"http:\/\/film-mag.net\/wp\/#website"},"datePublished":"2024-12-18T00:20:17+00:00","dateModified":"2024-12-18T00:21:12+00:00","author":{"@id":"http:\/\/film-mag.net\/wp\/#\/schema\/person\/a8dd3a5b76a5bbde974e03510a205c2f"},"breadcrumb":{"@id":"https:\/\/film-mag.net\/wp\/?p=57389#breadcrumb"},"inLanguage":"en-US","potentialAction":[{"@type":"ReadAction","target":["https:\/\/film-mag.net\/wp\/?p=57389"]}]},{"@type":"BreadcrumbList","@id":"https:\/\/film-mag.net\/wp\/?p=57389#breadcrumb","itemListElement":[{"@type":"ListItem","position":1,"name":"Home","item":"http:\/\/film-mag.net\/wp\/"},{"@type":"ListItem","position":2,"name":"JA SAM \u017dENA\u2026: Nevjerojatna \u017eivotna pri\u010da koja se prote\u017ee na \u010detiri desetlje\u0107a!"}]},{"@type":"WebSite","@id":"http:\/\/film-mag.net\/wp\/#website","url":"http:\/\/film-mag.net\/wp\/","name":"FILM-mag.net","description":"Prvi hrvatski portal o filmu i filmu bliskim podru\u010djima kulture","potentialAction":[{"@type":"SearchAction","target":{"@type":"EntryPoint","urlTemplate":"http:\/\/film-mag.net\/wp\/?s={search_term_string}"},"query-input":{"@type":"PropertyValueSpecification","valueRequired":true,"valueName":"search_term_string"}}],"inLanguage":"en-US"},{"@type":"Person","@id":"http:\/\/film-mag.net\/wp\/#\/schema\/person\/a8dd3a5b76a5bbde974e03510a205c2f","name":"PRESS","image":{"@type":"ImageObject","inLanguage":"en-US","@id":"http:\/\/film-mag.net\/wp\/#\/schema\/person\/image\/","url":"https:\/\/secure.gravatar.com\/avatar\/bf4ab1626f485b36c4f3650b1d351839?s=96&d=mm&r=g","contentUrl":"https:\/\/secure.gravatar.com\/avatar\/bf4ab1626f485b36c4f3650b1d351839?s=96&d=mm&r=g","caption":"PRESS"},"url":"https:\/\/film-mag.net\/wp\/?author=8"}]}},"_links":{"self":[{"href":"https:\/\/film-mag.net\/wp\/index.php?rest_route=\/wp\/v2\/posts\/57389","targetHints":{"allow":["GET"]}}],"collection":[{"href":"https:\/\/film-mag.net\/wp\/index.php?rest_route=\/wp\/v2\/posts"}],"about":[{"href":"https:\/\/film-mag.net\/wp\/index.php?rest_route=\/wp\/v2\/types\/post"}],"author":[{"embeddable":true,"href":"https:\/\/film-mag.net\/wp\/index.php?rest_route=\/wp\/v2\/users\/8"}],"replies":[{"embeddable":true,"href":"https:\/\/film-mag.net\/wp\/index.php?rest_route=%2Fwp%2Fv2%2Fcomments&post=57389"}],"version-history":[{"count":1,"href":"https:\/\/film-mag.net\/wp\/index.php?rest_route=\/wp\/v2\/posts\/57389\/revisions"}],"predecessor-version":[{"id":57390,"href":"https:\/\/film-mag.net\/wp\/index.php?rest_route=\/wp\/v2\/posts\/57389\/revisions\/57390"}],"wp:attachment":[{"href":"https:\/\/film-mag.net\/wp\/index.php?rest_route=%2Fwp%2Fv2%2Fmedia&parent=57389"}],"wp:term":[{"taxonomy":"category","embeddable":true,"href":"https:\/\/film-mag.net\/wp\/index.php?rest_route=%2Fwp%2Fv2%2Fcategories&post=57389"},{"taxonomy":"post_tag","embeddable":true,"href":"https:\/\/film-mag.net\/wp\/index.php?rest_route=%2Fwp%2Fv2%2Ftags&post=57389"}],"curies":[{"name":"wp","href":"https:\/\/api.w.org\/{rel}","templated":true}]}}