{"id":57348,"date":"2024-12-12T00:44:07","date_gmt":"2024-12-11T23:44:07","guid":{"rendered":"https:\/\/film-mag.net\/wp\/?p=57348"},"modified":"2024-12-12T12:24:51","modified_gmt":"2024-12-12T11:24:51","slug":"zagreb-film-festival-2024-emilia-perez-osvrt-darko-plesa","status":"publish","type":"post","link":"https:\/\/film-mag.net\/wp\/?p=57348","title":{"rendered":"ZAGREB FILM FESTIVAL 2024: Emilia P\u00e9rez [osvrt Darko Ple\u0161a]"},"content":{"rendered":"<p style=\"text-align: justify;\">Na nedavnoj dodijeli europskih filmskih nagrada, nagradu za najbolji film, re\u017eiju i scenarij, dobio je film &#8216;Emilia P\u00e9rez&#8217;, \u0161to ga ujedno \u010dini i najve\u0107im dobitnikom dodjele. &#8216;Emilia P\u00e9rez&#8217;, film je Jacquesa Audiarda koji je i sam dobio nagrade kao redatelj, autor scenarija i jedan od producenata filma. Film je svoju premijeru u Hrvatskoj imao u sklopu Zagreb Film Festivala a u doma\u0107im kinima u redovnu distribuciju dolazi 12.12.2024.godine, \u0161to smo i najavili na na\u0161em portalu. Film je svoju svjetsku premijeru imao ove godine na Cannes Film Festivalu, gdje je tako\u0111er dobio nekoliko nagrada, izme\u0111u ostalih i nagradu \u017eirija za najbolji film. Jacques Audiard, autor ovog filma, proslavljeni je veteran francuske, ali i svjetske kinematografije. Karijeru je zapo\u010deo kao pomo\u0107ni monta\u017eer i scenarist, da bi se poslije etablirao kao re\u017eiser i producent.<\/p>\n<p style=\"text-align: justify;\"><img decoding=\"async\" style=\"border: none; width: 100%;\" src=\" https:\/\/image.tmdb.org\/t\/p\/original\/nmq48NsOG5I4QNvTcIBXI3OmXhp.jpg \" \/><\/p>\n<p style=\"text-align: justify;\">Fotografiju ustupio <strong><a href=\"https:\/\/www.themoviedb.org\/movie\/974950-emilia-perez\" target=\"_blank\" rel=\"noopener noreferrer\"> TMDB<\/a><\/strong><\/p>\n<p style=\"text-align: justify;\">Zanimljiva je pri\u010da o njegovom radu na scenariju za film &#8216;Profesionalac&#8217; (Le professionnel) iz 1981.godine, koji je jedan od najpoznatijih filmova Jean-Paul Belmonda iz osamdesetih godina pro\u0161log stolje\u0107a. Iako je potpisan kao scenarist filma (radi se o adaptaciji novele Patrick Alexandera ), Francis Veber script doctor koji je radio na filmu, tvrdio je da je Jaques Audiard ve\u0107inom prenosio poruke izme\u0111u njega i Michel Audiarda, Jaqueova oca koji je prvotno trebao pisati scenarij, ali je morao to prepustiti zbog rada na drugom scenariju. U svakom slu\u010daju u daljnjoj karijeri Jaquesa Audiard sa svojim filmovima (&#8216;Otkucaj koje je moje srce presko\u010dilo&#8217;, &#8216;Prorok&#8217;, &#8216;Hr\u0111a i kost&#8217;,..), uklju\u010duju\u0107i i &#8216;Emilia P\u00e9rez&#8217;, na najve\u0107im svjetskim festivalima i godi\u0161njim izborima najboljih filmova dobio oko stotinu nominacija i preko sedamdeset pobjeda.<\/p>\n<p style=\"text-align: justify;\">Napisati o filmu &#8216;Emilia P\u00e9rez&#8217; ne\u0161to vi\u0161e nego li pi\u0161e u sinopsisu, gotovo je nemogu\u0107e (film je nastao po noveli koju je napisao Boris Razon). Jednako tako je i te\u0161ko smjestiti film unutar jednog ili vi\u0161e \u017eanrova, iako mjuzikl uzima ve\u0107inu pa\u017enje. Audiard je i ina\u010de poznat po autorskoj hrabrosti, a s ovim filmom usudim se re\u0107i da je oti\u0161ao korak dalje. Naime, film je izazvao podjelu izme\u0111u onih kojima je film odli\u010dan, i onih kojima je film katastrofa, i izgleda da nikoga nije ostavio ravnodu\u0161nim. Na po\u010detku filma upoznajemo sposobnu odvjetnicu Ritu (odli\u010dna Zoe Saldana) koja obavlja ve\u0107inu poslova za svoje \u0161efove, koji je nedovoljno cijene i uzimaju zdravo za gotovo. (I onda krene trenutak gdje film \u201epostaje\u201c ili odli\u010dan ili katastrofa, Rita u jednoj sceni po\u010dinje pjevati i plesati.) Istoj toj Riti, vo\u0111a kartela Manitas, koji se \u017eeli sakriti od drugih kartela i policije, ponudi da za njega vodi operaciju pronalaska doktora za promjene spola i \u010ditavu logistiku oko promjene identiteta. Manitas je u tom trenutku ve\u0107 o\u017eenjen i ima djecu, \u0161to \u010ditavu stvar dodatno komplicira.<\/p>\n<p style=\"text-align: justify;\">Nakon toga u filmu slijede stalni obrati, popra\u0107eni s pjesmama, plesnim nastupima i video spotovima unutar filma koje funkcioniraju kao unutarnji glasovi likova. Cijeli film je neobi\u010dna vo\u017enja izme\u0111u \u017eanrova, plesa i pjesme, igre kamerom, eksperimentiranja scenografijom (film je sniman ve\u0107inom u jednom pari\u0161kom studiju) i igre glumaca. Najvi\u0161e pa\u017enje privukla je interpretacija Karle Sof\u00ede Gasc\u00f3n u ulozi Manitasa \/ Emilia P\u00e9rez, koja je tako\u0111er nagra\u0111ena na Europskim filmskim nagradama za najbolju glumicu. Karla Sof\u00eda Gasc\u00f3n \u0161panjolska je transrodna glumica kojoj je ovo prva uloga nakon \u0161to je 2018., objavila svoju tranziciju, a do tada je imala karijeru mu\u0161kog glumca. Crno &#8211; bijela karakterizacija likova i \u201e\u0161okantni obrati\u201c tipi\u010dni za meksi\u010dke sapunice, sigurno joj nisu strani jer je kao Juan Carlos Gascon dosta radio upravo u meksi\u010dkim sapunicama. U gluma\u010dkoj postavi jo\u0161 se isti\u010du Selena Gomez kao Jessi, Manitasova \u017eena i Adriana Paz kao Epifania, ljubavnica Emilia P\u00e9rez, (sve \u010detiri glavne glumice zajedno su dobile nagradu za najbolju glumicu na Cannes Film Festivalu). Od mu\u0161kih likova najve\u0107u pozornost su dobili Edgar Ramirez kao Gustavo i Mark Ivanir kao dr. Wasserman (zanimljivo je da su obadva glumaca poligloti, Ramirez govori pet jezika, a Ivanir osam jezika, od toga \u0161est te\u010dno).<\/p>\n<p style=\"text-align: justify;\">Bitni dio ovoga filma je i glazba, tj. pjesme koje su kori\u0161tene u filmu. Iza tih pjesama stoje francuska pjeva\u010dica Camille i njezin partner (glazbeni i \u017eivotni) Cl\u00e9ment Ducol, koji su dobili Nagradu za filmsku glazbu u Cannesu. Na pisanju nekih pjesmama sudjelovao je i sam redatelj, Jacques Audiard.<\/p>\n<p style=\"text-align: justify;\">Monta\u017eerka Julietta Welfling s lako\u0107om je spojila glazbene dijelove s ostatkom filma te su je nagradili glasa\u010d Europske filmske akademije. Svakako treba istaknuti i rad snimatelja Paula Guilhaumea i njegov rad sa svjetlo\u0161\u0107u i detaljima. Mo\u017eemo re\u0107i da je u tehni\u010dkom smislu film napravljen po najvi\u0161im zanatskim pravilima struke.<\/p>\n<p style=\"text-align: justify;\">U ovom filmu koji freneti\u010dno prelazi iz krimi\u0107a u sapunicu, iz trilera u mjuzikl, iz socijalne drame u osobnu dramu, iz ljubavnog filma u obiteljsku tragediju, ipak ima i praznog hoda. U dva navrata film malo ispada iz ritma i usporava, \u0161to upada u o\u010di nakon \u201ebombardiranja\u201c sa svim tim plesom, pjesmom i velikim koli\u010dinama emocija. Razlog za to se zasigurno mo\u017ee i tra\u017eiti u prevelikom broju tema obuhva\u0107enih pri\u010dom, \u0161to u svakom slu\u010daju ote\u017eava postizanje ravnote\u017ee kroz \u010ditav film. s obzirom na to da ovaj film mo\u017eemo nasloviti kao \u201e\u017eenski film\u201c, koji se bavi \u017eenama i njihovim problemima u Meksiku, svakako bi bilo bolje da se u scenariju osjetilo malo vi\u0161e \u201e\u017eenske ruke\u201c, iako je na scenariju sura\u0111ivala i jedna dama, L\u00e9a Mysius.<\/p>\n<p style=\"text-align: justify;\">Film &#8216;Emilia P\u00e9rez&#8217; donosi puno toga u ne\u0161to vi\u0161e od dva sata. Te\u0161ko je i pobrojati sve teme i \u017eanrove s kojima se susre\u0107emo u ovom originalnom filmskom dijelu. Dojam je da su se iz ovog filma, mogle izvla\u010diti teme i od njih napraviti nekoliko filmova. Ipak, \u010dini se da je redatelj upravo to i htio, kontrolirani nered, te je tako prepustio svakom gledatelju da odlu\u010di za sebe o \u010demu je film koji gleda. Svatko tko pogleda film ne\u0107e ostati ravnodu\u0161an. Na ovaj ili onaj na\u010din.<\/p>\n<p style=\"text-align: justify;\"><strong>Darko Ple\u0161a<\/strong><\/p>\n<p style=\"text-align: justify;\"><strong><a href=\"https:\/\/www.imdb.com\/title\/tt20221436\/?ref_=fn_all_ttl_1\" target=\"_blank\" rel=\"noopener noreferrer\"> Emilia P\u00e9rez &#8211; IMDb<\/a><\/strong><\/p>\n<p style=\"text-align: justify;\"><iframe loading=\"lazy\" style=\"border: none; overflow: hidden;\" src=\"https:\/\/www.facebook.com\/plugins\/post.php?href=https%3A%2F%2Fwww.facebook.com%2FFILMmagnet%2Fposts%2Fpfbid06K1cowjCYJ7ADnNC6jztDqPyLb5QrsZrsYZAvD8yUD4P99ZPLK2vgjjto3QieG65l&amp;show_text=true&amp;width=500\" width=\"500\" height=\"392\" frameborder=\"0\" scrolling=\"no\" allowfullscreen=\"allowfullscreen\"><\/iframe><\/p>\n<div id=\"fb_share_1\" style=\"float: right; margin-left: 10px;\"><a name=\"fb_share\" type=\"box_count\" share_url=\"https:\/\/film-mag.net\/wp\/?p=57348\" href=\"http:\/\/www.facebook.com\/sharer.php\">Share<\/a><\/div><div><script src=\"https:\/\/static.ak.fbcdn.net\/connect.php\/js\/FB.Share\" type=\"text\/javascript\"><\/script><\/div><div style=\"clear:both\"><\/div>","protected":false},"excerpt":{"rendered":"<p>Na nedavnoj dodijeli europskih filmskih nagrada, nagradu za najbolji film, re\u017eiju i scenarij, dobio je film &#8216;Emilia P\u00e9rez&#8217;, \u0161to ga ujedno \u010dini i najve\u0107im dobitnikom dodjele. &#8216;Emilia P\u00e9rez&#8217;, film je Jacquesa Audiarda koji je i sam dobio nagrade kao redatelj, autor scenarija i jedan od producenata filma. Film je svoju premijeru u Hrvatskoj imao u [&hellip;]<\/p>\n","protected":false},"author":16,"featured_media":0,"comment_status":"closed","ping_status":"closed","sticky":false,"template":"","format":"standard","meta":{"_et_pb_use_builder":"","_et_pb_old_content":"","_et_gb_content_width":"","_editorskit_title_hidden":false,"_editorskit_reading_time":0,"_editorskit_is_block_options_detached":false,"_editorskit_block_options_position":"{}","footnotes":""},"categories":[5955,9,4,48],"tags":[6068,6154,20357,26414,1284,94,26233,12704,26864,312,313,6363,12099,665,2074,450,828,25996,19973,2566],"class_list":["post-57348","post","type-post","status-publish","format-standard","hentry","category-autorski-tekstovi","category-film","category-istaknuto","category-osvrti-na-filmove","tag-autorski-tekst","tag-autorski-tekstovi-2","tag-darko-plesa","tag-darko-plesa-osvrt-na-film","tag-filmska-kritika","tag-filmski-festivali-2","tag-fzff-2024","tag-jacques-audiard","tag-karla-sofia-gascon","tag-komedija","tag-krimic","tag-musical","tag-osvrt-na-film","tag-osvrti","tag-selena-gomez","tag-triler","tag-zagreb-film-festival","tag-zagreb-film-festival-2024","tag-zff","tag-zoe-saldana"],"yoast_head":"<!-- This site is optimized with the Yoast SEO plugin v24.6 - https:\/\/yoast.com\/wordpress\/plugins\/seo\/ -->\n<title>ZAGREB FILM FESTIVAL 2024: Emilia P\u00e9rez [osvrt Darko Ple\u0161a] - FILM-mag.net<\/title>\n<meta name=\"robots\" content=\"index, follow, max-snippet:-1, max-image-preview:large, max-video-preview:-1\" \/>\n<link rel=\"canonical\" href=\"https:\/\/film-mag.net\/wp\/?p=57348\" \/>\n<meta property=\"og:locale\" content=\"en_US\" \/>\n<meta property=\"og:type\" content=\"article\" \/>\n<meta property=\"og:title\" content=\"ZAGREB FILM FESTIVAL 2024: Emilia P\u00e9rez [osvrt Darko Ple\u0161a] - FILM-mag.net\" \/>\n<meta property=\"og:description\" content=\"Na nedavnoj dodijeli europskih filmskih nagrada, nagradu za najbolji film, re\u017eiju i scenarij, dobio je film &#8216;Emilia P\u00e9rez&#8217;, \u0161to ga ujedno \u010dini i najve\u0107im dobitnikom dodjele. &#8216;Emilia P\u00e9rez&#8217;, film je Jacquesa Audiarda koji je i sam dobio nagrade kao redatelj, autor scenarija i jedan od producenata filma. Film je svoju premijeru u Hrvatskoj imao u [&hellip;]\" \/>\n<meta property=\"og:url\" content=\"https:\/\/film-mag.net\/wp\/?p=57348\" \/>\n<meta property=\"og:site_name\" content=\"FILM-mag.net\" \/>\n<meta property=\"article:published_time\" content=\"2024-12-11T23:44:07+00:00\" \/>\n<meta property=\"article:modified_time\" content=\"2024-12-12T11:24:51+00:00\" \/>\n<meta name=\"author\" content=\"Suradnik\" \/>\n<meta name=\"twitter:card\" content=\"summary_large_image\" \/>\n<meta name=\"twitter:label1\" content=\"Written by\" \/>\n\t<meta name=\"twitter:data1\" content=\"Suradnik\" \/>\n\t<meta name=\"twitter:label2\" content=\"Est. reading time\" \/>\n\t<meta name=\"twitter:data2\" content=\"5 minutes\" \/>\n<script type=\"application\/ld+json\" class=\"yoast-schema-graph\">{\"@context\":\"https:\/\/schema.org\",\"@graph\":[{\"@type\":\"WebPage\",\"@id\":\"https:\/\/film-mag.net\/wp\/?p=57348\",\"url\":\"https:\/\/film-mag.net\/wp\/?p=57348\",\"name\":\"ZAGREB FILM FESTIVAL 2024: Emilia P\u00e9rez [osvrt Darko Ple\u0161a] - FILM-mag.net\",\"isPartOf\":{\"@id\":\"http:\/\/film-mag.net\/wp\/#website\"},\"datePublished\":\"2024-12-11T23:44:07+00:00\",\"dateModified\":\"2024-12-12T11:24:51+00:00\",\"author\":{\"@id\":\"http:\/\/film-mag.net\/wp\/#\/schema\/person\/9ffa18a59c8bc69aa9c3cacd71c61f3e\"},\"breadcrumb\":{\"@id\":\"https:\/\/film-mag.net\/wp\/?p=57348#breadcrumb\"},\"inLanguage\":\"en-US\",\"potentialAction\":[{\"@type\":\"ReadAction\",\"target\":[\"https:\/\/film-mag.net\/wp\/?p=57348\"]}]},{\"@type\":\"BreadcrumbList\",\"@id\":\"https:\/\/film-mag.net\/wp\/?p=57348#breadcrumb\",\"itemListElement\":[{\"@type\":\"ListItem\",\"position\":1,\"name\":\"Home\",\"item\":\"http:\/\/film-mag.net\/wp\/\"},{\"@type\":\"ListItem\",\"position\":2,\"name\":\"ZAGREB FILM FESTIVAL 2024: Emilia P\u00e9rez [osvrt Darko Ple\u0161a]\"}]},{\"@type\":\"WebSite\",\"@id\":\"http:\/\/film-mag.net\/wp\/#website\",\"url\":\"http:\/\/film-mag.net\/wp\/\",\"name\":\"FILM-mag.net\",\"description\":\"Prvi hrvatski portal o filmu i filmu bliskim podru\u010djima kulture\",\"potentialAction\":[{\"@type\":\"SearchAction\",\"target\":{\"@type\":\"EntryPoint\",\"urlTemplate\":\"http:\/\/film-mag.net\/wp\/?s={search_term_string}\"},\"query-input\":{\"@type\":\"PropertyValueSpecification\",\"valueRequired\":true,\"valueName\":\"search_term_string\"}}],\"inLanguage\":\"en-US\"},{\"@type\":\"Person\",\"@id\":\"http:\/\/film-mag.net\/wp\/#\/schema\/person\/9ffa18a59c8bc69aa9c3cacd71c61f3e\",\"name\":\"Suradnik\",\"image\":{\"@type\":\"ImageObject\",\"inLanguage\":\"en-US\",\"@id\":\"http:\/\/film-mag.net\/wp\/#\/schema\/person\/image\/\",\"url\":\"https:\/\/secure.gravatar.com\/avatar\/3253b24023797691d90b7897c43ac47a?s=96&d=mm&r=g\",\"contentUrl\":\"https:\/\/secure.gravatar.com\/avatar\/3253b24023797691d90b7897c43ac47a?s=96&d=mm&r=g\",\"caption\":\"Suradnik\"},\"url\":\"https:\/\/film-mag.net\/wp\/?author=16\"}]}<\/script>\n<!-- \/ Yoast SEO plugin. -->","yoast_head_json":{"title":"ZAGREB FILM FESTIVAL 2024: Emilia P\u00e9rez [osvrt Darko Ple\u0161a] - FILM-mag.net","robots":{"index":"index","follow":"follow","max-snippet":"max-snippet:-1","max-image-preview":"max-image-preview:large","max-video-preview":"max-video-preview:-1"},"canonical":"https:\/\/film-mag.net\/wp\/?p=57348","og_locale":"en_US","og_type":"article","og_title":"ZAGREB FILM FESTIVAL 2024: Emilia P\u00e9rez [osvrt Darko Ple\u0161a] - FILM-mag.net","og_description":"Na nedavnoj dodijeli europskih filmskih nagrada, nagradu za najbolji film, re\u017eiju i scenarij, dobio je film &#8216;Emilia P\u00e9rez&#8217;, \u0161to ga ujedno \u010dini i najve\u0107im dobitnikom dodjele. &#8216;Emilia P\u00e9rez&#8217;, film je Jacquesa Audiarda koji je i sam dobio nagrade kao redatelj, autor scenarija i jedan od producenata filma. Film je svoju premijeru u Hrvatskoj imao u [&hellip;]","og_url":"https:\/\/film-mag.net\/wp\/?p=57348","og_site_name":"FILM-mag.net","article_published_time":"2024-12-11T23:44:07+00:00","article_modified_time":"2024-12-12T11:24:51+00:00","author":"Suradnik","twitter_card":"summary_large_image","twitter_misc":{"Written by":"Suradnik","Est. reading time":"5 minutes"},"schema":{"@context":"https:\/\/schema.org","@graph":[{"@type":"WebPage","@id":"https:\/\/film-mag.net\/wp\/?p=57348","url":"https:\/\/film-mag.net\/wp\/?p=57348","name":"ZAGREB FILM FESTIVAL 2024: Emilia P\u00e9rez [osvrt Darko Ple\u0161a] - FILM-mag.net","isPartOf":{"@id":"http:\/\/film-mag.net\/wp\/#website"},"datePublished":"2024-12-11T23:44:07+00:00","dateModified":"2024-12-12T11:24:51+00:00","author":{"@id":"http:\/\/film-mag.net\/wp\/#\/schema\/person\/9ffa18a59c8bc69aa9c3cacd71c61f3e"},"breadcrumb":{"@id":"https:\/\/film-mag.net\/wp\/?p=57348#breadcrumb"},"inLanguage":"en-US","potentialAction":[{"@type":"ReadAction","target":["https:\/\/film-mag.net\/wp\/?p=57348"]}]},{"@type":"BreadcrumbList","@id":"https:\/\/film-mag.net\/wp\/?p=57348#breadcrumb","itemListElement":[{"@type":"ListItem","position":1,"name":"Home","item":"http:\/\/film-mag.net\/wp\/"},{"@type":"ListItem","position":2,"name":"ZAGREB FILM FESTIVAL 2024: Emilia P\u00e9rez [osvrt Darko Ple\u0161a]"}]},{"@type":"WebSite","@id":"http:\/\/film-mag.net\/wp\/#website","url":"http:\/\/film-mag.net\/wp\/","name":"FILM-mag.net","description":"Prvi hrvatski portal o filmu i filmu bliskim podru\u010djima kulture","potentialAction":[{"@type":"SearchAction","target":{"@type":"EntryPoint","urlTemplate":"http:\/\/film-mag.net\/wp\/?s={search_term_string}"},"query-input":{"@type":"PropertyValueSpecification","valueRequired":true,"valueName":"search_term_string"}}],"inLanguage":"en-US"},{"@type":"Person","@id":"http:\/\/film-mag.net\/wp\/#\/schema\/person\/9ffa18a59c8bc69aa9c3cacd71c61f3e","name":"Suradnik","image":{"@type":"ImageObject","inLanguage":"en-US","@id":"http:\/\/film-mag.net\/wp\/#\/schema\/person\/image\/","url":"https:\/\/secure.gravatar.com\/avatar\/3253b24023797691d90b7897c43ac47a?s=96&d=mm&r=g","contentUrl":"https:\/\/secure.gravatar.com\/avatar\/3253b24023797691d90b7897c43ac47a?s=96&d=mm&r=g","caption":"Suradnik"},"url":"https:\/\/film-mag.net\/wp\/?author=16"}]}},"_links":{"self":[{"href":"https:\/\/film-mag.net\/wp\/index.php?rest_route=\/wp\/v2\/posts\/57348","targetHints":{"allow":["GET"]}}],"collection":[{"href":"https:\/\/film-mag.net\/wp\/index.php?rest_route=\/wp\/v2\/posts"}],"about":[{"href":"https:\/\/film-mag.net\/wp\/index.php?rest_route=\/wp\/v2\/types\/post"}],"author":[{"embeddable":true,"href":"https:\/\/film-mag.net\/wp\/index.php?rest_route=\/wp\/v2\/users\/16"}],"replies":[{"embeddable":true,"href":"https:\/\/film-mag.net\/wp\/index.php?rest_route=%2Fwp%2Fv2%2Fcomments&post=57348"}],"version-history":[{"count":3,"href":"https:\/\/film-mag.net\/wp\/index.php?rest_route=\/wp\/v2\/posts\/57348\/revisions"}],"predecessor-version":[{"id":57352,"href":"https:\/\/film-mag.net\/wp\/index.php?rest_route=\/wp\/v2\/posts\/57348\/revisions\/57352"}],"wp:attachment":[{"href":"https:\/\/film-mag.net\/wp\/index.php?rest_route=%2Fwp%2Fv2%2Fmedia&parent=57348"}],"wp:term":[{"taxonomy":"category","embeddable":true,"href":"https:\/\/film-mag.net\/wp\/index.php?rest_route=%2Fwp%2Fv2%2Fcategories&post=57348"},{"taxonomy":"post_tag","embeddable":true,"href":"https:\/\/film-mag.net\/wp\/index.php?rest_route=%2Fwp%2Fv2%2Ftags&post=57348"}],"curies":[{"name":"wp","href":"https:\/\/api.w.org\/{rel}","templated":true}]}}