{"id":57339,"date":"2024-12-10T23:24:18","date_gmt":"2024-12-10T22:24:18","guid":{"rendered":"https:\/\/film-mag.net\/wp\/?p=57339"},"modified":"2024-12-10T23:24:18","modified_gmt":"2024-12-10T22:24:18","slug":"dokukino-kic-kolbas-u-gostima-bob-dylan-dox-i-efa-pobjednici","status":"publish","type":"post","link":"https:\/\/film-mag.net\/wp\/?p=57339","title":{"rendered":"Dokukino KIC: Kolbas u gostima, Bob Dylan dox i EFA pobjednici"},"content":{"rendered":"<p style=\"text-align: justify;\"><strong>UPOZNAJ AUTORA U DOKUKINU KIC: SILVESTAR KOLBAS; <\/strong><strong>EFA POBJEDNICI: <em>Anselm<\/em> Wima Wendersa i palestinska <em>Jedina zemlja<\/em>; HALL OF FAME: kultni dox o mladom Dylanu: <em>Dont Look Back<\/em><\/strong><\/p>\n<p style=\"text-align: justify;\">Zagreb, 10.12.2024. &#8211; Novotjedni repertoar <strong>Dokukina KIC<\/strong> otvorit \u0107e u\u00a0<strong>srijedu 11. prosinca u 18:30<\/strong>\u00a0novo izdanje programa <a href=\"https:\/\/restarted.us7.list-manage.com\/track\/click?u=207a411ad7693f291ff0c6a9a&amp;id=f6fccaaefc&amp;e=4dcb642af3\" target=\"_blank\" rel=\"noopener\" data-saferedirecturl=\"https:\/\/www.google.com\/url?q=https:\/\/restarted.us7.list-manage.com\/track\/click?u%3D207a411ad7693f291ff0c6a9a%26id%3Df6fccaaefc%26e%3D4dcb642af3&amp;source=gmail&amp;ust=1733952881065000&amp;usg=AOvVaw20Pu4hML44BHZ4Ix_kGb6-\"><strong>Upoznaj autora<\/strong><\/a>\u00a0uz nagra\u0111ivanog snimatelja, fotografa i redatelja\u00a0<a href=\"https:\/\/restarted.us7.list-manage.com\/track\/click?u=207a411ad7693f291ff0c6a9a&amp;id=50550de66f&amp;e=4dcb642af3\" target=\"_blank\" rel=\"noopener\" data-saferedirecturl=\"https:\/\/www.google.com\/url?q=https:\/\/restarted.us7.list-manage.com\/track\/click?u%3D207a411ad7693f291ff0c6a9a%26id%3D50550de66f%26e%3D4dcb642af3&amp;source=gmail&amp;ust=1733952881065000&amp;usg=AOvVaw0TiPVM1LLz9luX9-GDSRuF\"><strong>Silvestra Kolbasa<\/strong><\/a>\u00a0koji u svojim filmovima sustavno secira vlastitu intimu i obiteljski \u017eivot te je jedan od rodo\u010delnika <strong>autobiografskog \u017eanra<\/strong> u hrvatskoj dokumentaristici. U razgovoru koji \u0107e moderirati filmski kriti\u010dar\u00a0<strong>Nino Kova\u010di\u0107<\/strong>\u00a0saznat \u0107emo na koji na\u010din uz pomo\u0107 kamere Kolbas sagledava vlastitu ulogu u vlastitom \u017eivotu.<\/p>\n<p style=\"text-align: justify;\"><img decoding=\"async\" style=\"border: none; width: 100%;\" src=\" https:\/\/media.themoviedb.org\/t\/p\/w1066_and_h600_bestv2\/5dJ8t6CljwZ1NUXwW1nsmEpMf8x.jpg \" \/><\/p>\n<p style=\"text-align: justify;\">Dont Look Back ; Fotografiju ustupio <strong><a href=\"https:\/\/www.themoviedb.org\/movie\/135-bob-dylan-dont-look-back\" target=\"_blank\" rel=\"noopener noreferrer\"> TMDB<\/a><\/strong><\/p>\n<p style=\"text-align: justify;\">Nakon razgovora u 19:30 h odr\u017eat \u0107e se projekcija Kolbasova najnovijeg i vi\u0161estruko nagra\u0111ivanog filma\u00a0<strong><a href=\"https:\/\/restarted.us7.list-manage.com\/track\/click?u=207a411ad7693f291ff0c6a9a&amp;id=e173aeeed8&amp;e=4dcb642af3\" target=\"_blank\" rel=\"noopener\" data-saferedirecturl=\"https:\/\/www.google.com\/url?q=https:\/\/restarted.us7.list-manage.com\/track\/click?u%3D207a411ad7693f291ff0c6a9a%26id%3De173aeeed8%26e%3D4dcb642af3&amp;source=gmail&amp;ust=1733952881065000&amp;usg=AOvVaw1vD3onoe0EClxCoFKykMtY\"><em>Na\u0161a djeca\u00a0<\/em>(2024.)<\/a><\/strong>\u00a0nastalog u produkciji Factuma. Uz Zlatnu Arenu za re\u017eiju i monta\u017eu, film je osvojio i glavnu nagradu \u017eirija na filmskom festivalu Liburnia. Dokumentarac je na programu i\u00a0<strong>u subotu 14. prosinca u 19 sati<\/strong>.<\/p>\n<p style=\"text-align: justify;\">Kultni redatelj\u00a0<strong>Wim Wenders<\/strong>\u00a0upravo je osvojio Europsku filmsku nagradu za \u017eivotno djelo, a u\u00a0<strong>\u010detvrtak 12. prosinca u 19 sati<\/strong>\u00a0prikazujemo njegov najnoviji dokumentarni film o\u00a0<strong><a href=\"https:\/\/restarted.us7.list-manage.com\/track\/click?u=207a411ad7693f291ff0c6a9a&amp;id=995f862360&amp;e=4dcb642af3\" target=\"_blank\" rel=\"noopener\" data-saferedirecturl=\"https:\/\/www.google.com\/url?q=https:\/\/restarted.us7.list-manage.com\/track\/click?u%3D207a411ad7693f291ff0c6a9a%26id%3D995f862360%26e%3D4dcb642af3&amp;source=gmail&amp;ust=1733952881065000&amp;usg=AOvVaw2a0hL3ZM4OZ0z-heBwuB9m\">Anselmu Kieferu<\/a><\/strong>, jednom od najva\u017enijih slikara i kipara na\u0161eg doba. Wenders je vi\u0161e od dvije godine pratio Kieferovu putanju od rodne Njema\u010dke do njegova novog doma u Francuskoj, povezuju\u0107i razli\u010dite \u017eivotne faze s klju\u010dnim mjestima i krajolicima iz njegove dugovje\u010dne karijere koja traje vi\u0161e od pet desetlje\u0107a.<\/p>\n<p style=\"text-align: justify;\">U\u00a0<strong>\u010detvrtak 13. prosinca<\/strong>\u00a0<strong>u 18:30<\/strong>\u00a0u sklopu programa\u00a0<strong>Hall of Fame\u00a0<\/strong>gledamo prvi autorski glazbeni dokumentarac\u00a0<strong>D. A. Pennebakera<\/strong>, ujedno i jedan od najprepoznatljivijih predstavnika \u017eanra\u00a0<strong><a href=\"https:\/\/restarted.us7.list-manage.com\/track\/click?u=207a411ad7693f291ff0c6a9a&amp;id=4ca3f532fc&amp;e=4dcb642af3\" target=\"_blank\" rel=\"noopener\" data-saferedirecturl=\"https:\/\/www.google.com\/url?q=https:\/\/restarted.us7.list-manage.com\/track\/click?u%3D207a411ad7693f291ff0c6a9a%26id%3D4ca3f532fc%26e%3D4dcb642af3&amp;source=gmail&amp;ust=1733952881065000&amp;usg=AOvVaw1qNYjUeHPVtGKO7LrBD4xR\"><em>Dont Look Back<\/em><\/a><\/strong>\u00a0koji prati tada mladu zvijezdu\u00a0<strong>Boba Dylana<\/strong>\u00a0na njegovoj prvoj prekooceanskoj koncertnoj turneji u Velikoj Britaniji 1965. godine.<\/p>\n<p style=\"text-align: justify;\">\u010casopis Rolling Stone proglasio je\u00a0<em>Dont Look Back<\/em>\u00a0najboljim glazbenim dokumentarcem svih vremena, a u anketi Sight &amp; Sounda iz 2014. filmski kriti\u010dari proglasili su ga devetim najboljim dokumentarnim filmom svih vremena. Uvodnu rije\u010d u film odr\u017eat \u0107e filmski i glazbeni kriti\u010dar\u00a0<strong>Ivan Lai\u0107<\/strong>\u00a0te \u0107e nakon projekcije razgovarati s\u00a0<strong>Tomislavom Brlekom<\/strong>, profesorom filmologije i velikim poznavateljem kantautorova opusa.<\/p>\n<p style=\"text-align: justify;\">U petak se odr\u017eava i filmski program namijenjen osobama 54+,\u00a0<em><strong>Doku-matineja<\/strong><\/em>, u 11 sati ujutro u sklopu kojeg gledamo popularni dokumentarac\u00a0<strong>Tee Vidovi\u0107 Dalipi<\/strong>\u00a0<em><strong>Snajka: Dnevnik o\u010dekivanja<\/strong><\/em>, nakon kojeg \u0107e biti odr\u017eano predavanje i razgovor s filmskim kriti\u010darem\u00a0<strong>Ninom Kova\u010di\u0107em<\/strong>.<\/p>\n<p style=\"text-align: justify;\">Najbolji dokumentarni film prema izboru\u00a0<strong>Europske filmske akademije<\/strong>\u00a0na programu je u\u00a0<strong>subotu 14. prosinca u 17 sati<\/strong>, a rije\u010d je o izraelsko-palestinskom filmu\u00a0<strong><a href=\"https:\/\/restarted.us7.list-manage.com\/track\/click?u=207a411ad7693f291ff0c6a9a&amp;id=fd9df9b045&amp;e=4dcb642af3\" target=\"_blank\" rel=\"noopener\" data-saferedirecturl=\"https:\/\/www.google.com\/url?q=https:\/\/restarted.us7.list-manage.com\/track\/click?u%3D207a411ad7693f291ff0c6a9a%26id%3Dfd9df9b045%26e%3D4dcb642af3&amp;source=gmail&amp;ust=1733952881065000&amp;usg=AOvVaw0qxHWMJccS-L5OAu7nuKx0\"><em>Jedina zemlja<\/em><\/a><\/strong>. U njemu mladi palestinski aktivist upoznaje izraelskog novinara, s kojim kre\u0107e u zajedni\u010dku borbu protiv ekstremne nejednakosti. Veliki film o okupaciji Palestine va\u017ean je testament najmra\u010dnijim doga\u0111anjima u regiji ali i kreativnoj snazi u otporu apartheidu.<\/p>\n<p style=\"text-align: justify;\"><strong>Nedjelja\u00a015. prosinca<\/strong>\u00a0prilika\u00a0je za izvrsni ma\u0111arski dokumentarac\u00a0<strong><a href=\"https:\/\/restarted.us7.list-manage.com\/track\/click?u=207a411ad7693f291ff0c6a9a&amp;id=551ea2fe0a&amp;e=4dcb642af3\" target=\"_blank\" rel=\"noopener\" data-saferedirecturl=\"https:\/\/www.google.com\/url?q=https:\/\/restarted.us7.list-manage.com\/track\/click?u%3D207a411ad7693f291ff0c6a9a%26id%3D551ea2fe0a%26e%3D4dcb642af3&amp;source=gmail&amp;ust=1733952881065000&amp;usg=AOvVaw0aXYtlJaxX2GMDUCHDhKsk\"><em>Kix<\/em><\/a><\/strong>\u00a0u kojem redatelji\u00a0<strong>D\u00e1vid Mikul\u00e1n<\/strong>\u00a0&amp;\u00a0<strong>B\u00e1lint R\u00e9v\u00e9sz<\/strong>, na tragu Linklaterovog poznatog filma\u00a0<em>Boyhood<\/em>, prate Sanyjevu transformaciju od buntovnog klinca s ulice Budimpe\u0161te do razo\u010darane mlade osobe u tijeku 12 godina.\u00a0<em>Kix<\/em>\u00a0je na programu\u00a0<strong>u 17 sati<\/strong>, a nakon njega,\u00a0<strong>u 18:30<\/strong>\u00a0slijedi hvaljeni film belgijskog umjetnika i redatelja\u00a0<strong>Johana Grimonpreza<\/strong><em>,<\/em>\u00a0<strong><em><a href=\"https:\/\/restarted.us7.list-manage.com\/track\/click?u=207a411ad7693f291ff0c6a9a&amp;id=8a106d7929&amp;e=4dcb642af3\" target=\"_blank\" rel=\"noopener\" data-saferedirecturl=\"https:\/\/www.google.com\/url?q=https:\/\/restarted.us7.list-manage.com\/track\/click?u%3D207a411ad7693f291ff0c6a9a%26id%3D8a106d7929%26e%3D4dcb642af3&amp;source=gmail&amp;ust=1733952881065000&amp;usg=AOvVaw36udOPUmTyEbbLkChq8AQd\">Soundtrack za dr\u017eavni udar<\/a><\/em><\/strong>, koji donosi pri\u010du o\u00a0Kongu, afri\u010dkoj nezavisnosti, ameri\u010dkom pokretu za ljudska prava, hladnom ratu i najnekonvencionalnijem oru\u017eju SAD-a &#8211;\u00a0jazzu.<\/p>\n<p style=\"text-align: justify;\">Detaljan raspored i ulaznice:\u00a0<a href=\"https:\/\/restarted.us7.list-manage.com\/track\/click?u=207a411ad7693f291ff0c6a9a&amp;id=f177544faa&amp;e=4dcb642af3\" target=\"_blank\" rel=\"noopener\" data-saferedirecturl=\"https:\/\/www.google.com\/url?q=https:\/\/restarted.us7.list-manage.com\/track\/click?u%3D207a411ad7693f291ff0c6a9a%26id%3Df177544faa%26e%3D4dcb642af3&amp;source=gmail&amp;ust=1733952881065000&amp;usg=AOvVaw0SLoG2GvCk1rePqZjUBGgc\">dokukino.net<\/a>.<\/p>\n<p style=\"text-align: justify;\">[izvor informacije <strong><a href=\"https:\/\/restarted.hr\/\" target=\"_blank\" rel=\"noopener noreferrer\"> Restart<\/a><\/strong>]<\/p>\n<p style=\"text-align: justify;\"><iframe loading=\"lazy\" style=\"border: none; overflow: hidden;\" src=\"https:\/\/www.facebook.com\/plugins\/post.php?href=https%3A%2F%2Fwww.facebook.com%2FFILMmagnet%2Fposts%2Fpfbid02vjnSpfaUAjnrN8gD2zUawMWzPfP1trSvuSoPXPHZrgCt5E7cHhH26bdHaHWm4JVbl&amp;show_text=true&amp;width=500\" width=\"500\" height=\"609\" frameborder=\"0\" scrolling=\"no\" allowfullscreen=\"allowfullscreen\"><\/iframe><\/p>\n<div id=\"fb_share_1\" style=\"float: right; margin-left: 10px;\"><a name=\"fb_share\" type=\"box_count\" share_url=\"https:\/\/film-mag.net\/wp\/?p=57339\" href=\"http:\/\/www.facebook.com\/sharer.php\">Share<\/a><\/div><div><script src=\"https:\/\/static.ak.fbcdn.net\/connect.php\/js\/FB.Share\" type=\"text\/javascript\"><\/script><\/div><div style=\"clear:both\"><\/div>","protected":false},"excerpt":{"rendered":"<p>UPOZNAJ AUTORA U DOKUKINU KIC: SILVESTAR KOLBAS; EFA POBJEDNICI: Anselm Wima Wendersa i palestinska Jedina zemlja; HALL OF FAME: kultni dox o mladom Dylanu: Dont Look Back Zagreb, 10.12.2024. &#8211; Novotjedni repertoar Dokukina KIC otvorit \u0107e u\u00a0srijedu 11. prosinca u 18:30\u00a0novo izdanje programa Upoznaj autora\u00a0uz nagra\u0111ivanog snimatelja, fotografa i redatelja\u00a0Silvestra Kolbasa\u00a0koji u svojim filmovima sustavno [&hellip;]<\/p>\n","protected":false},"author":8,"featured_media":0,"comment_status":"closed","ping_status":"closed","sticky":false,"template":"","format":"standard","meta":{"_et_pb_use_builder":"","_et_pb_old_content":"","_et_gb_content_width":"","_editorskit_title_hidden":false,"_editorskit_reading_time":0,"_editorskit_is_block_options_detached":false,"_editorskit_block_options_position":"{}","footnotes":""},"categories":[9,20347,17050],"tags":[],"class_list":["post-57339","post","type-post","status-publish","format-standard","hentry","category-film","category-kino-program","category-press"],"yoast_head":"<!-- This site is optimized with the Yoast SEO plugin v24.6 - https:\/\/yoast.com\/wordpress\/plugins\/seo\/ -->\n<title>Dokukino KIC: Kolbas u gostima, Bob Dylan dox i EFA pobjednici - FILM-mag.net<\/title>\n<meta name=\"robots\" content=\"index, follow, max-snippet:-1, max-image-preview:large, max-video-preview:-1\" \/>\n<link rel=\"canonical\" href=\"https:\/\/film-mag.net\/wp\/?p=57339\" \/>\n<meta property=\"og:locale\" content=\"en_US\" \/>\n<meta property=\"og:type\" content=\"article\" \/>\n<meta property=\"og:title\" content=\"Dokukino KIC: Kolbas u gostima, Bob Dylan dox i EFA pobjednici - FILM-mag.net\" \/>\n<meta property=\"og:description\" content=\"UPOZNAJ AUTORA U DOKUKINU KIC: SILVESTAR KOLBAS; EFA POBJEDNICI: Anselm Wima Wendersa i palestinska Jedina zemlja; HALL OF FAME: kultni dox o mladom Dylanu: Dont Look Back Zagreb, 10.12.2024. &#8211; Novotjedni repertoar Dokukina KIC otvorit \u0107e u\u00a0srijedu 11. prosinca u 18:30\u00a0novo izdanje programa Upoznaj autora\u00a0uz nagra\u0111ivanog snimatelja, fotografa i redatelja\u00a0Silvestra Kolbasa\u00a0koji u svojim filmovima sustavno [&hellip;]\" \/>\n<meta property=\"og:url\" content=\"https:\/\/film-mag.net\/wp\/?p=57339\" \/>\n<meta property=\"og:site_name\" content=\"FILM-mag.net\" \/>\n<meta property=\"article:published_time\" content=\"2024-12-10T22:24:18+00:00\" \/>\n<meta name=\"author\" content=\"PRESS\" \/>\n<meta name=\"twitter:card\" content=\"summary_large_image\" \/>\n<meta name=\"twitter:label1\" content=\"Written by\" \/>\n\t<meta name=\"twitter:data1\" content=\"PRESS\" \/>\n\t<meta name=\"twitter:label2\" content=\"Est. reading time\" \/>\n\t<meta name=\"twitter:data2\" content=\"3 minutes\" \/>\n<script type=\"application\/ld+json\" class=\"yoast-schema-graph\">{\"@context\":\"https:\/\/schema.org\",\"@graph\":[{\"@type\":\"WebPage\",\"@id\":\"https:\/\/film-mag.net\/wp\/?p=57339\",\"url\":\"https:\/\/film-mag.net\/wp\/?p=57339\",\"name\":\"Dokukino KIC: Kolbas u gostima, Bob Dylan dox i EFA pobjednici - FILM-mag.net\",\"isPartOf\":{\"@id\":\"http:\/\/film-mag.net\/wp\/#website\"},\"datePublished\":\"2024-12-10T22:24:18+00:00\",\"author\":{\"@id\":\"http:\/\/film-mag.net\/wp\/#\/schema\/person\/a8dd3a5b76a5bbde974e03510a205c2f\"},\"breadcrumb\":{\"@id\":\"https:\/\/film-mag.net\/wp\/?p=57339#breadcrumb\"},\"inLanguage\":\"en-US\",\"potentialAction\":[{\"@type\":\"ReadAction\",\"target\":[\"https:\/\/film-mag.net\/wp\/?p=57339\"]}]},{\"@type\":\"BreadcrumbList\",\"@id\":\"https:\/\/film-mag.net\/wp\/?p=57339#breadcrumb\",\"itemListElement\":[{\"@type\":\"ListItem\",\"position\":1,\"name\":\"Home\",\"item\":\"http:\/\/film-mag.net\/wp\/\"},{\"@type\":\"ListItem\",\"position\":2,\"name\":\"Dokukino KIC: Kolbas u gostima, Bob Dylan dox i EFA pobjednici\"}]},{\"@type\":\"WebSite\",\"@id\":\"http:\/\/film-mag.net\/wp\/#website\",\"url\":\"http:\/\/film-mag.net\/wp\/\",\"name\":\"FILM-mag.net\",\"description\":\"Prvi hrvatski portal o filmu i filmu bliskim podru\u010djima kulture\",\"potentialAction\":[{\"@type\":\"SearchAction\",\"target\":{\"@type\":\"EntryPoint\",\"urlTemplate\":\"http:\/\/film-mag.net\/wp\/?s={search_term_string}\"},\"query-input\":{\"@type\":\"PropertyValueSpecification\",\"valueRequired\":true,\"valueName\":\"search_term_string\"}}],\"inLanguage\":\"en-US\"},{\"@type\":\"Person\",\"@id\":\"http:\/\/film-mag.net\/wp\/#\/schema\/person\/a8dd3a5b76a5bbde974e03510a205c2f\",\"name\":\"PRESS\",\"image\":{\"@type\":\"ImageObject\",\"inLanguage\":\"en-US\",\"@id\":\"http:\/\/film-mag.net\/wp\/#\/schema\/person\/image\/\",\"url\":\"https:\/\/secure.gravatar.com\/avatar\/bf4ab1626f485b36c4f3650b1d351839?s=96&d=mm&r=g\",\"contentUrl\":\"https:\/\/secure.gravatar.com\/avatar\/bf4ab1626f485b36c4f3650b1d351839?s=96&d=mm&r=g\",\"caption\":\"PRESS\"},\"url\":\"https:\/\/film-mag.net\/wp\/?author=8\"}]}<\/script>\n<!-- \/ Yoast SEO plugin. -->","yoast_head_json":{"title":"Dokukino KIC: Kolbas u gostima, Bob Dylan dox i EFA pobjednici - FILM-mag.net","robots":{"index":"index","follow":"follow","max-snippet":"max-snippet:-1","max-image-preview":"max-image-preview:large","max-video-preview":"max-video-preview:-1"},"canonical":"https:\/\/film-mag.net\/wp\/?p=57339","og_locale":"en_US","og_type":"article","og_title":"Dokukino KIC: Kolbas u gostima, Bob Dylan dox i EFA pobjednici - FILM-mag.net","og_description":"UPOZNAJ AUTORA U DOKUKINU KIC: SILVESTAR KOLBAS; EFA POBJEDNICI: Anselm Wima Wendersa i palestinska Jedina zemlja; HALL OF FAME: kultni dox o mladom Dylanu: Dont Look Back Zagreb, 10.12.2024. &#8211; Novotjedni repertoar Dokukina KIC otvorit \u0107e u\u00a0srijedu 11. prosinca u 18:30\u00a0novo izdanje programa Upoznaj autora\u00a0uz nagra\u0111ivanog snimatelja, fotografa i redatelja\u00a0Silvestra Kolbasa\u00a0koji u svojim filmovima sustavno [&hellip;]","og_url":"https:\/\/film-mag.net\/wp\/?p=57339","og_site_name":"FILM-mag.net","article_published_time":"2024-12-10T22:24:18+00:00","author":"PRESS","twitter_card":"summary_large_image","twitter_misc":{"Written by":"PRESS","Est. reading time":"3 minutes"},"schema":{"@context":"https:\/\/schema.org","@graph":[{"@type":"WebPage","@id":"https:\/\/film-mag.net\/wp\/?p=57339","url":"https:\/\/film-mag.net\/wp\/?p=57339","name":"Dokukino KIC: Kolbas u gostima, Bob Dylan dox i EFA pobjednici - FILM-mag.net","isPartOf":{"@id":"http:\/\/film-mag.net\/wp\/#website"},"datePublished":"2024-12-10T22:24:18+00:00","author":{"@id":"http:\/\/film-mag.net\/wp\/#\/schema\/person\/a8dd3a5b76a5bbde974e03510a205c2f"},"breadcrumb":{"@id":"https:\/\/film-mag.net\/wp\/?p=57339#breadcrumb"},"inLanguage":"en-US","potentialAction":[{"@type":"ReadAction","target":["https:\/\/film-mag.net\/wp\/?p=57339"]}]},{"@type":"BreadcrumbList","@id":"https:\/\/film-mag.net\/wp\/?p=57339#breadcrumb","itemListElement":[{"@type":"ListItem","position":1,"name":"Home","item":"http:\/\/film-mag.net\/wp\/"},{"@type":"ListItem","position":2,"name":"Dokukino KIC: Kolbas u gostima, Bob Dylan dox i EFA pobjednici"}]},{"@type":"WebSite","@id":"http:\/\/film-mag.net\/wp\/#website","url":"http:\/\/film-mag.net\/wp\/","name":"FILM-mag.net","description":"Prvi hrvatski portal o filmu i filmu bliskim podru\u010djima kulture","potentialAction":[{"@type":"SearchAction","target":{"@type":"EntryPoint","urlTemplate":"http:\/\/film-mag.net\/wp\/?s={search_term_string}"},"query-input":{"@type":"PropertyValueSpecification","valueRequired":true,"valueName":"search_term_string"}}],"inLanguage":"en-US"},{"@type":"Person","@id":"http:\/\/film-mag.net\/wp\/#\/schema\/person\/a8dd3a5b76a5bbde974e03510a205c2f","name":"PRESS","image":{"@type":"ImageObject","inLanguage":"en-US","@id":"http:\/\/film-mag.net\/wp\/#\/schema\/person\/image\/","url":"https:\/\/secure.gravatar.com\/avatar\/bf4ab1626f485b36c4f3650b1d351839?s=96&d=mm&r=g","contentUrl":"https:\/\/secure.gravatar.com\/avatar\/bf4ab1626f485b36c4f3650b1d351839?s=96&d=mm&r=g","caption":"PRESS"},"url":"https:\/\/film-mag.net\/wp\/?author=8"}]}},"_links":{"self":[{"href":"https:\/\/film-mag.net\/wp\/index.php?rest_route=\/wp\/v2\/posts\/57339","targetHints":{"allow":["GET"]}}],"collection":[{"href":"https:\/\/film-mag.net\/wp\/index.php?rest_route=\/wp\/v2\/posts"}],"about":[{"href":"https:\/\/film-mag.net\/wp\/index.php?rest_route=\/wp\/v2\/types\/post"}],"author":[{"embeddable":true,"href":"https:\/\/film-mag.net\/wp\/index.php?rest_route=\/wp\/v2\/users\/8"}],"replies":[{"embeddable":true,"href":"https:\/\/film-mag.net\/wp\/index.php?rest_route=%2Fwp%2Fv2%2Fcomments&post=57339"}],"version-history":[{"count":1,"href":"https:\/\/film-mag.net\/wp\/index.php?rest_route=\/wp\/v2\/posts\/57339\/revisions"}],"predecessor-version":[{"id":57340,"href":"https:\/\/film-mag.net\/wp\/index.php?rest_route=\/wp\/v2\/posts\/57339\/revisions\/57340"}],"wp:attachment":[{"href":"https:\/\/film-mag.net\/wp\/index.php?rest_route=%2Fwp%2Fv2%2Fmedia&parent=57339"}],"wp:term":[{"taxonomy":"category","embeddable":true,"href":"https:\/\/film-mag.net\/wp\/index.php?rest_route=%2Fwp%2Fv2%2Fcategories&post=57339"},{"taxonomy":"post_tag","embeddable":true,"href":"https:\/\/film-mag.net\/wp\/index.php?rest_route=%2Fwp%2Fv2%2Ftags&post=57339"}],"curies":[{"name":"wp","href":"https:\/\/api.w.org\/{rel}","templated":true}]}}