{"id":57299,"date":"2024-12-06T01:49:02","date_gmt":"2024-12-06T00:49:02","guid":{"rendered":"https:\/\/film-mag.net\/wp\/?p=57299"},"modified":"2024-12-06T01:49:02","modified_gmt":"2024-12-06T00:49:02","slug":"dokukino-kic-ciklus-europskih-oscara-i-vikend-uz-nasu-djecu","status":"publish","type":"post","link":"https:\/\/film-mag.net\/wp\/?p=57299","title":{"rendered":"Dokukino KIC: Ciklus Europskih Oscara i vikend uz &#8216;Na\u0161u djecu&#8217;"},"content":{"rendered":"<p style=\"text-align: justify;\"><strong>Do petka, 6. prosinca 2024., na repertoaru Dokukina KIC ciklus je dokumentaraca<\/strong><strong>\u00a0nominiranih u kategoriji najboljeg dokumentarnog filma nagrade\u00a0<\/strong><strong>Europske filmske akademije (EFA)<\/strong><strong>. \u010cetvrtak i petak prilika su za\u00a0<\/strong><strong>hvaljeni\u00a0<\/strong><strong><em>Soundtrack za dr\u017eavni udar<\/em><\/strong><strong>\u00a0Johana Grimonpreza i dobitnik<\/strong><strong>a<\/strong><strong>\u00a0nagrade Grierson\u00a0<\/strong><strong><em>Zbogom, Tiberijado<\/em><\/strong><strong>\u00a0Line Soualem<\/strong><strong>, dok\u00a0<\/strong><strong>vikend donosi<\/strong>\u00a0<strong>dvije projekcije filma koji ne prestaje osvajati priznanja, izvanredni dokumentarac Silvestra Kolbasa,\u00a0<\/strong><strong><em>Na\u0161a djeca<\/em><\/strong><strong>.<\/strong><\/p>\n<p style=\"text-align: justify;\">Film belgijskog multimedijskog umjetnika i redatelja\u00a0<strong>Johana Grimonpreza<\/strong>,\u00a0<strong><a href=\"https:\/\/restarted.us7.list-manage.com\/track\/click?u=207a411ad7693f291ff0c6a9a&amp;id=af48255f27&amp;e=4dcb642af3\" target=\"_blank\" rel=\"noopener\" data-saferedirecturl=\"https:\/\/www.google.com\/url?q=https:\/\/restarted.us7.list-manage.com\/track\/click?u%3D207a411ad7693f291ff0c6a9a%26id%3Daf48255f27%26e%3D4dcb642af3&amp;source=gmail&amp;ust=1733480662311000&amp;usg=AOvVaw2NVWHw5Dmltodx_Z6u2_Y3\"><em>Soundtrack za dr\u017eavni udar<\/em><\/a><\/strong>,\u00a0govori\u00a0o Kongu, afri\u010dkoj nezavisnosti, ameri\u010dkom pokretu za ljudska prava, hladnom ratu i najnekonvencionalnijem oru\u017eju SAD-a: jazzu. Pri\u010da o potkopavanju afri\u010dke borbe za samoodre\u0111enje ispri\u010dana je iz perspektiva aktivistice za \u017eenska prava i politi\u010darke Andr\u00e9e Blouin ro\u0111ene u Srednjoafri\u010dkoj Republici, irskog diplomata i\u00a0<em>enfant terriblea<\/em>\u00a0Conora Cruise O\u2019Briena, belgijsko-kongoanskog pisca In Kolija Jeana Bofanea i Nikite Hru\u0161\u010dova.\u00a0Film je na rasporedu u \u010detvrtak s po\u010detkom u 19 sati.<\/p>\n<p style=\"text-align: justify;\"><img decoding=\"async\" style=\"border: none; width: 100%;\" src=\" https:\/\/dokukino.net\/wp-content\/uploads\/2024\/11\/image-w1280.webp \" \/><\/p>\n<p style=\"text-align: justify;\">Soundtrack za dr\u017eavni udar ; Fotografiju ustupio <strong><a href=\"https:\/\/dokukino.net\/film\/europski-oscari-soundtrack-za-drzavni-udar\/\" target=\"_blank\" rel=\"noopener noreferrer\"> Dokukino KIC<\/a><\/strong><\/p>\n<p style=\"text-align: justify;\">U\u00a0<strong>petak 6. prosinca u 19 sati<\/strong>\u00a0na rasporedu je\u00a0kriti\u010dki hvaljeni\u00a0<a href=\"https:\/\/restarted.us7.list-manage.com\/track\/click?u=207a411ad7693f291ff0c6a9a&amp;id=8cdf84f6e6&amp;e=4dcb642af3\" target=\"_blank\" rel=\"noopener\" data-saferedirecturl=\"https:\/\/www.google.com\/url?q=https:\/\/restarted.us7.list-manage.com\/track\/click?u%3D207a411ad7693f291ff0c6a9a%26id%3D8cdf84f6e6%26e%3D4dcb642af3&amp;source=gmail&amp;ust=1733480662311000&amp;usg=AOvVaw0Jpnf70Wf_IR4fdsGmaUng\"><strong><em>Zbogom, Tiberijado<\/em><\/strong><\/a>\u00a0francusko-<wbr \/>palestinsko-al\u017eirske redateljice\u00a0<strong>Line Soualem<\/strong>.\u00a0Film donosi pri\u010du o \u010detiri generacije palestinskih \u017eena u egzilu u \u010dijem je sredi\u0161tu slavna glumica Hiam Abbas (poznata po ulozi ma\u0107ehe u seriji\u00a0<em>Naslje\u0111e<\/em>). Redateljica filigranski isprepli\u0107e vlastite obiteljske pri\u010de koje su se prenosile kroz \u010detiri generacije, stavljaju\u0107i u prvi plan iscjeliteljsku mo\u0107 pripovijedanja, dok u njenoj pozadini odzvanja tragi\u010dna povijest Palestine.<\/p>\n<p style=\"text-align: justify;\"><strong>U subotu 7. i nedjelju 8. prosinca<\/strong>\u00a0prikazat \u0107e se iznimno hvaljeni, intimni film velikog hrvatskog snimatelja, fotografa i redatelja\u00a0<strong>Silvestra Kolbasa<\/strong>,\u00a0<a href=\"https:\/\/restarted.us7.list-manage.com\/track\/click?u=207a411ad7693f291ff0c6a9a&amp;id=aa0cb18dda&amp;e=4dcb642af3\" target=\"_blank\" rel=\"noopener\" data-saferedirecturl=\"https:\/\/www.google.com\/url?q=https:\/\/restarted.us7.list-manage.com\/track\/click?u%3D207a411ad7693f291ff0c6a9a%26id%3Daa0cb18dda%26e%3D4dcb642af3&amp;source=gmail&amp;ust=1733480662311000&amp;usg=AOvVaw2F9WaurbvEO6i-9Vaplt4Z\"><em><strong>Na\u0161a djeca<\/strong><\/em><\/a>. Silvestar kao najstariji Kolbas u svojoj obitelji odlu\u010duje snimiti film o svojoj obitelji, \u017eeni i djeci, njihovim kompleksnim odnosima i ljubavi, a rezultat je, kako pi\u0161e Damir Radi\u0107 za Dokumentarni.net, ne samo strukturalno \u201cnego i psiholo\u0161ki slo\u017eeno djelo\u201d. Na Pulskom filmskom festivalu osvojio je Zlatne Arene za re\u017eiju i monta\u017eu, a na netom zavr\u0161enim Danima hrvatskog filma i nagradu publike.<\/p>\n<p style=\"text-align: justify;\">Na nedjeljnom je programu i gostovanje\u00a0<strong><a href=\"https:\/\/restarted.us7.list-manage.com\/track\/click?u=207a411ad7693f291ff0c6a9a&amp;id=d8bbded29b&amp;e=4dcb642af3\" target=\"_blank\" rel=\"noopener\" data-saferedirecturl=\"https:\/\/www.google.com\/url?q=https:\/\/restarted.us7.list-manage.com\/track\/click?u%3D207a411ad7693f291ff0c6a9a%26id%3Dd8bbded29b%26e%3D4dcb642af3&amp;source=gmail&amp;ust=1733480662311000&amp;usg=AOvVaw3Gz_vODyjN7umhF8nIq4QA\"><em>Interface Video Art Festivala<\/em><\/a><\/strong>\u00a0koje okuplja autore posve\u0107ene eksperimentiranju u podru\u010dju video umjetnosti i stvaranju inovativnih filmskih formi. Program festivala Interface temelji se na istra\u017eivanju novih medija, video umjetnosti i eksperimenta u filmskom mediju te nudi uvid u stvarala\u0161tvo \u0161ireg kruga umjetnika bez unaprijed zadanih kustoskih okvira. Program od \u0161est filmova iz raznih dijelova svijeta mo\u017eete pogledati\u00a0od\u00a017 sati.<\/p>\n<p style=\"text-align: justify;\">Detaljan raspored i ulaznice:\u00a0<strong><a href=\"https:\/\/restarted.us7.list-manage.com\/track\/click?u=207a411ad7693f291ff0c6a9a&amp;id=7d3314097b&amp;e=4dcb642af3\" target=\"_blank\" rel=\"noopener\" data-saferedirecturl=\"https:\/\/www.google.com\/url?q=https:\/\/restarted.us7.list-manage.com\/track\/click?u%3D207a411ad7693f291ff0c6a9a%26id%3D7d3314097b%26e%3D4dcb642af3&amp;source=gmail&amp;ust=1733480662311000&amp;usg=AOvVaw1El3CoKzDcYYr7rlMveO1K\">dokukino.net<\/a><\/strong>.<\/p>\n<p style=\"text-align: justify;\">[izvor informacije <strong><a href=\"https:\/\/dokukino.net\/\" target=\"_blank\" rel=\"noopener noreferrer\"> Dokukino NET<\/a><\/strong>]<\/p>\n<p style=\"text-align: justify;\"><iframe loading=\"lazy\" title=\"Soundtrack to a Coup d'etat | Trailer | BELDOCS 2024\" src=\"https:\/\/www.youtube.com\/embed\/iBVppbEqsfY\" width=\"560\" height=\"315\" frameborder=\"0\" allowfullscreen=\"allowfullscreen\"><\/iframe><\/p>\n<p style=\"text-align: justify;\"><iframe loading=\"lazy\" title=\"BYE BYE TIBERIAS Trailer | TIFF 2023\" src=\"https:\/\/www.youtube.com\/embed\/iQYo2pk1iAk\" width=\"560\" height=\"315\" frameborder=\"0\" allowfullscreen=\"allowfullscreen\"><\/iframe><\/p>\n<p style=\"text-align: justify;\"><iframe loading=\"lazy\" title=\"NA\u0160A DJECA TRAILER\" src=\"https:\/\/www.youtube.com\/embed\/By-56XZPw68\" width=\"560\" height=\"315\" frameborder=\"0\" allowfullscreen=\"allowfullscreen\"><span style=\"display: inline-block; width: 0px; overflow: hidden; line-height: 0;\" data-mce-type=\"bookmark\" class=\"mce_SELRES_start\">\ufeff<\/span><\/iframe><\/p>\n<p style=\"text-align: justify;\"><iframe loading=\"lazy\" style=\"border: none; overflow: hidden;\" src=\"https:\/\/www.facebook.com\/plugins\/post.php?href=https%3A%2F%2Fwww.facebook.com%2FFILMmagnet%2Fposts%2Fpfbid0hEraMYwj5m7aVzjG3yV5bfMsbAa9m3uBkCmj5QjosFNbkdLSuNL5urwHMbdKU3hfl&amp;show_text=true&amp;width=500\" width=\"500\" height=\"372\" frameborder=\"0\" scrolling=\"no\" allowfullscreen=\"allowfullscreen\"><\/iframe><\/p>\n<div id=\"fb_share_1\" style=\"float: right; margin-left: 10px;\"><a name=\"fb_share\" type=\"box_count\" share_url=\"https:\/\/film-mag.net\/wp\/?p=57299\" href=\"http:\/\/www.facebook.com\/sharer.php\">Share<\/a><\/div><div><script src=\"https:\/\/static.ak.fbcdn.net\/connect.php\/js\/FB.Share\" type=\"text\/javascript\"><\/script><\/div><div style=\"clear:both\"><\/div>","protected":false},"excerpt":{"rendered":"<p>Do petka, 6. prosinca 2024., na repertoaru Dokukina KIC ciklus je dokumentaraca\u00a0nominiranih u kategoriji najboljeg dokumentarnog filma nagrade\u00a0Europske filmske akademije (EFA). \u010cetvrtak i petak prilika su za\u00a0hvaljeni\u00a0Soundtrack za dr\u017eavni udar\u00a0Johana Grimonpreza i dobitnika\u00a0nagrade Grierson\u00a0Zbogom, Tiberijado\u00a0Line Soualem, dok\u00a0vikend donosi\u00a0dvije projekcije filma koji ne prestaje osvajati priznanja, izvanredni dokumentarac Silvestra Kolbasa,\u00a0Na\u0161a djeca. Film belgijskog multimedijskog umjetnika i [&hellip;]<\/p>\n","protected":false},"author":8,"featured_media":0,"comment_status":"closed","ping_status":"closed","sticky":false,"template":"","format":"standard","meta":{"_et_pb_use_builder":"","_et_pb_old_content":"","_et_gb_content_width":"","_editorskit_title_hidden":false,"_editorskit_reading_time":0,"_editorskit_is_block_options_detached":false,"_editorskit_block_options_position":"{}","footnotes":""},"categories":[9,20347,17050],"tags":[1035,26556,586],"class_list":["post-57299","post","type-post","status-publish","format-standard","hentry","category-film","category-kino-program","category-press","tag-dokukino-kic","tag-dokukino-kic-2024","tag-kino-program"],"yoast_head":"<!-- This site is optimized with the Yoast SEO plugin v24.6 - https:\/\/yoast.com\/wordpress\/plugins\/seo\/ -->\n<title>Dokukino KIC: Ciklus Europskih Oscara i vikend uz &#039;Na\u0161u djecu&#039; - FILM-mag.net<\/title>\n<meta name=\"robots\" content=\"index, follow, max-snippet:-1, max-image-preview:large, max-video-preview:-1\" \/>\n<link rel=\"canonical\" href=\"https:\/\/film-mag.net\/wp\/?p=57299\" \/>\n<meta property=\"og:locale\" content=\"en_US\" \/>\n<meta property=\"og:type\" content=\"article\" \/>\n<meta property=\"og:title\" content=\"Dokukino KIC: Ciklus Europskih Oscara i vikend uz &#039;Na\u0161u djecu&#039; - FILM-mag.net\" \/>\n<meta property=\"og:description\" content=\"Do petka, 6. prosinca 2024., na repertoaru Dokukina KIC ciklus je dokumentaraca\u00a0nominiranih u kategoriji najboljeg dokumentarnog filma nagrade\u00a0Europske filmske akademije (EFA). \u010cetvrtak i petak prilika su za\u00a0hvaljeni\u00a0Soundtrack za dr\u017eavni udar\u00a0Johana Grimonpreza i dobitnika\u00a0nagrade Grierson\u00a0Zbogom, Tiberijado\u00a0Line Soualem, dok\u00a0vikend donosi\u00a0dvije projekcije filma koji ne prestaje osvajati priznanja, izvanredni dokumentarac Silvestra Kolbasa,\u00a0Na\u0161a djeca. Film belgijskog multimedijskog umjetnika i [&hellip;]\" \/>\n<meta property=\"og:url\" content=\"https:\/\/film-mag.net\/wp\/?p=57299\" \/>\n<meta property=\"og:site_name\" content=\"FILM-mag.net\" \/>\n<meta property=\"article:published_time\" content=\"2024-12-06T00:49:02+00:00\" \/>\n<meta name=\"author\" content=\"PRESS\" \/>\n<meta name=\"twitter:card\" content=\"summary_large_image\" \/>\n<meta name=\"twitter:label1\" content=\"Written by\" \/>\n\t<meta name=\"twitter:data1\" content=\"PRESS\" \/>\n\t<meta name=\"twitter:label2\" content=\"Est. reading time\" \/>\n\t<meta name=\"twitter:data2\" content=\"2 minutes\" \/>\n<script type=\"application\/ld+json\" class=\"yoast-schema-graph\">{\"@context\":\"https:\/\/schema.org\",\"@graph\":[{\"@type\":\"WebPage\",\"@id\":\"https:\/\/film-mag.net\/wp\/?p=57299\",\"url\":\"https:\/\/film-mag.net\/wp\/?p=57299\",\"name\":\"Dokukino KIC: Ciklus Europskih Oscara i vikend uz 'Na\u0161u djecu' - FILM-mag.net\",\"isPartOf\":{\"@id\":\"http:\/\/film-mag.net\/wp\/#website\"},\"datePublished\":\"2024-12-06T00:49:02+00:00\",\"author\":{\"@id\":\"http:\/\/film-mag.net\/wp\/#\/schema\/person\/a8dd3a5b76a5bbde974e03510a205c2f\"},\"breadcrumb\":{\"@id\":\"https:\/\/film-mag.net\/wp\/?p=57299#breadcrumb\"},\"inLanguage\":\"en-US\",\"potentialAction\":[{\"@type\":\"ReadAction\",\"target\":[\"https:\/\/film-mag.net\/wp\/?p=57299\"]}]},{\"@type\":\"BreadcrumbList\",\"@id\":\"https:\/\/film-mag.net\/wp\/?p=57299#breadcrumb\",\"itemListElement\":[{\"@type\":\"ListItem\",\"position\":1,\"name\":\"Home\",\"item\":\"http:\/\/film-mag.net\/wp\/\"},{\"@type\":\"ListItem\",\"position\":2,\"name\":\"Dokukino KIC: Ciklus Europskih Oscara i vikend uz &#8216;Na\u0161u djecu&#8217;\"}]},{\"@type\":\"WebSite\",\"@id\":\"http:\/\/film-mag.net\/wp\/#website\",\"url\":\"http:\/\/film-mag.net\/wp\/\",\"name\":\"FILM-mag.net\",\"description\":\"Prvi hrvatski portal o filmu i filmu bliskim podru\u010djima kulture\",\"potentialAction\":[{\"@type\":\"SearchAction\",\"target\":{\"@type\":\"EntryPoint\",\"urlTemplate\":\"http:\/\/film-mag.net\/wp\/?s={search_term_string}\"},\"query-input\":{\"@type\":\"PropertyValueSpecification\",\"valueRequired\":true,\"valueName\":\"search_term_string\"}}],\"inLanguage\":\"en-US\"},{\"@type\":\"Person\",\"@id\":\"http:\/\/film-mag.net\/wp\/#\/schema\/person\/a8dd3a5b76a5bbde974e03510a205c2f\",\"name\":\"PRESS\",\"image\":{\"@type\":\"ImageObject\",\"inLanguage\":\"en-US\",\"@id\":\"http:\/\/film-mag.net\/wp\/#\/schema\/person\/image\/\",\"url\":\"https:\/\/secure.gravatar.com\/avatar\/bf4ab1626f485b36c4f3650b1d351839?s=96&d=mm&r=g\",\"contentUrl\":\"https:\/\/secure.gravatar.com\/avatar\/bf4ab1626f485b36c4f3650b1d351839?s=96&d=mm&r=g\",\"caption\":\"PRESS\"},\"url\":\"https:\/\/film-mag.net\/wp\/?author=8\"}]}<\/script>\n<!-- \/ Yoast SEO plugin. -->","yoast_head_json":{"title":"Dokukino KIC: Ciklus Europskih Oscara i vikend uz 'Na\u0161u djecu' - FILM-mag.net","robots":{"index":"index","follow":"follow","max-snippet":"max-snippet:-1","max-image-preview":"max-image-preview:large","max-video-preview":"max-video-preview:-1"},"canonical":"https:\/\/film-mag.net\/wp\/?p=57299","og_locale":"en_US","og_type":"article","og_title":"Dokukino KIC: Ciklus Europskih Oscara i vikend uz 'Na\u0161u djecu' - FILM-mag.net","og_description":"Do petka, 6. prosinca 2024., na repertoaru Dokukina KIC ciklus je dokumentaraca\u00a0nominiranih u kategoriji najboljeg dokumentarnog filma nagrade\u00a0Europske filmske akademije (EFA). \u010cetvrtak i petak prilika su za\u00a0hvaljeni\u00a0Soundtrack za dr\u017eavni udar\u00a0Johana Grimonpreza i dobitnika\u00a0nagrade Grierson\u00a0Zbogom, Tiberijado\u00a0Line Soualem, dok\u00a0vikend donosi\u00a0dvije projekcije filma koji ne prestaje osvajati priznanja, izvanredni dokumentarac Silvestra Kolbasa,\u00a0Na\u0161a djeca. Film belgijskog multimedijskog umjetnika i [&hellip;]","og_url":"https:\/\/film-mag.net\/wp\/?p=57299","og_site_name":"FILM-mag.net","article_published_time":"2024-12-06T00:49:02+00:00","author":"PRESS","twitter_card":"summary_large_image","twitter_misc":{"Written by":"PRESS","Est. reading time":"2 minutes"},"schema":{"@context":"https:\/\/schema.org","@graph":[{"@type":"WebPage","@id":"https:\/\/film-mag.net\/wp\/?p=57299","url":"https:\/\/film-mag.net\/wp\/?p=57299","name":"Dokukino KIC: Ciklus Europskih Oscara i vikend uz 'Na\u0161u djecu' - FILM-mag.net","isPartOf":{"@id":"http:\/\/film-mag.net\/wp\/#website"},"datePublished":"2024-12-06T00:49:02+00:00","author":{"@id":"http:\/\/film-mag.net\/wp\/#\/schema\/person\/a8dd3a5b76a5bbde974e03510a205c2f"},"breadcrumb":{"@id":"https:\/\/film-mag.net\/wp\/?p=57299#breadcrumb"},"inLanguage":"en-US","potentialAction":[{"@type":"ReadAction","target":["https:\/\/film-mag.net\/wp\/?p=57299"]}]},{"@type":"BreadcrumbList","@id":"https:\/\/film-mag.net\/wp\/?p=57299#breadcrumb","itemListElement":[{"@type":"ListItem","position":1,"name":"Home","item":"http:\/\/film-mag.net\/wp\/"},{"@type":"ListItem","position":2,"name":"Dokukino KIC: Ciklus Europskih Oscara i vikend uz &#8216;Na\u0161u djecu&#8217;"}]},{"@type":"WebSite","@id":"http:\/\/film-mag.net\/wp\/#website","url":"http:\/\/film-mag.net\/wp\/","name":"FILM-mag.net","description":"Prvi hrvatski portal o filmu i filmu bliskim podru\u010djima kulture","potentialAction":[{"@type":"SearchAction","target":{"@type":"EntryPoint","urlTemplate":"http:\/\/film-mag.net\/wp\/?s={search_term_string}"},"query-input":{"@type":"PropertyValueSpecification","valueRequired":true,"valueName":"search_term_string"}}],"inLanguage":"en-US"},{"@type":"Person","@id":"http:\/\/film-mag.net\/wp\/#\/schema\/person\/a8dd3a5b76a5bbde974e03510a205c2f","name":"PRESS","image":{"@type":"ImageObject","inLanguage":"en-US","@id":"http:\/\/film-mag.net\/wp\/#\/schema\/person\/image\/","url":"https:\/\/secure.gravatar.com\/avatar\/bf4ab1626f485b36c4f3650b1d351839?s=96&d=mm&r=g","contentUrl":"https:\/\/secure.gravatar.com\/avatar\/bf4ab1626f485b36c4f3650b1d351839?s=96&d=mm&r=g","caption":"PRESS"},"url":"https:\/\/film-mag.net\/wp\/?author=8"}]}},"_links":{"self":[{"href":"https:\/\/film-mag.net\/wp\/index.php?rest_route=\/wp\/v2\/posts\/57299","targetHints":{"allow":["GET"]}}],"collection":[{"href":"https:\/\/film-mag.net\/wp\/index.php?rest_route=\/wp\/v2\/posts"}],"about":[{"href":"https:\/\/film-mag.net\/wp\/index.php?rest_route=\/wp\/v2\/types\/post"}],"author":[{"embeddable":true,"href":"https:\/\/film-mag.net\/wp\/index.php?rest_route=\/wp\/v2\/users\/8"}],"replies":[{"embeddable":true,"href":"https:\/\/film-mag.net\/wp\/index.php?rest_route=%2Fwp%2Fv2%2Fcomments&post=57299"}],"version-history":[{"count":1,"href":"https:\/\/film-mag.net\/wp\/index.php?rest_route=\/wp\/v2\/posts\/57299\/revisions"}],"predecessor-version":[{"id":57300,"href":"https:\/\/film-mag.net\/wp\/index.php?rest_route=\/wp\/v2\/posts\/57299\/revisions\/57300"}],"wp:attachment":[{"href":"https:\/\/film-mag.net\/wp\/index.php?rest_route=%2Fwp%2Fv2%2Fmedia&parent=57299"}],"wp:term":[{"taxonomy":"category","embeddable":true,"href":"https:\/\/film-mag.net\/wp\/index.php?rest_route=%2Fwp%2Fv2%2Fcategories&post=57299"},{"taxonomy":"post_tag","embeddable":true,"href":"https:\/\/film-mag.net\/wp\/index.php?rest_route=%2Fwp%2Fv2%2Ftags&post=57299"}],"curies":[{"name":"wp","href":"https:\/\/api.w.org\/{rel}","templated":true}]}}