{"id":57219,"date":"2024-11-27T01:04:02","date_gmt":"2024-11-27T00:04:02","guid":{"rendered":"https:\/\/film-mag.net\/wp\/?p=57219"},"modified":"2024-11-27T01:04:02","modified_gmt":"2024-11-27T00:04:02","slug":"filmski-cetvrtak-povodom-150-godina-hrvatskog-sokola","status":"publish","type":"post","link":"https:\/\/film-mag.net\/wp\/?p=57219","title":{"rendered":"Filmski \u010detvrtak povodom 150 godina Hrvatskog sokola"},"content":{"rendered":"<p style=\"text-align: justify;\">Novo izdanje Filmskog \u010detvrtka <em>Hrvatski sokol &#8211; vi\u0161e od tjelovje\u017ebe<\/em> posve\u0107ujemo 150. godi\u0161njici djelovanja Hrvatskog sokola u Zagrebu i 120.\u00a0 godi\u0161njici Hrvatskog gimnasti\u010dkog saveza. Ove organizacije su osnovane radi promicanja tjelovje\u017ebe i \u0161irenja nacionalne svijesti, a njihov moto je glasio: &#8220;U desnici snaga, u srcu odva\u017enost, u misli domovina!&#8221;<\/p>\n<p style=\"text-align: justify;\"><img decoding=\"async\" style=\"border: none; width: 100%;\" src=\" https:\/\/www.sokolzagreb.hr\/storage\/app\/uploads\/public\/673\/f6a\/2e3\/673f6a2e3a4e9428565540.png \" \/><\/p>\n<p style=\"text-align: justify;\">Fotografiju ustupio <strong><a href=\"https:\/\/www.sokolzagreb.hr\/novosti\/filmski-cetvrtak-povodom-150-godina-hrvatskog-sokola\" target=\"_blank\" rel=\"noopener noreferrer\"> Hrvatski Sokol<\/a><\/strong><\/p>\n<p style=\"text-align: justify;\">Filmski \u010detvrtak odr\u017eat \u0107e se, ovaj put izvanredno u utorak,<strong> 26. studenog 2024., u 18 sati<\/strong> <strong>u dvorani Katalozi Hrvatskoga dr\u017eavnog arhiva (Maruli\u0107ev trg 21)<\/strong>. Na po\u010detku programa vidjet \u0107emo film <em>Sokolski slet u Splitu <\/em>(1910), prvu sa\u010duvanu snimku dru\u0161tva Hrvatski sokol i jedan od najranijih sa\u010duvanih hrvatskih filmskih zapisa uop\u0107e<em>. <\/em>Nakon toga vidjet \u0107emo prizore Hrvatskih sokola u prvom sa\u010duvanom filmu o Zagrebu <em>Zagabria<\/em> (1913.) i svjedo\u010diti njihovoj prisutnosti na sprovodu Stjepana Radi\u0107a. Bit \u0107e prikazana i dva filma o 2. pokrajinskom sokolskom sletu u Zagrebu 1934., od kojih je iznimno dragocjen film <em>Sli\u010dice sa svesokolskog sleta u Zagrebu<\/em>, kojeg je autor Maksimilijan Paspa ru\u010dno obojio sli\u010dicu po sli\u010dicu. U posljednjem filmu s programa, lepr\u0161avom i \u0161armantnom prikazu kampa sokolskih dru\u0161tava na Bledu <em>Oj letni sivi sokole <\/em>(1934), uo\u010dit \u0107emo gimnasti\u010dke i atletske sposobnosti sokola i svjedo\u010diti svakodnevici \u017eivota u kampu.<\/p>\n<p style=\"text-align: justify;\">Izlaganje nakon projekcije filmova odr\u017eat \u0107e dugogodi\u0161nji istra\u017eiva\u010d sokolskog pokreta i autor brojnih \u010dlanaka i knjiga o Hrvatskom sokolu \u017deljko Ivelji\u0107. Gosti programa bit \u0107e predstavnici gimnasti\u010dkih dru\u0161tava i saveza iz Hrvatske, Slovenije i Srbije. Kustos programa je vi\u0161i filmski arhivist Juraj Kuko\u010d, a njegova organizatorica filmska arhivistica Nina Kolar. Filmovi na programu dio su zbirki Hrvatske kinoteke, odjela Hrvatskog dr\u017eavnog arhiva. Ulaz je slobodan.<\/p>\n<p style=\"text-align: justify;\"><strong>Filmovi na programu su:<\/strong><br \/>\n<em>Sokolski slet u Splitu <\/em>(Hrvatska, Josip Karaman, 1910, 1 min)<br \/>\n<em>Zagabria<\/em> (Italija, 1913, 3 min)<br \/>\n<em>Sprovod Stjepana Radi\u0107a<\/em> (Hrvatska, 1928, 3 min)<br \/>\n<em>Jubilarni sokolski slet u Jugoslaviji <\/em>(SAD, 1934, 3 min)<br \/>\n<em>Sli\u010dice sa svesokolskog sleta u Zagrebu <\/em>(Hrvatska, Maksimilijan Paspa, 1934, 5 min)<br \/>\n<em>Oj letni sivi sokole\u00a0 <\/em>&#8211; isje\u010dci (Hrvatska, Kamilo Br\u00f6ssler, 1934, 34 min)<\/p>\n<p style=\"text-align: justify;\">[izvor informacije <strong><a href=\"http:\/\/www.arhiv.hr\/hr-hr\/\" target=\"_blank\" rel=\"noopener noreferrer\"> Hrvatski dr\u017eavni arhiv<\/a><\/strong>]<\/p>\n<p style=\"text-align: justify;\"><iframe loading=\"lazy\" title=\"Split u objektivu Josipa Karamana, 8. listopada 2020.\" src=\"https:\/\/www.youtube.com\/embed\/SLhSkJSsSyo\" width=\"560\" height=\"315\" frameborder=\"0\" allowfullscreen=\"allowfullscreen\"><\/iframe><\/p>\n<p style=\"text-align: justify;\"><iframe loading=\"lazy\" style=\"border: none; overflow: hidden;\" src=\"https:\/\/www.facebook.com\/plugins\/post.php?href=https%3A%2F%2Fwww.facebook.com%2FFILMmagnet%2Fposts%2Fpfbid02h2BTFzpVtAU554j343aALzcNtvEZrZSDr4TFaKqv1gFEMYcQ2ptoLZLy1eh1e4FPl&amp;show_text=true&amp;width=500\" width=\"500\" height=\"665\" frameborder=\"0\" scrolling=\"no\" allowfullscreen=\"allowfullscreen\"><\/iframe><\/p>\n<div id=\"fb_share_1\" style=\"float: right; margin-left: 10px;\"><a name=\"fb_share\" type=\"box_count\" share_url=\"https:\/\/film-mag.net\/wp\/?p=57219\" href=\"http:\/\/www.facebook.com\/sharer.php\">Share<\/a><\/div><div><script src=\"https:\/\/static.ak.fbcdn.net\/connect.php\/js\/FB.Share\" type=\"text\/javascript\"><\/script><\/div><div style=\"clear:both\"><\/div>","protected":false},"excerpt":{"rendered":"<p>Novo izdanje Filmskog \u010detvrtka Hrvatski sokol &#8211; vi\u0161e od tjelovje\u017ebe posve\u0107ujemo 150. godi\u0161njici djelovanja Hrvatskog sokola u Zagrebu i 120.\u00a0 godi\u0161njici Hrvatskog gimnasti\u010dkog saveza. Ove organizacije su osnovane radi promicanja tjelovje\u017ebe i \u0161irenja nacionalne svijesti, a njihov moto je glasio: &#8220;U desnici snaga, u srcu odva\u017enost, u misli domovina!&#8221; Fotografiju ustupio Hrvatski Sokol Filmski \u010detvrtak [&hellip;]<\/p>\n","protected":false},"author":8,"featured_media":0,"comment_status":"closed","ping_status":"closed","sticky":false,"template":"","format":"standard","meta":{"_et_pb_use_builder":"","_et_pb_old_content":"","_et_gb_content_width":"","_editorskit_title_hidden":false,"_editorskit_reading_time":0,"_editorskit_is_block_options_detached":false,"_editorskit_block_options_position":"{}","footnotes":""},"categories":[9,21,17050],"tags":[18752,26821,15936],"class_list":["post-57219","post","type-post","status-publish","format-standard","hentry","category-film","category-filmske-novosti","category-press","tag-hda","tag-hda-2024","tag-hrvatski-drzavni-arhiv"],"yoast_head":"<!-- This site is optimized with the Yoast SEO plugin v24.6 - https:\/\/yoast.com\/wordpress\/plugins\/seo\/ -->\n<title>Filmski \u010detvrtak povodom 150 godina Hrvatskog sokola - FILM-mag.net<\/title>\n<meta name=\"robots\" content=\"index, follow, max-snippet:-1, max-image-preview:large, max-video-preview:-1\" \/>\n<link rel=\"canonical\" href=\"https:\/\/film-mag.net\/wp\/?p=57219\" \/>\n<meta property=\"og:locale\" content=\"en_US\" \/>\n<meta property=\"og:type\" content=\"article\" \/>\n<meta property=\"og:title\" content=\"Filmski \u010detvrtak povodom 150 godina Hrvatskog sokola - FILM-mag.net\" \/>\n<meta property=\"og:description\" content=\"Novo izdanje Filmskog \u010detvrtka Hrvatski sokol &#8211; vi\u0161e od tjelovje\u017ebe posve\u0107ujemo 150. godi\u0161njici djelovanja Hrvatskog sokola u Zagrebu i 120.\u00a0 godi\u0161njici Hrvatskog gimnasti\u010dkog saveza. Ove organizacije su osnovane radi promicanja tjelovje\u017ebe i \u0161irenja nacionalne svijesti, a njihov moto je glasio: &#8220;U desnici snaga, u srcu odva\u017enost, u misli domovina!&#8221; Fotografiju ustupio Hrvatski Sokol Filmski \u010detvrtak [&hellip;]\" \/>\n<meta property=\"og:url\" content=\"https:\/\/film-mag.net\/wp\/?p=57219\" \/>\n<meta property=\"og:site_name\" content=\"FILM-mag.net\" \/>\n<meta property=\"article:published_time\" content=\"2024-11-27T00:04:02+00:00\" \/>\n<meta name=\"author\" content=\"PRESS\" \/>\n<meta name=\"twitter:card\" content=\"summary_large_image\" \/>\n<meta name=\"twitter:label1\" content=\"Written by\" \/>\n\t<meta name=\"twitter:data1\" content=\"PRESS\" \/>\n\t<meta name=\"twitter:label2\" content=\"Est. reading time\" \/>\n\t<meta name=\"twitter:data2\" content=\"2 minutes\" \/>\n<script type=\"application\/ld+json\" class=\"yoast-schema-graph\">{\"@context\":\"https:\/\/schema.org\",\"@graph\":[{\"@type\":\"WebPage\",\"@id\":\"https:\/\/film-mag.net\/wp\/?p=57219\",\"url\":\"https:\/\/film-mag.net\/wp\/?p=57219\",\"name\":\"Filmski \u010detvrtak povodom 150 godina Hrvatskog sokola - FILM-mag.net\",\"isPartOf\":{\"@id\":\"https:\/\/film-mag.net\/wp\/#website\"},\"datePublished\":\"2024-11-27T00:04:02+00:00\",\"author\":{\"@id\":\"https:\/\/film-mag.net\/wp\/#\/schema\/person\/a8dd3a5b76a5bbde974e03510a205c2f\"},\"breadcrumb\":{\"@id\":\"https:\/\/film-mag.net\/wp\/?p=57219#breadcrumb\"},\"inLanguage\":\"en-US\",\"potentialAction\":[{\"@type\":\"ReadAction\",\"target\":[\"https:\/\/film-mag.net\/wp\/?p=57219\"]}]},{\"@type\":\"BreadcrumbList\",\"@id\":\"https:\/\/film-mag.net\/wp\/?p=57219#breadcrumb\",\"itemListElement\":[{\"@type\":\"ListItem\",\"position\":1,\"name\":\"Home\",\"item\":\"https:\/\/film-mag.net\/wp\/\"},{\"@type\":\"ListItem\",\"position\":2,\"name\":\"Filmski \u010detvrtak povodom 150 godina Hrvatskog sokola\"}]},{\"@type\":\"WebSite\",\"@id\":\"https:\/\/film-mag.net\/wp\/#website\",\"url\":\"https:\/\/film-mag.net\/wp\/\",\"name\":\"FILM-mag.net\",\"description\":\"Prvi hrvatski portal o filmu i filmu bliskim podru\u010djima kulture\",\"potentialAction\":[{\"@type\":\"SearchAction\",\"target\":{\"@type\":\"EntryPoint\",\"urlTemplate\":\"https:\/\/film-mag.net\/wp\/?s={search_term_string}\"},\"query-input\":{\"@type\":\"PropertyValueSpecification\",\"valueRequired\":true,\"valueName\":\"search_term_string\"}}],\"inLanguage\":\"en-US\"},{\"@type\":\"Person\",\"@id\":\"https:\/\/film-mag.net\/wp\/#\/schema\/person\/a8dd3a5b76a5bbde974e03510a205c2f\",\"name\":\"PRESS\",\"image\":{\"@type\":\"ImageObject\",\"inLanguage\":\"en-US\",\"@id\":\"https:\/\/film-mag.net\/wp\/#\/schema\/person\/image\/\",\"url\":\"https:\/\/secure.gravatar.com\/avatar\/bf4ab1626f485b36c4f3650b1d351839?s=96&d=mm&r=g\",\"contentUrl\":\"https:\/\/secure.gravatar.com\/avatar\/bf4ab1626f485b36c4f3650b1d351839?s=96&d=mm&r=g\",\"caption\":\"PRESS\"},\"url\":\"https:\/\/film-mag.net\/wp\/?author=8\"}]}<\/script>\n<!-- \/ Yoast SEO plugin. -->","yoast_head_json":{"title":"Filmski \u010detvrtak povodom 150 godina Hrvatskog sokola - FILM-mag.net","robots":{"index":"index","follow":"follow","max-snippet":"max-snippet:-1","max-image-preview":"max-image-preview:large","max-video-preview":"max-video-preview:-1"},"canonical":"https:\/\/film-mag.net\/wp\/?p=57219","og_locale":"en_US","og_type":"article","og_title":"Filmski \u010detvrtak povodom 150 godina Hrvatskog sokola - FILM-mag.net","og_description":"Novo izdanje Filmskog \u010detvrtka Hrvatski sokol &#8211; vi\u0161e od tjelovje\u017ebe posve\u0107ujemo 150. godi\u0161njici djelovanja Hrvatskog sokola u Zagrebu i 120.\u00a0 godi\u0161njici Hrvatskog gimnasti\u010dkog saveza. Ove organizacije su osnovane radi promicanja tjelovje\u017ebe i \u0161irenja nacionalne svijesti, a njihov moto je glasio: &#8220;U desnici snaga, u srcu odva\u017enost, u misli domovina!&#8221; Fotografiju ustupio Hrvatski Sokol Filmski \u010detvrtak [&hellip;]","og_url":"https:\/\/film-mag.net\/wp\/?p=57219","og_site_name":"FILM-mag.net","article_published_time":"2024-11-27T00:04:02+00:00","author":"PRESS","twitter_card":"summary_large_image","twitter_misc":{"Written by":"PRESS","Est. reading time":"2 minutes"},"schema":{"@context":"https:\/\/schema.org","@graph":[{"@type":"WebPage","@id":"https:\/\/film-mag.net\/wp\/?p=57219","url":"https:\/\/film-mag.net\/wp\/?p=57219","name":"Filmski \u010detvrtak povodom 150 godina Hrvatskog sokola - FILM-mag.net","isPartOf":{"@id":"https:\/\/film-mag.net\/wp\/#website"},"datePublished":"2024-11-27T00:04:02+00:00","author":{"@id":"https:\/\/film-mag.net\/wp\/#\/schema\/person\/a8dd3a5b76a5bbde974e03510a205c2f"},"breadcrumb":{"@id":"https:\/\/film-mag.net\/wp\/?p=57219#breadcrumb"},"inLanguage":"en-US","potentialAction":[{"@type":"ReadAction","target":["https:\/\/film-mag.net\/wp\/?p=57219"]}]},{"@type":"BreadcrumbList","@id":"https:\/\/film-mag.net\/wp\/?p=57219#breadcrumb","itemListElement":[{"@type":"ListItem","position":1,"name":"Home","item":"https:\/\/film-mag.net\/wp\/"},{"@type":"ListItem","position":2,"name":"Filmski \u010detvrtak povodom 150 godina Hrvatskog sokola"}]},{"@type":"WebSite","@id":"https:\/\/film-mag.net\/wp\/#website","url":"https:\/\/film-mag.net\/wp\/","name":"FILM-mag.net","description":"Prvi hrvatski portal o filmu i filmu bliskim podru\u010djima kulture","potentialAction":[{"@type":"SearchAction","target":{"@type":"EntryPoint","urlTemplate":"https:\/\/film-mag.net\/wp\/?s={search_term_string}"},"query-input":{"@type":"PropertyValueSpecification","valueRequired":true,"valueName":"search_term_string"}}],"inLanguage":"en-US"},{"@type":"Person","@id":"https:\/\/film-mag.net\/wp\/#\/schema\/person\/a8dd3a5b76a5bbde974e03510a205c2f","name":"PRESS","image":{"@type":"ImageObject","inLanguage":"en-US","@id":"https:\/\/film-mag.net\/wp\/#\/schema\/person\/image\/","url":"https:\/\/secure.gravatar.com\/avatar\/bf4ab1626f485b36c4f3650b1d351839?s=96&d=mm&r=g","contentUrl":"https:\/\/secure.gravatar.com\/avatar\/bf4ab1626f485b36c4f3650b1d351839?s=96&d=mm&r=g","caption":"PRESS"},"url":"https:\/\/film-mag.net\/wp\/?author=8"}]}},"_links":{"self":[{"href":"https:\/\/film-mag.net\/wp\/index.php?rest_route=\/wp\/v2\/posts\/57219","targetHints":{"allow":["GET"]}}],"collection":[{"href":"https:\/\/film-mag.net\/wp\/index.php?rest_route=\/wp\/v2\/posts"}],"about":[{"href":"https:\/\/film-mag.net\/wp\/index.php?rest_route=\/wp\/v2\/types\/post"}],"author":[{"embeddable":true,"href":"https:\/\/film-mag.net\/wp\/index.php?rest_route=\/wp\/v2\/users\/8"}],"replies":[{"embeddable":true,"href":"https:\/\/film-mag.net\/wp\/index.php?rest_route=%2Fwp%2Fv2%2Fcomments&post=57219"}],"version-history":[{"count":1,"href":"https:\/\/film-mag.net\/wp\/index.php?rest_route=\/wp\/v2\/posts\/57219\/revisions"}],"predecessor-version":[{"id":57220,"href":"https:\/\/film-mag.net\/wp\/index.php?rest_route=\/wp\/v2\/posts\/57219\/revisions\/57220"}],"wp:attachment":[{"href":"https:\/\/film-mag.net\/wp\/index.php?rest_route=%2Fwp%2Fv2%2Fmedia&parent=57219"}],"wp:term":[{"taxonomy":"category","embeddable":true,"href":"https:\/\/film-mag.net\/wp\/index.php?rest_route=%2Fwp%2Fv2%2Fcategories&post=57219"},{"taxonomy":"post_tag","embeddable":true,"href":"https:\/\/film-mag.net\/wp\/index.php?rest_route=%2Fwp%2Fv2%2Ftags&post=57219"}],"curies":[{"name":"wp","href":"https:\/\/api.w.org\/{rel}","templated":true}]}}