{"id":55636,"date":"2024-06-05T11:48:56","date_gmt":"2024-06-05T09:48:56","guid":{"rendered":"http:\/\/film-mag.net\/wp\/?p=55636"},"modified":"2024-06-05T11:48:56","modified_gmt":"2024-06-05T09:48:56","slug":"premijera-opere-rajnino-zlato-u-rijeckom-zajcu","status":"publish","type":"post","link":"https:\/\/film-mag.net\/wp\/?p=55636","title":{"rendered":"Premijera opere &#8216;Rajnino zlato&#8217; u rije\u010dkom Zajcu"},"content":{"rendered":"<p style=\"text-align: justify;\"><strong>Wagnerova opera \u201eRajnino zlato\u201c prvi put u Rijeci: <\/strong><strong>Prokletstvo \u017eivota bez ljubavi<\/strong><\/p>\n<p style=\"text-align: justify;\">\u010cetiri godine nakon povijesne, prve Wagnerove opere u vlastitoj produkciji \u201eTristana i Izolde\u201c, u HNK-u Ivana pl. Zajca u <strong>petak 7. lipnja 2024<\/strong>. rije\u010dku \u0107e praizvedbu do\u017eivjeti i Wagnerova opera <strong>\u201eRajnino zlato\u201c<\/strong>.<\/p>\n<p style=\"text-align: justify;\">Prvi dio odnosno prolog monumentalne operne tetralogije \u201ePrstena Nibelunga\u201c, jednog od najzahtjevnijih djela glazbenoga kazali\u0161ta, predstavlja izniman umjetni\u010dki izazov kojeg su se prihvatili, u prvom redu, maestro <strong>Valentin Egel<\/strong> koji \u0107e dirigirati divovskom partiturom i redatelj <strong>Dra\u017een Siri\u0161\u010devi\u0107<\/strong> te ekipa vrhunskih pjeva\u010da.<\/p>\n<p style=\"text-align: justify;\"><img decoding=\"async\" style=\"border: none; width: 100%;\" src=\" https:\/\/hnk-zajc.hr\/wp-content\/uploads\/2023\/07\/Rajnino-zlato_vizual-715x575.jpg \" \/><\/p>\n<p style=\"text-align: justify;\">Fotografiju ustupio <strong><a href=\"https:\/\/hnk-zajc.hr\/predstava\/rajnino-zlato\/ \" target=\"_blank\" rel=\"noopener noreferrer\"> HNK Ivan pl. Zajc<\/a><\/strong><\/p>\n<p style=\"text-align: justify;\">Wagnerov \u201ePrsten Nibelunga\u201c \u010desto se uspore\u0111uje s trilogijom \u201eGospodar prstenova\u201c J.R.R. Tolkeina, a \u201eRajnino zlato\u201c s \u201eHobbitom\u201c, Tolkeinovim uvodom u njegovu kasniju sagu. Me\u0111utim, \u201eRajnino zlato\u201c je puno vi\u0161e od prologa.<\/p>\n<p style=\"text-align: justify;\">\u201eRajnino zlato\u201c sadr\u017ei daleko vi\u0161e od pozadine nadolaze\u0107im doga\u0111anjima. Iako je rije\u010d o prologu koji otvara pri\u010du glazbenog ciklusa, \u201eRajnino zlato\u201c je pri\u010da posve posebna, u svom vremenu, s jedinstvenim glazbenim momentima\u201c, isti\u010de maestro <strong>Valentin Egel<\/strong>.<\/p>\n<p style=\"text-align: justify;\">\u201eRajnino zlato je pri\u010da o prokletstvu \u017eivota bez ljubavi. U Wagnerovom opernom kotlu svijeta koji \u010dine bogovi na njegovom vrhu, stra\u0161ni divovi, sve neprispodobive nemani, vladari podzemlja Nibelunzi\u2026 svi besmrtnici i smrtnici dijele iste osobine: pohotu, prijetvornost, potkupljivost, slijepu \u017eudnju za mo\u0107i i vla\u0161\u0107u\u201c, poja\u0161njava redatelj <strong>Dra\u017een Siri\u0161\u010devi\u0107.<\/strong><\/p>\n<p style=\"text-align: justify;\">Upravo stoga je privla\u010dnost i aktualnost ove mitolo\u0161ke operne pri\u010de koja po\u010dinje u dubinama Rajne bezvremenska. Wagner ju je po\u010deo skladati 1853. a zavr\u0161io sredinom 1854. godine, no trebalo je pro\u0107i jo\u0161 15 godina da opera za koju je skladatelj napisao i libreto do\u017eivi svoju svjetsku premijeru, 22. rujna 1869. u M\u00fcnchenu.<\/p>\n<p style=\"text-align: justify;\">Na po\u010detku opere zati\u010demo Rajnine k\u0107eri koje \u010duvaju mo\u0107no zlato. Onaj tko se zauvijek odrekne ljubavi i od tog zlata iskuje prsten, postat \u0107e svemo\u0107an. Iako su uvjerene da je njihovo blago sigurno jer ne mo\u017ee postojati onaj tko bi se odrekao mo\u0107i ljubavi, Nibelung Alberich to \u010dini bez oklijevanja, krade zlato, proklinje ljubav i porobljava vlastiti narod. \u010cuv\u0161i za prsten Wotan, vrhovni bog, kre\u0107e u podzemlje u potragu za njim. Nakon \u0161to je zarobljen i prisiljen predati ga, Alberich proklinje prsten kojim \u0107e bogovi platiti gradnju svojih dvora. Erda, mudra bo\u017eica zemlje, upozorava boga Wotana da se \u010duva tog prstena\u2026 Jer prokletstvo \u0107e progoniti Wotana i njegove potomke do kraja veli\u010danstvene epske operne sage koju uz \u201eRajnino zlato\u201c \u010dine \u201eWalk\u00fcra\u201c, \u201eSiegfried\u201c i \u201eSumrak bogova\u201c.<\/p>\n<p style=\"text-align: justify;\">Nastupa blistava solisti\u010dka ekipa \u0161to ju \u010dine renomirana i omiljena imena. U ulozi Wotana <strong>Goran Juri\u0107<\/strong>, jedan od na\u0161ih najuspje\u0161nijih i najistaknutijih opernih solista na me\u0111unarodnoj sceni, danas solist <a href=\"https:\/\/hr.wikipedia.org\/w\/index.php?title=Dr%C5%BEavna_opera_u_Stuttgartu&amp;action=edit&amp;redlink=1\">Dr\u017eavne opere u Stuttgartu<\/a>, gdje je stigao iz\u00a0<a href=\"https:\/\/hr.wikipedia.org\/w\/index.php?title=Bavarska_dr%C5%BEavna_opera&amp;action=edit&amp;redlink=1\">Bavarske dr\u017eavne opere<\/a><strong>, <\/strong>a u me\u0111uvremenu debitirao i u njujor\u0161kom Metropolitanu. Ulogu Logea tuma\u010di <strong>Brett Sprague<\/strong>, ameri\u010dki tenor trenutno sa stalnim anga\u017emanom u Njema\u010dkoj. Nastupit \u0107e i <strong>Jure Po\u010dkaj<\/strong> kao Alberich, <strong>Stefany Findrik<\/strong> kao Fricka, <strong>Dubravka \u0160eparovi\u0107 Mu\u0161ovi\u0107<\/strong> kao Erda, <strong>Josipa Gvozdani\u0107<\/strong> kao Freia, <strong>Pawe\u0142 Konik<\/strong> kao Donner, <strong>Marko Fortunato<\/strong> kao Mime, a <strong>Bo\u017ee Juri\u0107 Pe\u0161i\u0107<\/strong> kao Froh. U ulogama divova nastupit \u0107e <strong>Luka Ortar<\/strong> i <strong>Slavko Sekuli\u0107<\/strong>, a Rajninih k\u0107eri <strong>Gabriela Hr\u017eenjak, Gabrijela Deglin<\/strong> i <strong>Emilia Rukavina<\/strong>. U predstavi sudjeluje i udaraljka\u0161ki ansambl \u201cSinkopa\u201d Glazbene \u0161kole Ivana Mateti\u0107a Ronjgova.<\/p>\n<p style=\"text-align: justify;\">Nakon premijerne izvedbe, \u201eRajnino zlato\u201c ponovno je na programu \u201eZajca\u201c 18. i 20. lipnja 2024.<\/p>\n<p style=\"text-align: justify;\">[izvor informacije <strong><a href=\"https:\/\/hnk-zajc.hr\/\" target=\"_blank\" rel=\"noopener noreferrer\"> HNK Ivan pl. Zajc<\/a><\/strong>].<\/p>\n<p style=\"text-align: justify;\"><iframe loading=\"lazy\" style=\"border: none; overflow: hidden;\" src=\"https:\/\/www.facebook.com\/plugins\/post.php?href=https%3A%2F%2Fwww.facebook.com%2FFILMmagnet%2Fposts%2Fpfbid0b3znYYyx1TeTJkFpRe5Twpxz1faYxDpadfHsmtCvujSgB54L9hHEwgU2dh3eRVVNl&amp;show_text=true&amp;width=500&amp;preview=comet_preview\" width=\"500\" height=\"250\" frameborder=\"0\" scrolling=\"no\" allowfullscreen=\"allowfullscreen\"><\/iframe><\/p>\n<div id=\"fb_share_1\" style=\"float: right; margin-left: 10px;\"><a name=\"fb_share\" type=\"box_count\" share_url=\"https:\/\/film-mag.net\/wp\/?p=55636\" href=\"http:\/\/www.facebook.com\/sharer.php\">Share<\/a><\/div><div><script src=\"https:\/\/static.ak.fbcdn.net\/connect.php\/js\/FB.Share\" type=\"text\/javascript\"><\/script><\/div><div style=\"clear:both\"><\/div>","protected":false},"excerpt":{"rendered":"<p>Wagnerova opera \u201eRajnino zlato\u201c prvi put u Rijeci: Prokletstvo \u017eivota bez ljubavi \u010cetiri godine nakon povijesne, prve Wagnerove opere u vlastitoj produkciji \u201eTristana i Izolde\u201c, u HNK-u Ivana pl. Zajca u petak 7. lipnja 2024. rije\u010dku \u0107e praizvedbu do\u017eivjeti i Wagnerova opera \u201eRajnino zlato\u201c. Prvi dio odnosno prolog monumentalne operne tetralogije \u201ePrstena Nibelunga\u201c, jednog od [&hellip;]<\/p>\n","protected":false},"author":8,"featured_media":0,"comment_status":"closed","ping_status":"closed","sticky":false,"template":"","format":"standard","meta":{"_et_pb_use_builder":"","_et_pb_old_content":"","_et_gb_content_width":"","_editorskit_title_hidden":false,"_editorskit_reading_time":0,"_editorskit_is_block_options_detached":false,"_editorskit_block_options_position":"{}","footnotes":""},"categories":[11,33,10,6000,17050],"tags":[16196,7131,1170,11102,662,21170],"class_list":["post-55636","post","type-post","status-publish","format-standard","hentry","category-glazba","category-kazalisne-premijere","category-kazaliste","category-opera-glazba","category-press","tag-drazen-siriscevic","tag-hnk-ivan-pl-zajc","tag-opera","tag-richard-wagner","tag-rijeka","tag-valentin-egel"],"yoast_head":"<!-- This site is optimized with the Yoast SEO plugin v24.6 - https:\/\/yoast.com\/wordpress\/plugins\/seo\/ -->\n<title>Premijera opere &#039;Rajnino zlato&#039; u rije\u010dkom Zajcu - FILM-mag.net<\/title>\n<meta name=\"robots\" content=\"index, follow, max-snippet:-1, max-image-preview:large, max-video-preview:-1\" \/>\n<link rel=\"canonical\" href=\"https:\/\/film-mag.net\/wp\/?p=55636\" \/>\n<meta property=\"og:locale\" content=\"en_US\" \/>\n<meta property=\"og:type\" content=\"article\" \/>\n<meta property=\"og:title\" content=\"Premijera opere &#039;Rajnino zlato&#039; u rije\u010dkom Zajcu - FILM-mag.net\" \/>\n<meta property=\"og:description\" content=\"Wagnerova opera \u201eRajnino zlato\u201c prvi put u Rijeci: Prokletstvo \u017eivota bez ljubavi \u010cetiri godine nakon povijesne, prve Wagnerove opere u vlastitoj produkciji \u201eTristana i Izolde\u201c, u HNK-u Ivana pl. Zajca u petak 7. lipnja 2024. rije\u010dku \u0107e praizvedbu do\u017eivjeti i Wagnerova opera \u201eRajnino zlato\u201c. Prvi dio odnosno prolog monumentalne operne tetralogije \u201ePrstena Nibelunga\u201c, jednog od [&hellip;]\" \/>\n<meta property=\"og:url\" content=\"https:\/\/film-mag.net\/wp\/?p=55636\" \/>\n<meta property=\"og:site_name\" content=\"FILM-mag.net\" \/>\n<meta property=\"article:published_time\" content=\"2024-06-05T09:48:56+00:00\" \/>\n<meta name=\"author\" content=\"PRESS\" \/>\n<meta name=\"twitter:card\" content=\"summary_large_image\" \/>\n<meta name=\"twitter:label1\" content=\"Written by\" \/>\n\t<meta name=\"twitter:data1\" content=\"PRESS\" \/>\n\t<meta name=\"twitter:label2\" content=\"Est. reading time\" \/>\n\t<meta name=\"twitter:data2\" content=\"3 minutes\" \/>\n<script type=\"application\/ld+json\" class=\"yoast-schema-graph\">{\"@context\":\"https:\/\/schema.org\",\"@graph\":[{\"@type\":\"WebPage\",\"@id\":\"https:\/\/film-mag.net\/wp\/?p=55636\",\"url\":\"https:\/\/film-mag.net\/wp\/?p=55636\",\"name\":\"Premijera opere 'Rajnino zlato' u rije\u010dkom Zajcu - FILM-mag.net\",\"isPartOf\":{\"@id\":\"http:\/\/film-mag.net\/wp\/#website\"},\"datePublished\":\"2024-06-05T09:48:56+00:00\",\"author\":{\"@id\":\"http:\/\/film-mag.net\/wp\/#\/schema\/person\/a8dd3a5b76a5bbde974e03510a205c2f\"},\"breadcrumb\":{\"@id\":\"https:\/\/film-mag.net\/wp\/?p=55636#breadcrumb\"},\"inLanguage\":\"en-US\",\"potentialAction\":[{\"@type\":\"ReadAction\",\"target\":[\"https:\/\/film-mag.net\/wp\/?p=55636\"]}]},{\"@type\":\"BreadcrumbList\",\"@id\":\"https:\/\/film-mag.net\/wp\/?p=55636#breadcrumb\",\"itemListElement\":[{\"@type\":\"ListItem\",\"position\":1,\"name\":\"Home\",\"item\":\"http:\/\/film-mag.net\/wp\/\"},{\"@type\":\"ListItem\",\"position\":2,\"name\":\"Premijera opere &#8216;Rajnino zlato&#8217; u rije\u010dkom Zajcu\"}]},{\"@type\":\"WebSite\",\"@id\":\"http:\/\/film-mag.net\/wp\/#website\",\"url\":\"http:\/\/film-mag.net\/wp\/\",\"name\":\"FILM-mag.net\",\"description\":\"Prvi hrvatski portal o filmu i filmu bliskim podru\u010djima kulture\",\"potentialAction\":[{\"@type\":\"SearchAction\",\"target\":{\"@type\":\"EntryPoint\",\"urlTemplate\":\"http:\/\/film-mag.net\/wp\/?s={search_term_string}\"},\"query-input\":{\"@type\":\"PropertyValueSpecification\",\"valueRequired\":true,\"valueName\":\"search_term_string\"}}],\"inLanguage\":\"en-US\"},{\"@type\":\"Person\",\"@id\":\"http:\/\/film-mag.net\/wp\/#\/schema\/person\/a8dd3a5b76a5bbde974e03510a205c2f\",\"name\":\"PRESS\",\"image\":{\"@type\":\"ImageObject\",\"inLanguage\":\"en-US\",\"@id\":\"http:\/\/film-mag.net\/wp\/#\/schema\/person\/image\/\",\"url\":\"https:\/\/secure.gravatar.com\/avatar\/bf4ab1626f485b36c4f3650b1d351839?s=96&d=mm&r=g\",\"contentUrl\":\"https:\/\/secure.gravatar.com\/avatar\/bf4ab1626f485b36c4f3650b1d351839?s=96&d=mm&r=g\",\"caption\":\"PRESS\"},\"url\":\"https:\/\/film-mag.net\/wp\/?author=8\"}]}<\/script>\n<!-- \/ Yoast SEO plugin. -->","yoast_head_json":{"title":"Premijera opere 'Rajnino zlato' u rije\u010dkom Zajcu - FILM-mag.net","robots":{"index":"index","follow":"follow","max-snippet":"max-snippet:-1","max-image-preview":"max-image-preview:large","max-video-preview":"max-video-preview:-1"},"canonical":"https:\/\/film-mag.net\/wp\/?p=55636","og_locale":"en_US","og_type":"article","og_title":"Premijera opere 'Rajnino zlato' u rije\u010dkom Zajcu - FILM-mag.net","og_description":"Wagnerova opera \u201eRajnino zlato\u201c prvi put u Rijeci: Prokletstvo \u017eivota bez ljubavi \u010cetiri godine nakon povijesne, prve Wagnerove opere u vlastitoj produkciji \u201eTristana i Izolde\u201c, u HNK-u Ivana pl. Zajca u petak 7. lipnja 2024. rije\u010dku \u0107e praizvedbu do\u017eivjeti i Wagnerova opera \u201eRajnino zlato\u201c. Prvi dio odnosno prolog monumentalne operne tetralogije \u201ePrstena Nibelunga\u201c, jednog od [&hellip;]","og_url":"https:\/\/film-mag.net\/wp\/?p=55636","og_site_name":"FILM-mag.net","article_published_time":"2024-06-05T09:48:56+00:00","author":"PRESS","twitter_card":"summary_large_image","twitter_misc":{"Written by":"PRESS","Est. reading time":"3 minutes"},"schema":{"@context":"https:\/\/schema.org","@graph":[{"@type":"WebPage","@id":"https:\/\/film-mag.net\/wp\/?p=55636","url":"https:\/\/film-mag.net\/wp\/?p=55636","name":"Premijera opere 'Rajnino zlato' u rije\u010dkom Zajcu - FILM-mag.net","isPartOf":{"@id":"http:\/\/film-mag.net\/wp\/#website"},"datePublished":"2024-06-05T09:48:56+00:00","author":{"@id":"http:\/\/film-mag.net\/wp\/#\/schema\/person\/a8dd3a5b76a5bbde974e03510a205c2f"},"breadcrumb":{"@id":"https:\/\/film-mag.net\/wp\/?p=55636#breadcrumb"},"inLanguage":"en-US","potentialAction":[{"@type":"ReadAction","target":["https:\/\/film-mag.net\/wp\/?p=55636"]}]},{"@type":"BreadcrumbList","@id":"https:\/\/film-mag.net\/wp\/?p=55636#breadcrumb","itemListElement":[{"@type":"ListItem","position":1,"name":"Home","item":"http:\/\/film-mag.net\/wp\/"},{"@type":"ListItem","position":2,"name":"Premijera opere &#8216;Rajnino zlato&#8217; u rije\u010dkom Zajcu"}]},{"@type":"WebSite","@id":"http:\/\/film-mag.net\/wp\/#website","url":"http:\/\/film-mag.net\/wp\/","name":"FILM-mag.net","description":"Prvi hrvatski portal o filmu i filmu bliskim podru\u010djima kulture","potentialAction":[{"@type":"SearchAction","target":{"@type":"EntryPoint","urlTemplate":"http:\/\/film-mag.net\/wp\/?s={search_term_string}"},"query-input":{"@type":"PropertyValueSpecification","valueRequired":true,"valueName":"search_term_string"}}],"inLanguage":"en-US"},{"@type":"Person","@id":"http:\/\/film-mag.net\/wp\/#\/schema\/person\/a8dd3a5b76a5bbde974e03510a205c2f","name":"PRESS","image":{"@type":"ImageObject","inLanguage":"en-US","@id":"http:\/\/film-mag.net\/wp\/#\/schema\/person\/image\/","url":"https:\/\/secure.gravatar.com\/avatar\/bf4ab1626f485b36c4f3650b1d351839?s=96&d=mm&r=g","contentUrl":"https:\/\/secure.gravatar.com\/avatar\/bf4ab1626f485b36c4f3650b1d351839?s=96&d=mm&r=g","caption":"PRESS"},"url":"https:\/\/film-mag.net\/wp\/?author=8"}]}},"_links":{"self":[{"href":"https:\/\/film-mag.net\/wp\/index.php?rest_route=\/wp\/v2\/posts\/55636","targetHints":{"allow":["GET"]}}],"collection":[{"href":"https:\/\/film-mag.net\/wp\/index.php?rest_route=\/wp\/v2\/posts"}],"about":[{"href":"https:\/\/film-mag.net\/wp\/index.php?rest_route=\/wp\/v2\/types\/post"}],"author":[{"embeddable":true,"href":"https:\/\/film-mag.net\/wp\/index.php?rest_route=\/wp\/v2\/users\/8"}],"replies":[{"embeddable":true,"href":"https:\/\/film-mag.net\/wp\/index.php?rest_route=%2Fwp%2Fv2%2Fcomments&post=55636"}],"version-history":[{"count":1,"href":"https:\/\/film-mag.net\/wp\/index.php?rest_route=\/wp\/v2\/posts\/55636\/revisions"}],"predecessor-version":[{"id":55637,"href":"https:\/\/film-mag.net\/wp\/index.php?rest_route=\/wp\/v2\/posts\/55636\/revisions\/55637"}],"wp:attachment":[{"href":"https:\/\/film-mag.net\/wp\/index.php?rest_route=%2Fwp%2Fv2%2Fmedia&parent=55636"}],"wp:term":[{"taxonomy":"category","embeddable":true,"href":"https:\/\/film-mag.net\/wp\/index.php?rest_route=%2Fwp%2Fv2%2Fcategories&post=55636"},{"taxonomy":"post_tag","embeddable":true,"href":"https:\/\/film-mag.net\/wp\/index.php?rest_route=%2Fwp%2Fv2%2Ftags&post=55636"}],"curies":[{"name":"wp","href":"https:\/\/api.w.org\/{rel}","templated":true}]}}