{"id":55477,"date":"2024-05-17T21:22:48","date_gmt":"2024-05-17T19:22:48","guid":{"rendered":"http:\/\/film-mag.net\/wp\/?p=55477"},"modified":"2024-05-17T21:22:48","modified_gmt":"2024-05-17T19:22:48","slug":"premijera-predstave-glorija-u-rijeckom-zajcu","status":"publish","type":"post","link":"https:\/\/film-mag.net\/wp\/?p=55477","title":{"rendered":"Premijera predstave &#8216;Glorija&#8217; u rije\u010dkom Zajcu"},"content":{"rendered":"<p style=\"text-align: justify;\"><strong>Nakon 26 godina, u re\u017eiji Senke Buli\u0107, u rije\u010dki \u201eZajc\u201c vra\u0107a se Marinkovi\u0107eva \u201eGlorija\u201c<\/strong><\/p>\n<p style=\"text-align: justify;\">Dvadeset i \u0161est godina nakon posljednjeg uprizorenja <strong>Marinkovi\u0107eve \u201eGlorije\u201c<\/strong> na pozornici <strong>HNK Ivana pl. Zajca<\/strong>, rije\u010dka publika ponovno \u0107e mo\u0107i vidjeti ovaj antologijski \u201emirakul u \u0161est slika\u201c, remek-djelo hrvatske dramske literature, u re\u017eiji <strong>Senke Buli\u0107<\/strong>, a premijerna izvedba na programu je rije\u010dkog HNK-a u petak <strong>24. svibnja 2024<\/strong>.<\/p>\n<p style=\"text-align: justify;\">\u201eGloriji\u201c\u00a0Ranka Marinkovi\u0107a pripada poseban status, hrvatska kazali\u0161ta rado joj se uvijek iznova vra\u0107aju jo\u0161 od praizvedbe 1955. godine, a svojom neprolaznom aktualno\u0161\u0107u kazali\u0161tu uvijek postavlja izazov novih interpretacija. Ovaj komad kroz motive vjere u \u010dudo i pitanja istine i la\u017ei na jedinstven na\u010din povezuje kazali\u0161te, crkvu i cirkus, te se \u00a0kroz pri\u010du o nemogu\u0107oj ljubavi sve\u0107enika i mlade \u017eene problematizira motiv sukoba pojedinca, posebno \u017eene, s dogmama i dru\u0161tvenim normama.<\/p>\n<p style=\"text-align: justify;\"><img decoding=\"async\" style=\"border: none; width: 100%;\" src=\" https:\/\/hnk-zajc.hr\/wp-content\/uploads\/2023\/07\/Glorija_vizual-1-994x800.jpg \" \/><\/p>\n<p style=\"text-align: justify;\">Fotografiju ustupio <strong><a href=\" LINK \" target=\"_blank\" rel=\"noopener noreferrer\"> HNK Ivan pl. Zajc<\/a><\/strong><\/p>\n<p style=\"text-align: justify;\">A Senka Buli\u0107 poznata je upravo po svojem suvremenom i hrabrom pristupu re\u017eiji u kojoj se naj\u010de\u0161\u0107e fokusira na sna\u017ene \u017eenske likove razaraju\u0107ih energija te dramati\u010dne, destruktivne sudbine i odnose s mu\u0161karcima, ne libe\u0107i se upu\u0161tati u dru\u0161tvena propitivanja i kontroverzne teme. Kao \u0161to i sama isti\u010de, \u201eGlorija\u201c se nadovezuje se njeno bavljenje va\u017enim \u017eenskim likovima i njihovim dramati\u010dnim sudbinama, odnosom prema dogmatizmu, dru\u0161tvenim normama, ali i ljubavi kao \u010dudom.<\/p>\n<p style=\"text-align: justify;\">\u201ePrate\u0107i Glorijine izbore zanima me dana\u0161nji odnos prema \u017eivotu i smrti. Na \u0161to pristajemo kad se odlu\u010dimo za \u017eivot, a \u0161to vodi do odluke o kraju?\u00a0 Zanima me feministi\u010dka perspektiva ovog teksta i potreba da se postane subjekt u dogmati\u010dnom svijetu, ure\u0111enom prema mu\u0161kim principima. Glorijina tragika proizlazi iz nepodno\u0161ljivih sukoba kojima se dokida smisao\u00a0vlastitog \u017eivota\u201c, nagla\u0161ava Senka Buli\u0107.<\/p>\n<p style=\"text-align: justify;\">Naslovna uloga, \u0161to su je tuma\u010dile mnoge velike glumice, pripala je <strong>Ivni Bruck<\/strong>, rije\u010dkoj glumici, \u010dlanici ansambla Talijanske drame koja paralelno glumi i u mnogim predstavama rije\u010dke Hrvatske drame. O razlozima izbora upravo Ivne Bruck za ulogu Glorije \/ Magdalene\u00a0 \/ Jagode, redateljica Senka Buli\u0107 ka\u017ee: \u201eIvna je glumica neobi\u010dne senzibilnosti\u00a0i snage. Rafinirane, nijansirane emocionalnosti. Otvorena za rizike i izvedbene pomake.\u00a0Motivaciju i razloge dopiranja do\u00a0igre pronalazi u \u010ditavom gluma\u010dkom bi\u0107u, fizi\u010dki i intelektualno.\u00a0Sugestivno, bez\u00a0patetike. Talent i disciplina za sna\u017ene suvremene gluma\u010dke izvedbe.\u201c<\/p>\n<p style=\"text-align: justify;\">U ostalim su ulogama <strong>Karlo Mrk\u0161a<\/strong> kao don Jere i <strong>Jasmin Meki\u0107<\/strong> kao don Zane, te <strong>Toni Ple\u0161i\u0107, Du\u0161an Goji\u0107, Denis Bri\u017ei\u0107, Olivera Baljak, Vinko Kraljevi\u0107 i Ana Marija Br\u0111anovi\u0107<\/strong>. U predstavi sudjeluju i profesionalni klaun <strong>Marko Ili\u0107<\/strong> te cirkuski artist <strong>Emilio Alcantara<\/strong>. Osim njih sudjeluju i \u010dlanice i \u010dlanovi rije\u010dkog baletnog ansambla: <strong>Marta Voinea \u010cavrak, Marta Kanazir Bagadur, Ksenija Krutova, Jody Bet, Yurika Kimura, Gabrielle Colson <\/strong>te polaznice i polaznici Dramskog studija Pontes: <strong>Lucia Sabljar, Aria Sofija \u010cule, Nu\u0161a Zeli\u010d, Mia Grguri\u0107, Katarina Miculini\u0107 <\/strong>i<strong> Luka Ercegovi\u0107.<\/strong><\/p>\n<p style=\"text-align: justify;\">Dramaturginja je <strong>Vesna \u0110ikanovi\u0107<\/strong>, scenograf \u00a0<strong>Tomislav \u0106urkovi\u0107<\/strong>, a kostimografkinja <strong>Ana Mikuli\u0107<\/strong>. Glazbu potpisuju <strong>Damir Martinovi\u0107 Mrle i Ivanka Mazurkijevi\u0107<\/strong>, a koreografiju i scenski pokret <strong>Leo Muji\u0107<\/strong>. Oblikovatelj svjetla je <strong>Predrag Poto\u010dnjak<\/strong>.<\/p>\n<p style=\"text-align: justify;\">Gotovo melodramska ljubavna pri\u010da u izoliranoj, oto\u010dnoj \u017eupi u kojoj mladi ambiciozni sve\u0107enik poku\u0161ava la\u017enim \u010dudom, u godinama poslije Drugog svjetskog rata, vratiti izgubljene vjernike stavljaju\u0107i na oltar mladu karmeli\u0107anku, sestru Magdalenu, a biv\u0161u cirkusku artisticu Gloriju, koja glumi \u017eivi Gospin kip, do\u017eivljava o\u010dekivani neuspjeh, jednako kao i taj \u201eeksperiment\u201c. A povratkom u cirkus samo se vra\u0107a u jo\u0161 jedan nemilosrdni sustav.<\/p>\n<p style=\"text-align: justify;\">\u201eOkliznula se na samu sebe i na odba\u010denu zmijsku ko\u0161uljicu kostima la\u017ene Gospe, u nutrini praznine oslikane razli\u010ditim plasti\u010dnim blje\u0161tavilima. Enormno nasilje koje je, i povijesno, i aktualno, kojim je broj udisaja i izdisaja odre\u0111en unaprijed, kojim se zbiva odron svih vrijednosti rezultira uznemiravaju\u0107om tragikom i kritikom svekolikog spektakla i sustava\u201c, napisala je dramaturginja Vesna \u0110ikanovi\u0107. Ili, kao \u0161to je o svojoj protagonistici u jednom intervjuu rekao autor Marinkovi\u0107: <em>\u201e<\/em><em>Gloriji sam \u017eelio razviti krila, ako dopustite an\u0111eoska, ali nikada nije uzletjela dovoljno visoko da joj ne bi mogli zavirivati pod suknju razni pohotljivci, dogmatici i apologeti. Manipulanti nevino\u0161\u0107u. Blasfemi\u010dari. Ako ni\u0161ta drugo ona je nevina i kao fabula i kao osoba.\u201c<\/em><\/p>\n<p style=\"text-align: justify;\"><em>Reprize predstave na programu su 6., 8., 10., 11., 12. i 13. lipnja 2024<\/em><\/p>\n<p style=\"text-align: justify;\">[izvor informacije <strong><a href=\"https:\/\/hnk-zajc.hr\/\" target=\"_blank\" rel=\"noopener noreferrer\"> HNK Ivan pl. Zajc<\/a><\/strong>].<\/p>\n<p style=\"text-align: justify;\"><iframe loading=\"lazy\" style=\"border: none; overflow: hidden;\" src=\"https:\/\/www.facebook.com\/plugins\/post.php?href=https%3A%2F%2Fwww.facebook.com%2FFILMmagnet%2Fposts%2Fpfbid0Thjs1tuASAJw2aPo54VFFxn5NiaqStBhQrYvSg579aA1YeSQTg6sxDcnTaDSWFAXl&amp;show_text=true&amp;width=500&amp;is_preview=true\" width=\"500\" height=\"665\" frameborder=\"0\" scrolling=\"no\" allowfullscreen=\"allowfullscreen\"><\/iframe><\/p>\n<div id=\"fb_share_1\" style=\"float: right; margin-left: 10px;\"><a name=\"fb_share\" type=\"box_count\" share_url=\"https:\/\/film-mag.net\/wp\/?p=55477\" href=\"http:\/\/www.facebook.com\/sharer.php\">Share<\/a><\/div><div><script src=\"https:\/\/static.ak.fbcdn.net\/connect.php\/js\/FB.Share\" type=\"text\/javascript\"><\/script><\/div><div style=\"clear:both\"><\/div>","protected":false},"excerpt":{"rendered":"<p>Nakon 26 godina, u re\u017eiji Senke Buli\u0107, u rije\u010dki \u201eZajc\u201c vra\u0107a se Marinkovi\u0107eva \u201eGlorija\u201c Dvadeset i \u0161est godina nakon posljednjeg uprizorenja Marinkovi\u0107eve \u201eGlorije\u201c na pozornici HNK Ivana pl. Zajca, rije\u010dka publika ponovno \u0107e mo\u0107i vidjeti ovaj antologijski \u201emirakul u \u0161est slika\u201c, remek-djelo hrvatske dramske literature, u re\u017eiji Senke Buli\u0107, a premijerna izvedba na programu je [&hellip;]<\/p>\n","protected":false},"author":8,"featured_media":0,"comment_status":"closed","ping_status":"closed","sticky":false,"template":"","format":"standard","meta":{"_et_pb_use_builder":"","_et_pb_old_content":"","_et_gb_content_width":"","_editorskit_title_hidden":false,"_editorskit_reading_time":0,"_editorskit_is_block_options_detached":false,"_editorskit_block_options_position":"{}","footnotes":""},"categories":[33,10,17050],"tags":[7131,137,1546,662,3576],"class_list":["post-55477","post","type-post","status-publish","format-standard","hentry","category-kazalisne-premijere","category-kazaliste","category-press","tag-hnk-ivan-pl-zajc","tag-kazalisna-premijera","tag-ranko-marinkovic","tag-rijeka","tag-senka-bulic"],"yoast_head":"<!-- This site is optimized with the Yoast SEO plugin v24.6 - https:\/\/yoast.com\/wordpress\/plugins\/seo\/ -->\n<title>Premijera predstave &#039;Glorija&#039; u rije\u010dkom Zajcu - FILM-mag.net<\/title>\n<meta name=\"robots\" content=\"index, follow, max-snippet:-1, max-image-preview:large, max-video-preview:-1\" \/>\n<link rel=\"canonical\" href=\"https:\/\/film-mag.net\/wp\/?p=55477\" \/>\n<meta property=\"og:locale\" content=\"en_US\" \/>\n<meta property=\"og:type\" content=\"article\" \/>\n<meta property=\"og:title\" content=\"Premijera predstave &#039;Glorija&#039; u rije\u010dkom Zajcu - FILM-mag.net\" \/>\n<meta property=\"og:description\" content=\"Nakon 26 godina, u re\u017eiji Senke Buli\u0107, u rije\u010dki \u201eZajc\u201c vra\u0107a se Marinkovi\u0107eva \u201eGlorija\u201c Dvadeset i \u0161est godina nakon posljednjeg uprizorenja Marinkovi\u0107eve \u201eGlorije\u201c na pozornici HNK Ivana pl. Zajca, rije\u010dka publika ponovno \u0107e mo\u0107i vidjeti ovaj antologijski \u201emirakul u \u0161est slika\u201c, remek-djelo hrvatske dramske literature, u re\u017eiji Senke Buli\u0107, a premijerna izvedba na programu je [&hellip;]\" \/>\n<meta property=\"og:url\" content=\"https:\/\/film-mag.net\/wp\/?p=55477\" \/>\n<meta property=\"og:site_name\" content=\"FILM-mag.net\" \/>\n<meta property=\"article:published_time\" content=\"2024-05-17T19:22:48+00:00\" \/>\n<meta name=\"author\" content=\"PRESS\" \/>\n<meta name=\"twitter:card\" content=\"summary_large_image\" \/>\n<meta name=\"twitter:label1\" content=\"Written by\" \/>\n\t<meta name=\"twitter:data1\" content=\"PRESS\" \/>\n\t<meta name=\"twitter:label2\" content=\"Est. reading time\" \/>\n\t<meta name=\"twitter:data2\" content=\"4 minutes\" \/>\n<script type=\"application\/ld+json\" class=\"yoast-schema-graph\">{\"@context\":\"https:\/\/schema.org\",\"@graph\":[{\"@type\":\"WebPage\",\"@id\":\"https:\/\/film-mag.net\/wp\/?p=55477\",\"url\":\"https:\/\/film-mag.net\/wp\/?p=55477\",\"name\":\"Premijera predstave 'Glorija' u rije\u010dkom Zajcu - FILM-mag.net\",\"isPartOf\":{\"@id\":\"http:\/\/film-mag.net\/wp\/#website\"},\"datePublished\":\"2024-05-17T19:22:48+00:00\",\"author\":{\"@id\":\"http:\/\/film-mag.net\/wp\/#\/schema\/person\/a8dd3a5b76a5bbde974e03510a205c2f\"},\"breadcrumb\":{\"@id\":\"https:\/\/film-mag.net\/wp\/?p=55477#breadcrumb\"},\"inLanguage\":\"en-US\",\"potentialAction\":[{\"@type\":\"ReadAction\",\"target\":[\"https:\/\/film-mag.net\/wp\/?p=55477\"]}]},{\"@type\":\"BreadcrumbList\",\"@id\":\"https:\/\/film-mag.net\/wp\/?p=55477#breadcrumb\",\"itemListElement\":[{\"@type\":\"ListItem\",\"position\":1,\"name\":\"Home\",\"item\":\"http:\/\/film-mag.net\/wp\/\"},{\"@type\":\"ListItem\",\"position\":2,\"name\":\"Premijera predstave &#8216;Glorija&#8217; u rije\u010dkom Zajcu\"}]},{\"@type\":\"WebSite\",\"@id\":\"http:\/\/film-mag.net\/wp\/#website\",\"url\":\"http:\/\/film-mag.net\/wp\/\",\"name\":\"FILM-mag.net\",\"description\":\"Prvi hrvatski portal o filmu i filmu bliskim podru\u010djima kulture\",\"potentialAction\":[{\"@type\":\"SearchAction\",\"target\":{\"@type\":\"EntryPoint\",\"urlTemplate\":\"http:\/\/film-mag.net\/wp\/?s={search_term_string}\"},\"query-input\":{\"@type\":\"PropertyValueSpecification\",\"valueRequired\":true,\"valueName\":\"search_term_string\"}}],\"inLanguage\":\"en-US\"},{\"@type\":\"Person\",\"@id\":\"http:\/\/film-mag.net\/wp\/#\/schema\/person\/a8dd3a5b76a5bbde974e03510a205c2f\",\"name\":\"PRESS\",\"image\":{\"@type\":\"ImageObject\",\"inLanguage\":\"en-US\",\"@id\":\"http:\/\/film-mag.net\/wp\/#\/schema\/person\/image\/\",\"url\":\"https:\/\/secure.gravatar.com\/avatar\/bf4ab1626f485b36c4f3650b1d351839?s=96&d=mm&r=g\",\"contentUrl\":\"https:\/\/secure.gravatar.com\/avatar\/bf4ab1626f485b36c4f3650b1d351839?s=96&d=mm&r=g\",\"caption\":\"PRESS\"},\"url\":\"https:\/\/film-mag.net\/wp\/?author=8\"}]}<\/script>\n<!-- \/ Yoast SEO plugin. -->","yoast_head_json":{"title":"Premijera predstave 'Glorija' u rije\u010dkom Zajcu - FILM-mag.net","robots":{"index":"index","follow":"follow","max-snippet":"max-snippet:-1","max-image-preview":"max-image-preview:large","max-video-preview":"max-video-preview:-1"},"canonical":"https:\/\/film-mag.net\/wp\/?p=55477","og_locale":"en_US","og_type":"article","og_title":"Premijera predstave 'Glorija' u rije\u010dkom Zajcu - FILM-mag.net","og_description":"Nakon 26 godina, u re\u017eiji Senke Buli\u0107, u rije\u010dki \u201eZajc\u201c vra\u0107a se Marinkovi\u0107eva \u201eGlorija\u201c Dvadeset i \u0161est godina nakon posljednjeg uprizorenja Marinkovi\u0107eve \u201eGlorije\u201c na pozornici HNK Ivana pl. Zajca, rije\u010dka publika ponovno \u0107e mo\u0107i vidjeti ovaj antologijski \u201emirakul u \u0161est slika\u201c, remek-djelo hrvatske dramske literature, u re\u017eiji Senke Buli\u0107, a premijerna izvedba na programu je [&hellip;]","og_url":"https:\/\/film-mag.net\/wp\/?p=55477","og_site_name":"FILM-mag.net","article_published_time":"2024-05-17T19:22:48+00:00","author":"PRESS","twitter_card":"summary_large_image","twitter_misc":{"Written by":"PRESS","Est. reading time":"4 minutes"},"schema":{"@context":"https:\/\/schema.org","@graph":[{"@type":"WebPage","@id":"https:\/\/film-mag.net\/wp\/?p=55477","url":"https:\/\/film-mag.net\/wp\/?p=55477","name":"Premijera predstave 'Glorija' u rije\u010dkom Zajcu - FILM-mag.net","isPartOf":{"@id":"http:\/\/film-mag.net\/wp\/#website"},"datePublished":"2024-05-17T19:22:48+00:00","author":{"@id":"http:\/\/film-mag.net\/wp\/#\/schema\/person\/a8dd3a5b76a5bbde974e03510a205c2f"},"breadcrumb":{"@id":"https:\/\/film-mag.net\/wp\/?p=55477#breadcrumb"},"inLanguage":"en-US","potentialAction":[{"@type":"ReadAction","target":["https:\/\/film-mag.net\/wp\/?p=55477"]}]},{"@type":"BreadcrumbList","@id":"https:\/\/film-mag.net\/wp\/?p=55477#breadcrumb","itemListElement":[{"@type":"ListItem","position":1,"name":"Home","item":"http:\/\/film-mag.net\/wp\/"},{"@type":"ListItem","position":2,"name":"Premijera predstave &#8216;Glorija&#8217; u rije\u010dkom Zajcu"}]},{"@type":"WebSite","@id":"http:\/\/film-mag.net\/wp\/#website","url":"http:\/\/film-mag.net\/wp\/","name":"FILM-mag.net","description":"Prvi hrvatski portal o filmu i filmu bliskim podru\u010djima kulture","potentialAction":[{"@type":"SearchAction","target":{"@type":"EntryPoint","urlTemplate":"http:\/\/film-mag.net\/wp\/?s={search_term_string}"},"query-input":{"@type":"PropertyValueSpecification","valueRequired":true,"valueName":"search_term_string"}}],"inLanguage":"en-US"},{"@type":"Person","@id":"http:\/\/film-mag.net\/wp\/#\/schema\/person\/a8dd3a5b76a5bbde974e03510a205c2f","name":"PRESS","image":{"@type":"ImageObject","inLanguage":"en-US","@id":"http:\/\/film-mag.net\/wp\/#\/schema\/person\/image\/","url":"https:\/\/secure.gravatar.com\/avatar\/bf4ab1626f485b36c4f3650b1d351839?s=96&d=mm&r=g","contentUrl":"https:\/\/secure.gravatar.com\/avatar\/bf4ab1626f485b36c4f3650b1d351839?s=96&d=mm&r=g","caption":"PRESS"},"url":"https:\/\/film-mag.net\/wp\/?author=8"}]}},"_links":{"self":[{"href":"https:\/\/film-mag.net\/wp\/index.php?rest_route=\/wp\/v2\/posts\/55477","targetHints":{"allow":["GET"]}}],"collection":[{"href":"https:\/\/film-mag.net\/wp\/index.php?rest_route=\/wp\/v2\/posts"}],"about":[{"href":"https:\/\/film-mag.net\/wp\/index.php?rest_route=\/wp\/v2\/types\/post"}],"author":[{"embeddable":true,"href":"https:\/\/film-mag.net\/wp\/index.php?rest_route=\/wp\/v2\/users\/8"}],"replies":[{"embeddable":true,"href":"https:\/\/film-mag.net\/wp\/index.php?rest_route=%2Fwp%2Fv2%2Fcomments&post=55477"}],"version-history":[{"count":1,"href":"https:\/\/film-mag.net\/wp\/index.php?rest_route=\/wp\/v2\/posts\/55477\/revisions"}],"predecessor-version":[{"id":55478,"href":"https:\/\/film-mag.net\/wp\/index.php?rest_route=\/wp\/v2\/posts\/55477\/revisions\/55478"}],"wp:attachment":[{"href":"https:\/\/film-mag.net\/wp\/index.php?rest_route=%2Fwp%2Fv2%2Fmedia&parent=55477"}],"wp:term":[{"taxonomy":"category","embeddable":true,"href":"https:\/\/film-mag.net\/wp\/index.php?rest_route=%2Fwp%2Fv2%2Fcategories&post=55477"},{"taxonomy":"post_tag","embeddable":true,"href":"https:\/\/film-mag.net\/wp\/index.php?rest_route=%2Fwp%2Fv2%2Ftags&post=55477"}],"curies":[{"name":"wp","href":"https:\/\/api.w.org\/{rel}","templated":true}]}}