{"id":55380,"date":"2024-05-09T10:40:20","date_gmt":"2024-05-09T08:40:20","guid":{"rendered":"http:\/\/film-mag.net\/wp\/?p=55380"},"modified":"2024-05-09T10:40:20","modified_gmt":"2024-05-09T08:40:20","slug":"premijera-predstave-gamad-u-exportdrvu","status":"publish","type":"post","link":"https:\/\/film-mag.net\/wp\/?p=55380","title":{"rendered":"Premijera predstave &#8216;Gamad&#8217; u Exportdrvu"},"content":{"rendered":"<p style=\"text-align: justify;\"><strong>CABARET NOIR \u00a0U EXPORTDRVU: \u00a0PREMIJERA PREDSTAVE \u201eGAMAD\u201c<\/strong><\/p>\n<p style=\"text-align: justify;\">Plesno &#8211; kazali\u0161na\u00a0 predstava \u201eGamad\u201c u re\u017eiji i koreografiji Natalije Manojlovi\u0107 Varga prema motivima djela Janka Poli\u0107a Kamova i Slavka Gruma nastala u\u00a0 koprodukciji Hrvatske drame HNK Ivana pl. Zajca i Plesnog teatra Ljubljana, svoju \u0107e rije\u010dku premijeru do\u017eivjeti u petak 10. svibnja 2024. u prostoru Exportdrva.<\/p>\n<p style=\"text-align: justify;\">Predstava je \u017eanrovski okarakterizirana kao &#8220;cabaret noir&#8221;, svojevrsni hibridni \u017eanr u kojem su jezik pokreta i kazali\u0161ta odnosno drame ravnopravni i zdru\u017eeni u morbidni svijet uglazbljenih predlo\u017eaka dvaju knji\u017eevnika: jednog od najistaknutijih predstavnika hrvatske moderne Janka Poli\u0107a Kamova i slovenskog egzistencijalista Slavka Gruma, kojima je zajedni\u010dki o\u0161tar kriti\u010dki stav prema socijalnoj hipokriziji, ali i zanimanje za tamne predjele ljudske svijesti.<\/p>\n<p style=\"text-align: justify;\"><img decoding=\"async\" style=\"border: none; width: 100%;\" src=\" https:\/\/hnk-zajc.hr\/wp-content\/uploads\/2023\/07\/Gamad_vizual-1.jpg \" \/><\/p>\n<p style=\"text-align: justify;\">Fotografiju ustupio <strong><a href=\"https:\/\/hnk-zajc.hr\/predstava\/gamad-golazen-vermin\/\" target=\"_blank\" rel=\"noopener noreferrer\"> HNK Ivan pl. Zajc<\/a><\/strong><\/p>\n<p style=\"text-align: justify;\">\u201eGamad\u201c,\u00a0 jedinstveni kazali\u0161no-plesni hibrid, pri\u010da je o umjetniku, njegovoj du\u0161i i njenim demonima, o inspiraciji, ludilu, ljubavi i njenoj smrti.<\/p>\n<p style=\"text-align: justify;\">\u201e\u010cesto se bavim pozicijom Stranca. Taj nije nu\u017eno istisnut iz neke geopoliti\u010dke kategorije, ponekad je tek vremenski, ili svjetonazorski izoliran. I opet, ta izolacija nije nu\u017eno socijalna, u stvari je ve\u0107inom vrlo intimna\u201c, pi\u0161e redateljica i koreografkinja Natalija Manojlovi\u0107 Varga te dodaje: \u201eGamad\u201c je predstava inspirirana dvojicom Stranaca i njihovim nezgrapnim, prevelikim koracima po svijetu &#8211; literaturom Janka Poli\u0107a Kamova i literaturom njegova suvremenika, slovenskog ekspresionista Slavka Gruma. To je izmi\u0161ljena pri\u010da o nekoj drugoj dvojici Stranaca.\u201c<\/p>\n<p style=\"text-align: justify;\">Istodobno, predstava je puna drame, tajni, akcije i kriminala\u2026<\/p>\n<p style=\"text-align: justify;\">\u201ePredstava \u201eGamad\u201c je svojevrsna zabavna (crna) komedija, zapravo burleska, koja sugestivno i duhovito izaziva smijeh, \u010dak i kada se radi o ozbiljnim ili stvarnim situacijama\u201c, ocijenila je pak kazali\u0161na kritika nakon premijere u Ljubljani.<\/p>\n<p style=\"text-align: justify;\">U predstavi igraju\u00a0 Edi \u0106eli\u0107, koji je igrao i u slovenskoj verziji predstave, te Jelena Lopati\u0107, Deni Sankovi\u0107 i Andreja Brozovi\u0107 Ad\u017ei\u0107-Kapitanovi\u0107. Pripovjeda\u010da u off-u je Dario Varga.<\/p>\n<p style=\"text-align: justify;\">Dramaturginja predstave je Sara Stani\u0107, scenografkinja Ana Rahela Klop\u010di\u010d, kostimografiju potpisuje Ana Aleksandra Bukovi\u0107, svjetlo Janko Oven, a glazbenu sliku osmislio je Gordan Tudor. U izvedbu su uklju\u010deni fragmenti skladbi suvremenih hrvatskih skladatelja Margarete Ferek Petri\u0107, Mirele Ivi\u010devi\u0107, Petra Obradovi\u0107a, Tene Ivane Bori\u0107, Davora Bobi\u0107a i Gordana Tudora <em>u izvedbi Papandopulo kvarteta s albuma Scene izdava\u010dke ku\u0107e Cantus te koncertnih snimaka.<\/em><\/p>\n<p style=\"text-align: justify;\"><em>Natalija Manojlovi\u0107 Varga diplomirala je psihologiju na Filozofskom fakultetu u Zagrebu, a 2018. godine zavr\u0161ila je i studij re\u017eije na Akademiji dramske umjetnosti. Kao koreografkinja debitirala je autorskom predstavom Virus 098 na sceni HNK-a u rodnom Osijeku 1998. godine, odmah nakon zavr\u0161ene srednje \u0160kole za suvremeni ples Ane Maleti\u0107 u Zagrebu. Od tada je sudjelovala u vi\u0161e od dvadeset plesnih i dramskih predstava kao koreografkinja, redateljica i autorica tekstova.<\/em><\/p>\n<p style=\"text-align: justify;\"><em>Predstava \u201eGamad\u201c se u Exportdrvu izvodi i 13., 14. te 15. svibnja 2024. s po\u010detkom u 19.30 sati, a ulaznice se mogu kupiti putem webshopa (<\/em><a href=\"https:\/\/hnk-zajc.mojekarte.hr\/hr\/all.html\">https:\/\/hnk-zajc.mojekarte.hr\/hr\/all.html<\/a><em>) i na blagajni \u201eZajca\u201c.<\/em><\/p>\n<p style=\"text-align: justify;\">[izvor informacije <strong><a href=\"https:\/\/hnk-zajc.hr\/\" target=\"_blank\" rel=\"noopener noreferrer\"> HNK Ivan pl. Zajc<\/a><\/strong>]<\/p>\n<p style=\"text-align: justify;\"><iframe loading=\"lazy\" style=\"border: none; overflow: hidden;\" src=\"https:\/\/www.facebook.com\/plugins\/post.php?href=https%3A%2F%2Fwww.facebook.com%2FFILMmagnet%2Fposts%2Fpfbid0qwPzmcXdKGabfZbHkKJHZdQTuvybg9wktFnN1LVF5snio9ahTNiQ1nzqR5kbewNml&amp;show_text=true&amp;width=500&amp;is_preview=true\" width=\"500\" height=\"665\" frameborder=\"0\" scrolling=\"no\" allowfullscreen=\"allowfullscreen\"><\/iframe><\/p>\n<div id=\"fb_share_1\" style=\"float: right; margin-left: 10px;\"><a name=\"fb_share\" type=\"box_count\" share_url=\"https:\/\/film-mag.net\/wp\/?p=55380\" href=\"http:\/\/www.facebook.com\/sharer.php\">Share<\/a><\/div><div><script src=\"https:\/\/static.ak.fbcdn.net\/connect.php\/js\/FB.Share\" type=\"text\/javascript\"><\/script><\/div><div style=\"clear:both\"><\/div>","protected":false},"excerpt":{"rendered":"<p>CABARET NOIR \u00a0U EXPORTDRVU: \u00a0PREMIJERA PREDSTAVE \u201eGAMAD\u201c Plesno &#8211; kazali\u0161na\u00a0 predstava \u201eGamad\u201c u re\u017eiji i koreografiji Natalije Manojlovi\u0107 Varga prema motivima djela Janka Poli\u0107a Kamova i Slavka Gruma nastala u\u00a0 koprodukciji Hrvatske drame HNK Ivana pl. Zajca i Plesnog teatra Ljubljana, svoju \u0107e rije\u010dku premijeru do\u017eivjeti u petak 10. svibnja 2024. u prostoru Exportdrva. Predstava [&hellip;]<\/p>\n","protected":false},"author":8,"featured_media":0,"comment_status":"closed","ping_status":"closed","sticky":false,"template":"","format":"standard","meta":{"_et_pb_use_builder":"","_et_pb_old_content":"","_et_gb_content_width":"","_editorskit_title_hidden":false,"_editorskit_reading_time":0,"_editorskit_is_block_options_detached":false,"_editorskit_block_options_position":"{}","footnotes":""},"categories":[33,10,279,17050],"tags":[26108,26104,7131,8960,26105,137,26107,274,455,662,26106],"class_list":["post-55380","post","type-post","status-publish","format-standard","hentry","category-kazalisne-premijere","category-kazaliste","category-ples-kazaliste","category-press","tag-cabaret-noir","tag-exportdrvo","tag-hnk-ivan-pl-zajc","tag-janko-polic-kamov","tag-janko-polic-kamov-slavko-grum","tag-kazalisna-premijera","tag-natalija-manojlovic-varga","tag-ples","tag-plesna-predstava","tag-rijeka","tag-slavko-grum"],"yoast_head":"<!-- This site is optimized with the Yoast SEO plugin v24.6 - https:\/\/yoast.com\/wordpress\/plugins\/seo\/ -->\n<title>Premijera predstave &#039;Gamad&#039; u Exportdrvu - FILM-mag.net<\/title>\n<meta name=\"robots\" content=\"index, follow, max-snippet:-1, max-image-preview:large, max-video-preview:-1\" \/>\n<link rel=\"canonical\" href=\"https:\/\/film-mag.net\/wp\/?p=55380\" \/>\n<meta property=\"og:locale\" content=\"en_US\" \/>\n<meta property=\"og:type\" content=\"article\" \/>\n<meta property=\"og:title\" content=\"Premijera predstave &#039;Gamad&#039; u Exportdrvu - FILM-mag.net\" \/>\n<meta property=\"og:description\" content=\"CABARET NOIR \u00a0U EXPORTDRVU: \u00a0PREMIJERA PREDSTAVE \u201eGAMAD\u201c Plesno &#8211; kazali\u0161na\u00a0 predstava \u201eGamad\u201c u re\u017eiji i koreografiji Natalije Manojlovi\u0107 Varga prema motivima djela Janka Poli\u0107a Kamova i Slavka Gruma nastala u\u00a0 koprodukciji Hrvatske drame HNK Ivana pl. Zajca i Plesnog teatra Ljubljana, svoju \u0107e rije\u010dku premijeru do\u017eivjeti u petak 10. svibnja 2024. u prostoru Exportdrva. Predstava [&hellip;]\" \/>\n<meta property=\"og:url\" content=\"https:\/\/film-mag.net\/wp\/?p=55380\" \/>\n<meta property=\"og:site_name\" content=\"FILM-mag.net\" \/>\n<meta property=\"article:published_time\" content=\"2024-05-09T08:40:20+00:00\" \/>\n<meta name=\"author\" content=\"PRESS\" \/>\n<meta name=\"twitter:card\" content=\"summary_large_image\" \/>\n<meta name=\"twitter:label1\" content=\"Written by\" \/>\n\t<meta name=\"twitter:data1\" content=\"PRESS\" \/>\n\t<meta name=\"twitter:label2\" content=\"Est. reading time\" \/>\n\t<meta name=\"twitter:data2\" content=\"3 minutes\" \/>\n<script type=\"application\/ld+json\" class=\"yoast-schema-graph\">{\"@context\":\"https:\/\/schema.org\",\"@graph\":[{\"@type\":\"WebPage\",\"@id\":\"https:\/\/film-mag.net\/wp\/?p=55380\",\"url\":\"https:\/\/film-mag.net\/wp\/?p=55380\",\"name\":\"Premijera predstave 'Gamad' u Exportdrvu - FILM-mag.net\",\"isPartOf\":{\"@id\":\"http:\/\/film-mag.net\/wp\/#website\"},\"datePublished\":\"2024-05-09T08:40:20+00:00\",\"author\":{\"@id\":\"http:\/\/film-mag.net\/wp\/#\/schema\/person\/a8dd3a5b76a5bbde974e03510a205c2f\"},\"breadcrumb\":{\"@id\":\"https:\/\/film-mag.net\/wp\/?p=55380#breadcrumb\"},\"inLanguage\":\"en-US\",\"potentialAction\":[{\"@type\":\"ReadAction\",\"target\":[\"https:\/\/film-mag.net\/wp\/?p=55380\"]}]},{\"@type\":\"BreadcrumbList\",\"@id\":\"https:\/\/film-mag.net\/wp\/?p=55380#breadcrumb\",\"itemListElement\":[{\"@type\":\"ListItem\",\"position\":1,\"name\":\"Home\",\"item\":\"http:\/\/film-mag.net\/wp\/\"},{\"@type\":\"ListItem\",\"position\":2,\"name\":\"Premijera predstave &#8216;Gamad&#8217; u Exportdrvu\"}]},{\"@type\":\"WebSite\",\"@id\":\"http:\/\/film-mag.net\/wp\/#website\",\"url\":\"http:\/\/film-mag.net\/wp\/\",\"name\":\"FILM-mag.net\",\"description\":\"Prvi hrvatski portal o filmu i filmu bliskim podru\u010djima kulture\",\"potentialAction\":[{\"@type\":\"SearchAction\",\"target\":{\"@type\":\"EntryPoint\",\"urlTemplate\":\"http:\/\/film-mag.net\/wp\/?s={search_term_string}\"},\"query-input\":{\"@type\":\"PropertyValueSpecification\",\"valueRequired\":true,\"valueName\":\"search_term_string\"}}],\"inLanguage\":\"en-US\"},{\"@type\":\"Person\",\"@id\":\"http:\/\/film-mag.net\/wp\/#\/schema\/person\/a8dd3a5b76a5bbde974e03510a205c2f\",\"name\":\"PRESS\",\"image\":{\"@type\":\"ImageObject\",\"inLanguage\":\"en-US\",\"@id\":\"http:\/\/film-mag.net\/wp\/#\/schema\/person\/image\/\",\"url\":\"https:\/\/secure.gravatar.com\/avatar\/bf4ab1626f485b36c4f3650b1d351839?s=96&d=mm&r=g\",\"contentUrl\":\"https:\/\/secure.gravatar.com\/avatar\/bf4ab1626f485b36c4f3650b1d351839?s=96&d=mm&r=g\",\"caption\":\"PRESS\"},\"url\":\"https:\/\/film-mag.net\/wp\/?author=8\"}]}<\/script>\n<!-- \/ Yoast SEO plugin. -->","yoast_head_json":{"title":"Premijera predstave 'Gamad' u Exportdrvu - FILM-mag.net","robots":{"index":"index","follow":"follow","max-snippet":"max-snippet:-1","max-image-preview":"max-image-preview:large","max-video-preview":"max-video-preview:-1"},"canonical":"https:\/\/film-mag.net\/wp\/?p=55380","og_locale":"en_US","og_type":"article","og_title":"Premijera predstave 'Gamad' u Exportdrvu - FILM-mag.net","og_description":"CABARET NOIR \u00a0U EXPORTDRVU: \u00a0PREMIJERA PREDSTAVE \u201eGAMAD\u201c Plesno &#8211; kazali\u0161na\u00a0 predstava \u201eGamad\u201c u re\u017eiji i koreografiji Natalije Manojlovi\u0107 Varga prema motivima djela Janka Poli\u0107a Kamova i Slavka Gruma nastala u\u00a0 koprodukciji Hrvatske drame HNK Ivana pl. Zajca i Plesnog teatra Ljubljana, svoju \u0107e rije\u010dku premijeru do\u017eivjeti u petak 10. svibnja 2024. u prostoru Exportdrva. Predstava [&hellip;]","og_url":"https:\/\/film-mag.net\/wp\/?p=55380","og_site_name":"FILM-mag.net","article_published_time":"2024-05-09T08:40:20+00:00","author":"PRESS","twitter_card":"summary_large_image","twitter_misc":{"Written by":"PRESS","Est. reading time":"3 minutes"},"schema":{"@context":"https:\/\/schema.org","@graph":[{"@type":"WebPage","@id":"https:\/\/film-mag.net\/wp\/?p=55380","url":"https:\/\/film-mag.net\/wp\/?p=55380","name":"Premijera predstave 'Gamad' u Exportdrvu - FILM-mag.net","isPartOf":{"@id":"http:\/\/film-mag.net\/wp\/#website"},"datePublished":"2024-05-09T08:40:20+00:00","author":{"@id":"http:\/\/film-mag.net\/wp\/#\/schema\/person\/a8dd3a5b76a5bbde974e03510a205c2f"},"breadcrumb":{"@id":"https:\/\/film-mag.net\/wp\/?p=55380#breadcrumb"},"inLanguage":"en-US","potentialAction":[{"@type":"ReadAction","target":["https:\/\/film-mag.net\/wp\/?p=55380"]}]},{"@type":"BreadcrumbList","@id":"https:\/\/film-mag.net\/wp\/?p=55380#breadcrumb","itemListElement":[{"@type":"ListItem","position":1,"name":"Home","item":"http:\/\/film-mag.net\/wp\/"},{"@type":"ListItem","position":2,"name":"Premijera predstave &#8216;Gamad&#8217; u Exportdrvu"}]},{"@type":"WebSite","@id":"http:\/\/film-mag.net\/wp\/#website","url":"http:\/\/film-mag.net\/wp\/","name":"FILM-mag.net","description":"Prvi hrvatski portal o filmu i filmu bliskim podru\u010djima kulture","potentialAction":[{"@type":"SearchAction","target":{"@type":"EntryPoint","urlTemplate":"http:\/\/film-mag.net\/wp\/?s={search_term_string}"},"query-input":{"@type":"PropertyValueSpecification","valueRequired":true,"valueName":"search_term_string"}}],"inLanguage":"en-US"},{"@type":"Person","@id":"http:\/\/film-mag.net\/wp\/#\/schema\/person\/a8dd3a5b76a5bbde974e03510a205c2f","name":"PRESS","image":{"@type":"ImageObject","inLanguage":"en-US","@id":"http:\/\/film-mag.net\/wp\/#\/schema\/person\/image\/","url":"https:\/\/secure.gravatar.com\/avatar\/bf4ab1626f485b36c4f3650b1d351839?s=96&d=mm&r=g","contentUrl":"https:\/\/secure.gravatar.com\/avatar\/bf4ab1626f485b36c4f3650b1d351839?s=96&d=mm&r=g","caption":"PRESS"},"url":"https:\/\/film-mag.net\/wp\/?author=8"}]}},"_links":{"self":[{"href":"https:\/\/film-mag.net\/wp\/index.php?rest_route=\/wp\/v2\/posts\/55380","targetHints":{"allow":["GET"]}}],"collection":[{"href":"https:\/\/film-mag.net\/wp\/index.php?rest_route=\/wp\/v2\/posts"}],"about":[{"href":"https:\/\/film-mag.net\/wp\/index.php?rest_route=\/wp\/v2\/types\/post"}],"author":[{"embeddable":true,"href":"https:\/\/film-mag.net\/wp\/index.php?rest_route=\/wp\/v2\/users\/8"}],"replies":[{"embeddable":true,"href":"https:\/\/film-mag.net\/wp\/index.php?rest_route=%2Fwp%2Fv2%2Fcomments&post=55380"}],"version-history":[{"count":1,"href":"https:\/\/film-mag.net\/wp\/index.php?rest_route=\/wp\/v2\/posts\/55380\/revisions"}],"predecessor-version":[{"id":55381,"href":"https:\/\/film-mag.net\/wp\/index.php?rest_route=\/wp\/v2\/posts\/55380\/revisions\/55381"}],"wp:attachment":[{"href":"https:\/\/film-mag.net\/wp\/index.php?rest_route=%2Fwp%2Fv2%2Fmedia&parent=55380"}],"wp:term":[{"taxonomy":"category","embeddable":true,"href":"https:\/\/film-mag.net\/wp\/index.php?rest_route=%2Fwp%2Fv2%2Fcategories&post=55380"},{"taxonomy":"post_tag","embeddable":true,"href":"https:\/\/film-mag.net\/wp\/index.php?rest_route=%2Fwp%2Fv2%2Ftags&post=55380"}],"curies":[{"name":"wp","href":"https:\/\/api.w.org\/{rel}","templated":true}]}}