{"id":54851,"date":"2024-04-04T15:21:15","date_gmt":"2024-04-04T13:21:15","guid":{"rendered":"http:\/\/film-mag.net\/wp\/?p=54851"},"modified":"2024-04-04T15:21:15","modified_gmt":"2024-04-04T13:21:15","slug":"37-salon-mladih-najveca-nacionalna-manifestacija-za-umjetnike-do-35-godina-u-domu-hdlu","status":"publish","type":"post","link":"https:\/\/film-mag.net\/wp\/?p=54851","title":{"rendered":"37. salon mladih \u2013 najve\u0107a nacionalna manifestacija za umjetnike do 35 godina u Domu HDLU"},"content":{"rendered":"<p style=\"text-align: justify;\"><strong>Krajem travnja 2024. u zagreba\u010dkom Domu HDLU po\u010dinje 37. salon mladih \u2013 najve\u0107a nacionalna manifestacija za umjetnike do 35 godina<\/strong><\/p>\n<p style=\"text-align: justify;\"><strong>Salon mladih<\/strong>, bijenalna i najve\u0107a nacionalna izlo\u017ebena manifestacija vizualnih umjetnika_ica do 35 godina mladosti, ove godine predstavlja svoje <strong>37. izdanje<\/strong> koje se otvara u <strong>\u010detvrtak, 25. travnja u 19 sati<\/strong> u <strong>Domu HDLU<\/strong>, odnosno Me\u0161trovi\u0107evom paviljonu. Salon mladih se u svakom svom izdanju odr\u017eava na velikom broju gradskih lokacija. Centralna izlo\u017eba, ove godine u kustoskoj koncepciji <strong>Lovre Japund\u017ei\u0107a<\/strong> i tematski odre\u0111ena i naslovljena <strong><em>Pao sat u bunar<\/em>, <\/strong>zauzet \u0107e sve izlo\u017ebene prostore Doma HDLU u kojima \u0107e se predstaviti trideset mladih umjetnika_ica, a stalne izlo\u017ebe poput <strong>Situacije (22.5. \u2013 16.6.<\/strong>) kustosica <strong>Lore Raj\u010di\u0107<\/strong> i <strong>Ivane Zavr\u0161ki<\/strong> s tako\u0111er tridesetak mladih umjetnika_ica te izlo\u017ebe studenata Akademije likovnih umjetnosti Zagreb <strong>Venientes (17.5. \u2013 29.5.<\/strong>) otvorit \u0107e se u brojnim gradskim prostorima poput Arheolo\u0161kog muzeja, Galerije AMZ, Art&amp;CeRZ i Putolovca, me\u0111u ostalima.<\/p>\n<p style=\"text-align: justify;\"><img decoding=\"async\" style=\"border: none; width: 100%;\" src=\" https:\/\/www.hdlu.hr\/wp-content\/uploads\/2024\/03\/37-save-the-date-animacija-still-1536x1536.jpg \" \/><\/p>\n<p style=\"text-align: justify;\">Fptografiju ustupio <a href=\"https:\/\/www.hdlu.hr\/2024\/03\/save-the-date-37-salon-mladih\/\"><strong>HDLU<\/strong><\/a><\/p>\n<p style=\"text-align: justify;\">Novost ovogodi\u0161njeg Salona mladih jest dodatno programsko i prostorno \u0161irenje manifestacije gradom putem projekta <strong>Takeover, <\/strong>ostvarenog u okviru EU mre\u017ee CreArt, gotovo pa malog festivala suvremene umjetnosti u okviru kojeg \u0107e pet odabranih mladih umjetnika_ica svojim radovima i akcijama \u201czauzeti\u201d prostore istaknutih tvrtki iz podru\u010dja kulturnih i kreativnih industrija. <strong>Takeover<\/strong> kustoski provodi kolektiv<strong> Ku\u0107\u0107a<\/strong> s \u010dlanovima_icama <strong>Juricom Mlinarcem, Klarom Petrovi\u0107 <\/strong>i <strong>Lujom \u0160imunovi\u0107<\/strong>.<\/p>\n<p style=\"text-align: justify;\"><strong>Trideset i sedmi salon mladih <\/strong>trajat \u0107e do <strong>16. lipnja ove godine<\/strong>, a dobitnici_ice nagrada za najistaknutija ostvarenja ovogodi\u0161nje manifestacije proglasit \u0107e se <strong>11. lipnja.<\/strong><br \/>\n<strong><br \/>\n<\/strong><strong>Centralna izlo\u017eba 37. salona mladih:<br \/>\n<em>Pao sat u bunar<\/em> | Dom HDLU | 25.4. \u2013 16.6.<\/strong><\/p>\n<p style=\"text-align: justify;\">Bijenalni karakter manifestacije te fokus na praksama umjetnika_ica do 35 godina mladosti, Salon mladih je ustoli\u010dilo u izvanredan doga\u0111aj doma\u0107e umjetni\u010dke scene, svojevrsnu platformu za prezentaciju i razvoj novih umjetni\u010dkih kretanja i imena koja su u ovom trenutku budu\u0107nost umjetni\u010dke scene u Hrvatskoj. Cilj Salona mladih je da putem svojih izlo\u017ebenih, izvedbenih te me\u0111unarodnih popratnih programa pomogne mladim likovnim i vizualnim umjetnicima_cama u razvoju njihove umjetni\u010dke prakse, kao i karijere te da javnosti predstavi nova umjetni\u010dka kretanja suvremene scene vizualnih umjetnosti. Tematski odre\u0111ena centralna izlo\u017eba 37. salona mladih naslovljena <strong><em>Pao sat u bunar <\/em><\/strong>kustosa <strong>Lovre Japund\u017ei\u0107a <\/strong>s radovima <strong>30 izabranih i pozvanih umjetnika_ica<\/strong>, otvara se u <strong>\u010detvrtak 25. travnja<\/strong> u <strong>19 sati<\/strong> u <strong>Domu HDLU \/ Me\u0161trovi\u0107evom paviljonu<\/strong>.<\/p>\n<p style=\"text-align: justify;\">Radovi s izlo\u017ebe istra\u017euju mogu\u0107nosti koje nastaju uslijed neprilago\u0111enosti normativnom toku vremena, a manifestiraju se kroz istra\u017eivanje novih smjerova prethodno zanemarenih odnosa s vremenom. Umjetnici_ce kroz \u0161iroku tematsku le\u0107u u svojim radovima, me\u0111u kojima se nalazi izvanredno velik broj raznovrsnih instalacija, ali i skulptura, fotografija, mozaika, video radova, tra\u017ee momente prekida i praznina koje nas osloba\u0111aju nametnutih vremenskih okvira, ograni\u010denja i zahtjeva neposredne sada\u0161njosti. Me\u0111u tematskim preokupacijama vidljiv je fokus na sve ve\u0107oj nemogu\u0107nosti razdiobe online i offline \u017eivota te posljedi\u010dno preklapanja memorija i stvaranje narativa koji su osobni, ali istovremeno i javni i sva\u010diji, \u0161to nas dovodi do reaktualizacije i interpretacije vlastite pro\u0161losti s pomo\u0107u tu\u0111ih iskustava s interneta, preko bilje\u017eenja svakodnevnih rutina, disocijacija, digitalnog i mentalnog eskapizma, provo\u0111enja vremena, pa i pauziranja i negacije rada, entropije, spekulativnih budu\u0107nosti, disperznih emocija te neizostavne zabrinutosti zbog ugro\u017eenih prirodnih resursa.<\/p>\n<p style=\"text-align: justify;\">Tako se umjetnica <strong>Ana Ratkovi\u0107 Sobota<\/strong> u svom radu <strong><em>Jezera<\/em><\/strong> kojeg \u010dine tradicionalnom tehnikom oslikani tekstili velikih formata bavi ugro\u017eenim elementarnim vodenim resursima istovremeno progovaraju\u0107i o temi odr\u017eivosti u likovnoj umjetnosti, dok se medijski umjetnik <strong>Branimir \u0160tivi\u0107 <\/strong>u svojoj multimedijalnoj instalaciji <strong><em>G04 DWELL <\/em><\/strong>istovremeno bavi poreme\u0107ajem ekosustava, prirodnim ciklusima destrukcije i izgradnje te utjecajima na globalnu ekologiju na primjeru potkornjaka. Umjetnik <strong>Alex Brajkovi\u0107 <\/strong>putem interaktivne instalacije<strong> <em>Contem.plant <\/em><\/strong>predstavlja izvanredan orkestar sa\u010dinjen od biljki koje sviraju udaraljka\u0161ke instrumente i u kona\u010dnici, uz pomo\u0107 ra\u010dunalnog softvera, proizvode i zvukove. Na sli\u010dnim istra\u017eiva\u010dko-umjetni\u010dkim metodama potpomognutim naprednom tehnologijom po\u010diva i spekulativno koncipirana instalacija <strong><em>Druga\u010dije sutra<\/em><\/strong> <strong>Lovre Ivan\u010di\u0107a <\/strong>o budu\u0107nosti stanovanja s namje\u0161tajem koji je u tijesnoj interakciji sa stanarom. Sli\u010dnim stambenim scenarijem, no u analognoj izvedbi tehnikom mozaika predstavit \u0107e se <strong>Katarina Juri\u010di\u0107 <\/strong>s radom<strong> <em>A Maze to Amaze <\/em><\/strong>na kojem istra\u017euje utjecaj strukture prostora na emocionalno stanje i predod\u017ebu vremena i prostora. Goru\u0107om temom dana\u0161njih, u velikoj mjeri online vo\u0111enih \u017eivota \u2013 memorijom i stvaranjem narativa koji su istovremeno osobni i tu\u0111i bavi se <strong>Andrej Dro\u017e\u0111an <\/strong>putem prostorne instalacije <strong><em>Konekcija memorija. <\/em><\/strong>Svakodnevne rutine, opa\u017eanja i spontanosti u svom radu bilje\u017ee<strong> David Bakari\u0107 Mihaljevi\u0107<\/strong> i<strong> Marko Zbodulja, <\/strong>obojica u mediju fotografije, a <strong>Iva Zagoda <\/strong>u mediju skulpture. Ljudskim vezama, poroznostima u dru\u0161tvenim granicama, te utjecajem tehnologije na odnose u svojim se video radovima bave <strong>Jelena Viskovi\u0107<\/strong> (<strong><em>Motonation<\/em>)<\/strong> i <strong>Marko Guti\u0107 Mi\u017eimakov (<em>Lov na zmajice<\/em>).<\/strong><\/p>\n<p style=\"text-align: justify;\"><strong>Na izlo\u017ebi <em>Pao sat u bunar<\/em> izla\u017eu:<\/strong><\/p>\n<p style=\"text-align: justify;\">Alex Brajkovi\u0107, Ana Ratkovi\u0107 Sobota, An\u0111ela Zanki i Mia Marakovi\u0107, Andrej Dro\u017eden, Anja Mergedu\u0161, Astrid Jak\u0161i\u0107, David Bakari\u0107 Mihaljevi\u0107, David Wilhelm, Iva Zagoda, Ivana Ste\u0107uk, Ivor Tamarut, John Mili\u010di\u0107, Katarina Juri\u010di\u0107, Lana Lephamer, Lav Paripovi\u0107, Lea Ani\u0107, Lovro Ivan\u010di\u0107, Marko Zbodulja, Mihael Klan\u010di\u0107, Mihaela Ra\u0161ica, Tomislav Hr\u0161ak, Valerija Cerovec | Pozvani umjetnici: Marko Guti\u0107 Mi\u017eimakov, Nika Pe\u0107arina, Branimir \u0160tivi\u0107, Jelena Viskovi\u0107, Bruna Jakupovi\u0107, Matej Jur\u010devi\u0107, Paula Ton\u010di\u0107, Valentina Butumovi\u0107<\/p>\n<p style=\"text-align: justify;\"><strong>O kustosu izlo\u017ebe <em>Pao sat u bunar<\/em>:<\/strong><\/p>\n<p style=\"text-align: justify;\"><strong>Lovro Japund\u017ei\u0107<\/strong> (1990., Zagreb) zavr\u0161io je studij povijesti umjetnosti i sociologije na Filozofskom fakultetu u Zagrebu te program CuratorLab na Sveu\u010dili\u0161tu za umjetnost, obrt i dizajn Konstfack u \u0160vedskoj. Kustos je i producent s dugogodi\u0161njim iskustvom rada u kuriranju i produkciji izlo\u017ebi, festivala i drugih kulturnih programa. Od 2018. je \u010dlan kustoskog kolektiva koji vodi Me\u0111unarodni festival Organ Vida, a od 2019. radi kao kustos programa Galerije Mo\u010dvara. Izme\u0111u 2021.\u20132023. radio je kao jedan od voditelja Galerije Miroslav Kraljevi\u0107 (GMK). Od 2013.\u20132019. radio je kao selektor programa i promotor Udruge za promicanje nezavisne glazbene kulture \u2013 \u017diva muzika.<\/p>\n<p style=\"text-align: justify;\">Popratni izvedbeni, glazbeni, filmski i teoretski program 37. salona mladih<\/p>\n<p style=\"text-align: justify;\">Pored glavnog izlo\u017ebenog programa, <strong>37. salon mladih<\/strong> organizira raznovrstan <strong>popratni program<\/strong> koji se sastoji od izvedbenog, filmskog, glazbenog, edukativnog programa. Na samom otvorenju Salona mladih, odr\u017eat \u0107e se performans <strong><em>Massa Confusa <\/em><\/strong>grupe autorica <strong>Marianne Nardini, Brune Jakupovi\u0107 <\/strong>i <strong>Lane Lehpamer <\/strong>dok je po\u010detak svibnja, 7. i 8.5. rezerviran za izvedbu nove produkcije \u0161panjolskog kolektiva <strong>Institute for Postnatural Studies<\/strong> u suradnji s umjetnicima <strong>Markom Guti\u0107em Mi\u017eimakovom <\/strong>i<strong> Nikom Pe\u0107arinom. <\/strong>Izvedbeni triplet zatvorit \u0107e projekt studenata 3. godine preddiplomskog studija Suvremeni ples u koreografiji <strong>Sonje Pregrad<\/strong> <strong><em>Ovo nije mali ples<\/em> <\/strong>11.5., sve u Domu HDLU. Tema centralne izlo\u017ebe Salona mladih, <strong><em>Pao sat u bunar<\/em><\/strong>, dodatno \u0107e se pro\u0161iriti <strong>me\u0111unarodnim skupom <em>Temporalnosti u izlo\u017ebenim praksama <\/em><\/strong>na kojem \u0107e 18.5., tako\u0111er u Domu HDLU, sudjelovati pozvani me\u0111unarodni kustosi_ice. Filmski program 37. salona mladih organizira se u suradnji s <strong>Udrugom 25 FPS<\/strong> u okviru programa Vizije koji \u0107e se prikazati 14.5. u Kinu Kinoteka. Za cijelo vrijeme trajanja Salona mladih, organizirat \u0107e se razli\u010diti glazbeni programi me\u0111u kojima se izdvaja slu\u0161aonica audiovizualnog kolektiva <strong>Heartskomerz<\/strong> te predstavljanje <strong>SNOP<\/strong>-a, serijala koncertnih i diskurzivnih ve\u010deri inovativnih audiovizualnih performansa.<\/p>\n<p style=\"text-align: justify;\"><strong>Izlo\u017ebe 37. salona mladih:<\/strong><\/p>\n<p style=\"text-align: justify;\"><strong>\u25ba Pao sat u bunar | Dom HDLU \/ Me\u0161trovi\u0107ev paviljon <\/strong><br \/>\nTrajanje: 25.4. \u2013 16.6.2024. | Otvorenje: 25.4., 19h<br \/>\nKustos: Lovro Japund\u017ei\u0107<\/p>\n<p style=\"text-align: justify;\"><strong>\u25ba Situacija | Arheolo\u0161ki muzej u Zagrebu, Galerija AMZ, Galerija <\/strong><strong>Art&amp;CeRZe<\/strong><strong><br \/>\n<\/strong>Trajanje: 22.5. \u2013 16.6.2024. | Otvorenje: 22.5., 19h<br \/>\nKustosice: Lora Raj\u010di\u0107, Ivana Zavr\u0161ki<\/p>\n<p style=\"text-align: justify;\"><strong>\u25ba Venientes | Galerija \u0160ira<\/strong><br \/>\nTrajanje: 17.5. \u2013 29.5.2024. | Otvorenje: 17.5., 19h<\/p>\n<p style=\"text-align: justify;\"><strong>\u25ba Takeover | 3LHD, Agencija 404, Infinum, Leapwise, VMD<br \/>\n<\/strong>Trajanje: svibanj 2024.<strong><br \/>\n<\/strong>Kustosi: Ku\u0107\u0107a: Jurica Mlinarec, Klara Petrovi\u0107, Luja \u0160imunovi\u0107<\/p>\n<p style=\"text-align: justify;\">Detaljnije o 37. salonu mladih, svim izlo\u017ebama i programima potra\u017eite na <a href=\"http:\/\/www.salonmladih.hdlu.hr\">www.salonmladih.hdlu.hr<\/a>.<\/p>\n<p style=\"text-align: justify;\"><strong>Podr\u0161ka 37. salonu mladih:<\/strong><\/p>\n<p style=\"text-align: justify;\"><strong>Pokrovitelj:<\/strong> Predsjednik Republike Hrvatske Zoran Milanovi\u0107<br \/>\n<strong>Uz potporu:<\/strong> Ministarstvo kulture i medija Republike Hrvatske, Grad Zagreb, Turisti\u010dka zajednica Grada Zagreba, Sufinancira EU, Creart 3.0, Ured za udruge Vlade Republike Hrvatske, Austrijski kulturni forum, Veleposlanstvo Republike Slovenije, Acci\u00f3n Cultural Espa\u00f1ola (AC\/E)<br \/>\n<strong>Partneri:<\/strong> Arheolo\u0161ki muzej u Zagrebu, Akademija likovnih umjetnosti Sveu\u010dili\u0161ta u Zagrebu, Centar za rehabilitaciju Zagreb \/ Art&amp;CeRZ,Srpsko narodno vije\u0107e, Bijenale mladih<br \/>\n<strong>Partneri programa Takeover:<\/strong> 3LHD, Agencija 404, Infinum, Leapwise, VMD<br \/>\n<strong>Sponzori i donatori:<\/strong> Erste banka, Adris grupa, Ve\u010dernji list, Go2Digital, HRT, Zbirka Vuji\u010di\u0107, Anonimni filantrop.<\/p>\n<p style=\"text-align: justify;\">Sufinancira Europska unija \u2013 CREA-CULT-2023-COOP. Izneseni stavovi i mi\u0161ljenja samo su autorova i ne odra\u017eavaju nu\u017eno slu\u017ebena stajali\u0161ta Europske unije ili Europske izvr\u0161ne agencije za obrazovanje i kulturu (EACEA). Ni Europska unija ni Europska komisija ne mogu se smatrati odgovornima za njih. [Broj projekta: 101128499]<\/p>\n<p style=\"text-align: justify;\">Stajali\u0161ta izra\u017eena u ovoj objavi isklju\u010diva su odgovornost HDLU i ne odra\u017eavaju nu\u017eno stajali\u0161te Ureda za udruge Vlade Republike Hrvatske.<\/p>\n<p style=\"text-align: justify;\">[izvor informacije <a href=\"https:\/\/www.hdlu.hr\/\"><strong>HDLU<\/strong><\/a>]<\/p>\n<p style=\"text-align: justify;\"><iframe loading=\"lazy\" style=\"border: none; overflow: hidden;\" src=\"https:\/\/www.facebook.com\/plugins\/post.php?href=https%3A%2F%2Fwww.facebook.com%2FFILMmagnet%2Fposts%2Fpfbid0TKevTKLrD1991GHqhiUHpTQTMP8S3k9aLcj2FJ1hkajDE2zFD48dQK6XuSSFT9kAl&amp;show_text=true&amp;width=500\" width=\"500\" height=\"601\" frameborder=\"0\" scrolling=\"no\" allowfullscreen=\"allowfullscreen\"><\/iframe><\/p>\n<div id=\"fb_share_1\" style=\"float: right; margin-left: 10px;\"><a name=\"fb_share\" type=\"box_count\" share_url=\"https:\/\/film-mag.net\/wp\/?p=54851\" href=\"http:\/\/www.facebook.com\/sharer.php\">Share<\/a><\/div><div><script src=\"https:\/\/static.ak.fbcdn.net\/connect.php\/js\/FB.Share\" type=\"text\/javascript\"><\/script><\/div><div style=\"clear:both\"><\/div>","protected":false},"excerpt":{"rendered":"<p>Krajem travnja 2024. u zagreba\u010dkom Domu HDLU po\u010dinje 37. salon mladih \u2013 najve\u0107a nacionalna manifestacija za umjetnike do 35 godina Salon mladih, bijenalna i najve\u0107a nacionalna izlo\u017ebena manifestacija vizualnih umjetnika_ica do 35 godina mladosti, ove godine predstavlja svoje 37. izdanje koje se otvara u \u010detvrtak, 25. travnja u 19 sati u Domu HDLU, odnosno Me\u0161trovi\u0107evom [&hellip;]<\/p>\n","protected":false},"author":8,"featured_media":0,"comment_status":"closed","ping_status":"closed","sticky":false,"template":"","format":"standard","meta":{"_et_pb_use_builder":"","_et_pb_old_content":"","_et_gb_content_width":"","_editorskit_title_hidden":false,"_editorskit_reading_time":0,"_editorskit_is_block_options_detached":false,"_editorskit_block_options_position":"{}","footnotes":""},"categories":[64,19932,13,17050],"tags":[25940,25939,142,25941],"class_list":["post-54851","post","type-post","status-publish","format-standard","hentry","category-izlozbe","category-likovni-dogadaji","category-likovnost","category-press","tag-37-salon-mladih","tag-dom-hdl","tag-izlozbe-2","tag-salon-mladih"],"yoast_head":"<!-- This site is optimized with the Yoast SEO plugin v24.6 - https:\/\/yoast.com\/wordpress\/plugins\/seo\/ -->\n<title>37. salon mladih \u2013 najve\u0107a nacionalna manifestacija za umjetnike do 35 godina u Domu HDLU - FILM-mag.net<\/title>\n<meta name=\"robots\" content=\"index, follow, max-snippet:-1, max-image-preview:large, max-video-preview:-1\" \/>\n<link rel=\"canonical\" href=\"https:\/\/film-mag.net\/wp\/?p=54851\" \/>\n<meta property=\"og:locale\" content=\"en_US\" \/>\n<meta property=\"og:type\" content=\"article\" \/>\n<meta property=\"og:title\" content=\"37. salon mladih \u2013 najve\u0107a nacionalna manifestacija za umjetnike do 35 godina u Domu HDLU - FILM-mag.net\" \/>\n<meta property=\"og:description\" content=\"Krajem travnja 2024. u zagreba\u010dkom Domu HDLU po\u010dinje 37. salon mladih \u2013 najve\u0107a nacionalna manifestacija za umjetnike do 35 godina Salon mladih, bijenalna i najve\u0107a nacionalna izlo\u017ebena manifestacija vizualnih umjetnika_ica do 35 godina mladosti, ove godine predstavlja svoje 37. izdanje koje se otvara u \u010detvrtak, 25. travnja u 19 sati u Domu HDLU, odnosno Me\u0161trovi\u0107evom [&hellip;]\" \/>\n<meta property=\"og:url\" content=\"https:\/\/film-mag.net\/wp\/?p=54851\" \/>\n<meta property=\"og:site_name\" content=\"FILM-mag.net\" \/>\n<meta property=\"article:published_time\" content=\"2024-04-04T13:21:15+00:00\" \/>\n<meta name=\"author\" content=\"PRESS\" \/>\n<meta name=\"twitter:card\" content=\"summary_large_image\" \/>\n<meta name=\"twitter:label1\" content=\"Written by\" \/>\n\t<meta name=\"twitter:data1\" content=\"PRESS\" \/>\n\t<meta name=\"twitter:label2\" content=\"Est. reading time\" \/>\n\t<meta name=\"twitter:data2\" content=\"7 minutes\" \/>\n<script type=\"application\/ld+json\" class=\"yoast-schema-graph\">{\"@context\":\"https:\/\/schema.org\",\"@graph\":[{\"@type\":\"WebPage\",\"@id\":\"https:\/\/film-mag.net\/wp\/?p=54851\",\"url\":\"https:\/\/film-mag.net\/wp\/?p=54851\",\"name\":\"37. salon mladih \u2013 najve\u0107a nacionalna manifestacija za umjetnike do 35 godina u Domu HDLU - FILM-mag.net\",\"isPartOf\":{\"@id\":\"http:\/\/film-mag.net\/wp\/#website\"},\"datePublished\":\"2024-04-04T13:21:15+00:00\",\"author\":{\"@id\":\"http:\/\/film-mag.net\/wp\/#\/schema\/person\/a8dd3a5b76a5bbde974e03510a205c2f\"},\"breadcrumb\":{\"@id\":\"https:\/\/film-mag.net\/wp\/?p=54851#breadcrumb\"},\"inLanguage\":\"en-US\",\"potentialAction\":[{\"@type\":\"ReadAction\",\"target\":[\"https:\/\/film-mag.net\/wp\/?p=54851\"]}]},{\"@type\":\"BreadcrumbList\",\"@id\":\"https:\/\/film-mag.net\/wp\/?p=54851#breadcrumb\",\"itemListElement\":[{\"@type\":\"ListItem\",\"position\":1,\"name\":\"Home\",\"item\":\"http:\/\/film-mag.net\/wp\/\"},{\"@type\":\"ListItem\",\"position\":2,\"name\":\"37. salon mladih \u2013 najve\u0107a nacionalna manifestacija za umjetnike do 35 godina u Domu HDLU\"}]},{\"@type\":\"WebSite\",\"@id\":\"http:\/\/film-mag.net\/wp\/#website\",\"url\":\"http:\/\/film-mag.net\/wp\/\",\"name\":\"FILM-mag.net\",\"description\":\"Prvi hrvatski portal o filmu i filmu bliskim podru\u010djima kulture\",\"potentialAction\":[{\"@type\":\"SearchAction\",\"target\":{\"@type\":\"EntryPoint\",\"urlTemplate\":\"http:\/\/film-mag.net\/wp\/?s={search_term_string}\"},\"query-input\":{\"@type\":\"PropertyValueSpecification\",\"valueRequired\":true,\"valueName\":\"search_term_string\"}}],\"inLanguage\":\"en-US\"},{\"@type\":\"Person\",\"@id\":\"http:\/\/film-mag.net\/wp\/#\/schema\/person\/a8dd3a5b76a5bbde974e03510a205c2f\",\"name\":\"PRESS\",\"image\":{\"@type\":\"ImageObject\",\"inLanguage\":\"en-US\",\"@id\":\"http:\/\/film-mag.net\/wp\/#\/schema\/person\/image\/\",\"url\":\"https:\/\/secure.gravatar.com\/avatar\/bf4ab1626f485b36c4f3650b1d351839?s=96&d=mm&r=g\",\"contentUrl\":\"https:\/\/secure.gravatar.com\/avatar\/bf4ab1626f485b36c4f3650b1d351839?s=96&d=mm&r=g\",\"caption\":\"PRESS\"},\"url\":\"https:\/\/film-mag.net\/wp\/?author=8\"}]}<\/script>\n<!-- \/ Yoast SEO plugin. -->","yoast_head_json":{"title":"37. salon mladih \u2013 najve\u0107a nacionalna manifestacija za umjetnike do 35 godina u Domu HDLU - FILM-mag.net","robots":{"index":"index","follow":"follow","max-snippet":"max-snippet:-1","max-image-preview":"max-image-preview:large","max-video-preview":"max-video-preview:-1"},"canonical":"https:\/\/film-mag.net\/wp\/?p=54851","og_locale":"en_US","og_type":"article","og_title":"37. salon mladih \u2013 najve\u0107a nacionalna manifestacija za umjetnike do 35 godina u Domu HDLU - FILM-mag.net","og_description":"Krajem travnja 2024. u zagreba\u010dkom Domu HDLU po\u010dinje 37. salon mladih \u2013 najve\u0107a nacionalna manifestacija za umjetnike do 35 godina Salon mladih, bijenalna i najve\u0107a nacionalna izlo\u017ebena manifestacija vizualnih umjetnika_ica do 35 godina mladosti, ove godine predstavlja svoje 37. izdanje koje se otvara u \u010detvrtak, 25. travnja u 19 sati u Domu HDLU, odnosno Me\u0161trovi\u0107evom [&hellip;]","og_url":"https:\/\/film-mag.net\/wp\/?p=54851","og_site_name":"FILM-mag.net","article_published_time":"2024-04-04T13:21:15+00:00","author":"PRESS","twitter_card":"summary_large_image","twitter_misc":{"Written by":"PRESS","Est. reading time":"7 minutes"},"schema":{"@context":"https:\/\/schema.org","@graph":[{"@type":"WebPage","@id":"https:\/\/film-mag.net\/wp\/?p=54851","url":"https:\/\/film-mag.net\/wp\/?p=54851","name":"37. salon mladih \u2013 najve\u0107a nacionalna manifestacija za umjetnike do 35 godina u Domu HDLU - FILM-mag.net","isPartOf":{"@id":"http:\/\/film-mag.net\/wp\/#website"},"datePublished":"2024-04-04T13:21:15+00:00","author":{"@id":"http:\/\/film-mag.net\/wp\/#\/schema\/person\/a8dd3a5b76a5bbde974e03510a205c2f"},"breadcrumb":{"@id":"https:\/\/film-mag.net\/wp\/?p=54851#breadcrumb"},"inLanguage":"en-US","potentialAction":[{"@type":"ReadAction","target":["https:\/\/film-mag.net\/wp\/?p=54851"]}]},{"@type":"BreadcrumbList","@id":"https:\/\/film-mag.net\/wp\/?p=54851#breadcrumb","itemListElement":[{"@type":"ListItem","position":1,"name":"Home","item":"http:\/\/film-mag.net\/wp\/"},{"@type":"ListItem","position":2,"name":"37. salon mladih \u2013 najve\u0107a nacionalna manifestacija za umjetnike do 35 godina u Domu HDLU"}]},{"@type":"WebSite","@id":"http:\/\/film-mag.net\/wp\/#website","url":"http:\/\/film-mag.net\/wp\/","name":"FILM-mag.net","description":"Prvi hrvatski portal o filmu i filmu bliskim podru\u010djima kulture","potentialAction":[{"@type":"SearchAction","target":{"@type":"EntryPoint","urlTemplate":"http:\/\/film-mag.net\/wp\/?s={search_term_string}"},"query-input":{"@type":"PropertyValueSpecification","valueRequired":true,"valueName":"search_term_string"}}],"inLanguage":"en-US"},{"@type":"Person","@id":"http:\/\/film-mag.net\/wp\/#\/schema\/person\/a8dd3a5b76a5bbde974e03510a205c2f","name":"PRESS","image":{"@type":"ImageObject","inLanguage":"en-US","@id":"http:\/\/film-mag.net\/wp\/#\/schema\/person\/image\/","url":"https:\/\/secure.gravatar.com\/avatar\/bf4ab1626f485b36c4f3650b1d351839?s=96&d=mm&r=g","contentUrl":"https:\/\/secure.gravatar.com\/avatar\/bf4ab1626f485b36c4f3650b1d351839?s=96&d=mm&r=g","caption":"PRESS"},"url":"https:\/\/film-mag.net\/wp\/?author=8"}]}},"_links":{"self":[{"href":"https:\/\/film-mag.net\/wp\/index.php?rest_route=\/wp\/v2\/posts\/54851","targetHints":{"allow":["GET"]}}],"collection":[{"href":"https:\/\/film-mag.net\/wp\/index.php?rest_route=\/wp\/v2\/posts"}],"about":[{"href":"https:\/\/film-mag.net\/wp\/index.php?rest_route=\/wp\/v2\/types\/post"}],"author":[{"embeddable":true,"href":"https:\/\/film-mag.net\/wp\/index.php?rest_route=\/wp\/v2\/users\/8"}],"replies":[{"embeddable":true,"href":"https:\/\/film-mag.net\/wp\/index.php?rest_route=%2Fwp%2Fv2%2Fcomments&post=54851"}],"version-history":[{"count":1,"href":"https:\/\/film-mag.net\/wp\/index.php?rest_route=\/wp\/v2\/posts\/54851\/revisions"}],"predecessor-version":[{"id":54853,"href":"https:\/\/film-mag.net\/wp\/index.php?rest_route=\/wp\/v2\/posts\/54851\/revisions\/54853"}],"wp:attachment":[{"href":"https:\/\/film-mag.net\/wp\/index.php?rest_route=%2Fwp%2Fv2%2Fmedia&parent=54851"}],"wp:term":[{"taxonomy":"category","embeddable":true,"href":"https:\/\/film-mag.net\/wp\/index.php?rest_route=%2Fwp%2Fv2%2Fcategories&post=54851"},{"taxonomy":"post_tag","embeddable":true,"href":"https:\/\/film-mag.net\/wp\/index.php?rest_route=%2Fwp%2Fv2%2Ftags&post=54851"}],"curies":[{"name":"wp","href":"https:\/\/api.w.org\/{rel}","templated":true}]}}