{"id":53724,"date":"2023-11-25T13:35:20","date_gmt":"2023-11-25T12:35:20","guid":{"rendered":"http:\/\/film-mag.net\/wp\/?p=53724"},"modified":"2023-11-25T13:36:06","modified_gmt":"2023-11-25T12:36:06","slug":"premijera-predstave-bozicna-prica-u-rijeckom-zajcu","status":"publish","type":"post","link":"https:\/\/film-mag.net\/wp\/?p=53724","title":{"rendered":"Premijera predstave &#8216;Bo\u017ei\u0107na pri\u010da&#8217; u rije\u010dkom Zajcu"},"content":{"rendered":"<p style=\"text-align: justify;\"><strong>\u201eBo\u017ei\u0107na pri\u010da\u201c, omiljeni Dickensov blagdanski klasik premijerno u \u201eZajcu\u201c: <\/strong><strong>Slavlje zajedni\u0161tva i dobrote koje osvaja srca malih i velikih <\/strong><\/p>\n<p style=\"text-align: justify;\">U blagdansko ozra\u010dje rije\u010dki \u0107e HNK Ivana pl. Zajca uploviti premijerom omiljenog obiteljskog bo\u017ei\u0107nog klasika, \u201eBo\u017ei\u0107ne pri\u010de\u201c Charlesa Dickensa, u utorak 28. studenoga 2023. u 19 sati. Re\u017eiju pri\u010de o \u0161krtom i \u010dangrizavom starom Ebenezeru Scroogeu, i tri bo\u017ei\u0107na duha, potpisuje Renata Carola Gatica, redateljica posebno poznata po svom radu za najmla\u0111u publiku, a adaptaciju Ivana \u0110ula i Milica Sinkauz. Dirljiva blagdanska lekcija o tome kako \u017eivot vo\u0111en sebi\u010dno\u0161\u0107u neminovno vodi k usamljenosti ostat \u0107e na programu u brojnim terminima do 19. prosinca 2023.<\/p>\n<p style=\"text-align: justify;\"><img decoding=\"async\" style=\"border: none; width: 100%;\" src=\" https:\/\/hnk-zajc.hr\/wp-content\/uploads\/2023\/07\/Bozicna-prica_vizual-715x575.jpg \" \/><\/p>\n<p style=\"text-align: justify;\">Fotografiju ustupio <a href=\"https:\/\/hnk-zajc.hr\/predstava\/bozicna-prica\/\"><strong>HNK Ivan pl. Zajc &#8211; Foto Dra\u017een \u0160ok\u010devi\u0107<\/strong><\/a><\/p>\n<p style=\"text-align: justify;\">\u201eBo\u017ei\u0107na pri\u010da\u201c, jedno od Dickensovih, najpopularnijih i najinspirativnijih djela, prvi je put objavljena u prosincu 1843. s ilustracijama Johna Leecha. Dickens je bio siguran da \u0107e se knjiga dobro prodavati i nadao se time rije\u0161iti nov\u010dane probleme. Ali nije mogao ni naslutiti razmjere u kojima \u0107e pri\u010da odmah biti prihva\u0107ena, te da \u0107e vremenom prerasti u omiljeni klasik. Iako mu cilj nije bio napisati bezvremensko knji\u017eevno djelo, u\u010dinio je to u svega nekoliko tjedana krajem 1843. godine do\u010darav\u0161i duh vremena ranog viktorijanskog o\u017eivljavanja bo\u017ei\u0107nih praznika. Bilo je to u vrijeme kada su Britanci preispitivali neke bo\u017ei\u0107ne tradicije iz pro\u0161losti, uklju\u010duju\u0107i pjesme i tada posve nove obi\u010daje kao \u0161to su \u010destitke i bo\u017ei\u0107na drvca.<\/p>\n<p style=\"text-align: justify;\">Odnos prema potrebitima i najranjivijima u dru\u0161tvu te mogu\u0107nost iskupljenja sebi\u010dnog \u010dovjeka preobrazbom u suosje\u0107ajnog koji pronalazi istinsku radost u vlastitoj dobroti, klju\u010dne su teme pri\u010de. Kao i u njegovim ranijim djelima, iskrena dru\u0161tvena osjetljivost i briga te zaprepa\u0161tenost tada\u0161njim parlamentarnim izvje\u0161\u0107em o zapo\u0161ljavanju i izrabljivanju djece kao potpla\u0107ene radne snage u opasnim uvjetima poput rudnika, motivirali su Dickensa da napi\u0161e \u201eBo\u017ei\u0107nu pri\u010du\u201c. Budu\u0107i da je tijekom odrastanja pretrpio i siroma\u0161tvo, osje\u0107aj za dru\u0161tvenu nejednakost u njegovim djelima temeljio se i na osobnom gorkom iskustvu.<\/p>\n<p style=\"text-align: justify;\">\u201eBo\u017ei\u0107na pri\u010da\u201c kazali\u0161no je adaptirana nebrojeno puta. A do\u017eivjela je i brojne filmske verzije, od onih iz ere nijemog filma do onih s Muppetima i Michaelom Cainom u ulozi Scroogea, do novijeg animiranog filma u kojem je \u0161krtom Scroogeu glas posudio <strong>Jim Carrey.<\/strong> Pri\u010du danas nerijetko u blagdanskim danima javno \u010ditaju i \u010dlanovi britanske kraljevske obitelji. Od 1853. i sam ju je Dickens javno \u010ditao. Jedna od najljep\u0161ih bo\u017ei\u0107nih pri\u010da koja slavi zajedni\u0161tvo i dobrotu, obiteljsku ljubav i toplinu doma, osvajaju\u0107i srca malih i velikih vje\u010dno je naslje\u0111e Charlesa Dickensa.<\/p>\n<p style=\"text-align: justify;\">\u201eRazmi\u0161ljaju\u0107i o tome koliko su se vremena promijenila i \u0161to je to \u0161to je zajedni\u010dko svim Bo\u017ei\u0107ima, jedna se ideja nametnula kao su\u0161tinska i nepromjenjiva &#8211; ideja zajedni\u0161tva. \u0160to bi onda bilo zajedni\u0161tvo u kazali\u0161tu danas? I \u0161to bi se dogodilo kada pri\u010du napisanu za djecu na scenu ne bi donijeli samo odrasli glumci? Odluka o uklju\u010divanju djece u cijelu ovu <em>pri\u010du, <\/em>nije samo dramski princip koji je tu da razigra zadane situacije i u\u010dini ih dinami\u010dnima. Djeca ovdje postaju dio gluma\u010dkog kolektiva pa se bo\u017ei\u0107no zajedni\u0161tvo doga\u0111a na jo\u0161 jednom planu. Zajedni\u010dki rad svima nam je donio pri\u017eeljkivani <em>bo\u017ei\u0107ni duh, i neka nam taj duh opsjeda kazali\u0161nu ku\u0107u prijazno i neka ga nitko ne po\u017eeli odlo\u017eiti s predstavom\u201c<\/em>, odgovaraju na pitanja koja su im se nametala autorice adaptacije Ivana \u0110ula i Milica Sinkauz. One su ujedno i autorice stihova bo\u017ei\u0107nih pjesama koje se pjevaju u predstavi, napisanih u stilu tradicionalnih <em>christmas carols <\/em>koje zborovi pjevaju na ulicama u vrijeme Bo\u017ei\u0107a, a uglazbili su ih Ivana \u0110ula i Luka Vrbani\u0107.<\/p>\n<p style=\"text-align: justify;\">Ulogu Scroogea glumi Denis Bri\u017ei\u0107 (u alternaciji s Deanom Kriva\u010di\u0107em), a u ostalim su ulogama Deni Sankovi\u0107, Edi \u0106eli\u0107, Mario Jovev, Nika Grbelja, Andreja Brozovi\u0107 Ad\u017ei\u0107-Kapitanovi\u0107, Serena Ferraiuolo, Ana Marija Br\u0111anovi\u0107 i Kristina Paunovski, dok \u0107e se iz <em>off-<\/em>a \u010duti glasovi Aleksandra Cvjetkovi\u0107a, Olivere Baljak, Aleksandre Stojakovi\u0107 i Ivane \u0110ula. U predstavi kao kor sudjeluju polaznice i polaznici Dramskog studija \u201ePontes\u201c: Aria Sofia \u010cule, Lucija \u0160tefani\u0107, Klara Cota, Oriana Peri\u010di\u0107, Mila Duki\u0107, Lara Grguri\u0107, Elena Koli\u0107, Noel Tro\u0161elj, Linda Palmi\u0107, Vito Juri\u010di\u0107, Lucia Babi\u0107, Nika Struja, Mia Luki\u0107, Petra Poli\u0107, David Crnjakovi\u0107, Niko Bazzara, Viktorija Red\u017eepi, Mirna Vratari\u0107, Ilina Luki\u0107, Petar Vrbani\u0107 \u0110ula, Ellia Saracone, Lucia Sabljar i Pia Petri\u010di\u0107 Ferlin. U predstavi sudjeluje i Dje\u010dji zbor \u201eKap\u201c.<\/p>\n<p style=\"text-align: justify;\">Scenografkinja je Paola Lugari\u0107 Benzia, kostimografkinja Sandra Dekani\u0107, oblikovatelj svjetla Dalibor Fugo\u0161i\u0107, a koreografkinja je Kristina Paunovski.<\/p>\n<p style=\"text-align: justify;\">[izvor informacije\u00a0<a href=\"http:\/\/hnk-zajc.hr\/naslovnica\/\"><strong>HNK Ivan pl. Zajc<\/strong><\/a>]<\/p>\n<p style=\"text-align: justify;\"><iframe loading=\"lazy\" style=\"border: none; overflow: hidden;\" src=\"https:\/\/www.facebook.com\/plugins\/post.php?href=https%3A%2F%2Fwww.facebook.com%2FFILMmagnet%2Fposts%2Fpfbid0nWYMmvxzccJEo9F5nwxopR2NV46GFj7DiJvK9izyJ25QVVTBXoZsTsG1zWHwtW2Wl&amp;show_text=true&amp;width=500\" width=\"500\" height=\"665\" frameborder=\"0\" scrolling=\"no\" allowfullscreen=\"allowfullscreen\"><\/iframe><\/p>\n<div id=\"fb_share_1\" style=\"float: right; margin-left: 10px;\"><a name=\"fb_share\" type=\"box_count\" share_url=\"https:\/\/film-mag.net\/wp\/?p=53724\" href=\"http:\/\/www.facebook.com\/sharer.php\">Share<\/a><\/div><div><script src=\"https:\/\/static.ak.fbcdn.net\/connect.php\/js\/FB.Share\" type=\"text\/javascript\"><\/script><\/div><div style=\"clear:both\"><\/div>","protected":false},"excerpt":{"rendered":"<p>\u201eBo\u017ei\u0107na pri\u010da\u201c, omiljeni Dickensov blagdanski klasik premijerno u \u201eZajcu\u201c: Slavlje zajedni\u0161tva i dobrote koje osvaja srca malih i velikih U blagdansko ozra\u010dje rije\u010dki \u0107e HNK Ivana pl. Zajca uploviti premijerom omiljenog obiteljskog bo\u017ei\u0107nog klasika, \u201eBo\u017ei\u0107ne pri\u010de\u201c Charlesa Dickensa, u utorak 28. studenoga 2023. u 19 sati. Re\u017eiju pri\u010de o \u0161krtom i \u010dangrizavom starom Ebenezeru Scroogeu, [&hellip;]<\/p>\n","protected":false},"author":8,"featured_media":0,"comment_status":"closed","ping_status":"closed","sticky":false,"template":"","format":"standard","meta":{"_et_pb_use_builder":"","_et_pb_old_content":"","_et_gb_content_width":"","_editorskit_title_hidden":false,"_editorskit_reading_time":0,"_editorskit_is_block_options_detached":false,"_editorskit_block_options_position":"{}","footnotes":""},"categories":[33,10,17050],"tags":[10102,7131,137,4332,662],"class_list":["post-53724","post","type-post","status-publish","format-standard","hentry","category-kazalisne-premijere","category-kazaliste","category-press","tag-charles-dickens","tag-hnk-ivan-pl-zajc","tag-kazalisna-premijera","tag-renata-carola-gatica","tag-rijeka"],"yoast_head":"<!-- This site is optimized with the Yoast SEO plugin v24.6 - https:\/\/yoast.com\/wordpress\/plugins\/seo\/ -->\n<title>Premijera predstave &#039;Bo\u017ei\u0107na pri\u010da&#039; u rije\u010dkom Zajcu - FILM-mag.net<\/title>\n<meta name=\"robots\" content=\"index, follow, max-snippet:-1, max-image-preview:large, max-video-preview:-1\" \/>\n<link rel=\"canonical\" href=\"https:\/\/film-mag.net\/wp\/?p=53724\" \/>\n<meta property=\"og:locale\" content=\"en_US\" \/>\n<meta property=\"og:type\" content=\"article\" \/>\n<meta property=\"og:title\" content=\"Premijera predstave &#039;Bo\u017ei\u0107na pri\u010da&#039; u rije\u010dkom Zajcu - FILM-mag.net\" \/>\n<meta property=\"og:description\" content=\"\u201eBo\u017ei\u0107na pri\u010da\u201c, omiljeni Dickensov blagdanski klasik premijerno u \u201eZajcu\u201c: Slavlje zajedni\u0161tva i dobrote koje osvaja srca malih i velikih U blagdansko ozra\u010dje rije\u010dki \u0107e HNK Ivana pl. Zajca uploviti premijerom omiljenog obiteljskog bo\u017ei\u0107nog klasika, \u201eBo\u017ei\u0107ne pri\u010de\u201c Charlesa Dickensa, u utorak 28. studenoga 2023. u 19 sati. Re\u017eiju pri\u010de o \u0161krtom i \u010dangrizavom starom Ebenezeru Scroogeu, [&hellip;]\" \/>\n<meta property=\"og:url\" content=\"https:\/\/film-mag.net\/wp\/?p=53724\" \/>\n<meta property=\"og:site_name\" content=\"FILM-mag.net\" \/>\n<meta property=\"article:published_time\" content=\"2023-11-25T12:35:20+00:00\" \/>\n<meta property=\"article:modified_time\" content=\"2023-11-25T12:36:06+00:00\" \/>\n<meta name=\"author\" content=\"PRESS\" \/>\n<meta name=\"twitter:card\" content=\"summary_large_image\" \/>\n<meta name=\"twitter:label1\" content=\"Written by\" \/>\n\t<meta name=\"twitter:data1\" content=\"PRESS\" \/>\n\t<meta name=\"twitter:label2\" content=\"Est. reading time\" \/>\n\t<meta name=\"twitter:data2\" content=\"4 minutes\" \/>\n<script type=\"application\/ld+json\" class=\"yoast-schema-graph\">{\"@context\":\"https:\/\/schema.org\",\"@graph\":[{\"@type\":\"WebPage\",\"@id\":\"https:\/\/film-mag.net\/wp\/?p=53724\",\"url\":\"https:\/\/film-mag.net\/wp\/?p=53724\",\"name\":\"Premijera predstave 'Bo\u017ei\u0107na pri\u010da' u rije\u010dkom Zajcu - FILM-mag.net\",\"isPartOf\":{\"@id\":\"http:\/\/film-mag.net\/wp\/#website\"},\"datePublished\":\"2023-11-25T12:35:20+00:00\",\"dateModified\":\"2023-11-25T12:36:06+00:00\",\"author\":{\"@id\":\"http:\/\/film-mag.net\/wp\/#\/schema\/person\/a8dd3a5b76a5bbde974e03510a205c2f\"},\"breadcrumb\":{\"@id\":\"https:\/\/film-mag.net\/wp\/?p=53724#breadcrumb\"},\"inLanguage\":\"en-US\",\"potentialAction\":[{\"@type\":\"ReadAction\",\"target\":[\"https:\/\/film-mag.net\/wp\/?p=53724\"]}]},{\"@type\":\"BreadcrumbList\",\"@id\":\"https:\/\/film-mag.net\/wp\/?p=53724#breadcrumb\",\"itemListElement\":[{\"@type\":\"ListItem\",\"position\":1,\"name\":\"Home\",\"item\":\"http:\/\/film-mag.net\/wp\/\"},{\"@type\":\"ListItem\",\"position\":2,\"name\":\"Premijera predstave &#8216;Bo\u017ei\u0107na pri\u010da&#8217; u rije\u010dkom Zajcu\"}]},{\"@type\":\"WebSite\",\"@id\":\"http:\/\/film-mag.net\/wp\/#website\",\"url\":\"http:\/\/film-mag.net\/wp\/\",\"name\":\"FILM-mag.net\",\"description\":\"Prvi hrvatski portal o filmu i filmu bliskim podru\u010djima kulture\",\"potentialAction\":[{\"@type\":\"SearchAction\",\"target\":{\"@type\":\"EntryPoint\",\"urlTemplate\":\"http:\/\/film-mag.net\/wp\/?s={search_term_string}\"},\"query-input\":{\"@type\":\"PropertyValueSpecification\",\"valueRequired\":true,\"valueName\":\"search_term_string\"}}],\"inLanguage\":\"en-US\"},{\"@type\":\"Person\",\"@id\":\"http:\/\/film-mag.net\/wp\/#\/schema\/person\/a8dd3a5b76a5bbde974e03510a205c2f\",\"name\":\"PRESS\",\"image\":{\"@type\":\"ImageObject\",\"inLanguage\":\"en-US\",\"@id\":\"http:\/\/film-mag.net\/wp\/#\/schema\/person\/image\/\",\"url\":\"https:\/\/secure.gravatar.com\/avatar\/bf4ab1626f485b36c4f3650b1d351839?s=96&d=mm&r=g\",\"contentUrl\":\"https:\/\/secure.gravatar.com\/avatar\/bf4ab1626f485b36c4f3650b1d351839?s=96&d=mm&r=g\",\"caption\":\"PRESS\"},\"url\":\"https:\/\/film-mag.net\/wp\/?author=8\"}]}<\/script>\n<!-- \/ Yoast SEO plugin. -->","yoast_head_json":{"title":"Premijera predstave 'Bo\u017ei\u0107na pri\u010da' u rije\u010dkom Zajcu - FILM-mag.net","robots":{"index":"index","follow":"follow","max-snippet":"max-snippet:-1","max-image-preview":"max-image-preview:large","max-video-preview":"max-video-preview:-1"},"canonical":"https:\/\/film-mag.net\/wp\/?p=53724","og_locale":"en_US","og_type":"article","og_title":"Premijera predstave 'Bo\u017ei\u0107na pri\u010da' u rije\u010dkom Zajcu - FILM-mag.net","og_description":"\u201eBo\u017ei\u0107na pri\u010da\u201c, omiljeni Dickensov blagdanski klasik premijerno u \u201eZajcu\u201c: Slavlje zajedni\u0161tva i dobrote koje osvaja srca malih i velikih U blagdansko ozra\u010dje rije\u010dki \u0107e HNK Ivana pl. Zajca uploviti premijerom omiljenog obiteljskog bo\u017ei\u0107nog klasika, \u201eBo\u017ei\u0107ne pri\u010de\u201c Charlesa Dickensa, u utorak 28. studenoga 2023. u 19 sati. Re\u017eiju pri\u010de o \u0161krtom i \u010dangrizavom starom Ebenezeru Scroogeu, [&hellip;]","og_url":"https:\/\/film-mag.net\/wp\/?p=53724","og_site_name":"FILM-mag.net","article_published_time":"2023-11-25T12:35:20+00:00","article_modified_time":"2023-11-25T12:36:06+00:00","author":"PRESS","twitter_card":"summary_large_image","twitter_misc":{"Written by":"PRESS","Est. reading time":"4 minutes"},"schema":{"@context":"https:\/\/schema.org","@graph":[{"@type":"WebPage","@id":"https:\/\/film-mag.net\/wp\/?p=53724","url":"https:\/\/film-mag.net\/wp\/?p=53724","name":"Premijera predstave 'Bo\u017ei\u0107na pri\u010da' u rije\u010dkom Zajcu - FILM-mag.net","isPartOf":{"@id":"http:\/\/film-mag.net\/wp\/#website"},"datePublished":"2023-11-25T12:35:20+00:00","dateModified":"2023-11-25T12:36:06+00:00","author":{"@id":"http:\/\/film-mag.net\/wp\/#\/schema\/person\/a8dd3a5b76a5bbde974e03510a205c2f"},"breadcrumb":{"@id":"https:\/\/film-mag.net\/wp\/?p=53724#breadcrumb"},"inLanguage":"en-US","potentialAction":[{"@type":"ReadAction","target":["https:\/\/film-mag.net\/wp\/?p=53724"]}]},{"@type":"BreadcrumbList","@id":"https:\/\/film-mag.net\/wp\/?p=53724#breadcrumb","itemListElement":[{"@type":"ListItem","position":1,"name":"Home","item":"http:\/\/film-mag.net\/wp\/"},{"@type":"ListItem","position":2,"name":"Premijera predstave &#8216;Bo\u017ei\u0107na pri\u010da&#8217; u rije\u010dkom Zajcu"}]},{"@type":"WebSite","@id":"http:\/\/film-mag.net\/wp\/#website","url":"http:\/\/film-mag.net\/wp\/","name":"FILM-mag.net","description":"Prvi hrvatski portal o filmu i filmu bliskim podru\u010djima kulture","potentialAction":[{"@type":"SearchAction","target":{"@type":"EntryPoint","urlTemplate":"http:\/\/film-mag.net\/wp\/?s={search_term_string}"},"query-input":{"@type":"PropertyValueSpecification","valueRequired":true,"valueName":"search_term_string"}}],"inLanguage":"en-US"},{"@type":"Person","@id":"http:\/\/film-mag.net\/wp\/#\/schema\/person\/a8dd3a5b76a5bbde974e03510a205c2f","name":"PRESS","image":{"@type":"ImageObject","inLanguage":"en-US","@id":"http:\/\/film-mag.net\/wp\/#\/schema\/person\/image\/","url":"https:\/\/secure.gravatar.com\/avatar\/bf4ab1626f485b36c4f3650b1d351839?s=96&d=mm&r=g","contentUrl":"https:\/\/secure.gravatar.com\/avatar\/bf4ab1626f485b36c4f3650b1d351839?s=96&d=mm&r=g","caption":"PRESS"},"url":"https:\/\/film-mag.net\/wp\/?author=8"}]}},"_links":{"self":[{"href":"https:\/\/film-mag.net\/wp\/index.php?rest_route=\/wp\/v2\/posts\/53724","targetHints":{"allow":["GET"]}}],"collection":[{"href":"https:\/\/film-mag.net\/wp\/index.php?rest_route=\/wp\/v2\/posts"}],"about":[{"href":"https:\/\/film-mag.net\/wp\/index.php?rest_route=\/wp\/v2\/types\/post"}],"author":[{"embeddable":true,"href":"https:\/\/film-mag.net\/wp\/index.php?rest_route=\/wp\/v2\/users\/8"}],"replies":[{"embeddable":true,"href":"https:\/\/film-mag.net\/wp\/index.php?rest_route=%2Fwp%2Fv2%2Fcomments&post=53724"}],"version-history":[{"count":3,"href":"https:\/\/film-mag.net\/wp\/index.php?rest_route=\/wp\/v2\/posts\/53724\/revisions"}],"predecessor-version":[{"id":53727,"href":"https:\/\/film-mag.net\/wp\/index.php?rest_route=\/wp\/v2\/posts\/53724\/revisions\/53727"}],"wp:attachment":[{"href":"https:\/\/film-mag.net\/wp\/index.php?rest_route=%2Fwp%2Fv2%2Fmedia&parent=53724"}],"wp:term":[{"taxonomy":"category","embeddable":true,"href":"https:\/\/film-mag.net\/wp\/index.php?rest_route=%2Fwp%2Fv2%2Fcategories&post=53724"},{"taxonomy":"post_tag","embeddable":true,"href":"https:\/\/film-mag.net\/wp\/index.php?rest_route=%2Fwp%2Fv2%2Ftags&post=53724"}],"curies":[{"name":"wp","href":"https:\/\/api.w.org\/{rel}","templated":true}]}}