{"id":30722,"date":"2017-02-04T18:04:24","date_gmt":"2017-02-04T17:04:24","guid":{"rendered":"http:\/\/film-mag.net\/wp\/?p=30722"},"modified":"2026-01-06T21:38:34","modified_gmt":"2026-01-06T20:38:34","slug":"bela-tarr-u-zagrebu-u-europi-pise-ada-jukic","status":"publish","type":"post","link":"https:\/\/film-mag.net\/wp\/?p=30722","title":{"rendered":"B\u00c9LA TARR u Zagrebu, u Europi [pi\u0161e Ada Juki\u0107]"},"content":{"rendered":"<p style=\"text-align: justify;\"><strong>Razgovor s Redateljem povodom projecije filma Obiteljsko gnijezdo<\/strong><\/p>\n<p style=\"text-align: justify;\"><strong><em>&#8216;They are terrible people, but the situation is terrible, and I love them.&#8217;<\/em><\/strong><\/p>\n<p style=\"text-align: justify;\">To je slobodno navedena izjava B\u00e9le Tarra na razgovoru povodom projekcije filma &#8216;Obiteljsko gnijezdo&#8217;, njegovog prvog filma (1977.) u okviru Festivala mutacija u Zagrebu 31.sije\u010dnja 2017. godine, u kinu Europa. Izjava je data kao odgovor na pitanje, odnosno stav jednog gledatelja prema junacima Filma i u tom kontekstu treba \u010ditati (prevesti) to &#8216;terrible&#8217;. Zapravo, ti ljudi nisu grozni, ve\u0107 jadni, nesretni, nesigurni, nesavr\u0161eni i \u010dine ve\u0107inu svijeta. To da voli te male, anonimne ljude, da ih ne (pr)osu\u0111uje i da se svojim radom zala\u017ee za njihovo dostojanstvo, naglasio je veliki ma\u0111arski \u00a0i svjetski redatelj na jo\u0161 jednom istupu kojem sam prisustvovala (u prostorima Filmske akademije u Zagrebu, prije nekoliko godina, kad je objavio odluku o prestanku snimanja i otvaranju filmske radionice, tada planirane u Splitu, a realizirane u Sarajevu, koja po svje\u017ee iznesenom stavu na toj lokaciji prestaje s radom).<\/p>\n<p style=\"text-align: justify;\"><img decoding=\"async\" style=\"border: none; width: 100%;\" src=\" https:\/\/i.postimg.cc\/G3zRkph0\/AJ-Bela-Tarr.jpg \" \/><\/p>\n<p>Foto Ada Juki\u0107<\/p>\n<p style=\"text-align: justify;\"><strong><em>B\u00e9la Tarr i Abel Ferara na &#8216;Festivalu mutacija&#8217;<\/em><\/strong><\/p>\n<p style=\"text-align: justify;\">Projekciji Tarrovog filma prethodila je projekcija filma &#8216;Djevojka iz Kineske \u010detvrti&#8217; Abela Ferrare, jo\u0161 jednog velikog gosta Festivala, koji je tako\u0111er sudjelovao u razgovoru, izme\u0111u ostalog, i sam postavljaju\u0107i pitanja kolegi o snimanju njegovog prvijenca. Pitanja je postavljala i publika, a moje pitanje bilo je vezano za gornju izjavu. Pitala sam kako je mogu\u0107e voljeti te ljude. Mogu razumjeti da ih mo\u017eemo sa\u017ealjevati, mo\u017eemo razumjeti za\u0161to su takvi, mo\u017eemo ih i opravdati kao \u0161to \u010dini autor filma (takvi su jer su ih okolnosti \u017eivota u\u010dinile takvim, takvi su zbog utjecaja dru\u0161tva, bez obzira koje bilo dru\u0161tveno ure\u0111enje). Ali kako mo\u017eemo voljeti one kojima treba opravdanje?<\/p>\n<p style=\"text-align: justify;\">Odgovor je opet po\u010deo iz op\u0107eg humanisti\u010dkog stava. Nemamo pravo na &#8216;judging&#8217;. Bez obzira kakvi bili ljudi, mi ih nemamo pravo prosudjivati ni osu\u0111ivati. Iz toga je nekako mutirala tolerancija do ljubavi. Ali prije nego otkrijemo kako tu bo\u017eju blagost mogu posti\u0107i svi ljudi, prakti\u010dki, a ne kao teoretski stav ili floskulu koja ih u vlastitim o\u010dima \u010dini ve\u0107im ili boljim ljudima, prepoznajemo je kao\u00a0 potencijal velikih ljudi. Stvaralaca. Mora\u0161 voljeti ljude da bi stvarao za njih (i kad trpi\u0161 zbog njihova nerazumijevanja, \u010dak i kad zna\u0161 da ti ljudi radije gledaju sapunice nego filmove u kojima se brani njihovo dostojanstvo). Takvi su i rijetki likovi u djelima stvaralaca (sjetimo se Alekseja Karamazova ili kneza Lava u Idiotu). Nisam dalje i\u0161la u polemiku jer se od karaktera likova Obiteljskog gnijezda diskusija razvila o drugim aspektima filma, ali nisam prestala razmi\u0161ljati. \u0160to kad bismo tim ljudima dali ono o \u010demu sanjaju? Stan, na orimjer. Da\u00a0 li bi postali druga\u010diji? Ali u kakvim stanovima (ku\u0107ama) \u00a0se ra\u0111aju Chabrolovi (anti)junaci? Jesu li dru\u0161tvene prilike same odgovorne za\u00a0 ljudske slabosti ili je slaba sama ljudska priroda?<\/p>\n<p style=\"text-align: justify;\"><img decoding=\"async\" class=\"spotlight\" src=\"https:\/\/scontent-lht6-1.xx.fbcdn.net\/v\/t31.0-8\/16402650_1321437407894929_1347125061774875020_o.jpg?oh=fc05e4e8c20361c4952fbcd281bebf50&amp;oe=590C1806\" alt=\"Fotografija F.I.L.M.\" \/><\/p>\n<p style=\"text-align: justify;\"><strong><em>Obiteljska klopka<\/em><\/strong><\/p>\n<p style=\"text-align: justify;\">B\u00e9la Tarr je u stanju voljeti svoje male likove &#8216;stije\u0161njene \u017eivotom&#8217;, svoje &#8216;bijedne ljude&#8217; (opet asocijacija na Dostojevskog). Pri\u010dao nam je kako je snimio svoj prvi film s dvadeset dvije godine, kad je odlu\u010dio pokazati ne uljep\u0161anu stranu \u017eivota, ve\u0107 \u017eivot\u00a0 koji vode obi\u010dni ljudi, ve\u010dina ljudi (a ne marginalci, kako su komentirali slu\u017ebeni izvori). &#8216;Obiteljsko gnijezdo&#8217; (Family Nest) naziv je koji je filmu dodijeljen za inozemni plasman, dok je u izvornom naslovu umjesto &#8216;gnijezda&#8217; ne\u0161to kao vatrena klopka &#8216;fire trap&#8217;, po Redateljevom prijevodu. Film je snimio\u00a0 1977. godine, to\u010dno prije 40 godina, naglasio je, u rujnu. To je iz prve ruke dobiven podatak (u IMDb evidenciji navedena je 1979., vjerojatno godina kad se film pojavio &#8216;u svijetu&#8217;).<\/p>\n<p style=\"text-align: justify;\">Film govori o radnicima tvornice salame koji \u017eive pritisnuti egzistencijskim problemima, me\u0111u kojima je najve\u0107i stambeni problem. Obitelj\u00a0 s desetak \u010dlanova u tri generacije \u017eivi u nepodno\u0161ljivo sku\u010denom prostoru i u toj situaciji izbijaju krajnja obilje\u017eja njihovih karaktera i odnosa.<\/p>\n<p style=\"text-align: justify;\">Film je snimljen minimalnim sredstvima, u minimalnom vremenu (pet dana), na izravnim lokacijama,\u00a0 bez (pravih) glumaca, ali je pravi igrani film. Natur\u0161\u010dici fasciniraju u svojim mu\u010dnim ulogama. A razlog je taj \u0161to ih je, kako sam B\u00e9la Tarr ka\u017ee, na audicijama pomno birao. Nisu dobili tekst koji \u0107e govoriti, ve\u0107 su birani likovi koji \u0107e u odgovaraju\u0107oj situaciji &#8216;prirodno&#8217; reagirati prema o\u010dekivanjima redatelja.<\/p>\n<p style=\"text-align: justify;\">Pored izvanredne protagonistice (radnice u tvornici,\u00a0 koja s djetetom \u017eivi u obitelji supruga koji je dvije godine u vojski), i dojmljivih epizodista, istaknut je lik \u00a0prijetvornog, neugodnog, brbljavog i samodopadnog patera familiasa.\u00a0 Za njega se osobito zainteresirao Abel Ferara, &#8216;Koji je to lik, Hej, Man&#8217;, odu\u0161evio se. Na njegovo pitanje o daljnjoj suradnji s\u00a0 glumcima iz svog prvog filma, Tarr\u00a0 je rekao da je anga\u017eirao neke od njih, na primjer, u &#8216;Sotonskom tangu&#8217;\u00a0 (1994.) i drugim, ali otac iz &#8216;Obitelji&#8217; bio je &#8216;dobar samo za ovu ulogu&#8217;.<\/p>\n<p style=\"text-align: justify;\"><em><strong>Poslije filma&#8230; sna\u017eniji<\/strong> <\/em><\/p>\n<p style=\"text-align: justify;\">Razmi\u0161ljala sam o jo\u0161 jednom lijepo fomuliranom stavu B\u00e9le Tarra. Iako skromno ocjenjuje &#8216;svoj engleski&#8217; i prigu\u0161uje se u ulozi sitnog starog \u010dovjeka, koji ne mo\u017ee promijeniti svijet, B\u00e9la Tarr zra\u010di govorni\u010dkom snagom gotovo kao redateljskim izrazom. \u010cak i kad inzistira na jednostavnosti i izbjegavanju\u00a0 metafora i drugih literarnih figura u intepretaciji filmskog djela (koje koriste filmski kriti\u010dari, nasmije\u0161io se jo\u0161 jednom sugovorniku u Razgovoru, &#8216;slu\u017ebenom uvodni\u010daru i analiti\u010daru Festivala, Jonathanu Rosenbaumu), Tarr govori sugestivno i poticajno. U pitanju o utjecaju filma mo\u017ee imati na gledatelje, a znamo koliko je tu razli\u010ditih (i to\u010dnih) mi\u0161ljenja, za B\u00e9lu Tarra najva\u017enije je da li izlazimo iz kina sna\u017eniji. Stronger, or not, to je bitno, ka\u017ee. I to je to\u010dno. A s obzirom na teme, na\u010din prikaza, pa \u010dak i trajanje njegovih filmova\u00a0 (vidi Sotonski tango, na primjer, sedam i pol sati!), mo\u017eemo zaklju\u010diti da njegov gledatelj ve\u0107 treba biti sna\u017ean, ne samo da izdr\u017ei pritisak kralje\u017enice u sjedalu kina, ve\u0107 \u00a0izdr\u017ei i sliku svijeta koju mu pokazuje. To je pokazao i broj gledatelja na dragocjenoj zagreba\u010dkoj projekciji od podne do osam nave\u010der\u00a0 31. sije\u010dnja 2017., s dvije kra\u0107e stanke u originalno postavljenom ritmu.<\/p>\n<p style=\"text-align: justify;\">Do sljede\u0107ih Filmskih mutacija imamo vremena za jo\u0161 sna\u017enije razmi\u0161ljanje.<\/p>\n<p style=\"text-align: justify;\"><strong>Ada Juki\u0107, u Zagrebu 01.02.2017.<\/strong><\/p>\n<p style=\"text-align: justify;\"><iframe loading=\"lazy\" style=\"border: none; overflow: hidden;\" src=\"https:\/\/www.facebook.com\/plugins\/post.php?href=https%3A%2F%2Fwww.facebook.com%2Fmedia%2Fset%2F%3Fset%3Da.1321436884561648.1073741912.360984060606940%26type%3D3&amp;width=500\" width=\"500\" height=\"646\" frameborder=\"0\" scrolling=\"no\"><\/iframe><\/p>\n<div id=\"fb_share_1\" style=\"float: right; margin-left: 10px;\"><a name=\"fb_share\" type=\"box_count\" share_url=\"https:\/\/film-mag.net\/wp\/?p=30722\" href=\"http:\/\/www.facebook.com\/sharer.php\">Share<\/a><\/div><div><script src=\"https:\/\/static.ak.fbcdn.net\/connect.php\/js\/FB.Share\" type=\"text\/javascript\"><\/script><\/div><div style=\"clear:both\"><\/div>","protected":false},"excerpt":{"rendered":"<p>Razgovor s Redateljem povodom projecije filma Obiteljsko gnijezdo &#8216;They are terrible people, but the situation is terrible, and I love them.&#8217; To je slobodno navedena izjava B\u00e9le Tarra na razgovoru povodom projekcije filma &#8216;Obiteljsko gnijezdo&#8217;, njegovog prvog filma (1977.) u okviru Festivala mutacija u Zagrebu 31.sije\u010dnja 2017. godine, u kinu Europa. Izjava je data kao [&hellip;]<\/p>\n","protected":false},"author":3,"featured_media":30727,"comment_status":"closed","ping_status":"closed","sticky":false,"template":"","format":"standard","meta":{"_et_pb_use_builder":"","_et_pb_old_content":"","_et_gb_content_width":"","_editorskit_title_hidden":false,"_editorskit_reading_time":0,"_editorskit_is_block_options_detached":false,"_editorskit_block_options_position":"{}","footnotes":""},"categories":[5955,9,22,4,48],"tags":[15620,204,6068,320,601,7625,665,2879],"class_list":["post-30722","post","type-post","status-publish","format-standard","has-post-thumbnail","hentry","category-autorski-tekstovi","category-film","category-filmski-festivali","category-istaknuto","category-osvrti-na-filmove","tag-abel-ferara","tag-ada-jukic","tag-autorski-tekst","tag-bela-tarr","tag-filmske-mutacije","tag-filmski-razgovori","tag-osvrti","tag-razgovori"],"yoast_head":"<!-- This site is optimized with the Yoast SEO plugin v24.6 - https:\/\/yoast.com\/wordpress\/plugins\/seo\/ -->\n<title>B\u00c9LA TARR u Zagrebu, u Europi [pi\u0161e Ada Juki\u0107] - FILM-mag.net<\/title>\n<meta name=\"robots\" content=\"index, follow, max-snippet:-1, max-image-preview:large, max-video-preview:-1\" \/>\n<link rel=\"canonical\" href=\"https:\/\/film-mag.net\/wp\/?p=30722\" \/>\n<meta property=\"og:locale\" content=\"en_US\" \/>\n<meta property=\"og:type\" content=\"article\" \/>\n<meta property=\"og:title\" content=\"B\u00c9LA TARR u Zagrebu, u Europi [pi\u0161e Ada Juki\u0107] - FILM-mag.net\" \/>\n<meta property=\"og:description\" content=\"Razgovor s Redateljem povodom projecije filma Obiteljsko gnijezdo &#8216;They are terrible people, but the situation is terrible, and I love them.&#8217; To je slobodno navedena izjava B\u00e9le Tarra na razgovoru povodom projekcije filma &#8216;Obiteljsko gnijezdo&#8217;, njegovog prvog filma (1977.) u okviru Festivala mutacija u Zagrebu 31.sije\u010dnja 2017. godine, u kinu Europa. Izjava je data kao [&hellip;]\" \/>\n<meta property=\"og:url\" content=\"https:\/\/film-mag.net\/wp\/?p=30722\" \/>\n<meta property=\"og:site_name\" content=\"FILM-mag.net\" \/>\n<meta property=\"article:published_time\" content=\"2017-02-04T17:04:24+00:00\" \/>\n<meta property=\"article:modified_time\" content=\"2026-01-06T20:38:34+00:00\" \/>\n<meta property=\"og:image\" content=\"https:\/\/film-mag.net\/wp\/wp-content\/uploads\/2017\/02\/AJ_BelaTarr.jpg\" \/>\n\t<meta property=\"og:image:width\" content=\"550\" \/>\n\t<meta property=\"og:image:height\" content=\"411\" \/>\n\t<meta property=\"og:image:type\" content=\"image\/jpeg\" \/>\n<meta name=\"author\" content=\"Ada Juki\u0107\" \/>\n<meta name=\"twitter:card\" content=\"summary_large_image\" \/>\n<meta name=\"twitter:label1\" content=\"Written by\" \/>\n\t<meta name=\"twitter:data1\" content=\"Ada Juki\u0107\" \/>\n\t<meta name=\"twitter:label2\" content=\"Est. reading time\" \/>\n\t<meta name=\"twitter:data2\" content=\"5 minutes\" \/>\n<script type=\"application\/ld+json\" class=\"yoast-schema-graph\">{\"@context\":\"https:\/\/schema.org\",\"@graph\":[{\"@type\":\"WebPage\",\"@id\":\"https:\/\/film-mag.net\/wp\/?p=30722\",\"url\":\"https:\/\/film-mag.net\/wp\/?p=30722\",\"name\":\"B\u00c9LA TARR u Zagrebu, u Europi [pi\u0161e Ada Juki\u0107] - FILM-mag.net\",\"isPartOf\":{\"@id\":\"http:\/\/film-mag.net\/wp\/#website\"},\"primaryImageOfPage\":{\"@id\":\"https:\/\/film-mag.net\/wp\/?p=30722#primaryimage\"},\"image\":{\"@id\":\"https:\/\/film-mag.net\/wp\/?p=30722#primaryimage\"},\"thumbnailUrl\":\"https:\/\/film-mag.net\/wp\/wp-content\/uploads\/2017\/02\/AJ_BelaTarr.jpg\",\"datePublished\":\"2017-02-04T17:04:24+00:00\",\"dateModified\":\"2026-01-06T20:38:34+00:00\",\"author\":{\"@id\":\"http:\/\/film-mag.net\/wp\/#\/schema\/person\/92729891bbbc5097f13d47bdec3da0aa\"},\"breadcrumb\":{\"@id\":\"https:\/\/film-mag.net\/wp\/?p=30722#breadcrumb\"},\"inLanguage\":\"en-US\",\"potentialAction\":[{\"@type\":\"ReadAction\",\"target\":[\"https:\/\/film-mag.net\/wp\/?p=30722\"]}]},{\"@type\":\"ImageObject\",\"inLanguage\":\"en-US\",\"@id\":\"https:\/\/film-mag.net\/wp\/?p=30722#primaryimage\",\"url\":\"https:\/\/film-mag.net\/wp\/wp-content\/uploads\/2017\/02\/AJ_BelaTarr.jpg\",\"contentUrl\":\"https:\/\/film-mag.net\/wp\/wp-content\/uploads\/2017\/02\/AJ_BelaTarr.jpg\",\"width\":550,\"height\":411,\"caption\":\"B\u00e9la Tarr u kinu Europa ; Foto AJ\"},{\"@type\":\"BreadcrumbList\",\"@id\":\"https:\/\/film-mag.net\/wp\/?p=30722#breadcrumb\",\"itemListElement\":[{\"@type\":\"ListItem\",\"position\":1,\"name\":\"Home\",\"item\":\"http:\/\/film-mag.net\/wp\/\"},{\"@type\":\"ListItem\",\"position\":2,\"name\":\"B\u00c9LA TARR u Zagrebu, u Europi [pi\u0161e Ada Juki\u0107]\"}]},{\"@type\":\"WebSite\",\"@id\":\"http:\/\/film-mag.net\/wp\/#website\",\"url\":\"http:\/\/film-mag.net\/wp\/\",\"name\":\"FILM-mag.net\",\"description\":\"Prvi hrvatski portal o filmu i filmu bliskim podru\u010djima kulture\",\"potentialAction\":[{\"@type\":\"SearchAction\",\"target\":{\"@type\":\"EntryPoint\",\"urlTemplate\":\"http:\/\/film-mag.net\/wp\/?s={search_term_string}\"},\"query-input\":{\"@type\":\"PropertyValueSpecification\",\"valueRequired\":true,\"valueName\":\"search_term_string\"}}],\"inLanguage\":\"en-US\"},{\"@type\":\"Person\",\"@id\":\"http:\/\/film-mag.net\/wp\/#\/schema\/person\/92729891bbbc5097f13d47bdec3da0aa\",\"name\":\"Ada Juki\u0107\",\"image\":{\"@type\":\"ImageObject\",\"inLanguage\":\"en-US\",\"@id\":\"http:\/\/film-mag.net\/wp\/#\/schema\/person\/image\/\",\"url\":\"https:\/\/secure.gravatar.com\/avatar\/ff805cd2008031a3678e7e97fa628ef9?s=96&d=mm&r=g\",\"contentUrl\":\"https:\/\/secure.gravatar.com\/avatar\/ff805cd2008031a3678e7e97fa628ef9?s=96&d=mm&r=g\",\"caption\":\"Ada Juki\u0107\"},\"url\":\"https:\/\/film-mag.net\/wp\/?author=3\"}]}<\/script>\n<!-- \/ Yoast SEO plugin. -->","yoast_head_json":{"title":"B\u00c9LA TARR u Zagrebu, u Europi [pi\u0161e Ada Juki\u0107] - FILM-mag.net","robots":{"index":"index","follow":"follow","max-snippet":"max-snippet:-1","max-image-preview":"max-image-preview:large","max-video-preview":"max-video-preview:-1"},"canonical":"https:\/\/film-mag.net\/wp\/?p=30722","og_locale":"en_US","og_type":"article","og_title":"B\u00c9LA TARR u Zagrebu, u Europi [pi\u0161e Ada Juki\u0107] - FILM-mag.net","og_description":"Razgovor s Redateljem povodom projecije filma Obiteljsko gnijezdo &#8216;They are terrible people, but the situation is terrible, and I love them.&#8217; To je slobodno navedena izjava B\u00e9le Tarra na razgovoru povodom projekcije filma &#8216;Obiteljsko gnijezdo&#8217;, njegovog prvog filma (1977.) u okviru Festivala mutacija u Zagrebu 31.sije\u010dnja 2017. godine, u kinu Europa. Izjava je data kao [&hellip;]","og_url":"https:\/\/film-mag.net\/wp\/?p=30722","og_site_name":"FILM-mag.net","article_published_time":"2017-02-04T17:04:24+00:00","article_modified_time":"2026-01-06T20:38:34+00:00","og_image":[{"width":550,"height":411,"url":"https:\/\/film-mag.net\/wp\/wp-content\/uploads\/2017\/02\/AJ_BelaTarr.jpg","type":"image\/jpeg"}],"author":"Ada Juki\u0107","twitter_card":"summary_large_image","twitter_misc":{"Written by":"Ada Juki\u0107","Est. reading time":"5 minutes"},"schema":{"@context":"https:\/\/schema.org","@graph":[{"@type":"WebPage","@id":"https:\/\/film-mag.net\/wp\/?p=30722","url":"https:\/\/film-mag.net\/wp\/?p=30722","name":"B\u00c9LA TARR u Zagrebu, u Europi [pi\u0161e Ada Juki\u0107] - FILM-mag.net","isPartOf":{"@id":"http:\/\/film-mag.net\/wp\/#website"},"primaryImageOfPage":{"@id":"https:\/\/film-mag.net\/wp\/?p=30722#primaryimage"},"image":{"@id":"https:\/\/film-mag.net\/wp\/?p=30722#primaryimage"},"thumbnailUrl":"https:\/\/film-mag.net\/wp\/wp-content\/uploads\/2017\/02\/AJ_BelaTarr.jpg","datePublished":"2017-02-04T17:04:24+00:00","dateModified":"2026-01-06T20:38:34+00:00","author":{"@id":"http:\/\/film-mag.net\/wp\/#\/schema\/person\/92729891bbbc5097f13d47bdec3da0aa"},"breadcrumb":{"@id":"https:\/\/film-mag.net\/wp\/?p=30722#breadcrumb"},"inLanguage":"en-US","potentialAction":[{"@type":"ReadAction","target":["https:\/\/film-mag.net\/wp\/?p=30722"]}]},{"@type":"ImageObject","inLanguage":"en-US","@id":"https:\/\/film-mag.net\/wp\/?p=30722#primaryimage","url":"https:\/\/film-mag.net\/wp\/wp-content\/uploads\/2017\/02\/AJ_BelaTarr.jpg","contentUrl":"https:\/\/film-mag.net\/wp\/wp-content\/uploads\/2017\/02\/AJ_BelaTarr.jpg","width":550,"height":411,"caption":"B\u00e9la Tarr u kinu Europa ; Foto AJ"},{"@type":"BreadcrumbList","@id":"https:\/\/film-mag.net\/wp\/?p=30722#breadcrumb","itemListElement":[{"@type":"ListItem","position":1,"name":"Home","item":"http:\/\/film-mag.net\/wp\/"},{"@type":"ListItem","position":2,"name":"B\u00c9LA TARR u Zagrebu, u Europi [pi\u0161e Ada Juki\u0107]"}]},{"@type":"WebSite","@id":"http:\/\/film-mag.net\/wp\/#website","url":"http:\/\/film-mag.net\/wp\/","name":"FILM-mag.net","description":"Prvi hrvatski portal o filmu i filmu bliskim podru\u010djima kulture","potentialAction":[{"@type":"SearchAction","target":{"@type":"EntryPoint","urlTemplate":"http:\/\/film-mag.net\/wp\/?s={search_term_string}"},"query-input":{"@type":"PropertyValueSpecification","valueRequired":true,"valueName":"search_term_string"}}],"inLanguage":"en-US"},{"@type":"Person","@id":"http:\/\/film-mag.net\/wp\/#\/schema\/person\/92729891bbbc5097f13d47bdec3da0aa","name":"Ada Juki\u0107","image":{"@type":"ImageObject","inLanguage":"en-US","@id":"http:\/\/film-mag.net\/wp\/#\/schema\/person\/image\/","url":"https:\/\/secure.gravatar.com\/avatar\/ff805cd2008031a3678e7e97fa628ef9?s=96&d=mm&r=g","contentUrl":"https:\/\/secure.gravatar.com\/avatar\/ff805cd2008031a3678e7e97fa628ef9?s=96&d=mm&r=g","caption":"Ada Juki\u0107"},"url":"https:\/\/film-mag.net\/wp\/?author=3"}]}},"_links":{"self":[{"href":"https:\/\/film-mag.net\/wp\/index.php?rest_route=\/wp\/v2\/posts\/30722","targetHints":{"allow":["GET"]}}],"collection":[{"href":"https:\/\/film-mag.net\/wp\/index.php?rest_route=\/wp\/v2\/posts"}],"about":[{"href":"https:\/\/film-mag.net\/wp\/index.php?rest_route=\/wp\/v2\/types\/post"}],"author":[{"embeddable":true,"href":"https:\/\/film-mag.net\/wp\/index.php?rest_route=\/wp\/v2\/users\/3"}],"replies":[{"embeddable":true,"href":"https:\/\/film-mag.net\/wp\/index.php?rest_route=%2Fwp%2Fv2%2Fcomments&post=30722"}],"version-history":[{"count":5,"href":"https:\/\/film-mag.net\/wp\/index.php?rest_route=\/wp\/v2\/posts\/30722\/revisions"}],"predecessor-version":[{"id":60611,"href":"https:\/\/film-mag.net\/wp\/index.php?rest_route=\/wp\/v2\/posts\/30722\/revisions\/60611"}],"wp:featuredmedia":[{"embeddable":true,"href":"https:\/\/film-mag.net\/wp\/index.php?rest_route=\/wp\/v2\/media\/30727"}],"wp:attachment":[{"href":"https:\/\/film-mag.net\/wp\/index.php?rest_route=%2Fwp%2Fv2%2Fmedia&parent=30722"}],"wp:term":[{"taxonomy":"category","embeddable":true,"href":"https:\/\/film-mag.net\/wp\/index.php?rest_route=%2Fwp%2Fv2%2Fcategories&post=30722"},{"taxonomy":"post_tag","embeddable":true,"href":"https:\/\/film-mag.net\/wp\/index.php?rest_route=%2Fwp%2Fv2%2Ftags&post=30722"}],"curies":[{"name":"wp","href":"https:\/\/api.w.org\/{rel}","templated":true}]}}