{"id":718,"date":"2012-04-05T00:40:10","date_gmt":"2012-04-04T22:40:10","guid":{"rendered":"http:\/\/film-mag.net\/wp\/?p=718"},"modified":"2012-04-14T10:52:30","modified_gmt":"2012-04-14T08:52:30","slug":"revije-philips-fashion-week-ljubljana-2012-zavrsnica-dan-treci-vendi-jukic-buca","status":"publish","type":"post","link":"http:\/\/film-mag.net\/wp\/?p=718","title":{"rendered":"Revije &#8211; Philips Fashion Week Ljubljana 2012. &#8211; Zavr\u0161nica (Dan tre\u0107i) [Vendi Juki\u0107 Bu\u010da]"},"content":{"rendered":"<p style=\"text-align: justify;\">Upravo je zavr\u0161en 2. Philips Fashion Week Ljubljana, 2012.<\/p>\n<p style=\"text-align: justify;\">Od dvije grupe revija, u 18.30 i 21, popratila sam onu raniju, koja je po\u010dela oko 18,50. Na kasniju, na \u017ealost nisam stigla, jer moram dovr\u0161iti vlastitu haljinu za predstavljanje na Fakultetu u utorak ujutro (unaprijed \u017eelim sretne blagane, zaklju\u010dno s neradnim ponedjeljkom).<\/p>\n<p style=\"text-align: justify;\">U prvoj grupi kolekcije su predstavili Tanja Zorn, Dra\u017e pletenine, Farandula, Almira Sadar, Niti Niti te Maxi (fancy Mercatorov du\u0107an u centru Ljubljane).<\/p>\n<p style=\"text-align: justify;\">(Druga grupa: JSP, Torbice Gro\u0161elj, Garevski, Nina \u0160u\u0161njara, Nata\u0161a Hrupi\u010d, Akultura i Nata\u0161a Per\u0161uh).<\/p>\n<p style=\"text-align: justify;\">Iako bih se rado osvrnula na sve, zbog pomanjkanja vremena i megabajtnog prostora na domeni stranice, ograni\u010dit \u0107u se na one najzanimljivije, tako nove, i svje\u017ee&#8230;<\/p>\n<p style=\"text-align: justify;\">Kolekcija <strong>Tanje Zorn<\/strong>\u00a0odisala je \u017eenstveno\u0161\u0107u. Precizno izra\u0111eni krojevi naglasili su liniju i profesionalnost dizajnerice. Iako je predvi\u0111eno hodanje na visokim petama, manekenke su imale pote\u0161ko\u0107a s hodanjem u cipelama s kojima ne\u0161to nije bilo u redu, te su zastajale, namje\u0161tale cipele ili jednostavno iza\u0161le iz njih i nastavile hodati boje. Ove distrakcije nisu umanjile dojam kolekcije, dapa\u010de, unijele su neuobi\u010dajenu zanimljivost tokom jednoli\u010dnog klizanja pistom.<\/p>\n<p style=\"text-align: justify;\"><strong>Farandula<\/strong> je prezentirala fantasti\u010dnu kolekciju u kojoj je prevladavalo izrezivanje uzoraka na materijalu. Uz guste patterne, neobi\u010dan je bio i oblik kroz koji se protezala slojevitost, a nije manjkala niti funkcionalnost same odje\u0107e. Velika pa\u017enja posve\u0107ena je detaljima.<\/p>\n<p style=\"text-align: justify;\"><strong>Niti Niti<\/strong> (simpat\u010dna igra rije\u010dima) karakterizira pletenje, a kreacije od pletiva su \u010darobne, mekane, opipljive samim pogledom na njih. Sklad boja u kontrastu s pukotinama konstruiranima pletenjem uobli\u010dio je pravu atmosferu.<\/p>\n<p style=\"text-align: justify;\">Rije\u010di zaista nisu dovoljne, te se ne\u0107u <strong>niti<\/strong> truditi previ\u0161e obrazlagati; kolekcije je nu\u017eno osobno do\u017eivjeti na revijama &#8211; odnosno u ovom slu\u010daju, fotografijama snimljenima fotoaparatom 600D 18-200, koji je ustupio Canon.<\/p>\n<div id=\"attachment_727\" style=\"width: 350px\" class=\"wp-caption alignnone\"><a href=\"http:\/\/film-mag.net\/wp\/wp-content\/uploads\/2012\/04\/revije_pfw2012_tanja_zorn.jpg\"><img loading=\"lazy\" decoding=\"async\" aria-describedby=\"caption-attachment-727\" class=\" wp-image-727  \" title=\"Philips Fashion Week 2012. - Tanja Zorn.\" src=\"http:\/\/film-mag.net\/wp\/wp-content\/uploads\/2012\/04\/revije_pfw2012_tanja_zorn.jpg\" alt=\"Philips Fashion Week 2012. - Tanja Zorn.\" width=\"340\" height=\"510\" \/><\/a><p id=\"caption-attachment-727\" class=\"wp-caption-text\">Philips Fashion Week 2012. - Tanja Zorn.<\/p><\/div>\n<div id=\"attachment_728\" style=\"width: 350px\" class=\"wp-caption alignnone\"><a href=\"http:\/\/film-mag.net\/wp\/wp-content\/uploads\/2012\/04\/revije_pfw2012_tanja_zorn_2.jpg\"><img loading=\"lazy\" decoding=\"async\" aria-describedby=\"caption-attachment-728\" class=\" wp-image-728  \" title=\"Philips Fashion Week 2012. - Tanja Zorn.\" src=\"http:\/\/film-mag.net\/wp\/wp-content\/uploads\/2012\/04\/revije_pfw2012_tanja_zorn_2.jpg\" alt=\"Philips Fashion Week 2012. - Tanja Zorn.\" width=\"340\" height=\"539\" \/><\/a><p id=\"caption-attachment-728\" class=\"wp-caption-text\">Philips Fashion Week 2012. - Tanja Zorn.<\/p><\/div>\n<div id=\"attachment_729\" style=\"width: 350px\" class=\"wp-caption alignnone\"><a href=\"http:\/\/film-mag.net\/wp\/wp-content\/uploads\/2012\/04\/revije_pfw2012_tanja_zorn_3.jpg\"><img loading=\"lazy\" decoding=\"async\" aria-describedby=\"caption-attachment-729\" class=\" wp-image-729  \" title=\"Philips Fashion Week 2012. - Tanja Zorn.\" src=\"http:\/\/film-mag.net\/wp\/wp-content\/uploads\/2012\/04\/revije_pfw2012_tanja_zorn_3.jpg\" alt=\"Philips Fashion Week 2012. - Tanja Zorn.\" width=\"340\" height=\"510\" \/><\/a><p id=\"caption-attachment-729\" class=\"wp-caption-text\">Philips Fashion Week 2012. - Tanja Zorn.<\/p><\/div>\n<div id=\"attachment_730\" style=\"width: 350px\" class=\"wp-caption alignnone\"><a href=\"http:\/\/film-mag.net\/wp\/wp-content\/uploads\/2012\/04\/revije_pfw2012_farandula.jpg\"><img loading=\"lazy\" decoding=\"async\" aria-describedby=\"caption-attachment-730\" class=\" wp-image-730 \" title=\"Philips Fashion Week 2012. - Farandula.\" src=\"http:\/\/film-mag.net\/wp\/wp-content\/uploads\/2012\/04\/revije_pfw2012_farandula.jpg\" alt=\"Philips Fashion Week 2012. - Farandula.\" width=\"340\" height=\"510\" srcset=\"http:\/\/film-mag.net\/wp\/wp-content\/uploads\/2012\/04\/revije_pfw2012_farandula.jpg 425w, http:\/\/film-mag.net\/wp\/wp-content\/uploads\/2012\/04\/revije_pfw2012_farandula-200x300.jpg 200w\" sizes=\"auto, (max-width: 340px) 100vw, 340px\" \/><\/a><p id=\"caption-attachment-730\" class=\"wp-caption-text\">Philips Fashion Week 2012. - Farandula.<\/p><\/div>\n<div id=\"attachment_731\" style=\"width: 350px\" class=\"wp-caption alignnone\"><a href=\"http:\/\/film-mag.net\/wp\/wp-content\/uploads\/2012\/04\/revije_pfw2012_farandula_1.jpg\"><img loading=\"lazy\" decoding=\"async\" aria-describedby=\"caption-attachment-731\" class=\" wp-image-731 \" title=\"Philips Fashion Week 2012. - Farandula.\" src=\"http:\/\/film-mag.net\/wp\/wp-content\/uploads\/2012\/04\/revije_pfw2012_farandula_1.jpg\" alt=\"Philips Fashion Week 2012. - Farandula.\" width=\"340\" height=\"510\" \/><\/a><p id=\"caption-attachment-731\" class=\"wp-caption-text\">Philips Fashion Week 2012. - Farandula.<\/p><\/div>\n<div id=\"attachment_732\" style=\"width: 350px\" class=\"wp-caption alignnone\"><a href=\"http:\/\/film-mag.net\/wp\/wp-content\/uploads\/2012\/04\/revije_pfw2012_farandula_2.jpg\"><img loading=\"lazy\" decoding=\"async\" aria-describedby=\"caption-attachment-732\" class=\" wp-image-732 \" title=\"Philips Fashion Week 2012. - Farandula.\" src=\"http:\/\/film-mag.net\/wp\/wp-content\/uploads\/2012\/04\/revije_pfw2012_farandula_2.jpg\" alt=\"Philips Fashion Week 2012. - Farandula.\" width=\"340\" height=\"226\" \/><\/a><p id=\"caption-attachment-732\" class=\"wp-caption-text\">Philips Fashion Week 2012. - Farandula.<\/p><\/div>\n<div id=\"attachment_733\" style=\"width: 350px\" class=\"wp-caption alignnone\"><a href=\"http:\/\/film-mag.net\/wp\/wp-content\/uploads\/2012\/04\/revije_pfw2012_farandula_3.jpg\"><img loading=\"lazy\" decoding=\"async\" aria-describedby=\"caption-attachment-733\" class=\" wp-image-733 \" title=\"Philips Fashion Week 2012. - Farandula.\" src=\"http:\/\/film-mag.net\/wp\/wp-content\/uploads\/2012\/04\/revije_pfw2012_farandula_3.jpg\" alt=\"Philips Fashion Week 2012. - Farandula.\" width=\"340\" height=\"510\" \/><\/a><p id=\"caption-attachment-733\" class=\"wp-caption-text\">Philips Fashion Week 2012. - Farandula.<\/p><\/div>\n<div id=\"attachment_734\" style=\"width: 435px\" class=\"wp-caption alignnone\"><a href=\"http:\/\/film-mag.net\/wp\/wp-content\/uploads\/2012\/04\/revije_pfw2012_farandula_4.jpg\"><img loading=\"lazy\" decoding=\"async\" aria-describedby=\"caption-attachment-734\" class=\"size-full wp-image-734\" title=\"Philips Fashion Week 2012. - Farandula.\" src=\"http:\/\/film-mag.net\/wp\/wp-content\/uploads\/2012\/04\/revije_pfw2012_farandula_4.jpg\" alt=\"Philips Fashion Week 2012. - Farandula.\" width=\"425\" height=\"283\" \/><\/a><p id=\"caption-attachment-734\" class=\"wp-caption-text\">Philips Fashion Week 2012. - Farandula.<\/p><\/div>\n<div id=\"attachment_736\" style=\"width: 350px\" class=\"wp-caption alignnone\"><a href=\"http:\/\/film-mag.net\/wp\/wp-content\/uploads\/2012\/04\/revije_pfw2012_farandula_6.jpg\"><img loading=\"lazy\" decoding=\"async\" aria-describedby=\"caption-attachment-736\" class=\" wp-image-736 \" title=\"Philips Fashion Week 2012. - Farandula.\" src=\"http:\/\/film-mag.net\/wp\/wp-content\/uploads\/2012\/04\/revije_pfw2012_farandula_6.jpg\" alt=\"Philips Fashion Week 2012. - Farandula.\" width=\"340\" height=\"504\" \/><\/a><p id=\"caption-attachment-736\" class=\"wp-caption-text\">Philips Fashion Week 2012. - Farandula.<\/p><\/div>\n<div id=\"attachment_737\" style=\"width: 350px\" class=\"wp-caption alignnone\"><a href=\"http:\/\/film-mag.net\/wp\/wp-content\/uploads\/2012\/04\/revije_pfw2012_farandula_7.jpg\"><img loading=\"lazy\" decoding=\"async\" aria-describedby=\"caption-attachment-737\" class=\" wp-image-737 \" title=\"Philips Fashion Week 2012. - Farandula.\" src=\"http:\/\/film-mag.net\/wp\/wp-content\/uploads\/2012\/04\/revije_pfw2012_farandula_7.jpg\" alt=\"Philips Fashion Week 2012. - Farandula.\" width=\"340\" height=\"510\" \/><\/a><p id=\"caption-attachment-737\" class=\"wp-caption-text\">Philips Fashion Week 2012. - Farandula.<\/p><\/div>\n<div id=\"attachment_738\" style=\"width: 435px\" class=\"wp-caption alignnone\"><a href=\"http:\/\/film-mag.net\/wp\/wp-content\/uploads\/2012\/04\/revije_pfw2012_niti_niti_1.jpg\"><img loading=\"lazy\" decoding=\"async\" aria-describedby=\"caption-attachment-738\" class=\"size-full wp-image-738 \" title=\"Philips Fashion Week 2012. - Niti Niti.\" src=\"http:\/\/film-mag.net\/wp\/wp-content\/uploads\/2012\/04\/revije_pfw2012_niti_niti_1.jpg\" alt=\"Philips Fashion Week 2012. - Niti Niti.\" width=\"425\" height=\"283\" \/><\/a><p id=\"caption-attachment-738\" class=\"wp-caption-text\">Philips Fashion Week 2012. - Niti Niti.<\/p><\/div>\n<div id=\"attachment_739\" style=\"width: 435px\" class=\"wp-caption alignnone\"><a href=\"http:\/\/film-mag.net\/wp\/wp-content\/uploads\/2012\/04\/revije_pfw2012_niti_niti.jpg\"><img loading=\"lazy\" decoding=\"async\" aria-describedby=\"caption-attachment-739\" class=\"size-full wp-image-739 \" title=\"Philips Fashion Week 2012. - Niti Niti.\" src=\"http:\/\/film-mag.net\/wp\/wp-content\/uploads\/2012\/04\/revije_pfw2012_niti_niti.jpg\" alt=\"Philips Fashion Week 2012. - Niti Niti.\" width=\"425\" height=\"283\" \/><\/a><p id=\"caption-attachment-739\" class=\"wp-caption-text\">Philips Fashion Week 2012. - Niti Niti.<\/p><\/div>\n<div id=\"attachment_740\" style=\"width: 350px\" class=\"wp-caption alignnone\"><a href=\"http:\/\/film-mag.net\/wp\/wp-content\/uploads\/2012\/04\/revije_pfw2012_niti_niti_2.jpg\"><img loading=\"lazy\" decoding=\"async\" aria-describedby=\"caption-attachment-740\" class=\" wp-image-740  \" title=\"Philips Fashion Week 2012. - Niti Niti.\" src=\"http:\/\/film-mag.net\/wp\/wp-content\/uploads\/2012\/04\/revije_pfw2012_niti_niti_2.jpg\" alt=\"Philips Fashion Week 2012. - Niti Niti.\" width=\"340\" height=\"500\" srcset=\"http:\/\/film-mag.net\/wp\/wp-content\/uploads\/2012\/04\/revije_pfw2012_niti_niti_2.jpg 425w, http:\/\/film-mag.net\/wp\/wp-content\/uploads\/2012\/04\/revije_pfw2012_niti_niti_2-204x300.jpg 204w\" sizes=\"auto, (max-width: 340px) 100vw, 340px\" \/><\/a><p id=\"caption-attachment-740\" class=\"wp-caption-text\">Philips Fashion Week 2012. - Niti Niti.<\/p><\/div>\n<div id=\"attachment_741\" style=\"width: 350px\" class=\"wp-caption alignnone\"><a href=\"http:\/\/film-mag.net\/wp\/wp-content\/uploads\/2012\/04\/revije_pfw2012_niti_niti_3.jpg\"><img loading=\"lazy\" decoding=\"async\" aria-describedby=\"caption-attachment-741\" class=\" wp-image-741  \" title=\"Philips Fashion Week 2012. - Niti Niti.\" src=\"http:\/\/film-mag.net\/wp\/wp-content\/uploads\/2012\/04\/revije_pfw2012_niti_niti_3.jpg\" alt=\"Philips Fashion Week 2012. - Niti Niti.\" width=\"340\" height=\"226\" \/><\/a><p id=\"caption-attachment-741\" class=\"wp-caption-text\">Philips Fashion Week 2012. - Niti Niti.<\/p><\/div>\n<div id=\"attachment_742\" style=\"width: 350px\" class=\"wp-caption alignnone\"><a href=\"http:\/\/film-mag.net\/wp\/wp-content\/uploads\/2012\/04\/revije_pfw2012_niti_niti_4.jpg\"><img loading=\"lazy\" decoding=\"async\" aria-describedby=\"caption-attachment-742\" class=\" wp-image-742  \" title=\"Philips Fashion Week 2012. - Niti Niti.\" src=\"http:\/\/film-mag.net\/wp\/wp-content\/uploads\/2012\/04\/revije_pfw2012_niti_niti_4.jpg\" alt=\"Philips Fashion Week 2012. - Niti Niti.\" width=\"340\" height=\"530\" \/><\/a><p id=\"caption-attachment-742\" class=\"wp-caption-text\">Philips Fashion Week 2012. - Niti Niti.<\/p><\/div>\n<div id=\"attachment_743\" style=\"width: 350px\" class=\"wp-caption alignnone\"><a href=\"http:\/\/film-mag.net\/wp\/wp-content\/uploads\/2012\/04\/revije_pfw2012_niti_niti_5.jpg\"><img loading=\"lazy\" decoding=\"async\" aria-describedby=\"caption-attachment-743\" class=\" wp-image-743 \" title=\"Philips Fashion Week 2012. - Niti Niti.\" src=\"http:\/\/film-mag.net\/wp\/wp-content\/uploads\/2012\/04\/revije_pfw2012_niti_niti_5.jpg\" alt=\"Philips Fashion Week 2012. - Niti Niti.\" width=\"340\" height=\"226\" \/><\/a><p id=\"caption-attachment-743\" class=\"wp-caption-text\">Philips Fashion Week 2012. - Niti Niti.<\/p><\/div>\n<p>&nbsp;<\/p>\n<p>Prethodni \u010dlanci<\/p>\n<p style=\"text-align: justify;\">Revije &#8211;\u00a0<a href=\"http:\/\/film-mag.net\/wp\/?p=657\">Philips Fashion Week Ljubljana 2012 &#8211; Dan drugi<\/a><\/p>\n<p style=\"text-align: justify;\">Revije &#8211;\u00a0<a href=\"http:\/\/film-mag.net\/wp\/?p=643\">Philips Fashion Week Ljubljana 2012 &#8211; Dan prvi<\/a><\/p>\n<p style=\"text-align: justify;\">Revije &#8211; <a href=\"http:\/\/film-mag.net\/wp\/?p=436\">Philips Fashion Week Ljubljana 2012<\/a><\/p>\n<p>&nbsp;<\/p>\n<p>&nbsp;<\/p>\n<div id=\"fb_share_1\" style=\"float: right; margin-left: 10px;\"><a name=\"fb_share\" type=\"box_count\" share_url=\"http:\/\/film-mag.net\/wp\/?p=718\" href=\"http:\/\/www.facebook.com\/sharer.php\">Share<\/a><\/div><div><script src=\"http:\/\/static.ak.fbcdn.net\/connect.php\/js\/FB.Share\" type=\"text\/javascript\"><\/script><\/div><div style=\"clear:both\"><\/div>","protected":false},"excerpt":{"rendered":"<p>Upravo je zavr\u0161en 2. Philips Fashion Week Ljubljana, 2012. Od dvije grupe revija, u 18.30 i 21, popratila sam onu raniju, koja je po\u010dela oko 18,50. Na kasniju, na \u017ealost nisam stigla, jer moram dovr\u0161iti vlastitu haljinu za predstavljanje na Fakultetu u utorak ujutro (unaprijed \u017eelim sretne blagane, zaklju\u010dno s neradnim ponedjeljkom). U prvoj grupi [&hellip;]<\/p>\n","protected":false},"author":1,"featured_media":0,"comment_status":"closed","ping_status":"closed","sticky":false,"template":"","format":"standard","meta":{"_et_pb_use_builder":"","_et_pb_old_content":"","_et_gb_content_width":"","_editorskit_title_hidden":false,"_editorskit_reading_time":0,"_editorskit_is_block_options_detached":false,"_editorskit_block_options_position":"{}","footnotes":""},"categories":[4,170,14,46],"tags":[174,119,165,175],"class_list":["post-718","post","type-post","status-publish","format-standard","hentry","category-istaknuto","category-kalendar","category-moda","category-revije","tag-174","tag-ljubljana","tag-philips-fashion-week","tag-revije-2"],"yoast_head":"<!-- This site is optimized with the Yoast SEO plugin v24.6 - https:\/\/yoast.com\/wordpress\/plugins\/seo\/ -->\n<title>Revije - Philips Fashion Week Ljubljana 2012. - Zavr\u0161nica (Dan tre\u0107i) [Vendi Juki\u0107 Bu\u010da] - FILM-mag.net<\/title>\n<meta name=\"robots\" content=\"index, follow, max-snippet:-1, max-image-preview:large, max-video-preview:-1\" \/>\n<link rel=\"canonical\" href=\"http:\/\/film-mag.net\/wp\/?p=718\" \/>\n<meta property=\"og:locale\" content=\"en_US\" \/>\n<meta property=\"og:type\" content=\"article\" \/>\n<meta property=\"og:title\" content=\"Revije - Philips Fashion Week Ljubljana 2012. - Zavr\u0161nica (Dan tre\u0107i) [Vendi Juki\u0107 Bu\u010da] - FILM-mag.net\" \/>\n<meta property=\"og:description\" content=\"Upravo je zavr\u0161en 2. Philips Fashion Week Ljubljana, 2012. Od dvije grupe revija, u 18.30 i 21, popratila sam onu raniju, koja je po\u010dela oko 18,50. Na kasniju, na \u017ealost nisam stigla, jer moram dovr\u0161iti vlastitu haljinu za predstavljanje na Fakultetu u utorak ujutro (unaprijed \u017eelim sretne blagane, zaklju\u010dno s neradnim ponedjeljkom). U prvoj grupi [&hellip;]\" \/>\n<meta property=\"og:url\" content=\"http:\/\/film-mag.net\/wp\/?p=718\" \/>\n<meta property=\"og:site_name\" content=\"FILM-mag.net\" \/>\n<meta property=\"article:published_time\" content=\"2012-04-04T22:40:10+00:00\" \/>\n<meta property=\"article:modified_time\" content=\"2012-04-14T08:52:30+00:00\" \/>\n<meta property=\"og:image\" content=\"http:\/\/film-mag.net\/wp\/wp-content\/uploads\/2012\/04\/revije_pfw2012_tanja_zorn.jpg\" \/>\n<meta name=\"author\" content=\"dr. sc. Vendi Juki\u0107 Bu\u010da\" \/>\n<meta name=\"twitter:card\" content=\"summary_large_image\" \/>\n<meta name=\"twitter:label1\" content=\"Written by\" \/>\n\t<meta name=\"twitter:data1\" content=\"dr. sc. Vendi Juki\u0107 Bu\u010da\" \/>\n\t<meta name=\"twitter:label2\" content=\"Est. reading time\" \/>\n\t<meta name=\"twitter:data2\" content=\"3 minutes\" \/>\n<script type=\"application\/ld+json\" class=\"yoast-schema-graph\">{\"@context\":\"https:\/\/schema.org\",\"@graph\":[{\"@type\":\"WebPage\",\"@id\":\"http:\/\/film-mag.net\/wp\/?p=718\",\"url\":\"http:\/\/film-mag.net\/wp\/?p=718\",\"name\":\"Revije - Philips Fashion Week Ljubljana 2012. - Zavr\u0161nica (Dan tre\u0107i) [Vendi Juki\u0107 Bu\u010da] - FILM-mag.net\",\"isPartOf\":{\"@id\":\"http:\/\/film-mag.net\/wp\/#website\"},\"primaryImageOfPage\":{\"@id\":\"http:\/\/film-mag.net\/wp\/?p=718#primaryimage\"},\"image\":{\"@id\":\"http:\/\/film-mag.net\/wp\/?p=718#primaryimage\"},\"thumbnailUrl\":\"http:\/\/film-mag.net\/wp\/wp-content\/uploads\/2012\/04\/revije_pfw2012_tanja_zorn.jpg\",\"datePublished\":\"2012-04-04T22:40:10+00:00\",\"dateModified\":\"2012-04-14T08:52:30+00:00\",\"author\":{\"@id\":\"http:\/\/film-mag.net\/wp\/#\/schema\/person\/7981028733b22534da4b74048efa290b\"},\"breadcrumb\":{\"@id\":\"http:\/\/film-mag.net\/wp\/?p=718#breadcrumb\"},\"inLanguage\":\"en-US\",\"potentialAction\":[{\"@type\":\"ReadAction\",\"target\":[\"http:\/\/film-mag.net\/wp\/?p=718\"]}]},{\"@type\":\"ImageObject\",\"inLanguage\":\"en-US\",\"@id\":\"http:\/\/film-mag.net\/wp\/?p=718#primaryimage\",\"url\":\"http:\/\/film-mag.net\/wp\/wp-content\/uploads\/2012\/04\/revije_pfw2012_tanja_zorn.jpg\",\"contentUrl\":\"http:\/\/film-mag.net\/wp\/wp-content\/uploads\/2012\/04\/revije_pfw2012_tanja_zorn.jpg\"},{\"@type\":\"BreadcrumbList\",\"@id\":\"http:\/\/film-mag.net\/wp\/?p=718#breadcrumb\",\"itemListElement\":[{\"@type\":\"ListItem\",\"position\":1,\"name\":\"Home\",\"item\":\"http:\/\/film-mag.net\/wp\/\"},{\"@type\":\"ListItem\",\"position\":2,\"name\":\"Revije &#8211; Philips Fashion Week Ljubljana 2012. &#8211; Zavr\u0161nica (Dan tre\u0107i) [Vendi Juki\u0107 Bu\u010da]\"}]},{\"@type\":\"WebSite\",\"@id\":\"http:\/\/film-mag.net\/wp\/#website\",\"url\":\"http:\/\/film-mag.net\/wp\/\",\"name\":\"FILM-mag.net\",\"description\":\"Prvi hrvatski portal o filmu i filmu bliskim podru\u010djima kulture\",\"potentialAction\":[{\"@type\":\"SearchAction\",\"target\":{\"@type\":\"EntryPoint\",\"urlTemplate\":\"http:\/\/film-mag.net\/wp\/?s={search_term_string}\"},\"query-input\":{\"@type\":\"PropertyValueSpecification\",\"valueRequired\":true,\"valueName\":\"search_term_string\"}}],\"inLanguage\":\"en-US\"},{\"@type\":\"Person\",\"@id\":\"http:\/\/film-mag.net\/wp\/#\/schema\/person\/7981028733b22534da4b74048efa290b\",\"name\":\"dr. sc. Vendi Juki\u0107 Bu\u010da\",\"image\":{\"@type\":\"ImageObject\",\"inLanguage\":\"en-US\",\"@id\":\"http:\/\/film-mag.net\/wp\/#\/schema\/person\/image\/\",\"url\":\"https:\/\/secure.gravatar.com\/avatar\/5cc6fa637e747da8f5ffb85de774143a?s=96&d=mm&r=g\",\"contentUrl\":\"https:\/\/secure.gravatar.com\/avatar\/5cc6fa637e747da8f5ffb85de774143a?s=96&d=mm&r=g\",\"caption\":\"dr. sc. Vendi Juki\u0107 Bu\u010da\"},\"url\":\"http:\/\/film-mag.net\/wp\/?author=1\"}]}<\/script>\n<!-- \/ Yoast SEO plugin. -->","yoast_head_json":{"title":"Revije - Philips Fashion Week Ljubljana 2012. - Zavr\u0161nica (Dan tre\u0107i) [Vendi Juki\u0107 Bu\u010da] - FILM-mag.net","robots":{"index":"index","follow":"follow","max-snippet":"max-snippet:-1","max-image-preview":"max-image-preview:large","max-video-preview":"max-video-preview:-1"},"canonical":"http:\/\/film-mag.net\/wp\/?p=718","og_locale":"en_US","og_type":"article","og_title":"Revije - Philips Fashion Week Ljubljana 2012. - Zavr\u0161nica (Dan tre\u0107i) [Vendi Juki\u0107 Bu\u010da] - FILM-mag.net","og_description":"Upravo je zavr\u0161en 2. Philips Fashion Week Ljubljana, 2012. Od dvije grupe revija, u 18.30 i 21, popratila sam onu raniju, koja je po\u010dela oko 18,50. Na kasniju, na \u017ealost nisam stigla, jer moram dovr\u0161iti vlastitu haljinu za predstavljanje na Fakultetu u utorak ujutro (unaprijed \u017eelim sretne blagane, zaklju\u010dno s neradnim ponedjeljkom). U prvoj grupi [&hellip;]","og_url":"http:\/\/film-mag.net\/wp\/?p=718","og_site_name":"FILM-mag.net","article_published_time":"2012-04-04T22:40:10+00:00","article_modified_time":"2012-04-14T08:52:30+00:00","og_image":[{"url":"http:\/\/film-mag.net\/wp\/wp-content\/uploads\/2012\/04\/revije_pfw2012_tanja_zorn.jpg","type":"","width":"","height":""}],"author":"dr. sc. Vendi Juki\u0107 Bu\u010da","twitter_card":"summary_large_image","twitter_misc":{"Written by":"dr. sc. Vendi Juki\u0107 Bu\u010da","Est. reading time":"3 minutes"},"schema":{"@context":"https:\/\/schema.org","@graph":[{"@type":"WebPage","@id":"http:\/\/film-mag.net\/wp\/?p=718","url":"http:\/\/film-mag.net\/wp\/?p=718","name":"Revije - Philips Fashion Week Ljubljana 2012. - Zavr\u0161nica (Dan tre\u0107i) [Vendi Juki\u0107 Bu\u010da] - FILM-mag.net","isPartOf":{"@id":"http:\/\/film-mag.net\/wp\/#website"},"primaryImageOfPage":{"@id":"http:\/\/film-mag.net\/wp\/?p=718#primaryimage"},"image":{"@id":"http:\/\/film-mag.net\/wp\/?p=718#primaryimage"},"thumbnailUrl":"http:\/\/film-mag.net\/wp\/wp-content\/uploads\/2012\/04\/revije_pfw2012_tanja_zorn.jpg","datePublished":"2012-04-04T22:40:10+00:00","dateModified":"2012-04-14T08:52:30+00:00","author":{"@id":"http:\/\/film-mag.net\/wp\/#\/schema\/person\/7981028733b22534da4b74048efa290b"},"breadcrumb":{"@id":"http:\/\/film-mag.net\/wp\/?p=718#breadcrumb"},"inLanguage":"en-US","potentialAction":[{"@type":"ReadAction","target":["http:\/\/film-mag.net\/wp\/?p=718"]}]},{"@type":"ImageObject","inLanguage":"en-US","@id":"http:\/\/film-mag.net\/wp\/?p=718#primaryimage","url":"http:\/\/film-mag.net\/wp\/wp-content\/uploads\/2012\/04\/revije_pfw2012_tanja_zorn.jpg","contentUrl":"http:\/\/film-mag.net\/wp\/wp-content\/uploads\/2012\/04\/revije_pfw2012_tanja_zorn.jpg"},{"@type":"BreadcrumbList","@id":"http:\/\/film-mag.net\/wp\/?p=718#breadcrumb","itemListElement":[{"@type":"ListItem","position":1,"name":"Home","item":"http:\/\/film-mag.net\/wp\/"},{"@type":"ListItem","position":2,"name":"Revije &#8211; Philips Fashion Week Ljubljana 2012. &#8211; Zavr\u0161nica (Dan tre\u0107i) [Vendi Juki\u0107 Bu\u010da]"}]},{"@type":"WebSite","@id":"http:\/\/film-mag.net\/wp\/#website","url":"http:\/\/film-mag.net\/wp\/","name":"FILM-mag.net","description":"Prvi hrvatski portal o filmu i filmu bliskim podru\u010djima kulture","potentialAction":[{"@type":"SearchAction","target":{"@type":"EntryPoint","urlTemplate":"http:\/\/film-mag.net\/wp\/?s={search_term_string}"},"query-input":{"@type":"PropertyValueSpecification","valueRequired":true,"valueName":"search_term_string"}}],"inLanguage":"en-US"},{"@type":"Person","@id":"http:\/\/film-mag.net\/wp\/#\/schema\/person\/7981028733b22534da4b74048efa290b","name":"dr. sc. Vendi Juki\u0107 Bu\u010da","image":{"@type":"ImageObject","inLanguage":"en-US","@id":"http:\/\/film-mag.net\/wp\/#\/schema\/person\/image\/","url":"https:\/\/secure.gravatar.com\/avatar\/5cc6fa637e747da8f5ffb85de774143a?s=96&d=mm&r=g","contentUrl":"https:\/\/secure.gravatar.com\/avatar\/5cc6fa637e747da8f5ffb85de774143a?s=96&d=mm&r=g","caption":"dr. sc. Vendi Juki\u0107 Bu\u010da"},"url":"http:\/\/film-mag.net\/wp\/?author=1"}]}},"_links":{"self":[{"href":"http:\/\/film-mag.net\/wp\/index.php?rest_route=\/wp\/v2\/posts\/718","targetHints":{"allow":["GET"]}}],"collection":[{"href":"http:\/\/film-mag.net\/wp\/index.php?rest_route=\/wp\/v2\/posts"}],"about":[{"href":"http:\/\/film-mag.net\/wp\/index.php?rest_route=\/wp\/v2\/types\/post"}],"author":[{"embeddable":true,"href":"http:\/\/film-mag.net\/wp\/index.php?rest_route=\/wp\/v2\/users\/1"}],"replies":[{"embeddable":true,"href":"http:\/\/film-mag.net\/wp\/index.php?rest_route=%2Fwp%2Fv2%2Fcomments&post=718"}],"version-history":[{"count":5,"href":"http:\/\/film-mag.net\/wp\/index.php?rest_route=\/wp\/v2\/posts\/718\/revisions"}],"predecessor-version":[{"id":1021,"href":"http:\/\/film-mag.net\/wp\/index.php?rest_route=\/wp\/v2\/posts\/718\/revisions\/1021"}],"wp:attachment":[{"href":"http:\/\/film-mag.net\/wp\/index.php?rest_route=%2Fwp%2Fv2%2Fmedia&parent=718"}],"wp:term":[{"taxonomy":"category","embeddable":true,"href":"http:\/\/film-mag.net\/wp\/index.php?rest_route=%2Fwp%2Fv2%2Fcategories&post=718"},{"taxonomy":"post_tag","embeddable":true,"href":"http:\/\/film-mag.net\/wp\/index.php?rest_route=%2Fwp%2Fv2%2Ftags&post=718"}],"curies":[{"name":"wp","href":"https:\/\/api.w.org\/{rel}","templated":true}]}}