{"id":643,"date":"2012-04-03T02:45:04","date_gmt":"2012-04-03T00:45:04","guid":{"rendered":"http:\/\/film-mag.net\/wp\/?p=643"},"modified":"2012-10-07T17:03:20","modified_gmt":"2012-10-07T15:03:20","slug":"revije-philips-fashion-week-ljubljana-dan-prvi-vendi-jukic-buca","status":"publish","type":"post","link":"http:\/\/film-mag.net\/wp\/?p=643","title":{"rendered":"Revije \u2013 Philips Fashion Week Ljubljana 2012 &#8211; Dan prvi [Vendi Juki\u0107 Bu\u010da]"},"content":{"rendered":"<p style=\"text-align: justify;\">Slovenski modni doga\u0111aj &#8211; Philips Fashion Week zapo\u010deo je danas, 2. travnja, u 11 sati, projekcijama filmova o modi. Na rasporedu su bili\u00a0Histoire(s) d&#8217;Elle (1:24),\u00a0YSL Le Temps Retrouve (1:18), te Le Jour d&#8217;Avant Sonia Rykel (O:52).<\/p>\n<div class=\"mceTemp\" style=\"text-align: justify;\">\n<dl id=\"attachment_644\" class=\"wp-caption alignnone\" style=\"width: 577px;\">\n<dt class=\"wp-caption-dt\"><a href=\"http:\/\/film-mag.net\/wp\/wp-content\/uploads\/2012\/04\/revije_fw2012_okrugla_miza.jpg\"><img loading=\"lazy\" decoding=\"async\" class=\"size-full wp-image-644\" title=\"Philips Fashion Week - Okrugli stol.\" src=\"http:\/\/film-mag.net\/wp\/wp-content\/uploads\/2012\/04\/revije_fw2012_okrugla_miza.jpg\" alt=\"Philips Fashion Week - Okrugli stol.\" width=\"567\" height=\"378\" \/><\/a><\/dt>\n<dd class=\"wp-caption-dd\">Philips Fashion Week 2012 &#8211; Okrugli stol.<\/dd>\n<\/dl>\n<\/div>\n<p style=\"text-align: justify;\">U 17 sati odr\u017ean je okrugli stol na temu\u00a0DNA slovenskega modnega oblikovanja (DNA slovenskog modnog dizajna). U raspravi su sudjelovali <strong>Zoran Garevski<\/strong> (modni dizajner), <strong>Nata\u0161a Per\u0161uh<\/strong> (modna dizajnerica, profesorica na NTF-u, predmet Oblikovanje obla\u010dil), <strong>Valter Kobal<\/strong> (modni dizajner), <strong>Ur\u0161a Drofenik<\/strong> (modna dizajnerica), <strong>Marta Vodeb<\/strong> (modna dizajnerica), <strong>Olga Ko\u0161ica<\/strong> (modna dizajnerica &#8211; dizajnerica nakita), <strong>Sanja Grci\u0107<\/strong> (modna dizajnerica) te <strong>Mariel Reed<\/strong> (britanska modna dizajnerica). Raspravu, koja se odvijala u smjeru odgonetanja \u0161to je to slovensko u modnom oblikovanju, da li je, u dana\u0161njem op\u0107em globalizmu, uop\u0107e pozitivno biti ome\u0111en odre\u0111enom sredinom, te kakvu konotaciju ima opis &#8216;slovenski modni dizajner&#8217;,\u00a0vodila je Ur\u0161a Jerki\u010d (suradnica Elle, modna blegerka). \u00a0Tokom rasprave, sudionici su zaklju\u010dili da Slovenija nema sustavno arhiviranu povijest modnog dizajna, te da, na \u017ealost, ne postoje muzeji koji bi \u010duvali spomenutu ba\u0161tinu. Odre\u0111ene modne marke poput Vodeb, Pro ars vivendi, Drofenik ili Sanje Grci\u0107 njeguju odre\u0111ene karakteristike po kojima \u0107e uvijek biti prepoznatljive. Vodeb je znana po dobroj modelaciji krojeva, Drofenik koristi slovensku idrijsku \u010dipku u oblikovanju, a Sanja Grci\u0107 povezuje svoje porijeklo (Bosna i Hercegovina) i gradi brend isto\u010dnoeuropskih karakteristika. Zoran Garevski je Makedonac i na upit da li je slovenski modni dizajner, jednostavno odgovara &#8216;Ne znam&#8217;. Nata\u0161a Per\u0161uh je izjavila da je obu\u010dena u slovenske modne markte, poput Ra\u0161ice i svoje vlastite, te da je &#8216;reklama za Slovensko&#8217;. Mariel Reed naglasila je va\u017enost interneta u dana\u0161njem modnom dizajniranju i upotrebu &#8216;globalnog modnog jezika&#8217; koji \u0107e biti jednako razumljiv u Kini i New Yorku. Okrugli stol zavr\u0161io je upitom voditljice da li se sudionici nazivaju slovenskim modnim dizjanerima.<\/p>\n<p style=\"text-align: justify;\">Modna revija mladih dizajnera bile su predvi\u0111ene u 20 sati, ali uz malo ka\u0161njenje, zapo\u010dela je u 20,30.<\/p>\n<p style=\"text-align: justify;\">Predstavili su se: Peter Movrin, Petja Zorec, Dajana Ljubi\u010di\u0107, An\u0111ela Lukanovi\u0107, Ana Jelini\u010d, Nena Florjan\u010di\u0107, Sanija Reja Aska, Katja Magister, Alice Bossman, Arijana Gad\u017eijev i Ivan Rocco.<\/p>\n<p style=\"text-align: justify;\">Donosimo izbor fotografija (autor Vendi Juki\u0107 Bu\u010da) slikanih fotoaparatom D600 18-200, koji je ustupio Canon.<\/p>\n<div class=\"mceTemp\" style=\"text-align: justify;\">\n<dl id=\"attachment_652\" class=\"wp-caption alignnone\" style=\"width: 464px;\">\n<dt class=\"wp-caption-dt\"><a href=\"http:\/\/film-mag.net\/wp\/wp-content\/uploads\/2012\/04\/revije_fw2012_peter_movrin1.jpg\"><img loading=\"lazy\" decoding=\"async\" class=\" wp-image-652  \" title=\"Philips Fashion Week 2012. - Peter Movrin.\" src=\"http:\/\/film-mag.net\/wp\/wp-content\/uploads\/2012\/04\/revije_fw2012_peter_movrin1.jpg\" alt=\"Philips Fashion Week 2012. - Peter Movrin.\" width=\"454\" height=\"258\" srcset=\"http:\/\/film-mag.net\/wp\/wp-content\/uploads\/2012\/04\/revije_fw2012_peter_movrin1.jpg 946w, http:\/\/film-mag.net\/wp\/wp-content\/uploads\/2012\/04\/revije_fw2012_peter_movrin1-300x170.jpg 300w, http:\/\/film-mag.net\/wp\/wp-content\/uploads\/2012\/04\/revije_fw2012_peter_movrin1-195x110.jpg 195w\" sizes=\"auto, (max-width: 454px) 100vw, 454px\" \/><\/a><\/dt>\n<dd class=\"wp-caption-dd\">Philips Fashion Week 2012. &#8211; Peter Movrin.<\/dd>\n<\/dl>\n<\/div>\n<div class=\"mceTemp\" style=\"text-align: justify;\">\n<dl id=\"attachment_646\" class=\"wp-caption alignnone\" style=\"width: 464px;\">\n<dt class=\"wp-caption-dt\"><a href=\"http:\/\/film-mag.net\/wp\/wp-content\/uploads\/2012\/04\/revije_fw2012_petja_zorec.jpg\"><img loading=\"lazy\" decoding=\"async\" class=\" wp-image-646  \" title=\"Philips Fashion Week 2012 - Petja Zorec.\" src=\"http:\/\/film-mag.net\/wp\/wp-content\/uploads\/2012\/04\/revije_fw2012_petja_zorec.jpg\" alt=\"Philips Fashion Week 2012 - Petja Zorec.\" width=\"454\" height=\"258\" \/><\/a><\/dt>\n<dd class=\"wp-caption-dd\">Philips Fashion Week 2012 &#8211; Petja Zorec.<\/dd>\n<\/dl>\n<\/div>\n<div class=\"mceTemp\" style=\"text-align: justify;\">\n<dl id=\"attachment_647\" class=\"wp-caption alignnone\" style=\"width: 464px;\">\n<dt class=\"wp-caption-dt\"><a href=\"http:\/\/film-mag.net\/wp\/wp-content\/uploads\/2012\/04\/revije_fw2012_dajana_ljubicic.jpg\"><img loading=\"lazy\" decoding=\"async\" class=\" wp-image-647  \" title=\"Philips Fashion Week 2012 - Ana Ljubi\u010di\u0107.\" src=\"http:\/\/film-mag.net\/wp\/wp-content\/uploads\/2012\/04\/revije_fw2012_dajana_ljubicic.jpg\" alt=\"Philips Fashion Week 2012 - Ana Ljubi\u010di\u0107.\" width=\"454\" height=\"258\" \/><\/a><\/dt>\n<dd class=\"wp-caption-dd\">Philips Fashion Week 2012 &#8211; Dajana Ljubi\u010di\u010d<\/dd>\n<\/dl>\n<\/div>\n<div class=\"mceTemp\" style=\"text-align: justify;\">\n<dl id=\"attachment_653\" class=\"wp-caption alignnone\" style=\"width: 464px;\">\n<dt class=\"wp-caption-dt\"><a href=\"http:\/\/film-mag.net\/wp\/wp-content\/uploads\/2012\/04\/revije_fw2012_ostali_1.jpg\"><img loading=\"lazy\" decoding=\"async\" class=\" wp-image-653  \" title=\"Philips Fashion Week 2012. - An\u0111ela Lukanovi\u0107, Nena Florjan\u010di\u0107, Sanija Reja Aska, Katja Magister\" src=\"http:\/\/film-mag.net\/wp\/wp-content\/uploads\/2012\/04\/revije_fw2012_ostali_1.jpg\" alt=\"Philips Fashion Week 2012. - An\u0111ela Lukanovi\u0107, Nena Florjan\u010di\u0107, Sanija Reja Aska, Katja Magister\" width=\"454\" height=\"258\" \/><\/a><\/dt>\n<dd class=\"wp-caption-dd\">Philips Fashion Week 2012. &#8211; An\u0111ela Lukanovi\u0107, Nena Florjan\u010di\u0107, Sanija Reja Aska, Katja Magister<\/dd>\n<\/dl>\n<\/div>\n<div class=\"mceTemp\" style=\"text-align: justify;\">\n<dl id=\"attachment_654\" class=\"wp-caption alignnone\" style=\"width: 464px;\">\n<dt class=\"wp-caption-dt\"><a href=\"http:\/\/film-mag.net\/wp\/wp-content\/uploads\/2012\/04\/revije_fw2012_ostali_2.jpg\"><img loading=\"lazy\" decoding=\"async\" class=\" wp-image-654  \" title=\"Philips Fashion Week 2012. - Alice Bossman, Arijana Gad\u017eijev, Ivan Rocco, Ana Jelini\u010d\" src=\"http:\/\/film-mag.net\/wp\/wp-content\/uploads\/2012\/04\/revije_fw2012_ostali_2.jpg\" alt=\"Philips Fashion Week 2012. - Alice Bossman, Arijana Gad\u017eijev, Ivan Rocco, Ana Jelini\u010d\" width=\"454\" height=\"258\" \/><\/a><\/dt>\n<dd class=\"wp-caption-dd\">Philips Fashion Week 2012. &#8211; Alice Bossman, Arijana Gad\u017eijev, Ivan Rocco, Ana Jelini\u010d<\/dd>\n<\/dl>\n<\/div>\n<p style=\"text-align: justify;\">Za vrijeme polusatne modne revije, svoje kreacije predstavili su studenti i apsolventi Narvoslovnotehni\u0161ke fakultete, smejra Oblikovanje obla\u010dil in tekstilij, dakle modni dizajneri pred magisterijem. Mariel Reed je za vrijeme okruglog stola, kao vanjski promatra\u010d, dobro povezala modni izri\u010daj studenata NTF-a s\u00a0japanskim modnim ekspresionizmom i osebujnim stilom,\u00a0primjerice, \u00a0Rei Kawakubo. To nije \u010dudno s obzirom da je to\u00a0glavni utjecaj prema kojima profesori na NTF-u formiraju studente, tra\u017ee\u0107i nove silhuete i oblike na tijelu. No, sude\u0107i prema kolekcijama, utjecaji su raznovnrsni, ali najo\u010ditiji su oni u vidu zaklanjanja lica koje su intenzivno primjenjivali Hussein Chalayan te Gareth Pugh (kao samo neki od brojnih) te izrazito uo\u010dljive velike ma\u0161ne na glavama manekenki kolekcije Karla Lagerfelda SS10.<\/p>\n<p style=\"text-align: justify;\">\u017delim kolegama &#8216;u razvoju&#8217; mnogo uspjeha u daljnjem radu, a slijedi Fashion Week Dan drugi koji \u0107e obilje\u017eiti predavanja i te novi skup kolekcija.<\/p>\n<p style=\"text-align: justify;\">Ostali \u010dlanci<\/p>\n<p style=\"text-align: justify;\">Revije &#8211;\u00a0<a href=\"http:\/\/film-mag.net\/wp\/?p=718\">Philips Fashion Week Ljubljana 2012 &#8211; Zavr\u0161nica (Dan tre\u0107i)<\/a><\/p>\n<p style=\"text-align: justify;\">Revije &#8211;\u00a0<a href=\"http:\/\/film-mag.net\/wp\/?p=657\">Philips Fashion Week Ljubljana 2012 &#8211; Dan drugi<\/a><\/p>\n<p>Revije &#8211; <a href=\"http:\/\/film-mag.net\/wp\/?p=436\">Philips Fashion Week Ljubljana (2012).<\/a><\/p>\n<div id=\"fb_share_1\" style=\"float: right; margin-left: 10px;\"><a name=\"fb_share\" type=\"box_count\" share_url=\"http:\/\/film-mag.net\/wp\/?p=643\" href=\"http:\/\/www.facebook.com\/sharer.php\">Share<\/a><\/div><div><script src=\"http:\/\/static.ak.fbcdn.net\/connect.php\/js\/FB.Share\" type=\"text\/javascript\"><\/script><\/div><div style=\"clear:both\"><\/div>","protected":false},"excerpt":{"rendered":"<p>Slovenski modni doga\u0111aj &#8211; Philips Fashion Week zapo\u010deo je danas, 2. travnja, u 11 sati, projekcijama filmova o modi. Na rasporedu su bili\u00a0Histoire(s) d&#8217;Elle (1:24),\u00a0YSL Le Temps Retrouve (1:18), te Le Jour d&#8217;Avant Sonia Rykel (O:52). Philips Fashion Week 2012 &#8211; Okrugli stol. U 17 sati odr\u017ean je okrugli stol na temu\u00a0DNA slovenskega modnega oblikovanja [&hellip;]<\/p>\n","protected":false},"author":1,"featured_media":0,"comment_status":"closed","ping_status":"closed","sticky":false,"template":"","format":"standard","meta":{"_et_pb_use_builder":"","_et_pb_old_content":"","_et_gb_content_width":"","_editorskit_title_hidden":false,"_editorskit_reading_time":0,"_editorskit_is_block_options_detached":false,"_editorskit_block_options_position":"{}","footnotes":""},"categories":[4,170,14,46],"tags":[118,892,121,119,43,120],"class_list":["post-643","post","type-post","status-publish","format-standard","hentry","category-istaknuto","category-kalendar","category-moda","category-revije","tag-fashion-week","tag-fw","tag-kino-siska","tag-ljubljana","tag-moda-2","tag-slovenija"],"yoast_head":"<!-- This site is optimized with the Yoast SEO plugin v24.6 - https:\/\/yoast.com\/wordpress\/plugins\/seo\/ -->\n<title>Revije \u2013 Philips Fashion Week Ljubljana 2012 - Dan prvi [Vendi Juki\u0107 Bu\u010da] - FILM-mag.net<\/title>\n<meta name=\"robots\" content=\"index, follow, max-snippet:-1, max-image-preview:large, max-video-preview:-1\" \/>\n<link rel=\"canonical\" href=\"http:\/\/film-mag.net\/wp\/?p=643\" \/>\n<meta property=\"og:locale\" content=\"en_US\" \/>\n<meta property=\"og:type\" content=\"article\" \/>\n<meta property=\"og:title\" content=\"Revije \u2013 Philips Fashion Week Ljubljana 2012 - Dan prvi [Vendi Juki\u0107 Bu\u010da] - FILM-mag.net\" \/>\n<meta property=\"og:description\" content=\"Slovenski modni doga\u0111aj &#8211; Philips Fashion Week zapo\u010deo je danas, 2. travnja, u 11 sati, projekcijama filmova o modi. Na rasporedu su bili\u00a0Histoire(s) d&#8217;Elle (1:24),\u00a0YSL Le Temps Retrouve (1:18), te Le Jour d&#8217;Avant Sonia Rykel (O:52). Philips Fashion Week 2012 &#8211; Okrugli stol. U 17 sati odr\u017ean je okrugli stol na temu\u00a0DNA slovenskega modnega oblikovanja [&hellip;]\" \/>\n<meta property=\"og:url\" content=\"http:\/\/film-mag.net\/wp\/?p=643\" \/>\n<meta property=\"og:site_name\" content=\"FILM-mag.net\" \/>\n<meta property=\"article:published_time\" content=\"2012-04-03T00:45:04+00:00\" \/>\n<meta property=\"article:modified_time\" content=\"2012-10-07T15:03:20+00:00\" \/>\n<meta property=\"og:image\" content=\"http:\/\/film-mag.net\/wp\/wp-content\/uploads\/2012\/04\/revije_fw2012_okrugla_miza.jpg\" \/>\n<meta name=\"author\" content=\"dr. sc. Vendi Juki\u0107 Bu\u010da\" \/>\n<meta name=\"twitter:card\" content=\"summary_large_image\" \/>\n<meta name=\"twitter:label1\" content=\"Written by\" \/>\n\t<meta name=\"twitter:data1\" content=\"dr. sc. Vendi Juki\u0107 Bu\u010da\" \/>\n\t<meta name=\"twitter:label2\" content=\"Est. reading time\" \/>\n\t<meta name=\"twitter:data2\" content=\"3 minutes\" \/>\n<script type=\"application\/ld+json\" class=\"yoast-schema-graph\">{\"@context\":\"https:\/\/schema.org\",\"@graph\":[{\"@type\":\"WebPage\",\"@id\":\"http:\/\/film-mag.net\/wp\/?p=643\",\"url\":\"http:\/\/film-mag.net\/wp\/?p=643\",\"name\":\"Revije \u2013 Philips Fashion Week Ljubljana 2012 - Dan prvi [Vendi Juki\u0107 Bu\u010da] - FILM-mag.net\",\"isPartOf\":{\"@id\":\"http:\/\/film-mag.net\/wp\/#website\"},\"primaryImageOfPage\":{\"@id\":\"http:\/\/film-mag.net\/wp\/?p=643#primaryimage\"},\"image\":{\"@id\":\"http:\/\/film-mag.net\/wp\/?p=643#primaryimage\"},\"thumbnailUrl\":\"http:\/\/film-mag.net\/wp\/wp-content\/uploads\/2012\/04\/revije_fw2012_okrugla_miza.jpg\",\"datePublished\":\"2012-04-03T00:45:04+00:00\",\"dateModified\":\"2012-10-07T15:03:20+00:00\",\"author\":{\"@id\":\"http:\/\/film-mag.net\/wp\/#\/schema\/person\/7981028733b22534da4b74048efa290b\"},\"breadcrumb\":{\"@id\":\"http:\/\/film-mag.net\/wp\/?p=643#breadcrumb\"},\"inLanguage\":\"en-US\",\"potentialAction\":[{\"@type\":\"ReadAction\",\"target\":[\"http:\/\/film-mag.net\/wp\/?p=643\"]}]},{\"@type\":\"ImageObject\",\"inLanguage\":\"en-US\",\"@id\":\"http:\/\/film-mag.net\/wp\/?p=643#primaryimage\",\"url\":\"http:\/\/film-mag.net\/wp\/wp-content\/uploads\/2012\/04\/revije_fw2012_okrugla_miza.jpg\",\"contentUrl\":\"http:\/\/film-mag.net\/wp\/wp-content\/uploads\/2012\/04\/revije_fw2012_okrugla_miza.jpg\"},{\"@type\":\"BreadcrumbList\",\"@id\":\"http:\/\/film-mag.net\/wp\/?p=643#breadcrumb\",\"itemListElement\":[{\"@type\":\"ListItem\",\"position\":1,\"name\":\"Home\",\"item\":\"http:\/\/film-mag.net\/wp\/\"},{\"@type\":\"ListItem\",\"position\":2,\"name\":\"Revije \u2013 Philips Fashion Week Ljubljana 2012 &#8211; Dan prvi [Vendi Juki\u0107 Bu\u010da]\"}]},{\"@type\":\"WebSite\",\"@id\":\"http:\/\/film-mag.net\/wp\/#website\",\"url\":\"http:\/\/film-mag.net\/wp\/\",\"name\":\"FILM-mag.net\",\"description\":\"Prvi hrvatski portal o filmu i filmu bliskim podru\u010djima kulture\",\"potentialAction\":[{\"@type\":\"SearchAction\",\"target\":{\"@type\":\"EntryPoint\",\"urlTemplate\":\"http:\/\/film-mag.net\/wp\/?s={search_term_string}\"},\"query-input\":{\"@type\":\"PropertyValueSpecification\",\"valueRequired\":true,\"valueName\":\"search_term_string\"}}],\"inLanguage\":\"en-US\"},{\"@type\":\"Person\",\"@id\":\"http:\/\/film-mag.net\/wp\/#\/schema\/person\/7981028733b22534da4b74048efa290b\",\"name\":\"dr. sc. Vendi Juki\u0107 Bu\u010da\",\"image\":{\"@type\":\"ImageObject\",\"inLanguage\":\"en-US\",\"@id\":\"http:\/\/film-mag.net\/wp\/#\/schema\/person\/image\/\",\"url\":\"https:\/\/secure.gravatar.com\/avatar\/5cc6fa637e747da8f5ffb85de774143a?s=96&d=mm&r=g\",\"contentUrl\":\"https:\/\/secure.gravatar.com\/avatar\/5cc6fa637e747da8f5ffb85de774143a?s=96&d=mm&r=g\",\"caption\":\"dr. sc. Vendi Juki\u0107 Bu\u010da\"},\"url\":\"http:\/\/film-mag.net\/wp\/?author=1\"}]}<\/script>\n<!-- \/ Yoast SEO plugin. -->","yoast_head_json":{"title":"Revije \u2013 Philips Fashion Week Ljubljana 2012 - Dan prvi [Vendi Juki\u0107 Bu\u010da] - FILM-mag.net","robots":{"index":"index","follow":"follow","max-snippet":"max-snippet:-1","max-image-preview":"max-image-preview:large","max-video-preview":"max-video-preview:-1"},"canonical":"http:\/\/film-mag.net\/wp\/?p=643","og_locale":"en_US","og_type":"article","og_title":"Revije \u2013 Philips Fashion Week Ljubljana 2012 - Dan prvi [Vendi Juki\u0107 Bu\u010da] - FILM-mag.net","og_description":"Slovenski modni doga\u0111aj &#8211; Philips Fashion Week zapo\u010deo je danas, 2. travnja, u 11 sati, projekcijama filmova o modi. Na rasporedu su bili\u00a0Histoire(s) d&#8217;Elle (1:24),\u00a0YSL Le Temps Retrouve (1:18), te Le Jour d&#8217;Avant Sonia Rykel (O:52). Philips Fashion Week 2012 &#8211; Okrugli stol. U 17 sati odr\u017ean je okrugli stol na temu\u00a0DNA slovenskega modnega oblikovanja [&hellip;]","og_url":"http:\/\/film-mag.net\/wp\/?p=643","og_site_name":"FILM-mag.net","article_published_time":"2012-04-03T00:45:04+00:00","article_modified_time":"2012-10-07T15:03:20+00:00","og_image":[{"url":"http:\/\/film-mag.net\/wp\/wp-content\/uploads\/2012\/04\/revije_fw2012_okrugla_miza.jpg","type":"","width":"","height":""}],"author":"dr. sc. Vendi Juki\u0107 Bu\u010da","twitter_card":"summary_large_image","twitter_misc":{"Written by":"dr. sc. Vendi Juki\u0107 Bu\u010da","Est. reading time":"3 minutes"},"schema":{"@context":"https:\/\/schema.org","@graph":[{"@type":"WebPage","@id":"http:\/\/film-mag.net\/wp\/?p=643","url":"http:\/\/film-mag.net\/wp\/?p=643","name":"Revije \u2013 Philips Fashion Week Ljubljana 2012 - Dan prvi [Vendi Juki\u0107 Bu\u010da] - FILM-mag.net","isPartOf":{"@id":"http:\/\/film-mag.net\/wp\/#website"},"primaryImageOfPage":{"@id":"http:\/\/film-mag.net\/wp\/?p=643#primaryimage"},"image":{"@id":"http:\/\/film-mag.net\/wp\/?p=643#primaryimage"},"thumbnailUrl":"http:\/\/film-mag.net\/wp\/wp-content\/uploads\/2012\/04\/revije_fw2012_okrugla_miza.jpg","datePublished":"2012-04-03T00:45:04+00:00","dateModified":"2012-10-07T15:03:20+00:00","author":{"@id":"http:\/\/film-mag.net\/wp\/#\/schema\/person\/7981028733b22534da4b74048efa290b"},"breadcrumb":{"@id":"http:\/\/film-mag.net\/wp\/?p=643#breadcrumb"},"inLanguage":"en-US","potentialAction":[{"@type":"ReadAction","target":["http:\/\/film-mag.net\/wp\/?p=643"]}]},{"@type":"ImageObject","inLanguage":"en-US","@id":"http:\/\/film-mag.net\/wp\/?p=643#primaryimage","url":"http:\/\/film-mag.net\/wp\/wp-content\/uploads\/2012\/04\/revije_fw2012_okrugla_miza.jpg","contentUrl":"http:\/\/film-mag.net\/wp\/wp-content\/uploads\/2012\/04\/revije_fw2012_okrugla_miza.jpg"},{"@type":"BreadcrumbList","@id":"http:\/\/film-mag.net\/wp\/?p=643#breadcrumb","itemListElement":[{"@type":"ListItem","position":1,"name":"Home","item":"http:\/\/film-mag.net\/wp\/"},{"@type":"ListItem","position":2,"name":"Revije \u2013 Philips Fashion Week Ljubljana 2012 &#8211; Dan prvi [Vendi Juki\u0107 Bu\u010da]"}]},{"@type":"WebSite","@id":"http:\/\/film-mag.net\/wp\/#website","url":"http:\/\/film-mag.net\/wp\/","name":"FILM-mag.net","description":"Prvi hrvatski portal o filmu i filmu bliskim podru\u010djima kulture","potentialAction":[{"@type":"SearchAction","target":{"@type":"EntryPoint","urlTemplate":"http:\/\/film-mag.net\/wp\/?s={search_term_string}"},"query-input":{"@type":"PropertyValueSpecification","valueRequired":true,"valueName":"search_term_string"}}],"inLanguage":"en-US"},{"@type":"Person","@id":"http:\/\/film-mag.net\/wp\/#\/schema\/person\/7981028733b22534da4b74048efa290b","name":"dr. sc. Vendi Juki\u0107 Bu\u010da","image":{"@type":"ImageObject","inLanguage":"en-US","@id":"http:\/\/film-mag.net\/wp\/#\/schema\/person\/image\/","url":"https:\/\/secure.gravatar.com\/avatar\/5cc6fa637e747da8f5ffb85de774143a?s=96&d=mm&r=g","contentUrl":"https:\/\/secure.gravatar.com\/avatar\/5cc6fa637e747da8f5ffb85de774143a?s=96&d=mm&r=g","caption":"dr. sc. Vendi Juki\u0107 Bu\u010da"},"url":"http:\/\/film-mag.net\/wp\/?author=1"}]}},"_links":{"self":[{"href":"http:\/\/film-mag.net\/wp\/index.php?rest_route=\/wp\/v2\/posts\/643","targetHints":{"allow":["GET"]}}],"collection":[{"href":"http:\/\/film-mag.net\/wp\/index.php?rest_route=\/wp\/v2\/posts"}],"about":[{"href":"http:\/\/film-mag.net\/wp\/index.php?rest_route=\/wp\/v2\/types\/post"}],"author":[{"embeddable":true,"href":"http:\/\/film-mag.net\/wp\/index.php?rest_route=\/wp\/v2\/users\/1"}],"replies":[{"embeddable":true,"href":"http:\/\/film-mag.net\/wp\/index.php?rest_route=%2Fwp%2Fv2%2Fcomments&post=643"}],"version-history":[{"count":11,"href":"http:\/\/film-mag.net\/wp\/index.php?rest_route=\/wp\/v2\/posts\/643\/revisions"}],"predecessor-version":[{"id":651,"href":"http:\/\/film-mag.net\/wp\/index.php?rest_route=\/wp\/v2\/posts\/643\/revisions\/651"}],"wp:attachment":[{"href":"http:\/\/film-mag.net\/wp\/index.php?rest_route=%2Fwp%2Fv2%2Fmedia&parent=643"}],"wp:term":[{"taxonomy":"category","embeddable":true,"href":"http:\/\/film-mag.net\/wp\/index.php?rest_route=%2Fwp%2Fv2%2Fcategories&post=643"},{"taxonomy":"post_tag","embeddable":true,"href":"http:\/\/film-mag.net\/wp\/index.php?rest_route=%2Fwp%2Fv2%2Ftags&post=643"}],"curies":[{"name":"wp","href":"https:\/\/api.w.org\/{rel}","templated":true}]}}