{"id":6254,"date":"2013-01-15T00:49:36","date_gmt":"2013-01-14T23:49:36","guid":{"rendered":"http:\/\/film-mag.net\/wp\/?p=6254"},"modified":"2013-01-15T00:49:36","modified_gmt":"2013-01-14T23:49:36","slug":"tocka-tacka-pika-slovenska-filharmonija-u-lisinskom","status":"publish","type":"post","link":"http:\/\/film-mag.net\/wp\/?p=6254","title":{"rendered":"To\u010dka-Ta\u010dka-Pika: Slovenska filharmonija u Lisinskom"},"content":{"rendered":"<p style=\"text-align: justify;\" align=\"center\"><strong>PRVI KONCERT REGIONALNOG CIKLUSA\u00a0 \u201eTO\u010cKA-TA\u010cKA-PIKA\u201c U SEZONI 2012.\/2013.<\/strong><\/p>\n<p style=\"text-align: justify;\">I u sezoni 2012.\/2013. Zagreba\u010dka filharmonija nastavlja sa Regionalnim ciklusom To\u010dka-Ta\u010dka-Pika. U tri glavna grada <strong>\u2013 <\/strong>Zagrebu<strong>, <\/strong>Ljubljani, Beogradu- ljubitelji glazbe imaju priliku pratiti poseban koncertni ciklus<strong> <\/strong>kojim je Zagreba\u010dka filharmonija zapo\u010dela suradnju s vode\u0107im filharmonijskim orkestrima u regiji. Pokretanjem ciklusa To\u010dka-Ta\u010dka-Pika, vode\u0107i orkestri tri susjedne dr\u017eave \u017eele stvoriti stabilnu zajedni\u010dku platformu za kvalitetnu kulturnu suradnju.<\/p>\n<p style=\"text-align: justify;\">U \u010detvrtak,17.01.2013. Zagreba\u010dka filharmonija ugo\u0161\u0107uje Slovensku filharmoniju, dirigenta Simona Kre\u010di\u010da i briljantnu flautisticu Evu-Ninu Kozmus!<\/p>\n<div class=\"mceTemp\" style=\"text-align: justify;\">\n<dl id=\"attachment_6255\" class=\"wp-caption alignnone\" style=\"width: 460px;\">\n<dt class=\"wp-caption-dt\"><a href=\"http:\/\/film-mag.net\/wp\/wp-content\/uploads\/2013\/01\/zf_SLO_filharmonija.jpg\"><img loading=\"lazy\" decoding=\"async\" class=\"size-full wp-image-6255\" title=\"Slovenska filharmonija\" src=\"http:\/\/film-mag.net\/wp\/wp-content\/uploads\/2013\/01\/zf_SLO_filharmonija.jpg\" alt=\"Slovenska filharmonija\" width=\"450\" height=\"532\" \/><\/a><\/dt>\n<dd class=\"wp-caption-dd\">Slovenska filharmonija<\/dd>\n<\/dl>\n<\/div>\n<p style=\"text-align: justify;\">Nema mnogo simfonijskih orkestara u svijetu koji se mogu pohvaliti bogatom i dugoljetnom tradicijom kao orkestar Slovenske filharmonije. Orkestar Slovenske filharmonije sa svojim prethodnicama: <em>Academiom Philharmonicorum<\/em> (1701.), Filharmonijskim dru\u0161tvom (1794.) i prvom Slovenskom filharmonijom (1908.-1913.) ponosno stoji uz bok najstarijim orkestrima u svijetu. Me\u0111u mnogim uglednim umjetnicima koji su postali po\u010dasni \u010dlanovi Slovenske filharmonije nalaze se Joseph Haydn, Ludwig van Beethoven, Niccol\u00f2 Paganini, Johannes Brahms, Carlos Kleiber i mnogi drugi. Svoju reputaciju orkestar je potvrdio na brojnim gostovanjima u europskim kulturnim sredi\u0161tima, kao i u Sjedinjenim Dr\u017eavama te Japanu, predstaviv\u0161i se i na brojnim poznatim me\u0111unarodnim festivalima (<em>Wiener Festwochen<\/em>, <em>Maggio Musicale Fiorentino<\/em>, Pra\u0161ko prolje\u0107e, Var\u0161avska jesen, Dubrova\u010dke ljetne igre, Ravennski festival&#8230;).Me\u0111u vrhunskim doga\u0111anjima pro\u0161lih sezona Slovenska filharmonija di\u010di se i gala koncertom s Lucianom Pavarottijem, gostovanjem u Rimu i Valenciji sa legendarnim Mstislavom Rostropovi\u010dem, ali i koncertnom izvedbom opere <em>Jolanta<\/em> P.I.\u010cajkovskog koju su sa svjetski poznatom sopranisticom Anom Netrebko izveli u gotovo svim europskim prijestolnicama.<\/p>\n<p style=\"text-align: justify;\">Maestro Kre\u010di\u010d zavr\u0161io je studij klavira na Muzi\u010dkoj akademiji u Ljubljani, a u srpnju 2005. magistrirao u klasi prof. Aleksandra Mad\u017eara na Visokoj umjetni\u010dkoj \u0161koli u Bernu. Kre\u010di\u010d je u \u0160vicarskoj studirao i dirigiranje (prof. Dominique Roggen) te ve\u0107 u to vrijeme ostvario zapa\u017eene uspjehe i anga\u017emane u vode\u0107im \u0161vicarskim orkestrima. Kao dirigent pokazao se uspje\u0161nim kako u koncertnim izvedbama, tako i u onim kazali\u0161nim\/opernim. S velikim se \u017earom posve\u0107uje izvedbi suvremenih partitura. Osim kao dirigent, tra\u017een je i kao komorni glazbenik, a ta raznolikost talenata i interesa, kao i izvrsnost u njima, povezala ga je sa mnogobrojnim svjetski priznatim glazbenicima. Od o\u017eujka 2009. g., kada je u sklopu <em>Slovenskih dana glazbe<\/em> prvi put vodio orkestrar Slovenske filharmonije, postaje njihovim redovitim gostom.<\/p>\n<p style=\"text-align: justify;\">Flautistica Eva-Nina Kozmus jedina je slovenska eurovizijska pobjednica \u2013 2010. godine pobijedila je na uglednom natjecanju za Eurovizijskog mladog glazbenika u Be\u010du. Od 2005. g. ni\u017ee prve nagrade na natjecanjima u domovini i inozemstvu, a kao kruna toliko puta dokazane izvrsnosti, za izniman uspjeh i umjetni\u010dku afirmaciju \u0161kole na Konzervatoriju za glazbu i balet u Ljubljani \u2013 gdje je 2010. maturirala u klasi prof. Milene Lipov\u0161ek \u2013 dobila je \u0160kerjancovu\u00a0 nagradu. Trenutno studira na lyonskom konzervatoriju (<em>Conservatoire national sup\u00e9rieur de musique et danse de Lyon<\/em>) u klasi prof. Philippa Bernolda te njegovih asistenata Juliena Beaudimenta i Gillesa Cottina. \u010clanica je simfonijskog orkestra mati\u010dnog konzervatorija, a povremeno sura\u0111uje i s drugim orkestrima.<\/p>\n<p style=\"text-align: justify;\">Koncertnu ve\u010der &#8220;Zvuci iz Slovenije&#8221; Slovenska filharmonija i Simon Kre\u010di\u010d otvorit \u0107e skladbom Sij, sij sunce, slovenskom rapsodijom za guda\u010de Pavle Merk\u00f9a, nastavit \u0107e Koncertom za flautu i orkestar u d-molu Carla Philippa Emanuela Bacha u kojem \u0107e publika mo\u0107i u\u017eivati u izvedbi<strong> <\/strong>mlade flautistice Eve-Nine Kozmus dok \u0107e svoj vrhunac ovo glazbeno putovanje dobiti izvedbom<strong> <\/strong>Simfonije br. 4 u f-molu Petra Ilji\u010da \u010cajkovskog.<\/p>\n<p style=\"text-align: justify;\">Ne propustite spektar glazbenih do\u017eivljaja koje \u0107e vam pru\u017eiti maestro Kre\u010di\u010d i gosti iz Slovenije. Dolaskom na koncert po\u017eelite im najljep\u0161u mogu\u0107u dobrodo\u0161licu!<\/p>\n<p style=\"text-align: justify;\">[izvor informacije\u00a0<strong><a href=\"http:\/\/www.zgf.hr\/\">Zagreba\u010dka filharmonija<\/a><\/strong>]<\/p>\n<div id=\"fb_share_1\" style=\"float: right; margin-left: 10px;\"><a name=\"fb_share\" type=\"box_count\" share_url=\"http:\/\/film-mag.net\/wp\/?p=6254\" href=\"http:\/\/www.facebook.com\/sharer.php\">Share<\/a><\/div><div><script src=\"http:\/\/static.ak.fbcdn.net\/connect.php\/js\/FB.Share\" type=\"text\/javascript\"><\/script><\/div><div style=\"clear:both\"><\/div>","protected":false},"excerpt":{"rendered":"<p>PRVI KONCERT REGIONALNOG CIKLUSA\u00a0 \u201eTO\u010cKA-TA\u010cKA-PIKA\u201c U SEZONI 2012.\/2013. I u sezoni 2012.\/2013. Zagreba\u010dka filharmonija nastavlja sa Regionalnim ciklusom To\u010dka-Ta\u010dka-Pika. U tri glavna grada \u2013 Zagrebu, Ljubljani, Beogradu- ljubitelji glazbe imaju priliku pratiti poseban koncertni ciklus kojim je Zagreba\u010dka filharmonija zapo\u010dela suradnju s vode\u0107im filharmonijskim orkestrima u regiji. Pokretanjem ciklusa To\u010dka-Ta\u010dka-Pika, vode\u0107i orkestri tri susjedne dr\u017eave [&hellip;]<\/p>\n","protected":false},"author":8,"featured_media":0,"comment_status":"closed","ping_status":"closed","sticky":false,"template":"","format":"standard","meta":{"_et_pb_use_builder":"","_et_pb_old_content":"","_et_gb_content_width":"","_editorskit_title_hidden":false,"_editorskit_reading_time":0,"_editorskit_is_block_options_detached":false,"_editorskit_block_options_position":"{}","footnotes":""},"categories":[11,170,29],"tags":[65,1106,1241,71],"class_list":["post-6254","post","type-post","status-publish","format-standard","hentry","category-glazba","category-kalendar","category-koncerti","tag-dvorana-lisinski","tag-glazbena-gostovanja","tag-slovenska-filharmonija","tag-zagrebacka-filharmonija"],"yoast_head":"<!-- This site is optimized with the Yoast SEO plugin v24.6 - https:\/\/yoast.com\/wordpress\/plugins\/seo\/ -->\n<title>To\u010dka-Ta\u010dka-Pika: Slovenska filharmonija u Lisinskom - FILM-mag.net<\/title>\n<meta name=\"robots\" content=\"index, follow, max-snippet:-1, max-image-preview:large, max-video-preview:-1\" \/>\n<link rel=\"canonical\" href=\"http:\/\/film-mag.net\/wp\/?p=6254\" \/>\n<meta property=\"og:locale\" content=\"en_US\" \/>\n<meta property=\"og:type\" content=\"article\" \/>\n<meta property=\"og:title\" content=\"To\u010dka-Ta\u010dka-Pika: Slovenska filharmonija u Lisinskom - FILM-mag.net\" \/>\n<meta property=\"og:description\" content=\"PRVI KONCERT REGIONALNOG CIKLUSA\u00a0 \u201eTO\u010cKA-TA\u010cKA-PIKA\u201c U SEZONI 2012.\/2013. I u sezoni 2012.\/2013. Zagreba\u010dka filharmonija nastavlja sa Regionalnim ciklusom To\u010dka-Ta\u010dka-Pika. U tri glavna grada \u2013 Zagrebu, Ljubljani, Beogradu- ljubitelji glazbe imaju priliku pratiti poseban koncertni ciklus kojim je Zagreba\u010dka filharmonija zapo\u010dela suradnju s vode\u0107im filharmonijskim orkestrima u regiji. Pokretanjem ciklusa To\u010dka-Ta\u010dka-Pika, vode\u0107i orkestri tri susjedne dr\u017eave [&hellip;]\" \/>\n<meta property=\"og:url\" content=\"http:\/\/film-mag.net\/wp\/?p=6254\" \/>\n<meta property=\"og:site_name\" content=\"FILM-mag.net\" \/>\n<meta property=\"article:published_time\" content=\"2013-01-14T23:49:36+00:00\" \/>\n<meta property=\"og:image\" content=\"http:\/\/film-mag.net\/wp\/wp-content\/uploads\/2013\/01\/zf_SLO_filharmonija.jpg\" \/>\n<meta name=\"author\" content=\"PRESS\" \/>\n<meta name=\"twitter:card\" content=\"summary_large_image\" \/>\n<meta name=\"twitter:label1\" content=\"Written by\" \/>\n\t<meta name=\"twitter:data1\" content=\"PRESS\" \/>\n\t<meta name=\"twitter:label2\" content=\"Est. reading time\" \/>\n\t<meta name=\"twitter:data2\" content=\"3 minutes\" \/>\n<script type=\"application\/ld+json\" class=\"yoast-schema-graph\">{\"@context\":\"https:\/\/schema.org\",\"@graph\":[{\"@type\":\"WebPage\",\"@id\":\"http:\/\/film-mag.net\/wp\/?p=6254\",\"url\":\"http:\/\/film-mag.net\/wp\/?p=6254\",\"name\":\"To\u010dka-Ta\u010dka-Pika: Slovenska filharmonija u Lisinskom - FILM-mag.net\",\"isPartOf\":{\"@id\":\"http:\/\/film-mag.net\/wp\/#website\"},\"primaryImageOfPage\":{\"@id\":\"http:\/\/film-mag.net\/wp\/?p=6254#primaryimage\"},\"image\":{\"@id\":\"http:\/\/film-mag.net\/wp\/?p=6254#primaryimage\"},\"thumbnailUrl\":\"http:\/\/film-mag.net\/wp\/wp-content\/uploads\/2013\/01\/zf_SLO_filharmonija.jpg\",\"datePublished\":\"2013-01-14T23:49:36+00:00\",\"author\":{\"@id\":\"http:\/\/film-mag.net\/wp\/#\/schema\/person\/a8dd3a5b76a5bbde974e03510a205c2f\"},\"breadcrumb\":{\"@id\":\"http:\/\/film-mag.net\/wp\/?p=6254#breadcrumb\"},\"inLanguage\":\"en-US\",\"potentialAction\":[{\"@type\":\"ReadAction\",\"target\":[\"http:\/\/film-mag.net\/wp\/?p=6254\"]}]},{\"@type\":\"ImageObject\",\"inLanguage\":\"en-US\",\"@id\":\"http:\/\/film-mag.net\/wp\/?p=6254#primaryimage\",\"url\":\"http:\/\/film-mag.net\/wp\/wp-content\/uploads\/2013\/01\/zf_SLO_filharmonija.jpg\",\"contentUrl\":\"http:\/\/film-mag.net\/wp\/wp-content\/uploads\/2013\/01\/zf_SLO_filharmonija.jpg\"},{\"@type\":\"BreadcrumbList\",\"@id\":\"http:\/\/film-mag.net\/wp\/?p=6254#breadcrumb\",\"itemListElement\":[{\"@type\":\"ListItem\",\"position\":1,\"name\":\"Home\",\"item\":\"http:\/\/film-mag.net\/wp\/\"},{\"@type\":\"ListItem\",\"position\":2,\"name\":\"To\u010dka-Ta\u010dka-Pika: Slovenska filharmonija u Lisinskom\"}]},{\"@type\":\"WebSite\",\"@id\":\"http:\/\/film-mag.net\/wp\/#website\",\"url\":\"http:\/\/film-mag.net\/wp\/\",\"name\":\"FILM-mag.net\",\"description\":\"Prvi hrvatski portal o filmu i filmu bliskim podru\u010djima kulture\",\"potentialAction\":[{\"@type\":\"SearchAction\",\"target\":{\"@type\":\"EntryPoint\",\"urlTemplate\":\"http:\/\/film-mag.net\/wp\/?s={search_term_string}\"},\"query-input\":{\"@type\":\"PropertyValueSpecification\",\"valueRequired\":true,\"valueName\":\"search_term_string\"}}],\"inLanguage\":\"en-US\"},{\"@type\":\"Person\",\"@id\":\"http:\/\/film-mag.net\/wp\/#\/schema\/person\/a8dd3a5b76a5bbde974e03510a205c2f\",\"name\":\"PRESS\",\"image\":{\"@type\":\"ImageObject\",\"inLanguage\":\"en-US\",\"@id\":\"http:\/\/film-mag.net\/wp\/#\/schema\/person\/image\/\",\"url\":\"https:\/\/secure.gravatar.com\/avatar\/bf4ab1626f485b36c4f3650b1d351839?s=96&d=mm&r=g\",\"contentUrl\":\"https:\/\/secure.gravatar.com\/avatar\/bf4ab1626f485b36c4f3650b1d351839?s=96&d=mm&r=g\",\"caption\":\"PRESS\"},\"url\":\"http:\/\/film-mag.net\/wp\/?author=8\"}]}<\/script>\n<!-- \/ Yoast SEO plugin. -->","yoast_head_json":{"title":"To\u010dka-Ta\u010dka-Pika: Slovenska filharmonija u Lisinskom - FILM-mag.net","robots":{"index":"index","follow":"follow","max-snippet":"max-snippet:-1","max-image-preview":"max-image-preview:large","max-video-preview":"max-video-preview:-1"},"canonical":"http:\/\/film-mag.net\/wp\/?p=6254","og_locale":"en_US","og_type":"article","og_title":"To\u010dka-Ta\u010dka-Pika: Slovenska filharmonija u Lisinskom - FILM-mag.net","og_description":"PRVI KONCERT REGIONALNOG CIKLUSA\u00a0 \u201eTO\u010cKA-TA\u010cKA-PIKA\u201c U SEZONI 2012.\/2013. I u sezoni 2012.\/2013. Zagreba\u010dka filharmonija nastavlja sa Regionalnim ciklusom To\u010dka-Ta\u010dka-Pika. U tri glavna grada \u2013 Zagrebu, Ljubljani, Beogradu- ljubitelji glazbe imaju priliku pratiti poseban koncertni ciklus kojim je Zagreba\u010dka filharmonija zapo\u010dela suradnju s vode\u0107im filharmonijskim orkestrima u regiji. Pokretanjem ciklusa To\u010dka-Ta\u010dka-Pika, vode\u0107i orkestri tri susjedne dr\u017eave [&hellip;]","og_url":"http:\/\/film-mag.net\/wp\/?p=6254","og_site_name":"FILM-mag.net","article_published_time":"2013-01-14T23:49:36+00:00","og_image":[{"url":"http:\/\/film-mag.net\/wp\/wp-content\/uploads\/2013\/01\/zf_SLO_filharmonija.jpg","type":"","width":"","height":""}],"author":"PRESS","twitter_card":"summary_large_image","twitter_misc":{"Written by":"PRESS","Est. reading time":"3 minutes"},"schema":{"@context":"https:\/\/schema.org","@graph":[{"@type":"WebPage","@id":"http:\/\/film-mag.net\/wp\/?p=6254","url":"http:\/\/film-mag.net\/wp\/?p=6254","name":"To\u010dka-Ta\u010dka-Pika: Slovenska filharmonija u Lisinskom - FILM-mag.net","isPartOf":{"@id":"http:\/\/film-mag.net\/wp\/#website"},"primaryImageOfPage":{"@id":"http:\/\/film-mag.net\/wp\/?p=6254#primaryimage"},"image":{"@id":"http:\/\/film-mag.net\/wp\/?p=6254#primaryimage"},"thumbnailUrl":"http:\/\/film-mag.net\/wp\/wp-content\/uploads\/2013\/01\/zf_SLO_filharmonija.jpg","datePublished":"2013-01-14T23:49:36+00:00","author":{"@id":"http:\/\/film-mag.net\/wp\/#\/schema\/person\/a8dd3a5b76a5bbde974e03510a205c2f"},"breadcrumb":{"@id":"http:\/\/film-mag.net\/wp\/?p=6254#breadcrumb"},"inLanguage":"en-US","potentialAction":[{"@type":"ReadAction","target":["http:\/\/film-mag.net\/wp\/?p=6254"]}]},{"@type":"ImageObject","inLanguage":"en-US","@id":"http:\/\/film-mag.net\/wp\/?p=6254#primaryimage","url":"http:\/\/film-mag.net\/wp\/wp-content\/uploads\/2013\/01\/zf_SLO_filharmonija.jpg","contentUrl":"http:\/\/film-mag.net\/wp\/wp-content\/uploads\/2013\/01\/zf_SLO_filharmonija.jpg"},{"@type":"BreadcrumbList","@id":"http:\/\/film-mag.net\/wp\/?p=6254#breadcrumb","itemListElement":[{"@type":"ListItem","position":1,"name":"Home","item":"http:\/\/film-mag.net\/wp\/"},{"@type":"ListItem","position":2,"name":"To\u010dka-Ta\u010dka-Pika: Slovenska filharmonija u Lisinskom"}]},{"@type":"WebSite","@id":"http:\/\/film-mag.net\/wp\/#website","url":"http:\/\/film-mag.net\/wp\/","name":"FILM-mag.net","description":"Prvi hrvatski portal o filmu i filmu bliskim podru\u010djima kulture","potentialAction":[{"@type":"SearchAction","target":{"@type":"EntryPoint","urlTemplate":"http:\/\/film-mag.net\/wp\/?s={search_term_string}"},"query-input":{"@type":"PropertyValueSpecification","valueRequired":true,"valueName":"search_term_string"}}],"inLanguage":"en-US"},{"@type":"Person","@id":"http:\/\/film-mag.net\/wp\/#\/schema\/person\/a8dd3a5b76a5bbde974e03510a205c2f","name":"PRESS","image":{"@type":"ImageObject","inLanguage":"en-US","@id":"http:\/\/film-mag.net\/wp\/#\/schema\/person\/image\/","url":"https:\/\/secure.gravatar.com\/avatar\/bf4ab1626f485b36c4f3650b1d351839?s=96&d=mm&r=g","contentUrl":"https:\/\/secure.gravatar.com\/avatar\/bf4ab1626f485b36c4f3650b1d351839?s=96&d=mm&r=g","caption":"PRESS"},"url":"http:\/\/film-mag.net\/wp\/?author=8"}]}},"_links":{"self":[{"href":"http:\/\/film-mag.net\/wp\/index.php?rest_route=\/wp\/v2\/posts\/6254","targetHints":{"allow":["GET"]}}],"collection":[{"href":"http:\/\/film-mag.net\/wp\/index.php?rest_route=\/wp\/v2\/posts"}],"about":[{"href":"http:\/\/film-mag.net\/wp\/index.php?rest_route=\/wp\/v2\/types\/post"}],"author":[{"embeddable":true,"href":"http:\/\/film-mag.net\/wp\/index.php?rest_route=\/wp\/v2\/users\/8"}],"replies":[{"embeddable":true,"href":"http:\/\/film-mag.net\/wp\/index.php?rest_route=%2Fwp%2Fv2%2Fcomments&post=6254"}],"version-history":[{"count":2,"href":"http:\/\/film-mag.net\/wp\/index.php?rest_route=\/wp\/v2\/posts\/6254\/revisions"}],"predecessor-version":[{"id":6257,"href":"http:\/\/film-mag.net\/wp\/index.php?rest_route=\/wp\/v2\/posts\/6254\/revisions\/6257"}],"wp:attachment":[{"href":"http:\/\/film-mag.net\/wp\/index.php?rest_route=%2Fwp%2Fv2%2Fmedia&parent=6254"}],"wp:term":[{"taxonomy":"category","embeddable":true,"href":"http:\/\/film-mag.net\/wp\/index.php?rest_route=%2Fwp%2Fv2%2Fcategories&post=6254"},{"taxonomy":"post_tag","embeddable":true,"href":"http:\/\/film-mag.net\/wp\/index.php?rest_route=%2Fwp%2Fv2%2Ftags&post=6254"}],"curies":[{"name":"wp","href":"https:\/\/api.w.org\/{rel}","templated":true}]}}