{"id":6249,"date":"2013-01-15T00:40:05","date_gmt":"2013-01-14T23:40:05","guid":{"rendered":"http:\/\/film-mag.net\/wp\/?p=6249"},"modified":"2013-01-15T00:52:25","modified_gmt":"2013-01-14T23:52:25","slug":"premijera-belgijske-drame-povratak-u-mladost-u-kinu-metropolis","status":"publish","type":"post","link":"http:\/\/film-mag.net\/wp\/?p=6249","title":{"rendered":"Premijera belgijske drame &#8216;Povratak u mladost&#8217; u kinu Metropolis"},"content":{"rendered":"<p style=\"text-align: justify;\">Od utorka, 15. sije\u010dnja u 20.00 sati u kinu Metropolis Muzeja suvremene umjetnosti u Zagrebu premijerno se prikazuje belgijska drama<strong> Povratak u mladost\u00a0<\/strong>redatelja Sama Garbarskog. U glavnim su ulogama\u00a0Pascal Greggory, Jonathan Zacca\u00ef, Alexandra Maria Lara i L\u00e9o Legrand. Glavni lik filma\u00a0Thomas Verniaz obiteljski je \u010dovjek pogo\u0111en krizom srednjih godina. Dok se pita \u0161to dalje u \u017eivotu, sudbina ga je prebacila u pro\u0161lost \u2013 tijekom posjeta maj\u010dinu grobu nakon nadrealnog obrata sudbine Thomas je ponovo dje\u010dak i poku\u0161ava saznati \u0161to se uistinu dogodilo onoga dana kada je iz ku\u0107e oti\u0161ao njegov otac.Film je svoje prvo festivalsko prikazivanje u Hrvatskoj imao na pro\u0161logodi\u0161njem Festivalu igranog filma u Puli.<\/p>\n<div class=\"mceTemp\" style=\"text-align: justify;\">\n<dl id=\"attachment_6250\" class=\"wp-caption alignnone\" style=\"width: 679px;\">\n<dt class=\"wp-caption-dt\"><a href=\"http:\/\/film-mag.net\/wp\/wp-content\/uploads\/2013\/01\/kino_povratak_u_mladost.jpg\"><img loading=\"lazy\" decoding=\"async\" class=\"size-full wp-image-6250\" title=\"Prizor iz filma 'Povratak u mladost'\" src=\"http:\/\/film-mag.net\/wp\/wp-content\/uploads\/2013\/01\/kino_povratak_u_mladost.jpg\" alt=\"Prizor iz filma 'Povratak u mladost'\" width=\"669\" height=\"362\" srcset=\"http:\/\/film-mag.net\/wp\/wp-content\/uploads\/2013\/01\/kino_povratak_u_mladost.jpg 669w, http:\/\/film-mag.net\/wp\/wp-content\/uploads\/2013\/01\/kino_povratak_u_mladost-300x162.jpg 300w\" sizes=\"auto, (max-width: 669px) 100vw, 669px\" \/><\/a><\/dt>\n<dd class=\"wp-caption-dd\">Prizor iz filma &#8216;Povratak u mladost&#8217;<\/dd>\n<\/dl>\n<\/div>\n<p style=\"text-align: justify;\">Osim ovog filma, zagreba\u010dka publika samo u Kinu Metropolis mo\u017ee vidjeti francuski triler\u00a0<strong>Drugi svijet<\/strong>\u00a0i\u00a0njema\u010dki animirani film\u00a0<strong>Mali veliki panda<\/strong>\u00a0(sinkroniziran na hrvatski), a od idu\u0107eg tjedna i\u00a0talijanski film\u00a0<strong>Kopno<\/strong>.<\/p>\n<p style=\"text-align: justify;\"><strong><a href=\"http:\/\/www.quartierlointain-lefilm.com\/\">Quartier lointain &#8211; Movie Site<\/a><\/strong><br \/>\n<strong><a href=\"http:\/\/www.imdb.com\/title\/tt1266037\/\">Povratak u mladost &#8211; IMDb<\/a><\/strong><\/p>\n<p style=\"text-align: justify;\">[izvor informacije\u00a0<strong><a href=\"http:\/\/www.facebook.com\/ArtkinoMetropolis\">Kino Metropolis<\/a><\/strong>]<\/p>\n<div id=\"fb_share_1\" style=\"float: right; margin-left: 10px;\"><a name=\"fb_share\" type=\"box_count\" share_url=\"http:\/\/film-mag.net\/wp\/?p=6249\" href=\"http:\/\/www.facebook.com\/sharer.php\">Share<\/a><\/div><div><script src=\"http:\/\/static.ak.fbcdn.net\/connect.php\/js\/FB.Share\" type=\"text\/javascript\"><\/script><\/div><div style=\"clear:both\"><\/div>","protected":false},"excerpt":{"rendered":"<p>Od utorka, 15. sije\u010dnja u 20.00 sati u kinu Metropolis Muzeja suvremene umjetnosti u Zagrebu premijerno se prikazuje belgijska drama Povratak u mladost\u00a0redatelja Sama Garbarskog. U glavnim su ulogama\u00a0Pascal Greggory, Jonathan Zacca\u00ef, Alexandra Maria Lara i L\u00e9o Legrand. Glavni lik filma\u00a0Thomas Verniaz obiteljski je \u010dovjek pogo\u0111en krizom srednjih godina. Dok se pita \u0161to dalje u [&hellip;]<\/p>\n","protected":false},"author":8,"featured_media":6250,"comment_status":"closed","ping_status":"closed","sticky":false,"template":"","format":"standard","meta":{"_et_pb_use_builder":"","_et_pb_old_content":"","_et_gb_content_width":"","_editorskit_title_hidden":false,"_editorskit_reading_time":0,"_editorskit_is_block_options_detached":false,"_editorskit_block_options_position":"{}","footnotes":""},"categories":[9,21,25,170,1],"tags":[1242,442,139,150],"class_list":["post-6249","post","type-post","status-publish","format-standard","has-post-thumbnail","hentry","category-film","category-filmske-novosti","category-filmske-premijere","category-kalendar","category-uncategorized","tag-belgijski-film","tag-filmska-drama","tag-filmske-premijere-2","tag-kino-metropolis"],"yoast_head":"<!-- This site is optimized with the Yoast SEO plugin v24.6 - https:\/\/yoast.com\/wordpress\/plugins\/seo\/ -->\n<title>Premijera belgijske drame &#039;Povratak u mladost&#039; u kinu Metropolis - FILM-mag.net<\/title>\n<meta name=\"robots\" content=\"index, follow, max-snippet:-1, max-image-preview:large, max-video-preview:-1\" \/>\n<link rel=\"canonical\" href=\"http:\/\/film-mag.net\/wp\/?p=6249\" \/>\n<meta property=\"og:locale\" content=\"en_US\" \/>\n<meta property=\"og:type\" content=\"article\" \/>\n<meta property=\"og:title\" content=\"Premijera belgijske drame &#039;Povratak u mladost&#039; u kinu Metropolis - FILM-mag.net\" \/>\n<meta property=\"og:description\" content=\"Od utorka, 15. sije\u010dnja u 20.00 sati u kinu Metropolis Muzeja suvremene umjetnosti u Zagrebu premijerno se prikazuje belgijska drama Povratak u mladost\u00a0redatelja Sama Garbarskog. U glavnim su ulogama\u00a0Pascal Greggory, Jonathan Zacca\u00ef, Alexandra Maria Lara i L\u00e9o Legrand. Glavni lik filma\u00a0Thomas Verniaz obiteljski je \u010dovjek pogo\u0111en krizom srednjih godina. Dok se pita \u0161to dalje u [&hellip;]\" \/>\n<meta property=\"og:url\" content=\"http:\/\/film-mag.net\/wp\/?p=6249\" \/>\n<meta property=\"og:site_name\" content=\"FILM-mag.net\" \/>\n<meta property=\"article:published_time\" content=\"2013-01-14T23:40:05+00:00\" \/>\n<meta property=\"article:modified_time\" content=\"2013-01-14T23:52:25+00:00\" \/>\n<meta property=\"og:image\" content=\"http:\/\/film-mag.net\/wp\/wp-content\/uploads\/2013\/01\/kino_povratak_u_mladost.jpg\" \/>\n\t<meta property=\"og:image:width\" content=\"669\" \/>\n\t<meta property=\"og:image:height\" content=\"362\" \/>\n\t<meta property=\"og:image:type\" content=\"image\/jpeg\" \/>\n<meta name=\"author\" content=\"PRESS\" \/>\n<meta name=\"twitter:card\" content=\"summary_large_image\" \/>\n<meta name=\"twitter:label1\" content=\"Written by\" \/>\n\t<meta name=\"twitter:data1\" content=\"PRESS\" \/>\n\t<meta name=\"twitter:label2\" content=\"Est. reading time\" \/>\n\t<meta name=\"twitter:data2\" content=\"1 minute\" \/>\n<script type=\"application\/ld+json\" class=\"yoast-schema-graph\">{\"@context\":\"https:\/\/schema.org\",\"@graph\":[{\"@type\":\"WebPage\",\"@id\":\"http:\/\/film-mag.net\/wp\/?p=6249\",\"url\":\"http:\/\/film-mag.net\/wp\/?p=6249\",\"name\":\"Premijera belgijske drame 'Povratak u mladost' u kinu Metropolis - FILM-mag.net\",\"isPartOf\":{\"@id\":\"http:\/\/film-mag.net\/wp\/#website\"},\"primaryImageOfPage\":{\"@id\":\"http:\/\/film-mag.net\/wp\/?p=6249#primaryimage\"},\"image\":{\"@id\":\"http:\/\/film-mag.net\/wp\/?p=6249#primaryimage\"},\"thumbnailUrl\":\"http:\/\/film-mag.net\/wp\/wp-content\/uploads\/2013\/01\/kino_povratak_u_mladost.jpg\",\"datePublished\":\"2013-01-14T23:40:05+00:00\",\"dateModified\":\"2013-01-14T23:52:25+00:00\",\"author\":{\"@id\":\"http:\/\/film-mag.net\/wp\/#\/schema\/person\/a8dd3a5b76a5bbde974e03510a205c2f\"},\"breadcrumb\":{\"@id\":\"http:\/\/film-mag.net\/wp\/?p=6249#breadcrumb\"},\"inLanguage\":\"en-US\",\"potentialAction\":[{\"@type\":\"ReadAction\",\"target\":[\"http:\/\/film-mag.net\/wp\/?p=6249\"]}]},{\"@type\":\"ImageObject\",\"inLanguage\":\"en-US\",\"@id\":\"http:\/\/film-mag.net\/wp\/?p=6249#primaryimage\",\"url\":\"http:\/\/film-mag.net\/wp\/wp-content\/uploads\/2013\/01\/kino_povratak_u_mladost.jpg\",\"contentUrl\":\"http:\/\/film-mag.net\/wp\/wp-content\/uploads\/2013\/01\/kino_povratak_u_mladost.jpg\",\"width\":\"669\",\"height\":\"362\",\"caption\":\"Prizor iz filma 'Povratak u mladost'\"},{\"@type\":\"BreadcrumbList\",\"@id\":\"http:\/\/film-mag.net\/wp\/?p=6249#breadcrumb\",\"itemListElement\":[{\"@type\":\"ListItem\",\"position\":1,\"name\":\"Home\",\"item\":\"http:\/\/film-mag.net\/wp\/\"},{\"@type\":\"ListItem\",\"position\":2,\"name\":\"Premijera belgijske drame &#8216;Povratak u mladost&#8217; u kinu Metropolis\"}]},{\"@type\":\"WebSite\",\"@id\":\"http:\/\/film-mag.net\/wp\/#website\",\"url\":\"http:\/\/film-mag.net\/wp\/\",\"name\":\"FILM-mag.net\",\"description\":\"Prvi hrvatski portal o filmu i filmu bliskim podru\u010djima kulture\",\"potentialAction\":[{\"@type\":\"SearchAction\",\"target\":{\"@type\":\"EntryPoint\",\"urlTemplate\":\"http:\/\/film-mag.net\/wp\/?s={search_term_string}\"},\"query-input\":{\"@type\":\"PropertyValueSpecification\",\"valueRequired\":true,\"valueName\":\"search_term_string\"}}],\"inLanguage\":\"en-US\"},{\"@type\":\"Person\",\"@id\":\"http:\/\/film-mag.net\/wp\/#\/schema\/person\/a8dd3a5b76a5bbde974e03510a205c2f\",\"name\":\"PRESS\",\"image\":{\"@type\":\"ImageObject\",\"inLanguage\":\"en-US\",\"@id\":\"http:\/\/film-mag.net\/wp\/#\/schema\/person\/image\/\",\"url\":\"https:\/\/secure.gravatar.com\/avatar\/bf4ab1626f485b36c4f3650b1d351839?s=96&d=mm&r=g\",\"contentUrl\":\"https:\/\/secure.gravatar.com\/avatar\/bf4ab1626f485b36c4f3650b1d351839?s=96&d=mm&r=g\",\"caption\":\"PRESS\"},\"url\":\"http:\/\/film-mag.net\/wp\/?author=8\"}]}<\/script>\n<!-- \/ Yoast SEO plugin. -->","yoast_head_json":{"title":"Premijera belgijske drame 'Povratak u mladost' u kinu Metropolis - FILM-mag.net","robots":{"index":"index","follow":"follow","max-snippet":"max-snippet:-1","max-image-preview":"max-image-preview:large","max-video-preview":"max-video-preview:-1"},"canonical":"http:\/\/film-mag.net\/wp\/?p=6249","og_locale":"en_US","og_type":"article","og_title":"Premijera belgijske drame 'Povratak u mladost' u kinu Metropolis - FILM-mag.net","og_description":"Od utorka, 15. sije\u010dnja u 20.00 sati u kinu Metropolis Muzeja suvremene umjetnosti u Zagrebu premijerno se prikazuje belgijska drama Povratak u mladost\u00a0redatelja Sama Garbarskog. U glavnim su ulogama\u00a0Pascal Greggory, Jonathan Zacca\u00ef, Alexandra Maria Lara i L\u00e9o Legrand. Glavni lik filma\u00a0Thomas Verniaz obiteljski je \u010dovjek pogo\u0111en krizom srednjih godina. Dok se pita \u0161to dalje u [&hellip;]","og_url":"http:\/\/film-mag.net\/wp\/?p=6249","og_site_name":"FILM-mag.net","article_published_time":"2013-01-14T23:40:05+00:00","article_modified_time":"2013-01-14T23:52:25+00:00","og_image":[{"width":669,"height":362,"url":"http:\/\/film-mag.net\/wp\/wp-content\/uploads\/2013\/01\/kino_povratak_u_mladost.jpg","type":"image\/jpeg"}],"author":"PRESS","twitter_card":"summary_large_image","twitter_misc":{"Written by":"PRESS","Est. reading time":"1 minute"},"schema":{"@context":"https:\/\/schema.org","@graph":[{"@type":"WebPage","@id":"http:\/\/film-mag.net\/wp\/?p=6249","url":"http:\/\/film-mag.net\/wp\/?p=6249","name":"Premijera belgijske drame 'Povratak u mladost' u kinu Metropolis - FILM-mag.net","isPartOf":{"@id":"http:\/\/film-mag.net\/wp\/#website"},"primaryImageOfPage":{"@id":"http:\/\/film-mag.net\/wp\/?p=6249#primaryimage"},"image":{"@id":"http:\/\/film-mag.net\/wp\/?p=6249#primaryimage"},"thumbnailUrl":"http:\/\/film-mag.net\/wp\/wp-content\/uploads\/2013\/01\/kino_povratak_u_mladost.jpg","datePublished":"2013-01-14T23:40:05+00:00","dateModified":"2013-01-14T23:52:25+00:00","author":{"@id":"http:\/\/film-mag.net\/wp\/#\/schema\/person\/a8dd3a5b76a5bbde974e03510a205c2f"},"breadcrumb":{"@id":"http:\/\/film-mag.net\/wp\/?p=6249#breadcrumb"},"inLanguage":"en-US","potentialAction":[{"@type":"ReadAction","target":["http:\/\/film-mag.net\/wp\/?p=6249"]}]},{"@type":"ImageObject","inLanguage":"en-US","@id":"http:\/\/film-mag.net\/wp\/?p=6249#primaryimage","url":"http:\/\/film-mag.net\/wp\/wp-content\/uploads\/2013\/01\/kino_povratak_u_mladost.jpg","contentUrl":"http:\/\/film-mag.net\/wp\/wp-content\/uploads\/2013\/01\/kino_povratak_u_mladost.jpg","width":"669","height":"362","caption":"Prizor iz filma 'Povratak u mladost'"},{"@type":"BreadcrumbList","@id":"http:\/\/film-mag.net\/wp\/?p=6249#breadcrumb","itemListElement":[{"@type":"ListItem","position":1,"name":"Home","item":"http:\/\/film-mag.net\/wp\/"},{"@type":"ListItem","position":2,"name":"Premijera belgijske drame &#8216;Povratak u mladost&#8217; u kinu Metropolis"}]},{"@type":"WebSite","@id":"http:\/\/film-mag.net\/wp\/#website","url":"http:\/\/film-mag.net\/wp\/","name":"FILM-mag.net","description":"Prvi hrvatski portal o filmu i filmu bliskim podru\u010djima kulture","potentialAction":[{"@type":"SearchAction","target":{"@type":"EntryPoint","urlTemplate":"http:\/\/film-mag.net\/wp\/?s={search_term_string}"},"query-input":{"@type":"PropertyValueSpecification","valueRequired":true,"valueName":"search_term_string"}}],"inLanguage":"en-US"},{"@type":"Person","@id":"http:\/\/film-mag.net\/wp\/#\/schema\/person\/a8dd3a5b76a5bbde974e03510a205c2f","name":"PRESS","image":{"@type":"ImageObject","inLanguage":"en-US","@id":"http:\/\/film-mag.net\/wp\/#\/schema\/person\/image\/","url":"https:\/\/secure.gravatar.com\/avatar\/bf4ab1626f485b36c4f3650b1d351839?s=96&d=mm&r=g","contentUrl":"https:\/\/secure.gravatar.com\/avatar\/bf4ab1626f485b36c4f3650b1d351839?s=96&d=mm&r=g","caption":"PRESS"},"url":"http:\/\/film-mag.net\/wp\/?author=8"}]}},"_links":{"self":[{"href":"http:\/\/film-mag.net\/wp\/index.php?rest_route=\/wp\/v2\/posts\/6249","targetHints":{"allow":["GET"]}}],"collection":[{"href":"http:\/\/film-mag.net\/wp\/index.php?rest_route=\/wp\/v2\/posts"}],"about":[{"href":"http:\/\/film-mag.net\/wp\/index.php?rest_route=\/wp\/v2\/types\/post"}],"author":[{"embeddable":true,"href":"http:\/\/film-mag.net\/wp\/index.php?rest_route=\/wp\/v2\/users\/8"}],"replies":[{"embeddable":true,"href":"http:\/\/film-mag.net\/wp\/index.php?rest_route=%2Fwp%2Fv2%2Fcomments&post=6249"}],"version-history":[{"count":5,"href":"http:\/\/film-mag.net\/wp\/index.php?rest_route=\/wp\/v2\/posts\/6249\/revisions"}],"predecessor-version":[{"id":6260,"href":"http:\/\/film-mag.net\/wp\/index.php?rest_route=\/wp\/v2\/posts\/6249\/revisions\/6260"}],"wp:featuredmedia":[{"embeddable":true,"href":"http:\/\/film-mag.net\/wp\/index.php?rest_route=\/wp\/v2\/media\/6250"}],"wp:attachment":[{"href":"http:\/\/film-mag.net\/wp\/index.php?rest_route=%2Fwp%2Fv2%2Fmedia&parent=6249"}],"wp:term":[{"taxonomy":"category","embeddable":true,"href":"http:\/\/film-mag.net\/wp\/index.php?rest_route=%2Fwp%2Fv2%2Fcategories&post=6249"},{"taxonomy":"post_tag","embeddable":true,"href":"http:\/\/film-mag.net\/wp\/index.php?rest_route=%2Fwp%2Fv2%2Ftags&post=6249"}],"curies":[{"name":"wp","href":"https:\/\/api.w.org\/{rel}","templated":true}]}}