{"id":61519,"date":"2026-04-29T11:38:45","date_gmt":"2026-04-29T09:38:45","guid":{"rendered":"https:\/\/film-mag.net\/wp\/?p=61519"},"modified":"2026-04-29T11:38:45","modified_gmt":"2026-04-29T09:38:45","slug":"premijera-predstaveovo-bi-mogao-biti-moj-razred-u-hnk-u-ivan-pl-zajc","status":"publish","type":"post","link":"http:\/\/film-mag.net\/wp\/?p=61519","title":{"rendered":"Premijera predstave&#8217;Ovo bi mogao biti moj razred&#8217; u HNK-u Ivan pl. Zajc"},"content":{"rendered":"<p style=\"text-align: justify;\"><strong>Uskoro u rije\u010dkom \u201eZajcu\u201c: \u201eOvo bi mogao biti moj razred\u201c projekt Anice Tomi\u0107 i Jelene Kova\u010di\u0107 o vr\u0161nja\u010dkom nasilju<\/strong><\/p>\n<p style=\"text-align: justify;\">Pitanje vr\u0161nja\u010dkog nasilja \u010dini nam se presudnim, jer gotovo svakodnevno svjedo\u010dimo ili u medijima ili u stvarnosti koju \u017eivimo\u00a0tom problemu. \u017delja nam je jo\u0161 vi\u0161e senzibilizirati javnost kako bismo pomogli onima koji su danas najugro\u017eeniji<\/p>\n<p style=\"text-align: justify;\"><img decoding=\"async\" style=\"border: none; width: 100%;\" src=\" https:\/\/hnk-zajc.hr\/wp-content\/uploads\/2026\/04\/Sara-Bunic-i-Nika-Grbelja.jpg \" \/><\/p>\n<p style=\"text-align: justify;\">Fotografiju ustupio <strong><a href=\" https:\/\/hnk-zajc.hr\/ovo-bi-mogao-biti-moj-razred-premijerno-8-svibnja-u-zajcu\/ \" target=\"_blank\" rel=\"noopener noreferrer\"> HNK Ivan pl. Zajc<\/a><\/strong> &#8211; Foto Dra\u017een \u0160ok\u010devi\u0107<\/p>\n<p style=\"text-align: justify;\">Redateljica Anica Tomi\u0107 i dramaturginja Jelena Kova\u010di\u0107, u suradnji s mladim dramaturgom i piscem Janom Samekom, u rije\u010dkom HNK-u Ivana pl. Zajca nastavljaju svoje dugogodi\u0161nje kazali\u0161no istra\u017eivanje teme nasilja i njegovih razli\u010ditih pojavnih oblika. Nakon predstava koje istra\u017euju rodno uvjetovano nasilje, obiteljske pukotine i transgeneracijske obrasce prijenosa agresije, predstavom \u201eOvo bi mogao biti moj razred\u201c tematsku podlogu pro\u0161iruju na dana\u0161nje dru\u0161tvene okolnosti u kojima se nasilje me\u0111u mladima, vr\u0161nja\u010dko nasilje, pojavljuje u sve slo\u017eenijim oblicima. Predstava \u0107e biti premijerno izvedena 8. svibnja 2026., a nastaje u suradnji s Akademijom primijenjenih umjetnosti Sveu\u010dili\u0161ta u Rijeci.<\/p>\n<p style=\"text-align: justify;\">\u201eDana\u0161nje kazali\u0161te ima odgovornost prema dru\u0161tvu u postavljanju onih pitanja koja se definiraju kao iznimno va\u017ena u odre\u0111enom povijesnom trenutku. Pitanje vr\u0161nja\u010dkog nasilja \u010dini nam se presudnim, jer gotovo svakodnevno svjedo\u010dimo ili u medijima ili u stvarnosti koju \u017eivimo\u00a0 problemu za \u010dije \u0107e rje\u0161avanje trebati dugo vremena i sna\u017ene dru\u0161tvenopoliti\u010dke svijesti o njegovoj pogubnosti\u201c, isti\u010de rije\u010dka intendantica Dubravka Vrgo\u010d, te dodaje: \u201eStoga smo osmislili predstavu koja ulazi u u\u010dionice, zbornice, hodnike, klubove, dnevne i spava\u0107e sobe i govori jezikom kojeg svi razumijemo u nastojanju da u\u010dinimo vidljivijom ovu temu koja danas vi\u0161e nikoga ne ostavlja ravnodu\u0161nim. \u017delja nam je da jo\u0161 vi\u0161e senzibiliziramo javnost kako bismo pomogli onima koji su danas najugro\u017eeniji.\u201c<\/p>\n<p style=\"text-align: justify;\">Iako nacionalna istra\u017eivanja pokazuju da oko tre\u0107ine djece redovito do\u017eivljava fizi\u010dko ili verbalno nasilje, dok\u00a0cyberbullying\u00a0poga\u0111a\u00a0jedno od \u0161estero mladih, ve\u0107ina djece ta iskustva ne prijavljuju. Projekt stoga ne pristupa vr\u0161nja\u010dkom nasilju kao izdvojenoj pojavi, ve\u0107 kao dijelu\u00a0\u0161irega dru\u0161tvenog mehanizma, u kojem se obrasci nasilja, \u0161utnje i neka\u017enjivosti prenose transgeneracijski &#8211; iz obiteljskog okru\u017eenja u \u0161kolu, iz \u0161kole u dru\u0161tvo, iz offline svijeta u digitalne prostore.<\/p>\n<p style=\"text-align: justify;\">\u201eOva predstava ne polazi od nasilja me\u0111u mladima kao izdvojenog doga\u0111aja, nego od procesa u kojem se ono postupno gradi \u2013 kroz odnose koji naizgled djeluju bezazleno, ali i kroz potrebu za pripadanjem i strahom od isklju\u010denosti. Nasilje nastaje u nizovima poruka, videa, hashtagova i komentara koji ostaju trajno prisutni u virtualnom prostoru. Mladi u te obrasce ulaze gotovo neprimjetno i postupno postaju njihov dio, vo\u0111eni pritiskom vr\u0161njaka i potrebom da pripadaju. Granice se pritom pomi\u010du sve dok se ne radikaliziraju, a trenutak prijelaza \u010desto ostaje neprepoznat \u201c, ka\u017ee redateljica Anica Tomi\u0107 koja u uklju\u010divanju mladog pisca Jana Sameka vidi, kako ka\u017ee, ne samo omogu\u0107avanje me\u0111ugeneracijskog dijaloga, ve\u0107 i autenti\u010dno razumijevanje emocionalne i socijalne topografije dana\u0161nje generacije mladih.<\/p>\n<p style=\"text-align: justify;\">U sredi\u0161tu pri\u010de je skupina srednjo\u0161kolaca \u010diji se svakodnevni \u017eivot odvija izme\u0111u \u0161kole, dru\u0161tvenih mre\u017ea i no\u0107nih izlazaka. Naizgled bezbri\u017eno, njihovo dru\u017eenje obilje\u017eeno je hijerarhijama, pritiscima i potrebom za pripadanjem. Sve zapo\u010dinje jednim obi\u010dnim izlaskom. U klubu, pod svjetlima i uz glazbu, Mia i Tin se zbli\u017eavaju. Ono \u0161to za Miju po\u010dinje kao bezazlena igra i poku\u0161aj uklapanja, vrlo brzo postaje izvor srama \u2013 njihovu intimu netko snima i dijeli. Video se \u0161iri me\u0111u u\u010denicima, komentari postaju okrutni, a granica izme\u0111u zabave i nasilja nestaje\u2026<\/p>\n<p style=\"text-align: justify;\">U predstavi glume Nika Grbelja, Petar Baljak, Ana Marija Br\u0111anovi\u0107, Ana Vilenica, Dra\u017een Mikuli\u0107, Anastazija Bala\u017e, Aleksandra Stojakovi\u0107 Olenjuk, Damir Orli\u0107, Jelena Lopati\u0107 te studenti glume pri rije\u010dkoj Akademiji primijenjenih umjetnosti Tino Trkulja, Matej Zvono, Sara Buni\u0107 i Karla \u0160o\u0161tari\u0107.<\/p>\n<p style=\"text-align: justify;\">Autor glazbe je Nenad Kova\u010di\u0107, scenografiju potpisuje Matija Bla\u0161kovi\u0107, a kostimografiju Manuela Paladin \u0160abanovi\u0107. Suradnica za pokret je Lada Petrovski Ternov\u0161ek, autor videa Sven Mrkonji\u0107, a oblikovatelj svjetla Dalibor Fugo\u0161i\u0107.<\/p>\n<p style=\"text-align: justify;\">Nakon premijere 8. svibnja 2026., izvedbe predstave su na programu 9., 11., 12., 13., 19. i 27. svibnja 2026.<\/p>\n<p style=\"text-align: justify;\">Podr\u0161ka Europe Direct Rijeke i Primorsko-goranske \u017eupanije<\/p>\n<p style=\"text-align: justify;\">Premijera predstave \u201eOvo bi mogao biti moj razred\u201c podr\u017eana je od strane Europe Direct Rijeka i Europe Direct Primorsko-goranske \u017eupanije. Kako Europska unija promi\u010de mir, svoje vrijednosti i dobrobit svojih gra\u0111ana, nudi slobodu, sigurnost i pravdu, bori se protiv socijalne isklju\u010denosti i diskriminacije, te promi\u010de socijalnu pravdu i za\u0161titu, ravnopravnost \u017eena i mu\u0161karaca te za\u0161titu prava djeteta, vr\u0161nja\u010dko nasilje je prepoznato kao ozbiljan problem koji zahtijeva nultu toleranciju. Upravo iz tog razloga Europe Direct Rijeka i Europe Direct Primorsko-goranske \u017eupanije vezali su obilje\u017eavanje Dana Europe (9. svibnja) uz premijeru predstave \u201eOvo bi mogao biti moj razred\u201c koja poti\u010de upravo raspravu o goru\u0107oj temi vr\u0161nja\u010dkog nasilja. Europska unija kroz svoje strategije, mjere i programe nastoji osigurati sigurno okru\u017eenje u \u0161kolama, s posebnim naglaskom na prevenciju cyberbullyinga. Kulturnim stvarala\u0161tvom o temi vr\u0161nja\u010dkog nasilja, kao i razgovorom s mladima kroz tribinu koja \u0107e biti organizirana prije premijerne izvedbe (u 18 sati) pokazujemo da je za\u0161tita djece i mladih moralni i pravi imperativ Europske unije, ali i dugoro\u010dno ulaganje u na\u0161e bolje dru\u0161tvo.<\/p>\n<p style=\"text-align: justify;\">[izvor informacije <strong><a href=\"https:\/\/hnk-zajc.hr\/\" target=\"_blank\" rel=\"noopener noreferrer\"> HNK Ivan pl. Zajc<\/a><\/strong>]<\/p>\n<p style=\"text-align: justify;\"><iframe loading=\"lazy\" style=\"border: none; overflow: hidden;\" src=\"https:\/\/www.facebook.com\/plugins\/post.php?href=https%3A%2F%2Fwww.facebook.com%2FFILMmagnet%2Fposts%2Fpfbid0CSSoAawZdqDCVcewrF2oCz9KeLF7SHzEEY7vhhfic2a5QLv64sZ9a2TvyN8yJYpGl&amp;show_text=true&amp;width=500\" width=\"500\" height=\"665\" frameborder=\"0\" scrolling=\"no\" allowfullscreen=\"allowfullscreen\"><\/iframe><\/p>\n<div id=\"fb_share_1\" style=\"float: right; margin-left: 10px;\"><a name=\"fb_share\" type=\"box_count\" share_url=\"http:\/\/film-mag.net\/wp\/?p=61519\" href=\"http:\/\/www.facebook.com\/sharer.php\">Share<\/a><\/div><div><script src=\"http:\/\/static.ak.fbcdn.net\/connect.php\/js\/FB.Share\" type=\"text\/javascript\"><\/script><\/div><div style=\"clear:both\"><\/div>","protected":false},"excerpt":{"rendered":"<p>Uskoro u rije\u010dkom \u201eZajcu\u201c: \u201eOvo bi mogao biti moj razred\u201c projekt Anice Tomi\u0107 i Jelene Kova\u010di\u0107 o vr\u0161nja\u010dkom nasilju Pitanje vr\u0161nja\u010dkog nasilja \u010dini nam se presudnim, jer gotovo svakodnevno svjedo\u010dimo ili u medijima ili u stvarnosti koju \u017eivimo\u00a0tom problemu. \u017delja nam je jo\u0161 vi\u0161e senzibilizirati javnost kako bismo pomogli onima koji su danas najugro\u017eeniji Fotografiju [&hellip;]<\/p>\n","protected":false},"author":8,"featured_media":0,"comment_status":"closed","ping_status":"closed","sticky":false,"template":"","format":"standard","meta":{"_et_pb_use_builder":"","_et_pb_old_content":"","_et_gb_content_width":"","_editorskit_title_hidden":false,"_editorskit_reading_time":0,"_editorskit_is_block_options_detached":false,"_editorskit_block_options_position":"{}","footnotes":""},"categories":[33,10,17050],"tags":[],"class_list":["post-61519","post","type-post","status-publish","format-standard","hentry","category-kazalisne-premijere","category-kazaliste","category-press"],"yoast_head":"<!-- This site is optimized with the Yoast SEO plugin v24.6 - https:\/\/yoast.com\/wordpress\/plugins\/seo\/ -->\n<title>Premijera predstave&#039;Ovo bi mogao biti moj razred&#039; u HNK-u Ivan pl. Zajc - FILM-mag.net<\/title>\n<meta name=\"robots\" content=\"index, follow, max-snippet:-1, max-image-preview:large, max-video-preview:-1\" \/>\n<link rel=\"canonical\" href=\"https:\/\/film-mag.net\/wp\/?p=61519\" \/>\n<meta property=\"og:locale\" content=\"en_US\" \/>\n<meta property=\"og:type\" content=\"article\" \/>\n<meta property=\"og:title\" content=\"Premijera predstave&#039;Ovo bi mogao biti moj razred&#039; u HNK-u Ivan pl. Zajc - FILM-mag.net\" \/>\n<meta property=\"og:description\" content=\"Uskoro u rije\u010dkom \u201eZajcu\u201c: \u201eOvo bi mogao biti moj razred\u201c projekt Anice Tomi\u0107 i Jelene Kova\u010di\u0107 o vr\u0161nja\u010dkom nasilju Pitanje vr\u0161nja\u010dkog nasilja \u010dini nam se presudnim, jer gotovo svakodnevno svjedo\u010dimo ili u medijima ili u stvarnosti koju \u017eivimo\u00a0tom problemu. \u017delja nam je jo\u0161 vi\u0161e senzibilizirati javnost kako bismo pomogli onima koji su danas najugro\u017eeniji Fotografiju [&hellip;]\" \/>\n<meta property=\"og:url\" content=\"https:\/\/film-mag.net\/wp\/?p=61519\" \/>\n<meta property=\"og:site_name\" content=\"FILM-mag.net\" \/>\n<meta property=\"article:published_time\" content=\"2026-04-29T09:38:45+00:00\" \/>\n<meta name=\"author\" content=\"PRESS\" \/>\n<meta name=\"twitter:card\" content=\"summary_large_image\" \/>\n<meta name=\"twitter:label1\" content=\"Written by\" \/>\n\t<meta name=\"twitter:data1\" content=\"PRESS\" \/>\n\t<meta name=\"twitter:label2\" content=\"Est. reading time\" \/>\n\t<meta name=\"twitter:data2\" content=\"4 minutes\" \/>\n<script type=\"application\/ld+json\" class=\"yoast-schema-graph\">{\"@context\":\"https:\/\/schema.org\",\"@graph\":[{\"@type\":\"WebPage\",\"@id\":\"https:\/\/film-mag.net\/wp\/?p=61519\",\"url\":\"https:\/\/film-mag.net\/wp\/?p=61519\",\"name\":\"Premijera predstave'Ovo bi mogao biti moj razred' u HNK-u Ivan pl. Zajc - FILM-mag.net\",\"isPartOf\":{\"@id\":\"http:\/\/film-mag.net\/wp\/#website\"},\"datePublished\":\"2026-04-29T09:38:45+00:00\",\"author\":{\"@id\":\"http:\/\/film-mag.net\/wp\/#\/schema\/person\/a8dd3a5b76a5bbde974e03510a205c2f\"},\"breadcrumb\":{\"@id\":\"https:\/\/film-mag.net\/wp\/?p=61519#breadcrumb\"},\"inLanguage\":\"en-US\",\"potentialAction\":[{\"@type\":\"ReadAction\",\"target\":[\"https:\/\/film-mag.net\/wp\/?p=61519\"]}]},{\"@type\":\"BreadcrumbList\",\"@id\":\"https:\/\/film-mag.net\/wp\/?p=61519#breadcrumb\",\"itemListElement\":[{\"@type\":\"ListItem\",\"position\":1,\"name\":\"Home\",\"item\":\"http:\/\/film-mag.net\/wp\/\"},{\"@type\":\"ListItem\",\"position\":2,\"name\":\"Premijera predstave&#8217;Ovo bi mogao biti moj razred&#8217; u HNK-u Ivan pl. Zajc\"}]},{\"@type\":\"WebSite\",\"@id\":\"http:\/\/film-mag.net\/wp\/#website\",\"url\":\"http:\/\/film-mag.net\/wp\/\",\"name\":\"FILM-mag.net\",\"description\":\"Prvi hrvatski portal o filmu i filmu bliskim podru\u010djima kulture\",\"potentialAction\":[{\"@type\":\"SearchAction\",\"target\":{\"@type\":\"EntryPoint\",\"urlTemplate\":\"http:\/\/film-mag.net\/wp\/?s={search_term_string}\"},\"query-input\":{\"@type\":\"PropertyValueSpecification\",\"valueRequired\":true,\"valueName\":\"search_term_string\"}}],\"inLanguage\":\"en-US\"},{\"@type\":\"Person\",\"@id\":\"http:\/\/film-mag.net\/wp\/#\/schema\/person\/a8dd3a5b76a5bbde974e03510a205c2f\",\"name\":\"PRESS\",\"image\":{\"@type\":\"ImageObject\",\"inLanguage\":\"en-US\",\"@id\":\"http:\/\/film-mag.net\/wp\/#\/schema\/person\/image\/\",\"url\":\"https:\/\/secure.gravatar.com\/avatar\/bf4ab1626f485b36c4f3650b1d351839?s=96&d=mm&r=g\",\"contentUrl\":\"https:\/\/secure.gravatar.com\/avatar\/bf4ab1626f485b36c4f3650b1d351839?s=96&d=mm&r=g\",\"caption\":\"PRESS\"},\"url\":\"http:\/\/film-mag.net\/wp\/?author=8\"}]}<\/script>\n<!-- \/ Yoast SEO plugin. -->","yoast_head_json":{"title":"Premijera predstave'Ovo bi mogao biti moj razred' u HNK-u Ivan pl. Zajc - FILM-mag.net","robots":{"index":"index","follow":"follow","max-snippet":"max-snippet:-1","max-image-preview":"max-image-preview:large","max-video-preview":"max-video-preview:-1"},"canonical":"https:\/\/film-mag.net\/wp\/?p=61519","og_locale":"en_US","og_type":"article","og_title":"Premijera predstave'Ovo bi mogao biti moj razred' u HNK-u Ivan pl. Zajc - FILM-mag.net","og_description":"Uskoro u rije\u010dkom \u201eZajcu\u201c: \u201eOvo bi mogao biti moj razred\u201c projekt Anice Tomi\u0107 i Jelene Kova\u010di\u0107 o vr\u0161nja\u010dkom nasilju Pitanje vr\u0161nja\u010dkog nasilja \u010dini nam se presudnim, jer gotovo svakodnevno svjedo\u010dimo ili u medijima ili u stvarnosti koju \u017eivimo\u00a0tom problemu. \u017delja nam je jo\u0161 vi\u0161e senzibilizirati javnost kako bismo pomogli onima koji su danas najugro\u017eeniji Fotografiju [&hellip;]","og_url":"https:\/\/film-mag.net\/wp\/?p=61519","og_site_name":"FILM-mag.net","article_published_time":"2026-04-29T09:38:45+00:00","author":"PRESS","twitter_card":"summary_large_image","twitter_misc":{"Written by":"PRESS","Est. reading time":"4 minutes"},"schema":{"@context":"https:\/\/schema.org","@graph":[{"@type":"WebPage","@id":"https:\/\/film-mag.net\/wp\/?p=61519","url":"https:\/\/film-mag.net\/wp\/?p=61519","name":"Premijera predstave'Ovo bi mogao biti moj razred' u HNK-u Ivan pl. Zajc - FILM-mag.net","isPartOf":{"@id":"http:\/\/film-mag.net\/wp\/#website"},"datePublished":"2026-04-29T09:38:45+00:00","author":{"@id":"http:\/\/film-mag.net\/wp\/#\/schema\/person\/a8dd3a5b76a5bbde974e03510a205c2f"},"breadcrumb":{"@id":"https:\/\/film-mag.net\/wp\/?p=61519#breadcrumb"},"inLanguage":"en-US","potentialAction":[{"@type":"ReadAction","target":["https:\/\/film-mag.net\/wp\/?p=61519"]}]},{"@type":"BreadcrumbList","@id":"https:\/\/film-mag.net\/wp\/?p=61519#breadcrumb","itemListElement":[{"@type":"ListItem","position":1,"name":"Home","item":"http:\/\/film-mag.net\/wp\/"},{"@type":"ListItem","position":2,"name":"Premijera predstave&#8217;Ovo bi mogao biti moj razred&#8217; u HNK-u Ivan pl. Zajc"}]},{"@type":"WebSite","@id":"http:\/\/film-mag.net\/wp\/#website","url":"http:\/\/film-mag.net\/wp\/","name":"FILM-mag.net","description":"Prvi hrvatski portal o filmu i filmu bliskim podru\u010djima kulture","potentialAction":[{"@type":"SearchAction","target":{"@type":"EntryPoint","urlTemplate":"http:\/\/film-mag.net\/wp\/?s={search_term_string}"},"query-input":{"@type":"PropertyValueSpecification","valueRequired":true,"valueName":"search_term_string"}}],"inLanguage":"en-US"},{"@type":"Person","@id":"http:\/\/film-mag.net\/wp\/#\/schema\/person\/a8dd3a5b76a5bbde974e03510a205c2f","name":"PRESS","image":{"@type":"ImageObject","inLanguage":"en-US","@id":"http:\/\/film-mag.net\/wp\/#\/schema\/person\/image\/","url":"https:\/\/secure.gravatar.com\/avatar\/bf4ab1626f485b36c4f3650b1d351839?s=96&d=mm&r=g","contentUrl":"https:\/\/secure.gravatar.com\/avatar\/bf4ab1626f485b36c4f3650b1d351839?s=96&d=mm&r=g","caption":"PRESS"},"url":"http:\/\/film-mag.net\/wp\/?author=8"}]}},"_links":{"self":[{"href":"http:\/\/film-mag.net\/wp\/index.php?rest_route=\/wp\/v2\/posts\/61519","targetHints":{"allow":["GET"]}}],"collection":[{"href":"http:\/\/film-mag.net\/wp\/index.php?rest_route=\/wp\/v2\/posts"}],"about":[{"href":"http:\/\/film-mag.net\/wp\/index.php?rest_route=\/wp\/v2\/types\/post"}],"author":[{"embeddable":true,"href":"http:\/\/film-mag.net\/wp\/index.php?rest_route=\/wp\/v2\/users\/8"}],"replies":[{"embeddable":true,"href":"http:\/\/film-mag.net\/wp\/index.php?rest_route=%2Fwp%2Fv2%2Fcomments&post=61519"}],"version-history":[{"count":1,"href":"http:\/\/film-mag.net\/wp\/index.php?rest_route=\/wp\/v2\/posts\/61519\/revisions"}],"predecessor-version":[{"id":61520,"href":"http:\/\/film-mag.net\/wp\/index.php?rest_route=\/wp\/v2\/posts\/61519\/revisions\/61520"}],"wp:attachment":[{"href":"http:\/\/film-mag.net\/wp\/index.php?rest_route=%2Fwp%2Fv2%2Fmedia&parent=61519"}],"wp:term":[{"taxonomy":"category","embeddable":true,"href":"http:\/\/film-mag.net\/wp\/index.php?rest_route=%2Fwp%2Fv2%2Fcategories&post=61519"},{"taxonomy":"post_tag","embeddable":true,"href":"http:\/\/film-mag.net\/wp\/index.php?rest_route=%2Fwp%2Fv2%2Ftags&post=61519"}],"curies":[{"name":"wp","href":"https:\/\/api.w.org\/{rel}","templated":true}]}}