{"id":61496,"date":"2026-04-26T14:49:07","date_gmt":"2026-04-26T12:49:07","guid":{"rendered":"https:\/\/film-mag.net\/wp\/?p=61496"},"modified":"2026-04-26T14:49:07","modified_gmt":"2026-04-26T12:49:07","slug":"tjedan-u-kinoteci-deriste-vrag-nosi-pradu-2","status":"publish","type":"post","link":"http:\/\/film-mag.net\/wp\/?p=61496","title":{"rendered":"Tjedan u Kinoteci: Deri\u0161te + Vrag nosi Pradu 2"},"content":{"rendered":"<p style=\"text-align: justify;\"><strong>Ciklus Slow Cinema nastavljamo Zlatnom palmom nagra\u0111enim &#8216;Ujakom Boonmeeom&#8217; Apichatponga Weerasethakula, me\u0111u novitete sti\u017eu hvaljeno &#8216;Deri\u0161te&#8217; Harrisa Dickinsona i i\u0161\u010dekivani &#8216;Vrag nosi Pradu 2&#8217; Davida Frankela, a u tjedan ulazimo premijerom restaurirane verzije filma &#8216;Akcija stadion&#8217; Du\u0161ana Vukoti\u0107a.<\/strong><\/p>\n<p style=\"text-align: justify;\"><strong>Slow Cinema: Prostor vremena<\/strong><br \/>\nCiklus\u00a0<strong>slow cinema<\/strong>\u00a0nastavljamo filmovima koji pro\u0161iruju na\u0161e razumijevanje trajanja i vremena. U\u00a0<a href=\"https:\/\/centarcesarec.us15.list-manage.com\/track\/click?u=3cc3bf4f015ad007a38f3ac2c&amp;id=b79a8316a3&amp;e=24ce6b5f7a\" target=\"_blank\" rel=\"noopener noreferrer\" data-saferedirecturl=\"https:\/\/www.google.com\/url?q=https:\/\/centarcesarec.us15.list-manage.com\/track\/click?u%3D3cc3bf4f015ad007a38f3ac2c%26id%3Db79a8316a3%26e%3D24ce6b5f7a&amp;source=gmail&amp;ust=1777218373583000&amp;usg=AOvVaw05jDLg0Th9RiRGCiR_7-hi\"><strong><em>Zbogom Kr\u010dmi kod Zmajevih vrata<\/em><\/strong><\/a>\u00a0redatelj Tsai Ming-liang odvodi nas na posljednju projekciju nekad presti\u017enog kina u Taipeiju, no\u0107 prije njegova zatvaranja. Na repertoaru je\u00a0<em>wuxia<\/em>\u00a0klasik\u00a0<em>Kod Zmajevih vrata<\/em>, a u publici su mo\u017eda gledatelji, a mo\u017eda i duhovi. Ovo elegi\u010dno remek-djelo posveta je filmofiliji staroga kova i Tsaijeva majstorska demonstracija ritma i suptilnog humora.<\/p>\n<p style=\"text-align: justify;\"><img decoding=\"async\" style=\"border: none; width: 100%;\" src=\" https:\/\/media.themoviedb.org\/t\/p\/w1066_and_h600_face\/sraqqxwStjlhe82vb0mGx3VuHsD.jpg \" \/><\/p>\n<p style=\"text-align: justify;\">Fotografiju ustupio <strong><a href=\" https:\/\/www.themoviedb.org\/movie\/38368 \" target=\"_blank\" rel=\"noopener noreferrer\"> TMDB<\/a><\/strong> &#8211; Uncle Boonmee Who Can Recall His Past Lives (2010)<\/p>\n<p style=\"text-align: justify;\"><a href=\"https:\/\/centarcesarec.us15.list-manage.com\/track\/click?u=3cc3bf4f015ad007a38f3ac2c&amp;id=f8b3c26ed0&amp;e=24ce6b5f7a\" target=\"_blank\" rel=\"noopener noreferrer\" data-saferedirecturl=\"https:\/\/www.google.com\/url?q=https:\/\/centarcesarec.us15.list-manage.com\/track\/click?u%3D3cc3bf4f015ad007a38f3ac2c%26id%3Df8b3c26ed0%26e%3D24ce6b5f7a&amp;source=gmail&amp;ust=1777218373583000&amp;usg=AOvVaw1p1RipWY0QhJVR2ZTPLMYi\"><strong><em>Ujak Boonmee koji se mo\u017ee prisjetiti pro\u0161lih \u017eivota<\/em><\/strong><\/a>\u00a0jo\u0161 je jedno remek-djelo majstora kontemplativnog filma \u2013 Tajlan\u0111anina Apichatponga Weerasethakula. Oslanjaju\u0107i se na budisti\u010dku i animisti\u010dku tradiciju, Weerasethakul nas vodi kroz posljednje dane \u017eivota mu\u0161karca iz naslova, koje provodi sa svojom obitelji, nadnaravnim bi\u0107ima\u00a0i jekom prethodnih \u017eivota. Ovo djelo inovativne pripovjedne strukture nagra\u0111eno je Zlatnom palmom u Cannesu, a prikazujemo ga s 35mm kopije iz Hrvatskog dr\u017eavnog arhiva.<br \/>\n<a href=\"https:\/\/centarcesarec.us15.list-manage.com\/track\/click?u=3cc3bf4f015ad007a38f3ac2c&amp;id=2fa29f7be3&amp;e=24ce6b5f7a\" target=\"_blank\" rel=\"noopener noreferrer\" data-saferedirecturl=\"https:\/\/www.google.com\/url?q=https:\/\/centarcesarec.us15.list-manage.com\/track\/click?u%3D3cc3bf4f015ad007a38f3ac2c%26id%3D2fa29f7be3%26e%3D24ce6b5f7a&amp;source=gmail&amp;ust=1777218373583000&amp;usg=AOvVaw247ZZ1IkmETh5D_8rpEH3G\"><strong>\u010cetiri lica<\/strong><\/a>\u00a0Michelangela Frammartina jo\u0161 je jedan film nadahnut konceptom reinkarnacije \u2013 neobi\u010dan portret talijanske Kalabrije ispri\u010dan kroz pri\u010du o du\u0161i koja prolazi kroz \u010detiri vrste \u017eivota. Rije\u010d je o razigranom, duhovitom i nevjerojatno originalnom ostvarenju li\u0161enom dijaloga, kojim je Frammantino reinterpretirao kodove dokumentarnog i igranog filma.<br \/>\nTjedan zaklju\u010duje\u00a0<a href=\"https:\/\/centarcesarec.us15.list-manage.com\/track\/click?u=3cc3bf4f015ad007a38f3ac2c&amp;id=4ec481ba43&amp;e=24ce6b5f7a\" target=\"_blank\" rel=\"noopener noreferrer\" data-saferedirecturl=\"https:\/\/www.google.com\/url?q=https:\/\/centarcesarec.us15.list-manage.com\/track\/click?u%3D3cc3bf4f015ad007a38f3ac2c%26id%3D4ec481ba43%26e%3D24ce6b5f7a&amp;source=gmail&amp;ust=1777218373583000&amp;usg=AOvVaw3swXT2nprvDdlQQoKLCYsT\"><strong><em>Svijet<\/em><\/strong><\/a>, film o zaposlenicima tematskog parka s minijaturnim verzijama svjetskih znamenitosti. Dok ma\u0161taju o odlasku iz Kine, ekonomska situacija dr\u017ei ih na mjestu. Veliki kineski redatelj\u00a0Jia\u00a0Zhangke\u00a0u ovome je filmu iskora\u010dio iz opservacijskog realizma u podru\u010dje ra\u010dunalnih efekata i animacije kako bi do\u010darao osje\u0107aj emocionalne dislokacije i izma\u0161tane mobilnosti, kao protute\u017eu klasnim ograni\u010denjima suvremene Kine.<\/p>\n<p style=\"text-align: justify;\"><strong>Nova restauracija:\u00a0<em>Akcija stadion<\/em><\/strong><br \/>\nU ponedjeljak u 18 sati pogledajte restauriranu verziju filma\u00a0<a href=\"https:\/\/centarcesarec.us15.list-manage.com\/track\/click?u=3cc3bf4f015ad007a38f3ac2c&amp;id=7b1f9f7753&amp;e=24ce6b5f7a\" target=\"_blank\" rel=\"noopener noreferrer\" data-saferedirecturl=\"https:\/\/www.google.com\/url?q=https:\/\/centarcesarec.us15.list-manage.com\/track\/click?u%3D3cc3bf4f015ad007a38f3ac2c%26id%3D7b1f9f7753%26e%3D24ce6b5f7a&amp;source=gmail&amp;ust=1777218373583000&amp;usg=AOvVaw2FbyGEddQqX8Qjy4PF7q-o\"><strong><em>Akcija stadion<\/em><\/strong><\/a>. Rije\u010d je o povijesnoj drami oskarovca Du\u0161ana Vukoti\u0107a inspiriranoj doga\u0111ajem\u00a0iz 1941., kada se skupina gimnazijalaca masovno suprotstavila usta\u0161kom teroru iz solidarnosti prema svojim kolegama srpskog i \u017eidovskog podrijetla. Restauraciju donosi\u00a0Zagreb film, a ulaz na projekciju je besplatan uz obvezno preuzimanje ulaznica na blagajni.<\/p>\n<p style=\"text-align: justify;\"><strong>Noviteti:\u00a0<em>Deri\u0161te<\/em><\/strong><br \/>\n<a href=\"https:\/\/centarcesarec.us15.list-manage.com\/track\/click?u=3cc3bf4f015ad007a38f3ac2c&amp;id=5dd8834f55&amp;e=24ce6b5f7a\" target=\"_blank\" rel=\"noopener noreferrer\" data-saferedirecturl=\"https:\/\/www.google.com\/url?q=https:\/\/centarcesarec.us15.list-manage.com\/track\/click?u%3D3cc3bf4f015ad007a38f3ac2c%26id%3D5dd8834f55%26e%3D24ce6b5f7a&amp;source=gmail&amp;ust=1777218373584000&amp;usg=AOvVaw2eUeR6j6C9L7KAxhtige7L\"><strong><em>Deri\u0161te<\/em><\/strong><\/a>\u00a0je re\u017eijski debi Harrisa Dickinsona, glumca koji se proslavio glavnim ulogama u\u00a0<em>Trokutu tuge<\/em>\u00a0(2022) i\u00a0<em>Babygirl<\/em>\u00a0(2024). Pri\u010da o mladome besku\u0107niku koji poku\u0161ava pre\u017eivjeti na ulicama Londona premijerno je prikazana u programu Izvjestan pogled u Cannesu, gdje je Frank Dillane osvojio nagradu za najboljeg glumca, a Dickinson nagradu me\u0111unarodnog udru\u017eenja filmskih kriti\u010dara FIPRESCI. Uz nadahnut Dillaneov nastup, kritika je pohvalila autenti\u010dan i suosje\u0107ajan pristup temi.<\/p>\n<p style=\"text-align: justify;\"><strong>Noviteti:\u00a0<em>Vrag nosi Pradu 2<\/em><\/strong><br \/>\n<a href=\"https:\/\/centarcesarec.us15.list-manage.com\/track\/click?u=3cc3bf4f015ad007a38f3ac2c&amp;id=45d87faf0b&amp;e=24ce6b5f7a\" target=\"_blank\" rel=\"noopener noreferrer\" data-saferedirecturl=\"https:\/\/www.google.com\/url?q=https:\/\/centarcesarec.us15.list-manage.com\/track\/click?u%3D3cc3bf4f015ad007a38f3ac2c%26id%3D45d87faf0b%26e%3D24ce6b5f7a&amp;source=gmail&amp;ust=1777218373584000&amp;usg=AOvVaw0TbH5YP3Hs3Ps4xX8g_1UI\"><strong><em>Vrag nosi Pradu 2<\/em><\/strong><\/a>\u00a0nastavak je rado gledane komedije Davida Frankela, koja je u me\u0111uvremenu stekla status klasika 2000-tih. Inspiriran autobiografskim romanom Lauren Weisberger u kojem je opisala svoja iskustva osobne asistentice urednice Voguea Anne Vintour, Frankelov se film izdvojio svojim za ono vrijeme progresivnim prikazom protagonistice koja ispunjenje tra\u017ei prvenstveno u karijeri umjesto u romansi, a zahvaljuju\u0107i spretnoj re\u017eiji, monta\u017ei i danas ve\u0107 antologijskim nastupima Meryl Streep, Anne Hathaway i Emily Blunt izborio je i svoje mjesto u popularnoj kulturi. Nastavak okuplja gotovo istu ekipu ispred i iza kamere, a rane reakcije upu\u0107uju na to da je njegova satiri\u010dka o\u0161trica usmjerena prema aktualnom medijskom krajoliku, koliko i prema modi.<\/p>\n<p style=\"text-align: justify;\"><strong>Ostali noviteti<\/strong><br \/>\nMe\u0111u ostalim novitetima i dalje mo\u017eete pogledati crne komedije\u00a0<a href=\"https:\/\/centarcesarec.us15.list-manage.com\/track\/click?u=3cc3bf4f015ad007a38f3ac2c&amp;id=995c74a489&amp;e=24ce6b5f7a\" target=\"_blank\" rel=\"noopener noreferrer\" data-saferedirecturl=\"https:\/\/www.google.com\/url?q=https:\/\/centarcesarec.us15.list-manage.com\/track\/click?u%3D3cc3bf4f015ad007a38f3ac2c%26id%3D995c74a489%26e%3D24ce6b5f7a&amp;source=gmail&amp;ust=1777218373584000&amp;usg=AOvVaw1aQbwjshawcKzAMkLQNGvB\"><strong><em>Drama<\/em><\/strong><\/a>\u00a0Kristoffera Borglija i\u00a0<a href=\"https:\/\/centarcesarec.us15.list-manage.com\/track\/click?u=3cc3bf4f015ad007a38f3ac2c&amp;id=37e99f6635&amp;e=24ce6b5f7a\" target=\"_blank\" rel=\"noopener noreferrer\" data-saferedirecturl=\"https:\/\/www.google.com\/url?q=https:\/\/centarcesarec.us15.list-manage.com\/track\/click?u%3D3cc3bf4f015ad007a38f3ac2c%26id%3D37e99f6635%26e%3D24ce6b5f7a&amp;source=gmail&amp;ust=1777218373584000&amp;usg=AOvVaw1g_fNrKaNt9xf4qn6gO_J8\"><strong><em>Posljednji viking<\/em><\/strong><\/a>\u00a0Andersa Thomasa Jensena.<br \/>\nZa ljubitelje knji\u017eevnosti tu su adaptacija Camusova\u00a0<a href=\"https:\/\/centarcesarec.us15.list-manage.com\/track\/click?u=3cc3bf4f015ad007a38f3ac2c&amp;id=9eb849a6e6&amp;e=24ce6b5f7a\" target=\"_blank\" rel=\"noopener noreferrer\" data-saferedirecturl=\"https:\/\/www.google.com\/url?q=https:\/\/centarcesarec.us15.list-manage.com\/track\/click?u%3D3cc3bf4f015ad007a38f3ac2c%26id%3D9eb849a6e6%26e%3D24ce6b5f7a&amp;source=gmail&amp;ust=1777218373584000&amp;usg=AOvVaw3UaXSN3-eGlwnFXsEFRSlA\"><strong><em>Stranca<\/em><\/strong><\/a>\u00a0u re\u017eiji Fran\u00e7oisa Ozona i biografski film\u00a0<a href=\"https:\/\/centarcesarec.us15.list-manage.com\/track\/click?u=3cc3bf4f015ad007a38f3ac2c&amp;id=b2fb76df65&amp;e=24ce6b5f7a\" target=\"_blank\" rel=\"noopener noreferrer\" data-saferedirecturl=\"https:\/\/www.google.com\/url?q=https:\/\/centarcesarec.us15.list-manage.com\/track\/click?u%3D3cc3bf4f015ad007a38f3ac2c%26id%3Db2fb76df65%26e%3D24ce6b5f7a&amp;source=gmail&amp;ust=1777218373584000&amp;usg=AOvVaw1yjERsIsyZRWyy09PSQPeh\"><strong><em>Franz<\/em><\/strong><\/a>\u00a0Agnieszke Holland, a na repertoaru i dalje igra Oscarom nagra\u0111ena\u00a0<strong><em><a href=\"https:\/\/centarcesarec.us15.list-manage.com\/track\/click?u=3cc3bf4f015ad007a38f3ac2c&amp;id=1dd7479d9b&amp;e=24ce6b5f7a\" target=\"_blank\" rel=\"noopener noreferrer\" data-saferedirecturl=\"https:\/\/www.google.com\/url?q=https:\/\/centarcesarec.us15.list-manage.com\/track\/click?u%3D3cc3bf4f015ad007a38f3ac2c%26id%3D1dd7479d9b%26e%3D24ce6b5f7a&amp;source=gmail&amp;ust=1777218373584000&amp;usg=AOvVaw1SScSDwxbMSmqBFuAn1vt7\">Sentimentalna vrijednost<\/a>\u00a0<\/em><\/strong>Joachima Triera.<br \/>\nNa repertoar smo privremeno vratili i dvije uspje\u0161nice s po\u010detka godine:\u00a0<a href=\"https:\/\/centarcesarec.us15.list-manage.com\/track\/click?u=3cc3bf4f015ad007a38f3ac2c&amp;id=fa0f1d7b17&amp;e=24ce6b5f7a\" target=\"_blank\" rel=\"noopener noreferrer\" data-saferedirecturl=\"https:\/\/www.google.com\/url?q=https:\/\/centarcesarec.us15.list-manage.com\/track\/click?u%3D3cc3bf4f015ad007a38f3ac2c%26id%3Dfa0f1d7b17%26e%3D24ce6b5f7a&amp;source=gmail&amp;ust=1777218373584000&amp;usg=AOvVaw2cU3U9X2HJox5iiRVnqSvS\"><strong><em>La grazia<\/em><\/strong><\/a>\u00a0Paola Sorrentina i\u00a0<a href=\"https:\/\/centarcesarec.us15.list-manage.com\/track\/click?u=3cc3bf4f015ad007a38f3ac2c&amp;id=4fc8bce807&amp;e=24ce6b5f7a\" target=\"_blank\" rel=\"noopener noreferrer\" data-saferedirecturl=\"https:\/\/www.google.com\/url?q=https:\/\/centarcesarec.us15.list-manage.com\/track\/click?u%3D3cc3bf4f015ad007a38f3ac2c%26id%3D4fc8bce807%26e%3D24ce6b5f7a&amp;source=gmail&amp;ust=1777218373584000&amp;usg=AOvVaw19byKhRrWDVhlKmk5emPQo\"><strong><em>Otac majka sestra brat<\/em><\/strong><\/a>\u00a0Jima Jarmuscha.<\/p>\n<p style=\"text-align: justify;\"><strong>Matineja za djecu:\u00a0<em>Ma\u010dja posla<\/em><\/strong><br \/>\nKada se razma\u017eena ku\u0107na ma\u010dka Miss Moxy izgubi tijekom obiteljskog putovanja, morat \u0107e prona\u0107i saveznike u psu i lastavici kako bi prona\u0161la put ku\u0107i. Rije\u010d je o zapletu filma\u00a0<a href=\"https:\/\/centarcesarec.us15.list-manage.com\/track\/click?u=3cc3bf4f015ad007a38f3ac2c&amp;id=0516d8a32d&amp;e=24ce6b5f7a\" target=\"_blank\" rel=\"noopener noreferrer\" data-saferedirecturl=\"https:\/\/www.google.com\/url?q=https:\/\/centarcesarec.us15.list-manage.com\/track\/click?u%3D3cc3bf4f015ad007a38f3ac2c%26id%3D0516d8a32d%26e%3D24ce6b5f7a&amp;source=gmail&amp;ust=1777218373584000&amp;usg=AOvVaw3Jrlu1BQ-E602WUwTE9xRo\"><strong><em>Ma\u010dja posla<\/em><\/strong><\/a>, najnovije animirane avanture namijenjene mali\u0161anima i njihovim roditeljima, koju prikazujemo sinkronizirani na hrvatski jezik.<\/p>\n<p style=\"text-align: justify;\"><strong>Matineja za odrasle:\u00a0<em>Privatni \u017eivot<\/em><\/strong><br \/>\nNa\u00a0<strong>Matineji za odrasle<\/strong>\u00a0pogledajte\u00a0<a href=\"https:\/\/centarcesarec.us15.list-manage.com\/track\/click?u=3cc3bf4f015ad007a38f3ac2c&amp;id=6f41d96516&amp;e=24ce6b5f7a\" target=\"_blank\" rel=\"noopener noreferrer\" data-saferedirecturl=\"https:\/\/www.google.com\/url?q=https:\/\/centarcesarec.us15.list-manage.com\/track\/click?u%3D3cc3bf4f015ad007a38f3ac2c%26id%3D6f41d96516%26e%3D24ce6b5f7a&amp;source=gmail&amp;ust=1777218373584000&amp;usg=AOvVaw2ZvQZCD9GLrq7-qCzlfunB\"><strong><em>Privatni \u017eivot<\/em><\/strong><\/a>, crnohumorni psiholo\u0161ki triler Rebecce Zlotowski, s Jodie Foster u ulozi psihijatrice koja istra\u017euje samoubojstvo vlastite pacijentice. Film je premijerno prikazan izvan konkurencije pro\u0161logodi\u0161njeg Filmskog festivala u Cannesu.<\/p>\n<p style=\"text-align: justify;\"><strong>Prakti\u010dne informacije<\/strong><br \/>\nFilmove iz ciklusa\u00a0<strong>Slow Cinema\u00a0<\/strong>pogledajte uz\u00a0<strong>Filmski pokaz<\/strong>, nove rute do va\u0161eg mjesta u kinu! Vi\u0161e o svemu saznajte\u00a0<a href=\"https:\/\/centarcesarec.us15.list-manage.com\/track\/click?u=3cc3bf4f015ad007a38f3ac2c&amp;id=7c1a77d4a2&amp;e=24ce6b5f7a\" target=\"_blank\" rel=\"noopener noreferrer\" data-saferedirecturl=\"https:\/\/www.google.com\/url?q=https:\/\/centarcesarec.us15.list-manage.com\/track\/click?u%3D3cc3bf4f015ad007a38f3ac2c%26id%3D7c1a77d4a2%26e%3D24ce6b5f7a&amp;source=gmail&amp;ust=1777218373584000&amp;usg=AOvVaw3h8z-_8C-ffmNnFMK_De2K\"><strong>ovdje<\/strong><\/a>.<\/p>\n<div style=\"text-align: justify;\">Ulaznice je mogu\u0107e kupiti online na\u00a0<a href=\"https:\/\/centarcesarec.us15.list-manage.com\/track\/click?u=3cc3bf4f015ad007a38f3ac2c&amp;id=d97bd87f1b&amp;e=24ce6b5f7a\" target=\"_blank\" rel=\"noopener noreferrer\" data-saferedirecturl=\"https:\/\/www.google.com\/url?q=https:\/\/centarcesarec.us15.list-manage.com\/track\/click?u%3D3cc3bf4f015ad007a38f3ac2c%26id%3Dd97bd87f1b%26e%3D24ce6b5f7a&amp;source=gmail&amp;ust=1777218373584000&amp;usg=AOvVaw1vPAHqyRca7MXuXsjBI2lx\">www.ulaznice.hr<\/a>,\u00a0<a href=\"https:\/\/centarcesarec.us15.list-manage.com\/track\/click?u=3cc3bf4f015ad007a38f3ac2c&amp;id=ce2b338665&amp;e=24ce6b5f7a\" target=\"_blank\" rel=\"noopener noreferrer\" data-saferedirecturl=\"https:\/\/www.google.com\/url?q=https:\/\/centarcesarec.us15.list-manage.com\/track\/click?u%3D3cc3bf4f015ad007a38f3ac2c%26id%3Dce2b338665%26e%3D24ce6b5f7a&amp;source=gmail&amp;ust=1777218373584000&amp;usg=AOvVaw27KILmA6a30_WtjDDrMgXP\">www.kinokinoteka.hr<\/a> ili svakodnevno u radno vrijeme blagajne kina.<\/div>\n<p style=\"text-align: justify;\">Raspored projekcija:\u00a0<a href=\"https:\/\/centarcesarec.us15.list-manage.com\/track\/click?u=3cc3bf4f015ad007a38f3ac2c&amp;id=3ecd3da1ef&amp;e=24ce6b5f7a\" target=\"_blank\" rel=\"noopener noreferrer\" data-saferedirecturl=\"https:\/\/www.google.com\/url?q=https:\/\/centarcesarec.us15.list-manage.com\/track\/click?u%3D3cc3bf4f015ad007a38f3ac2c%26id%3D3ecd3da1ef%26e%3D24ce6b5f7a&amp;source=gmail&amp;ust=1777218373584000&amp;usg=AOvVaw0jH0Dx1MYBMA4DIRcUsH12\">KinoKinoteka<\/a><\/p>\n<p style=\"text-align: justify;\">[izvor informacije <strong><a href=\"https:\/\/kinokinoteka.hr\/program\/\" target=\"_blank\" rel=\"noopener noreferrer\"> Kino Kinoteka<\/a><\/strong>]<\/p>\n<p style=\"text-align: justify;\"><iframe loading=\"lazy\" style=\"border: none; overflow: hidden;\" src=\"https:\/\/www.facebook.com\/plugins\/post.php?href=https%3A%2F%2Fwww.facebook.com%2FFILMmagnet%2Fposts%2Fpfbid02S9VYD5bPDXnuthze4zCrVUtdh5X4RSarpLnncXbca726DhySgbN7y1Fopxa2keuYl&amp;show_text=true&amp;width=500\" width=\"500\" height=\"609\" frameborder=\"0\" scrolling=\"no\" allowfullscreen=\"allowfullscreen\"><\/iframe><\/p>\n<div id=\"fb_share_1\" style=\"float: right; margin-left: 10px;\"><a name=\"fb_share\" type=\"box_count\" share_url=\"http:\/\/film-mag.net\/wp\/?p=61496\" href=\"http:\/\/www.facebook.com\/sharer.php\">Share<\/a><\/div><div><script src=\"http:\/\/static.ak.fbcdn.net\/connect.php\/js\/FB.Share\" type=\"text\/javascript\"><\/script><\/div><div style=\"clear:both\"><\/div>","protected":false},"excerpt":{"rendered":"<p>Ciklus Slow Cinema nastavljamo Zlatnom palmom nagra\u0111enim &#8216;Ujakom Boonmeeom&#8217; Apichatponga Weerasethakula, me\u0111u novitete sti\u017eu hvaljeno &#8216;Deri\u0161te&#8217; Harrisa Dickinsona i i\u0161\u010dekivani &#8216;Vrag nosi Pradu 2&#8217; Davida Frankela, a u tjedan ulazimo premijerom restaurirane verzije filma &#8216;Akcija stadion&#8217; Du\u0161ana Vukoti\u0107a. Slow Cinema: Prostor vremena Ciklus\u00a0slow cinema\u00a0nastavljamo filmovima koji pro\u0161iruju na\u0161e razumijevanje trajanja i vremena. U\u00a0Zbogom Kr\u010dmi kod [&hellip;]<\/p>\n","protected":false},"author":8,"featured_media":0,"comment_status":"closed","ping_status":"closed","sticky":false,"template":"","format":"standard","meta":{"_et_pb_use_builder":"","_et_pb_old_content":"","_et_gb_content_width":"","_editorskit_title_hidden":false,"_editorskit_reading_time":0,"_editorskit_is_block_options_detached":false,"_editorskit_block_options_position":"{}","footnotes":""},"categories":[9,20347,17050],"tags":[],"class_list":["post-61496","post","type-post","status-publish","format-standard","hentry","category-film","category-kino-program","category-press"],"yoast_head":"<!-- This site is optimized with the Yoast SEO plugin v24.6 - https:\/\/yoast.com\/wordpress\/plugins\/seo\/ -->\n<title>Tjedan u Kinoteci: Deri\u0161te + Vrag nosi Pradu 2 - FILM-mag.net<\/title>\n<meta name=\"robots\" content=\"index, follow, max-snippet:-1, max-image-preview:large, max-video-preview:-1\" \/>\n<link rel=\"canonical\" href=\"http:\/\/film-mag.net\/wp\/?p=61496\" \/>\n<meta property=\"og:locale\" content=\"en_US\" \/>\n<meta property=\"og:type\" content=\"article\" \/>\n<meta property=\"og:title\" content=\"Tjedan u Kinoteci: Deri\u0161te + Vrag nosi Pradu 2 - FILM-mag.net\" \/>\n<meta property=\"og:description\" content=\"Ciklus Slow Cinema nastavljamo Zlatnom palmom nagra\u0111enim &#8216;Ujakom Boonmeeom&#8217; Apichatponga Weerasethakula, me\u0111u novitete sti\u017eu hvaljeno &#8216;Deri\u0161te&#8217; Harrisa Dickinsona i i\u0161\u010dekivani &#8216;Vrag nosi Pradu 2&#8217; Davida Frankela, a u tjedan ulazimo premijerom restaurirane verzije filma &#8216;Akcija stadion&#8217; Du\u0161ana Vukoti\u0107a. Slow Cinema: Prostor vremena Ciklus\u00a0slow cinema\u00a0nastavljamo filmovima koji pro\u0161iruju na\u0161e razumijevanje trajanja i vremena. U\u00a0Zbogom Kr\u010dmi kod [&hellip;]\" \/>\n<meta property=\"og:url\" content=\"http:\/\/film-mag.net\/wp\/?p=61496\" \/>\n<meta property=\"og:site_name\" content=\"FILM-mag.net\" \/>\n<meta property=\"article:published_time\" content=\"2026-04-26T12:49:07+00:00\" \/>\n<meta name=\"author\" content=\"PRESS\" \/>\n<meta name=\"twitter:card\" content=\"summary_large_image\" \/>\n<meta name=\"twitter:label1\" content=\"Written by\" \/>\n\t<meta name=\"twitter:data1\" content=\"PRESS\" \/>\n\t<meta name=\"twitter:label2\" content=\"Est. reading time\" \/>\n\t<meta name=\"twitter:data2\" content=\"4 minutes\" \/>\n<script type=\"application\/ld+json\" class=\"yoast-schema-graph\">{\"@context\":\"https:\/\/schema.org\",\"@graph\":[{\"@type\":\"WebPage\",\"@id\":\"http:\/\/film-mag.net\/wp\/?p=61496\",\"url\":\"http:\/\/film-mag.net\/wp\/?p=61496\",\"name\":\"Tjedan u Kinoteci: Deri\u0161te + Vrag nosi Pradu 2 - FILM-mag.net\",\"isPartOf\":{\"@id\":\"http:\/\/film-mag.net\/wp\/#website\"},\"datePublished\":\"2026-04-26T12:49:07+00:00\",\"author\":{\"@id\":\"http:\/\/film-mag.net\/wp\/#\/schema\/person\/a8dd3a5b76a5bbde974e03510a205c2f\"},\"breadcrumb\":{\"@id\":\"http:\/\/film-mag.net\/wp\/?p=61496#breadcrumb\"},\"inLanguage\":\"en-US\",\"potentialAction\":[{\"@type\":\"ReadAction\",\"target\":[\"http:\/\/film-mag.net\/wp\/?p=61496\"]}]},{\"@type\":\"BreadcrumbList\",\"@id\":\"http:\/\/film-mag.net\/wp\/?p=61496#breadcrumb\",\"itemListElement\":[{\"@type\":\"ListItem\",\"position\":1,\"name\":\"Home\",\"item\":\"http:\/\/film-mag.net\/wp\/\"},{\"@type\":\"ListItem\",\"position\":2,\"name\":\"Tjedan u Kinoteci: Deri\u0161te + Vrag nosi Pradu 2\"}]},{\"@type\":\"WebSite\",\"@id\":\"http:\/\/film-mag.net\/wp\/#website\",\"url\":\"http:\/\/film-mag.net\/wp\/\",\"name\":\"FILM-mag.net\",\"description\":\"Prvi hrvatski portal o filmu i filmu bliskim podru\u010djima kulture\",\"potentialAction\":[{\"@type\":\"SearchAction\",\"target\":{\"@type\":\"EntryPoint\",\"urlTemplate\":\"http:\/\/film-mag.net\/wp\/?s={search_term_string}\"},\"query-input\":{\"@type\":\"PropertyValueSpecification\",\"valueRequired\":true,\"valueName\":\"search_term_string\"}}],\"inLanguage\":\"en-US\"},{\"@type\":\"Person\",\"@id\":\"http:\/\/film-mag.net\/wp\/#\/schema\/person\/a8dd3a5b76a5bbde974e03510a205c2f\",\"name\":\"PRESS\",\"image\":{\"@type\":\"ImageObject\",\"inLanguage\":\"en-US\",\"@id\":\"http:\/\/film-mag.net\/wp\/#\/schema\/person\/image\/\",\"url\":\"https:\/\/secure.gravatar.com\/avatar\/bf4ab1626f485b36c4f3650b1d351839?s=96&d=mm&r=g\",\"contentUrl\":\"https:\/\/secure.gravatar.com\/avatar\/bf4ab1626f485b36c4f3650b1d351839?s=96&d=mm&r=g\",\"caption\":\"PRESS\"},\"url\":\"http:\/\/film-mag.net\/wp\/?author=8\"}]}<\/script>\n<!-- \/ Yoast SEO plugin. -->","yoast_head_json":{"title":"Tjedan u Kinoteci: Deri\u0161te + Vrag nosi Pradu 2 - FILM-mag.net","robots":{"index":"index","follow":"follow","max-snippet":"max-snippet:-1","max-image-preview":"max-image-preview:large","max-video-preview":"max-video-preview:-1"},"canonical":"http:\/\/film-mag.net\/wp\/?p=61496","og_locale":"en_US","og_type":"article","og_title":"Tjedan u Kinoteci: Deri\u0161te + Vrag nosi Pradu 2 - FILM-mag.net","og_description":"Ciklus Slow Cinema nastavljamo Zlatnom palmom nagra\u0111enim &#8216;Ujakom Boonmeeom&#8217; Apichatponga Weerasethakula, me\u0111u novitete sti\u017eu hvaljeno &#8216;Deri\u0161te&#8217; Harrisa Dickinsona i i\u0161\u010dekivani &#8216;Vrag nosi Pradu 2&#8217; Davida Frankela, a u tjedan ulazimo premijerom restaurirane verzije filma &#8216;Akcija stadion&#8217; Du\u0161ana Vukoti\u0107a. Slow Cinema: Prostor vremena Ciklus\u00a0slow cinema\u00a0nastavljamo filmovima koji pro\u0161iruju na\u0161e razumijevanje trajanja i vremena. U\u00a0Zbogom Kr\u010dmi kod [&hellip;]","og_url":"http:\/\/film-mag.net\/wp\/?p=61496","og_site_name":"FILM-mag.net","article_published_time":"2026-04-26T12:49:07+00:00","author":"PRESS","twitter_card":"summary_large_image","twitter_misc":{"Written by":"PRESS","Est. reading time":"4 minutes"},"schema":{"@context":"https:\/\/schema.org","@graph":[{"@type":"WebPage","@id":"http:\/\/film-mag.net\/wp\/?p=61496","url":"http:\/\/film-mag.net\/wp\/?p=61496","name":"Tjedan u Kinoteci: Deri\u0161te + Vrag nosi Pradu 2 - FILM-mag.net","isPartOf":{"@id":"http:\/\/film-mag.net\/wp\/#website"},"datePublished":"2026-04-26T12:49:07+00:00","author":{"@id":"http:\/\/film-mag.net\/wp\/#\/schema\/person\/a8dd3a5b76a5bbde974e03510a205c2f"},"breadcrumb":{"@id":"http:\/\/film-mag.net\/wp\/?p=61496#breadcrumb"},"inLanguage":"en-US","potentialAction":[{"@type":"ReadAction","target":["http:\/\/film-mag.net\/wp\/?p=61496"]}]},{"@type":"BreadcrumbList","@id":"http:\/\/film-mag.net\/wp\/?p=61496#breadcrumb","itemListElement":[{"@type":"ListItem","position":1,"name":"Home","item":"http:\/\/film-mag.net\/wp\/"},{"@type":"ListItem","position":2,"name":"Tjedan u Kinoteci: Deri\u0161te + Vrag nosi Pradu 2"}]},{"@type":"WebSite","@id":"http:\/\/film-mag.net\/wp\/#website","url":"http:\/\/film-mag.net\/wp\/","name":"FILM-mag.net","description":"Prvi hrvatski portal o filmu i filmu bliskim podru\u010djima kulture","potentialAction":[{"@type":"SearchAction","target":{"@type":"EntryPoint","urlTemplate":"http:\/\/film-mag.net\/wp\/?s={search_term_string}"},"query-input":{"@type":"PropertyValueSpecification","valueRequired":true,"valueName":"search_term_string"}}],"inLanguage":"en-US"},{"@type":"Person","@id":"http:\/\/film-mag.net\/wp\/#\/schema\/person\/a8dd3a5b76a5bbde974e03510a205c2f","name":"PRESS","image":{"@type":"ImageObject","inLanguage":"en-US","@id":"http:\/\/film-mag.net\/wp\/#\/schema\/person\/image\/","url":"https:\/\/secure.gravatar.com\/avatar\/bf4ab1626f485b36c4f3650b1d351839?s=96&d=mm&r=g","contentUrl":"https:\/\/secure.gravatar.com\/avatar\/bf4ab1626f485b36c4f3650b1d351839?s=96&d=mm&r=g","caption":"PRESS"},"url":"http:\/\/film-mag.net\/wp\/?author=8"}]}},"_links":{"self":[{"href":"http:\/\/film-mag.net\/wp\/index.php?rest_route=\/wp\/v2\/posts\/61496","targetHints":{"allow":["GET"]}}],"collection":[{"href":"http:\/\/film-mag.net\/wp\/index.php?rest_route=\/wp\/v2\/posts"}],"about":[{"href":"http:\/\/film-mag.net\/wp\/index.php?rest_route=\/wp\/v2\/types\/post"}],"author":[{"embeddable":true,"href":"http:\/\/film-mag.net\/wp\/index.php?rest_route=\/wp\/v2\/users\/8"}],"replies":[{"embeddable":true,"href":"http:\/\/film-mag.net\/wp\/index.php?rest_route=%2Fwp%2Fv2%2Fcomments&post=61496"}],"version-history":[{"count":1,"href":"http:\/\/film-mag.net\/wp\/index.php?rest_route=\/wp\/v2\/posts\/61496\/revisions"}],"predecessor-version":[{"id":61497,"href":"http:\/\/film-mag.net\/wp\/index.php?rest_route=\/wp\/v2\/posts\/61496\/revisions\/61497"}],"wp:attachment":[{"href":"http:\/\/film-mag.net\/wp\/index.php?rest_route=%2Fwp%2Fv2%2Fmedia&parent=61496"}],"wp:term":[{"taxonomy":"category","embeddable":true,"href":"http:\/\/film-mag.net\/wp\/index.php?rest_route=%2Fwp%2Fv2%2Fcategories&post=61496"},{"taxonomy":"post_tag","embeddable":true,"href":"http:\/\/film-mag.net\/wp\/index.php?rest_route=%2Fwp%2Fv2%2Ftags&post=61496"}],"curies":[{"name":"wp","href":"https:\/\/api.w.org\/{rel}","templated":true}]}}