{"id":6149,"date":"2013-01-07T22:31:54","date_gmt":"2013-01-07T21:31:54","guid":{"rendered":"http:\/\/film-mag.net\/wp\/?p=6149"},"modified":"2013-01-07T22:31:54","modified_gmt":"2013-01-07T21:31:54","slug":"josip-seissel-iz-arhitektonske-ostavstine-u-no-galeriji","status":"publish","type":"post","link":"http:\/\/film-mag.net\/wp\/?p=6149","title":{"rendered":"Josip Seissel: Iz arhitektonske ostav\u0161tine u NO Galeriji"},"content":{"rendered":"<p style=\"text-align: justify;\"><strong>JOSIP SEISSEL: IZ ARHITEKTONSKE OSTAV\u0160TINE<\/strong><br \/>\n<strong> NO galerija, 10. 1. \u2013 27. 1. 2013.<\/strong><\/p>\n<p style=\"text-align: justify;\">Ostav\u0161tina arhitekta, urbanista, slikara i pedagoga Josipa Seissela obuhva\u0107a sve njegove va\u017enije faze i umjetni\u010dke preokupacije od 20-ih godina \u017eivota sve do autorove smrti 1987. godine.<\/p>\n<div class=\"mceTemp\" style=\"text-align: justify;\">\n<dl id=\"attachment_6150\" class=\"wp-caption alignnone\" style=\"width: 679px;\">\n<dt class=\"wp-caption-dt\"><a href=\"http:\/\/film-mag.net\/wp\/wp-content\/uploads\/2013\/01\/msu_josip_seissel_Dotrscina.jpg\"><img loading=\"lazy\" decoding=\"async\" class=\"size-full wp-image-6150\" title=\"Dotr\u0161\u010dina\" src=\"http:\/\/film-mag.net\/wp\/wp-content\/uploads\/2013\/01\/msu_josip_seissel_Dotrscina.jpg\" alt=\"Dotr\u0161\u010dina\" width=\"669\" height=\"471\" srcset=\"http:\/\/film-mag.net\/wp\/wp-content\/uploads\/2013\/01\/msu_josip_seissel_Dotrscina.jpg 669w, http:\/\/film-mag.net\/wp\/wp-content\/uploads\/2013\/01\/msu_josip_seissel_Dotrscina-300x211.jpg 300w\" sizes=\"auto, (max-width: 669px) 100vw, 669px\" \/><\/a><\/dt>\n<dd class=\"wp-caption-dd\">Dotr\u0161\u010dina<\/dd>\n<\/dl>\n<\/div>\n<p style=\"text-align: justify;\">Donaciju Silvane Seissel \u010dine dvije velike tematske cjeline, od kojih se prva odnosi na likovne radove, dok drugu, broj\u010dano manju, \u010dine rje\u0161enja s podru\u010dja arhitekture i urbanizma nastala u razdoblju od gotovo pola stolje\u0107a. U dugogodi\u0161njoj karijeri dotaknuo se gotovo svih arhitektonskih i urbanisti\u010dkih zadataka. Kao pripadnik generacije arhitekata hrvatske moderne tijekom predratnog razdoblja rje\u0161ava natje\u010dajne zadatke zajedno s Josipom Pi\u010dmanom od kojih se posebno isti\u010de velika tematska cjelina Zakladnog bloka u Zagrebu. Poslije rata posve\u0107uje se primarno rje\u0161avanju urbanisti\u010dkih zadataka na teritoriju republika biv\u0161e dr\u017eave. Tematski raznoliki, projekti iz Donacije kre\u0107u se od urbanisti\u010dkih rje\u0161enja gradova \u010cakovca i Nik\u0161i\u0107a, Sveu\u010dili\u0161nog i Pionirskog grada, groblja u Novom Sadu i zagreba\u010dkog Miro\u0161evca, pa sve do parkovno skulpturalnog rje\u0161enja spomen podru\u010dja Dotr\u0161\u010dine.<\/p>\n<p style=\"text-align: justify;\">Ovom izlo\u017ebom prvi se put javnosti predstavlja izbor iz arhitektonskog segmenta zbirke. Donacija Silvane Seissel umjetni\u010dka je zbirka u vlasni\u0161tvu Grada Zagreba koja je od 1993. godine pohranjena u Muzeju suvremene umjetnosti prema izri\u010ditoj \u017eelji Josipa Seissela. Radove je Muzeju predala njegova supruga Silvana Seissel po kojoj donacija i nosi ime.<\/p>\n<p style=\"text-align: justify;\">Kustosica: Ivana Kancir<\/p>\n<p style=\"text-align: justify;\">[izvor informacije <strong><a href=\"http:\/\/www.msu.hr\/\">Muzej suvremene umjetnosti<\/a><\/strong>]<\/p>\n<div id=\"fb_share_1\" style=\"float: right; margin-left: 10px;\"><a name=\"fb_share\" type=\"box_count\" share_url=\"http:\/\/film-mag.net\/wp\/?p=6149\" href=\"http:\/\/www.facebook.com\/sharer.php\">Share<\/a><\/div><div><script src=\"http:\/\/static.ak.fbcdn.net\/connect.php\/js\/FB.Share\" type=\"text\/javascript\"><\/script><\/div><div style=\"clear:both\"><\/div>","protected":false},"excerpt":{"rendered":"<p>JOSIP SEISSEL: IZ ARHITEKTONSKE OSTAV\u0160TINE NO galerija, 10. 1. \u2013 27. 1. 2013. Ostav\u0161tina arhitekta, urbanista, slikara i pedagoga Josipa Seissela obuhva\u0107a sve njegove va\u017enije faze i umjetni\u010dke preokupacije od 20-ih godina \u017eivota sve do autorove smrti 1987. godine. Dotr\u0161\u010dina Donaciju Silvane Seissel \u010dine dvije velike tematske cjeline, od kojih se prva odnosi na likovne [&hellip;]<\/p>\n","protected":false},"author":8,"featured_media":6150,"comment_status":"closed","ping_status":"closed","sticky":false,"template":"","format":"standard","meta":{"_et_pb_use_builder":"","_et_pb_old_content":"","_et_gb_content_width":"","_editorskit_title_hidden":false,"_editorskit_reading_time":0,"_editorskit_is_block_options_detached":false,"_editorskit_block_options_position":"{}","footnotes":""},"categories":[64,170,13],"tags":[131,142,1223,1222,154],"class_list":["post-6149","post","type-post","status-publish","format-standard","has-post-thumbnail","hentry","category-izlozbe","category-kalendar","category-likovnost","tag-arhitektura","tag-izlozbe-2","tag-josip-seissel","tag-msu","tag-muzej-suvremene-umjetnosti"],"yoast_head":"<!-- This site is optimized with the Yoast SEO plugin v24.6 - https:\/\/yoast.com\/wordpress\/plugins\/seo\/ -->\n<title>Josip Seissel: Iz arhitektonske ostav\u0161tine u NO Galeriji - FILM-mag.net<\/title>\n<meta name=\"robots\" content=\"index, follow, max-snippet:-1, max-image-preview:large, max-video-preview:-1\" \/>\n<link rel=\"canonical\" href=\"http:\/\/film-mag.net\/wp\/?p=6149\" \/>\n<meta property=\"og:locale\" content=\"en_US\" \/>\n<meta property=\"og:type\" content=\"article\" \/>\n<meta property=\"og:title\" content=\"Josip Seissel: Iz arhitektonske ostav\u0161tine u NO Galeriji - FILM-mag.net\" \/>\n<meta property=\"og:description\" content=\"JOSIP SEISSEL: IZ ARHITEKTONSKE OSTAV\u0160TINE NO galerija, 10. 1. \u2013 27. 1. 2013. Ostav\u0161tina arhitekta, urbanista, slikara i pedagoga Josipa Seissela obuhva\u0107a sve njegove va\u017enije faze i umjetni\u010dke preokupacije od 20-ih godina \u017eivota sve do autorove smrti 1987. godine. Dotr\u0161\u010dina Donaciju Silvane Seissel \u010dine dvije velike tematske cjeline, od kojih se prva odnosi na likovne [&hellip;]\" \/>\n<meta property=\"og:url\" content=\"http:\/\/film-mag.net\/wp\/?p=6149\" \/>\n<meta property=\"og:site_name\" content=\"FILM-mag.net\" \/>\n<meta property=\"article:published_time\" content=\"2013-01-07T21:31:54+00:00\" \/>\n<meta property=\"og:image\" content=\"http:\/\/film-mag.net\/wp\/wp-content\/uploads\/2013\/01\/msu_josip_seissel_Dotrscina.jpg\" \/>\n\t<meta property=\"og:image:width\" content=\"669\" \/>\n\t<meta property=\"og:image:height\" content=\"471\" \/>\n\t<meta property=\"og:image:type\" content=\"image\/jpeg\" \/>\n<meta name=\"author\" content=\"PRESS\" \/>\n<meta name=\"twitter:card\" content=\"summary_large_image\" \/>\n<meta name=\"twitter:label1\" content=\"Written by\" \/>\n\t<meta name=\"twitter:data1\" content=\"PRESS\" \/>\n\t<meta name=\"twitter:label2\" content=\"Est. reading time\" \/>\n\t<meta name=\"twitter:data2\" content=\"1 minute\" \/>\n<script type=\"application\/ld+json\" class=\"yoast-schema-graph\">{\"@context\":\"https:\/\/schema.org\",\"@graph\":[{\"@type\":\"WebPage\",\"@id\":\"http:\/\/film-mag.net\/wp\/?p=6149\",\"url\":\"http:\/\/film-mag.net\/wp\/?p=6149\",\"name\":\"Josip Seissel: Iz arhitektonske ostav\u0161tine u NO Galeriji - FILM-mag.net\",\"isPartOf\":{\"@id\":\"http:\/\/film-mag.net\/wp\/#website\"},\"primaryImageOfPage\":{\"@id\":\"http:\/\/film-mag.net\/wp\/?p=6149#primaryimage\"},\"image\":{\"@id\":\"http:\/\/film-mag.net\/wp\/?p=6149#primaryimage\"},\"thumbnailUrl\":\"http:\/\/film-mag.net\/wp\/wp-content\/uploads\/2013\/01\/msu_josip_seissel_Dotrscina.jpg\",\"datePublished\":\"2013-01-07T21:31:54+00:00\",\"author\":{\"@id\":\"http:\/\/film-mag.net\/wp\/#\/schema\/person\/a8dd3a5b76a5bbde974e03510a205c2f\"},\"breadcrumb\":{\"@id\":\"http:\/\/film-mag.net\/wp\/?p=6149#breadcrumb\"},\"inLanguage\":\"en-US\",\"potentialAction\":[{\"@type\":\"ReadAction\",\"target\":[\"http:\/\/film-mag.net\/wp\/?p=6149\"]}]},{\"@type\":\"ImageObject\",\"inLanguage\":\"en-US\",\"@id\":\"http:\/\/film-mag.net\/wp\/?p=6149#primaryimage\",\"url\":\"http:\/\/film-mag.net\/wp\/wp-content\/uploads\/2013\/01\/msu_josip_seissel_Dotrscina.jpg\",\"contentUrl\":\"http:\/\/film-mag.net\/wp\/wp-content\/uploads\/2013\/01\/msu_josip_seissel_Dotrscina.jpg\",\"width\":\"669\",\"height\":\"471\",\"caption\":\"Dotr\u0161\u010dina\"},{\"@type\":\"BreadcrumbList\",\"@id\":\"http:\/\/film-mag.net\/wp\/?p=6149#breadcrumb\",\"itemListElement\":[{\"@type\":\"ListItem\",\"position\":1,\"name\":\"Home\",\"item\":\"http:\/\/film-mag.net\/wp\/\"},{\"@type\":\"ListItem\",\"position\":2,\"name\":\"Josip Seissel: Iz arhitektonske ostav\u0161tine u NO Galeriji\"}]},{\"@type\":\"WebSite\",\"@id\":\"http:\/\/film-mag.net\/wp\/#website\",\"url\":\"http:\/\/film-mag.net\/wp\/\",\"name\":\"FILM-mag.net\",\"description\":\"Prvi hrvatski portal o filmu i filmu bliskim podru\u010djima kulture\",\"potentialAction\":[{\"@type\":\"SearchAction\",\"target\":{\"@type\":\"EntryPoint\",\"urlTemplate\":\"http:\/\/film-mag.net\/wp\/?s={search_term_string}\"},\"query-input\":{\"@type\":\"PropertyValueSpecification\",\"valueRequired\":true,\"valueName\":\"search_term_string\"}}],\"inLanguage\":\"en-US\"},{\"@type\":\"Person\",\"@id\":\"http:\/\/film-mag.net\/wp\/#\/schema\/person\/a8dd3a5b76a5bbde974e03510a205c2f\",\"name\":\"PRESS\",\"image\":{\"@type\":\"ImageObject\",\"inLanguage\":\"en-US\",\"@id\":\"http:\/\/film-mag.net\/wp\/#\/schema\/person\/image\/\",\"url\":\"https:\/\/secure.gravatar.com\/avatar\/bf4ab1626f485b36c4f3650b1d351839?s=96&d=mm&r=g\",\"contentUrl\":\"https:\/\/secure.gravatar.com\/avatar\/bf4ab1626f485b36c4f3650b1d351839?s=96&d=mm&r=g\",\"caption\":\"PRESS\"},\"url\":\"http:\/\/film-mag.net\/wp\/?author=8\"}]}<\/script>\n<!-- \/ Yoast SEO plugin. -->","yoast_head_json":{"title":"Josip Seissel: Iz arhitektonske ostav\u0161tine u NO Galeriji - FILM-mag.net","robots":{"index":"index","follow":"follow","max-snippet":"max-snippet:-1","max-image-preview":"max-image-preview:large","max-video-preview":"max-video-preview:-1"},"canonical":"http:\/\/film-mag.net\/wp\/?p=6149","og_locale":"en_US","og_type":"article","og_title":"Josip Seissel: Iz arhitektonske ostav\u0161tine u NO Galeriji - FILM-mag.net","og_description":"JOSIP SEISSEL: IZ ARHITEKTONSKE OSTAV\u0160TINE NO galerija, 10. 1. \u2013 27. 1. 2013. Ostav\u0161tina arhitekta, urbanista, slikara i pedagoga Josipa Seissela obuhva\u0107a sve njegove va\u017enije faze i umjetni\u010dke preokupacije od 20-ih godina \u017eivota sve do autorove smrti 1987. godine. Dotr\u0161\u010dina Donaciju Silvane Seissel \u010dine dvije velike tematske cjeline, od kojih se prva odnosi na likovne [&hellip;]","og_url":"http:\/\/film-mag.net\/wp\/?p=6149","og_site_name":"FILM-mag.net","article_published_time":"2013-01-07T21:31:54+00:00","og_image":[{"width":669,"height":471,"url":"http:\/\/film-mag.net\/wp\/wp-content\/uploads\/2013\/01\/msu_josip_seissel_Dotrscina.jpg","type":"image\/jpeg"}],"author":"PRESS","twitter_card":"summary_large_image","twitter_misc":{"Written by":"PRESS","Est. reading time":"1 minute"},"schema":{"@context":"https:\/\/schema.org","@graph":[{"@type":"WebPage","@id":"http:\/\/film-mag.net\/wp\/?p=6149","url":"http:\/\/film-mag.net\/wp\/?p=6149","name":"Josip Seissel: Iz arhitektonske ostav\u0161tine u NO Galeriji - FILM-mag.net","isPartOf":{"@id":"http:\/\/film-mag.net\/wp\/#website"},"primaryImageOfPage":{"@id":"http:\/\/film-mag.net\/wp\/?p=6149#primaryimage"},"image":{"@id":"http:\/\/film-mag.net\/wp\/?p=6149#primaryimage"},"thumbnailUrl":"http:\/\/film-mag.net\/wp\/wp-content\/uploads\/2013\/01\/msu_josip_seissel_Dotrscina.jpg","datePublished":"2013-01-07T21:31:54+00:00","author":{"@id":"http:\/\/film-mag.net\/wp\/#\/schema\/person\/a8dd3a5b76a5bbde974e03510a205c2f"},"breadcrumb":{"@id":"http:\/\/film-mag.net\/wp\/?p=6149#breadcrumb"},"inLanguage":"en-US","potentialAction":[{"@type":"ReadAction","target":["http:\/\/film-mag.net\/wp\/?p=6149"]}]},{"@type":"ImageObject","inLanguage":"en-US","@id":"http:\/\/film-mag.net\/wp\/?p=6149#primaryimage","url":"http:\/\/film-mag.net\/wp\/wp-content\/uploads\/2013\/01\/msu_josip_seissel_Dotrscina.jpg","contentUrl":"http:\/\/film-mag.net\/wp\/wp-content\/uploads\/2013\/01\/msu_josip_seissel_Dotrscina.jpg","width":"669","height":"471","caption":"Dotr\u0161\u010dina"},{"@type":"BreadcrumbList","@id":"http:\/\/film-mag.net\/wp\/?p=6149#breadcrumb","itemListElement":[{"@type":"ListItem","position":1,"name":"Home","item":"http:\/\/film-mag.net\/wp\/"},{"@type":"ListItem","position":2,"name":"Josip Seissel: Iz arhitektonske ostav\u0161tine u NO Galeriji"}]},{"@type":"WebSite","@id":"http:\/\/film-mag.net\/wp\/#website","url":"http:\/\/film-mag.net\/wp\/","name":"FILM-mag.net","description":"Prvi hrvatski portal o filmu i filmu bliskim podru\u010djima kulture","potentialAction":[{"@type":"SearchAction","target":{"@type":"EntryPoint","urlTemplate":"http:\/\/film-mag.net\/wp\/?s={search_term_string}"},"query-input":{"@type":"PropertyValueSpecification","valueRequired":true,"valueName":"search_term_string"}}],"inLanguage":"en-US"},{"@type":"Person","@id":"http:\/\/film-mag.net\/wp\/#\/schema\/person\/a8dd3a5b76a5bbde974e03510a205c2f","name":"PRESS","image":{"@type":"ImageObject","inLanguage":"en-US","@id":"http:\/\/film-mag.net\/wp\/#\/schema\/person\/image\/","url":"https:\/\/secure.gravatar.com\/avatar\/bf4ab1626f485b36c4f3650b1d351839?s=96&d=mm&r=g","contentUrl":"https:\/\/secure.gravatar.com\/avatar\/bf4ab1626f485b36c4f3650b1d351839?s=96&d=mm&r=g","caption":"PRESS"},"url":"http:\/\/film-mag.net\/wp\/?author=8"}]}},"_links":{"self":[{"href":"http:\/\/film-mag.net\/wp\/index.php?rest_route=\/wp\/v2\/posts\/6149","targetHints":{"allow":["GET"]}}],"collection":[{"href":"http:\/\/film-mag.net\/wp\/index.php?rest_route=\/wp\/v2\/posts"}],"about":[{"href":"http:\/\/film-mag.net\/wp\/index.php?rest_route=\/wp\/v2\/types\/post"}],"author":[{"embeddable":true,"href":"http:\/\/film-mag.net\/wp\/index.php?rest_route=\/wp\/v2\/users\/8"}],"replies":[{"embeddable":true,"href":"http:\/\/film-mag.net\/wp\/index.php?rest_route=%2Fwp%2Fv2%2Fcomments&post=6149"}],"version-history":[{"count":2,"href":"http:\/\/film-mag.net\/wp\/index.php?rest_route=\/wp\/v2\/posts\/6149\/revisions"}],"predecessor-version":[{"id":6152,"href":"http:\/\/film-mag.net\/wp\/index.php?rest_route=\/wp\/v2\/posts\/6149\/revisions\/6152"}],"wp:featuredmedia":[{"embeddable":true,"href":"http:\/\/film-mag.net\/wp\/index.php?rest_route=\/wp\/v2\/media\/6150"}],"wp:attachment":[{"href":"http:\/\/film-mag.net\/wp\/index.php?rest_route=%2Fwp%2Fv2%2Fmedia&parent=6149"}],"wp:term":[{"taxonomy":"category","embeddable":true,"href":"http:\/\/film-mag.net\/wp\/index.php?rest_route=%2Fwp%2Fv2%2Fcategories&post=6149"},{"taxonomy":"post_tag","embeddable":true,"href":"http:\/\/film-mag.net\/wp\/index.php?rest_route=%2Fwp%2Fv2%2Ftags&post=6149"}],"curies":[{"name":"wp","href":"https:\/\/api.w.org\/{rel}","templated":true}]}}