{"id":60644,"date":"2026-01-13T11:01:33","date_gmt":"2026-01-13T10:01:33","guid":{"rendered":"http:\/\/film-mag.net\/wp\/?p=60644"},"modified":"2026-01-13T11:01:33","modified_gmt":"2026-01-13T10:01:33","slug":"ciklus-svjetskog-filma-i-kulture-u-karlovcu","status":"publish","type":"post","link":"http:\/\/film-mag.net\/wp\/?p=60644","title":{"rendered":"Ciklus svjetskog filma i kulture u Karlovcu"},"content":{"rendered":"<p style=\"text-align: justify;\"><strong>Ciklus svjetskog filma i kulture u 2026. godini u karlova\u010dkom <strong><a href=\" https:\/\/kino-edison.hr\/ \" target=\"_blank\" rel=\"noopener noreferrer\">kinu Edison<\/a><\/strong> otvara Mjesec srednjoeuropskog filma i kulture u kojem gostuju Austrija, Slovenija i Ma\u0111arska.<\/strong><\/p>\n<p style=\"text-align: justify;\">Zahvaljujemo veleposlanstvima Republike Austrije, Republike Slovenije i Ma\u0111arske, kao i Institutu Liszt \u2013 Ma\u0111arskom kulturnom centru te Austrijskom kulturnom forumu na sudjelovanju i podr\u0161ci u organizaciji programa.<\/p>\n<p style=\"text-align: justify;\"><img decoding=\"async\" style=\"border: none; width: 100%;\" src=\" https:\/\/media.themoviedb.org\/t\/p\/w1066_and_h600_face\/di9M6ncpVNoaYJtPO6VsGNKDn8y.jpg \" \/><\/p>\n<p style=\"text-align: justify;\">Fotografiju ustupio <strong><a href=\" https:\/\/www.themoviedb.org\/movie\/1240422-what-a-feeling \" target=\"_blank\" rel=\"noopener noreferrer\"> TMDB<\/a><\/strong> &#8211; What a Feeling (2024)<\/p>\n<p style=\"text-align: justify;\">Pokrovitelj Ciklusa svjetskog filma i kulture je Hrvatski audiovizualni centar (HAVC).<\/p>\n<p style=\"text-align: justify;\">Sve projekcije su besplatne, uz obavezno preuzimanje ulaznica na blagajni Kina ili online.<\/p>\n<p style=\"text-align: justify;\"><strong>UTORAK, 13.01.2026. (Austrija)<\/strong><\/p>\n<p style=\"text-align: justify;\">18:30 Otvorenje Mjeseca srednjoeuropskog filma i kulture \u2013 dru\u017eenje uz degustaciju austrijskog vina<\/p>\n<p style=\"text-align: justify;\">19:00 Kakav osje\u0107aj (2024.), romanti\u010dna komedija, 110 min<br \/>\nLjubav izme\u0111u kultura i konvencija: ne postoji pravi put za Marie Theres i Fa. Iskrena i pametna romanti\u010dna komedija o dvjema sredovje\u010dnim \u017eenama koje odbijaju biti gurnute na marginu \u017eivota.<\/p>\n<p style=\"text-align: justify;\"><strong>UTORAK, 20.01.2026. (Slovenija)<\/strong><\/p>\n<p style=\"text-align: justify;\">18:30 Otvorenje izlo\u017ebe \u201eI Feel Slovenia. I feel Culture.\u201c<\/p>\n<p style=\"text-align: justify;\">Fotografska izlo\u017eba \u201eI Feel Slovenia. I Feel Culture.\u201c prikazuje bogatu kulturnu ba\u0161tinu Slovenije. Fotografije renomiranih slovenskih fotografa predstavlja kulturnu raznolikost Slovenije. Izlo\u017eba je dio zajedni\u010dkih aktivnosti povodom godine europske kulturne ba\u0161tine (2018.). Postavljena je dvojezi\u010dno, na hrvatskom i na slovenskom jeziku.<\/p>\n<p style=\"text-align: justify;\">19:00 Obiteljska terapija (2024.), komedija, drama, 122 min<br \/>\nNakon projekcije odr\u017eat \u0107e se razgovor o filmu na kojem \u0107e sudjelovati glumica Judita Frankovi\u0107 Brdar.<br \/>\nMladi stranac Julien ulazi u naizgled savr\u0161enu slovensku obitelj, \u010dija prisutnost naru\u0161ava krhku obiteljsku ravnote\u017eu i otkriva pukotine u njihovoj pa\u017eljivo \u010duvanoj fasadi.<\/p>\n<p style=\"text-align: justify;\"><strong>UTORAK, 27.01.2026. (Ma\u0111arska)<\/strong><\/p>\n<p style=\"text-align: justify;\">19:00 Kako bih mogao \u017eivjeti bez tebe (2024.), romanti\u010dna komedija, 105 min<br \/>\nRadnja filma prati sada\u0161njost i pro\u0161lost. U sada\u0161njosti, glavna junakinja Lili u roditeljskom stanu pronalazi stara ljubavna pisma i dnevnik svoje majke. Kada ih po\u010dne \u010ditati, pro\u0161lost o\u017eivi pred njenim o\u010dima i pri\u010da nas vodi u rane 1990-e, ljeto na jezeru Balaton, gdje se njezina majka Eszter s prijateljicama nalazi na odmoru. Eszter je planirala ostati vjerna svom tada\u0161njem de\u010dku, ali njezini planovi se poremete kada upozna simpati\u010dnog gitarista iz glazbene grupe \u0161to pokrene lanac doga\u0111aja pun ljubavi, zabune, strasti i glazbe. Film tematizira ljubav, slobodu, mladena\u010dku impulzivnost i \u017eudnju za \u017eivotom, sve u atmosferi nostalgi\u010dne glazbe i ljeta na Balatonu.<\/p>\n<p style=\"text-align: justify;\">[izvor informacije <strong><a href=\" https:\/\/kulturforum-zagreb.org\/ \" target=\"_blank\" rel=\"noopener noreferrer\">Austrijski kulturni forum<\/a><\/strong>]<\/p>\n<p style=\"text-align: justify;\"><iframe loading=\"lazy\" style=\"border: none; overflow: hidden;\" src=\"https:\/\/www.facebook.com\/plugins\/post.php?href=https%3A%2F%2Fwww.facebook.com%2FFILMmagnet%2Fposts%2Fpfbid0EoE6LqiBBXQy1d7Rx9AgMugA8NR2twPaZubk49X7aFPnZWeKPQJJppxCwJfSoqMFl&amp;show_text=true&amp;width=500\" width=\"500\" height=\"394\" frameborder=\"0\" scrolling=\"no\" allowfullscreen=\"allowfullscreen\"><\/iframe><\/p>\n<div id=\"fb_share_1\" style=\"float: right; margin-left: 10px;\"><a name=\"fb_share\" type=\"box_count\" share_url=\"http:\/\/film-mag.net\/wp\/?p=60644\" href=\"http:\/\/www.facebook.com\/sharer.php\">Share<\/a><\/div><div><script src=\"http:\/\/static.ak.fbcdn.net\/connect.php\/js\/FB.Share\" type=\"text\/javascript\"><\/script><\/div><div style=\"clear:both\"><\/div>","protected":false},"excerpt":{"rendered":"<p>Ciklus svjetskog filma i kulture u 2026. godini u karlova\u010dkom kinu Edison otvara Mjesec srednjoeuropskog filma i kulture u kojem gostuju Austrija, Slovenija i Ma\u0111arska. Zahvaljujemo veleposlanstvima Republike Austrije, Republike Slovenije i Ma\u0111arske, kao i Institutu Liszt \u2013 Ma\u0111arskom kulturnom centru te Austrijskom kulturnom forumu na sudjelovanju i podr\u0161ci u organizaciji programa. Fotografiju ustupio TMDB [&hellip;]<\/p>\n","protected":false},"author":8,"featured_media":0,"comment_status":"closed","ping_status":"closed","sticky":false,"template":"","format":"standard","meta":{"_et_pb_use_builder":"","_et_pb_old_content":"","_et_gb_content_width":"","_editorskit_title_hidden":false,"_editorskit_reading_time":0,"_editorskit_is_block_options_detached":false,"_editorskit_block_options_position":"{}","footnotes":""},"categories":[9,21,17050],"tags":[],"class_list":["post-60644","post","type-post","status-publish","format-standard","hentry","category-film","category-filmske-novosti","category-press"],"yoast_head":"<!-- This site is optimized with the Yoast SEO plugin v24.6 - https:\/\/yoast.com\/wordpress\/plugins\/seo\/ -->\n<title>Ciklus svjetskog filma i kulture u Karlovcu - FILM-mag.net<\/title>\n<meta name=\"robots\" content=\"index, follow, max-snippet:-1, max-image-preview:large, max-video-preview:-1\" \/>\n<link rel=\"canonical\" href=\"http:\/\/film-mag.net\/wp\/?p=60644\" \/>\n<meta property=\"og:locale\" content=\"en_US\" \/>\n<meta property=\"og:type\" content=\"article\" \/>\n<meta property=\"og:title\" content=\"Ciklus svjetskog filma i kulture u Karlovcu - FILM-mag.net\" \/>\n<meta property=\"og:description\" content=\"Ciklus svjetskog filma i kulture u 2026. godini u karlova\u010dkom kinu Edison otvara Mjesec srednjoeuropskog filma i kulture u kojem gostuju Austrija, Slovenija i Ma\u0111arska. Zahvaljujemo veleposlanstvima Republike Austrije, Republike Slovenije i Ma\u0111arske, kao i Institutu Liszt \u2013 Ma\u0111arskom kulturnom centru te Austrijskom kulturnom forumu na sudjelovanju i podr\u0161ci u organizaciji programa. Fotografiju ustupio TMDB [&hellip;]\" \/>\n<meta property=\"og:url\" content=\"http:\/\/film-mag.net\/wp\/?p=60644\" \/>\n<meta property=\"og:site_name\" content=\"FILM-mag.net\" \/>\n<meta property=\"article:published_time\" content=\"2026-01-13T10:01:33+00:00\" \/>\n<meta name=\"author\" content=\"PRESS\" \/>\n<meta name=\"twitter:card\" content=\"summary_large_image\" \/>\n<meta name=\"twitter:label1\" content=\"Written by\" \/>\n\t<meta name=\"twitter:data1\" content=\"PRESS\" \/>\n\t<meta name=\"twitter:label2\" content=\"Est. reading time\" \/>\n\t<meta name=\"twitter:data2\" content=\"2 minutes\" \/>\n<script type=\"application\/ld+json\" class=\"yoast-schema-graph\">{\"@context\":\"https:\/\/schema.org\",\"@graph\":[{\"@type\":\"WebPage\",\"@id\":\"http:\/\/film-mag.net\/wp\/?p=60644\",\"url\":\"http:\/\/film-mag.net\/wp\/?p=60644\",\"name\":\"Ciklus svjetskog filma i kulture u Karlovcu - FILM-mag.net\",\"isPartOf\":{\"@id\":\"http:\/\/film-mag.net\/wp\/#website\"},\"datePublished\":\"2026-01-13T10:01:33+00:00\",\"author\":{\"@id\":\"http:\/\/film-mag.net\/wp\/#\/schema\/person\/a8dd3a5b76a5bbde974e03510a205c2f\"},\"breadcrumb\":{\"@id\":\"http:\/\/film-mag.net\/wp\/?p=60644#breadcrumb\"},\"inLanguage\":\"en-US\",\"potentialAction\":[{\"@type\":\"ReadAction\",\"target\":[\"http:\/\/film-mag.net\/wp\/?p=60644\"]}]},{\"@type\":\"BreadcrumbList\",\"@id\":\"http:\/\/film-mag.net\/wp\/?p=60644#breadcrumb\",\"itemListElement\":[{\"@type\":\"ListItem\",\"position\":1,\"name\":\"Home\",\"item\":\"http:\/\/film-mag.net\/wp\/\"},{\"@type\":\"ListItem\",\"position\":2,\"name\":\"Ciklus svjetskog filma i kulture u Karlovcu\"}]},{\"@type\":\"WebSite\",\"@id\":\"http:\/\/film-mag.net\/wp\/#website\",\"url\":\"http:\/\/film-mag.net\/wp\/\",\"name\":\"FILM-mag.net\",\"description\":\"Prvi hrvatski portal o filmu i filmu bliskim podru\u010djima kulture\",\"potentialAction\":[{\"@type\":\"SearchAction\",\"target\":{\"@type\":\"EntryPoint\",\"urlTemplate\":\"http:\/\/film-mag.net\/wp\/?s={search_term_string}\"},\"query-input\":{\"@type\":\"PropertyValueSpecification\",\"valueRequired\":true,\"valueName\":\"search_term_string\"}}],\"inLanguage\":\"en-US\"},{\"@type\":\"Person\",\"@id\":\"http:\/\/film-mag.net\/wp\/#\/schema\/person\/a8dd3a5b76a5bbde974e03510a205c2f\",\"name\":\"PRESS\",\"image\":{\"@type\":\"ImageObject\",\"inLanguage\":\"en-US\",\"@id\":\"http:\/\/film-mag.net\/wp\/#\/schema\/person\/image\/\",\"url\":\"https:\/\/secure.gravatar.com\/avatar\/bf4ab1626f485b36c4f3650b1d351839?s=96&d=mm&r=g\",\"contentUrl\":\"https:\/\/secure.gravatar.com\/avatar\/bf4ab1626f485b36c4f3650b1d351839?s=96&d=mm&r=g\",\"caption\":\"PRESS\"},\"url\":\"http:\/\/film-mag.net\/wp\/?author=8\"}]}<\/script>\n<!-- \/ Yoast SEO plugin. -->","yoast_head_json":{"title":"Ciklus svjetskog filma i kulture u Karlovcu - FILM-mag.net","robots":{"index":"index","follow":"follow","max-snippet":"max-snippet:-1","max-image-preview":"max-image-preview:large","max-video-preview":"max-video-preview:-1"},"canonical":"http:\/\/film-mag.net\/wp\/?p=60644","og_locale":"en_US","og_type":"article","og_title":"Ciklus svjetskog filma i kulture u Karlovcu - FILM-mag.net","og_description":"Ciklus svjetskog filma i kulture u 2026. godini u karlova\u010dkom kinu Edison otvara Mjesec srednjoeuropskog filma i kulture u kojem gostuju Austrija, Slovenija i Ma\u0111arska. Zahvaljujemo veleposlanstvima Republike Austrije, Republike Slovenije i Ma\u0111arske, kao i Institutu Liszt \u2013 Ma\u0111arskom kulturnom centru te Austrijskom kulturnom forumu na sudjelovanju i podr\u0161ci u organizaciji programa. Fotografiju ustupio TMDB [&hellip;]","og_url":"http:\/\/film-mag.net\/wp\/?p=60644","og_site_name":"FILM-mag.net","article_published_time":"2026-01-13T10:01:33+00:00","author":"PRESS","twitter_card":"summary_large_image","twitter_misc":{"Written by":"PRESS","Est. reading time":"2 minutes"},"schema":{"@context":"https:\/\/schema.org","@graph":[{"@type":"WebPage","@id":"http:\/\/film-mag.net\/wp\/?p=60644","url":"http:\/\/film-mag.net\/wp\/?p=60644","name":"Ciklus svjetskog filma i kulture u Karlovcu - FILM-mag.net","isPartOf":{"@id":"http:\/\/film-mag.net\/wp\/#website"},"datePublished":"2026-01-13T10:01:33+00:00","author":{"@id":"http:\/\/film-mag.net\/wp\/#\/schema\/person\/a8dd3a5b76a5bbde974e03510a205c2f"},"breadcrumb":{"@id":"http:\/\/film-mag.net\/wp\/?p=60644#breadcrumb"},"inLanguage":"en-US","potentialAction":[{"@type":"ReadAction","target":["http:\/\/film-mag.net\/wp\/?p=60644"]}]},{"@type":"BreadcrumbList","@id":"http:\/\/film-mag.net\/wp\/?p=60644#breadcrumb","itemListElement":[{"@type":"ListItem","position":1,"name":"Home","item":"http:\/\/film-mag.net\/wp\/"},{"@type":"ListItem","position":2,"name":"Ciklus svjetskog filma i kulture u Karlovcu"}]},{"@type":"WebSite","@id":"http:\/\/film-mag.net\/wp\/#website","url":"http:\/\/film-mag.net\/wp\/","name":"FILM-mag.net","description":"Prvi hrvatski portal o filmu i filmu bliskim podru\u010djima kulture","potentialAction":[{"@type":"SearchAction","target":{"@type":"EntryPoint","urlTemplate":"http:\/\/film-mag.net\/wp\/?s={search_term_string}"},"query-input":{"@type":"PropertyValueSpecification","valueRequired":true,"valueName":"search_term_string"}}],"inLanguage":"en-US"},{"@type":"Person","@id":"http:\/\/film-mag.net\/wp\/#\/schema\/person\/a8dd3a5b76a5bbde974e03510a205c2f","name":"PRESS","image":{"@type":"ImageObject","inLanguage":"en-US","@id":"http:\/\/film-mag.net\/wp\/#\/schema\/person\/image\/","url":"https:\/\/secure.gravatar.com\/avatar\/bf4ab1626f485b36c4f3650b1d351839?s=96&d=mm&r=g","contentUrl":"https:\/\/secure.gravatar.com\/avatar\/bf4ab1626f485b36c4f3650b1d351839?s=96&d=mm&r=g","caption":"PRESS"},"url":"http:\/\/film-mag.net\/wp\/?author=8"}]}},"_links":{"self":[{"href":"http:\/\/film-mag.net\/wp\/index.php?rest_route=\/wp\/v2\/posts\/60644","targetHints":{"allow":["GET"]}}],"collection":[{"href":"http:\/\/film-mag.net\/wp\/index.php?rest_route=\/wp\/v2\/posts"}],"about":[{"href":"http:\/\/film-mag.net\/wp\/index.php?rest_route=\/wp\/v2\/types\/post"}],"author":[{"embeddable":true,"href":"http:\/\/film-mag.net\/wp\/index.php?rest_route=\/wp\/v2\/users\/8"}],"replies":[{"embeddable":true,"href":"http:\/\/film-mag.net\/wp\/index.php?rest_route=%2Fwp%2Fv2%2Fcomments&post=60644"}],"version-history":[{"count":1,"href":"http:\/\/film-mag.net\/wp\/index.php?rest_route=\/wp\/v2\/posts\/60644\/revisions"}],"predecessor-version":[{"id":60645,"href":"http:\/\/film-mag.net\/wp\/index.php?rest_route=\/wp\/v2\/posts\/60644\/revisions\/60645"}],"wp:attachment":[{"href":"http:\/\/film-mag.net\/wp\/index.php?rest_route=%2Fwp%2Fv2%2Fmedia&parent=60644"}],"wp:term":[{"taxonomy":"category","embeddable":true,"href":"http:\/\/film-mag.net\/wp\/index.php?rest_route=%2Fwp%2Fv2%2Fcategories&post=60644"},{"taxonomy":"post_tag","embeddable":true,"href":"http:\/\/film-mag.net\/wp\/index.php?rest_route=%2Fwp%2Fv2%2Ftags&post=60644"}],"curies":[{"name":"wp","href":"https:\/\/api.w.org\/{rel}","templated":true}]}}