{"id":60608,"date":"2026-01-06T21:33:26","date_gmt":"2026-01-06T20:33:26","guid":{"rendered":"https:\/\/film-mag.net\/wp\/?p=60608"},"modified":"2026-01-06T21:33:26","modified_gmt":"2026-01-06T20:33:26","slug":"in-memoriam-bela-tarr","status":"publish","type":"post","link":"http:\/\/film-mag.net\/wp\/?p=60608","title":{"rendered":"In Memoriam B\u00e9la Tarr"},"content":{"rendered":"<p style=\"text-align: justify;\"><strong>In Memoriam B\u00e9la Tarr\u00a0(1955-2026)<\/strong><br \/>\n<strong>Iconic Hungarian Filmmaker<\/strong> <strong>Dies at 70<\/strong><\/p>\n<p style=\"text-align: justify;\">It is with deep sorrow that the European Film Academy announces that the iconic Hungarian film director B\u00e9la Tarr passed away this morning after a long and serious illness.<\/p>\n<p style=\"text-align: justify;\"><img decoding=\"async\" style=\"border: none; width: 100%;\" src=\" https:\/\/www.europeanfilmacademy.org\/app\/uploads\/2026\/01\/bela-tarr-smoking.jpg \" \/><\/p>\n<p style=\"text-align: justify;\">Fotografiju ustupio <strong><a href=\" https:\/\/www.europeanfilmacademy.org\/mourning-bela-tarr\/ \" target=\"_blank\" rel=\"noopener noreferrer\"> The European Film Academy<\/a><\/strong><\/p>\n<p style=\"text-align: justify;\">The European Film Academy mourns an outstanding director and a\u00a0personality with a\u00a0strong political voice, who is not only deeply respected by\u00a0his colleagues but also celebrated by\u00a0audiences world-wide.<\/p>\n<p style=\"text-align: justify;\">The grieving family asks for the understanding of the press and the public and that they not be sought for a statement during these difficult days.<\/p>\n<p style=\"text-align: justify;\"><strong>About the European Film Academy:<\/strong><br \/>\nThe European Film Academy seeks to support and connect its 5,400 members and celebrates and promotes their work. Its aims are to share knowledge and to educate audiences of all ages about European cinema. Positioning itself as a leading organisation and facilitating crucial debates within the industry, the Academy strives to unite everyone who loves European cinema, culminating annually in the European Award Season and the European Film Awards, by including European film heritage in its portfolio and by expanding its focus on young audiences through the European Young Audience Award. <a href=\"https:\/\/steinbrennermueller.us8.list-manage.com\/track\/click?u=a497bd82db7105d95e1d11343&amp;id=ce7f1a581c&amp;e=f474eb1f98\" target=\"_blank\" rel=\"noopener\" data-saferedirecturl=\"https:\/\/www.google.com\/url?q=https:\/\/steinbrennermueller.us8.list-manage.com\/track\/click?u%3Da497bd82db7105d95e1d11343%26id%3Dce7f1a581c%26e%3Df474eb1f98&amp;source=gmail&amp;ust=1767788970908000&amp;usg=AOvVaw2Tsau5cF4uALAPkM_ZNbzX\">www.europeanfilmacademy.org<\/a><\/p>\n<p style=\"text-align: justify;\">[izvor informacije <strong><a href=\"https:\/\/www.europeanfilmacademy.org\/\" target=\"_blank\" rel=\"noopener noreferrer\"> European Film Academy<\/a><\/strong>]<\/p>\n<p><strong><a href=\" https:\/\/film-mag.net\/wp\/?p=30722 \" target=\"_blank\" rel=\"noopener noreferrer\"> B\u00c9LA TARR u Zagrebu, u Europi [pi\u0161e Ada Juki\u0107]<\/a><\/strong><\/p>\n<p><strong><a href=\" https:\/\/film-mag.net\/wp\/?p=30696 \" target=\"_blank\" rel=\"noopener noreferrer\"> B\u00e9la Tarr: SOTONSKI TANGO [osvrt Ada Juki\u0107]<\/a><\/strong><\/p>\n<p><strong><a href=\" https:\/\/film-mag.net\/wp\/?p=1888 \" target=\"_blank\" rel=\"noopener noreferrer\"> B\u00e9la Tarr u ADU &amp; Filmski Bauhaus u Dioklecijanovom gradu, osvrt Ada Juki\u0107<\/a><\/strong><\/p>\n<p style=\"text-align: justify;\"><iframe loading=\"lazy\" style=\"border: none; overflow: hidden;\" src=\"https:\/\/www.facebook.com\/plugins\/post.php?href=https%3A%2F%2Fwww.facebook.com%2FFILMmagnet%2Fposts%2Fpfbid02GTyvZJPXa3HK9QPMdPnnT5eYQu6pFeTLttWqE7QyC3HHK4gQju8uyTtFE1drd2SFl&amp;show_text=true&amp;width=500\" width=\"500\" height=\"590\" frameborder=\"0\" scrolling=\"no\" allowfullscreen=\"allowfullscreen\"><\/iframe><\/p>\n<div id=\"fb_share_1\" style=\"float: right; margin-left: 10px;\"><a name=\"fb_share\" type=\"box_count\" share_url=\"http:\/\/film-mag.net\/wp\/?p=60608\" href=\"http:\/\/www.facebook.com\/sharer.php\">Share<\/a><\/div><div><script src=\"http:\/\/static.ak.fbcdn.net\/connect.php\/js\/FB.Share\" type=\"text\/javascript\"><\/script><\/div><div style=\"clear:both\"><\/div>","protected":false},"excerpt":{"rendered":"<p>In Memoriam B\u00e9la Tarr\u00a0(1955-2026) Iconic Hungarian Filmmaker Dies at 70 It is with deep sorrow that the European Film Academy announces that the iconic Hungarian film director B\u00e9la Tarr passed away this morning after a long and serious illness. Fotografiju ustupio The European Film Academy The European Film Academy mourns an outstanding director and a\u00a0personality [&hellip;]<\/p>\n","protected":false},"author":8,"featured_media":0,"comment_status":"closed","ping_status":"closed","sticky":false,"template":"","format":"standard","meta":{"_et_pb_use_builder":"","_et_pb_old_content":"","_et_gb_content_width":"","_editorskit_title_hidden":false,"_editorskit_reading_time":0,"_editorskit_is_block_options_detached":false,"_editorskit_block_options_position":"{}","footnotes":""},"categories":[9,21,17050],"tags":[],"class_list":["post-60608","post","type-post","status-publish","format-standard","hentry","category-film","category-filmske-novosti","category-press"],"yoast_head":"<!-- This site is optimized with the Yoast SEO plugin v24.6 - https:\/\/yoast.com\/wordpress\/plugins\/seo\/ -->\n<title>In Memoriam B\u00e9la Tarr - FILM-mag.net<\/title>\n<meta name=\"robots\" content=\"index, follow, max-snippet:-1, max-image-preview:large, max-video-preview:-1\" \/>\n<link rel=\"canonical\" href=\"http:\/\/film-mag.net\/wp\/?p=60608\" \/>\n<meta property=\"og:locale\" content=\"en_US\" \/>\n<meta property=\"og:type\" content=\"article\" \/>\n<meta property=\"og:title\" content=\"In Memoriam B\u00e9la Tarr - FILM-mag.net\" \/>\n<meta property=\"og:description\" content=\"In Memoriam B\u00e9la Tarr\u00a0(1955-2026) Iconic Hungarian Filmmaker Dies at 70 It is with deep sorrow that the European Film Academy announces that the iconic Hungarian film director B\u00e9la Tarr passed away this morning after a long and serious illness. Fotografiju ustupio The European Film Academy The European Film Academy mourns an outstanding director and a\u00a0personality [&hellip;]\" \/>\n<meta property=\"og:url\" content=\"http:\/\/film-mag.net\/wp\/?p=60608\" \/>\n<meta property=\"og:site_name\" content=\"FILM-mag.net\" \/>\n<meta property=\"article:published_time\" content=\"2026-01-06T20:33:26+00:00\" \/>\n<meta name=\"author\" content=\"PRESS\" \/>\n<meta name=\"twitter:card\" content=\"summary_large_image\" \/>\n<meta name=\"twitter:label1\" content=\"Written by\" \/>\n\t<meta name=\"twitter:data1\" content=\"PRESS\" \/>\n\t<meta name=\"twitter:label2\" content=\"Est. reading time\" \/>\n\t<meta name=\"twitter:data2\" content=\"2 minutes\" \/>\n<script type=\"application\/ld+json\" class=\"yoast-schema-graph\">{\"@context\":\"https:\/\/schema.org\",\"@graph\":[{\"@type\":\"WebPage\",\"@id\":\"http:\/\/film-mag.net\/wp\/?p=60608\",\"url\":\"http:\/\/film-mag.net\/wp\/?p=60608\",\"name\":\"In Memoriam B\u00e9la Tarr - FILM-mag.net\",\"isPartOf\":{\"@id\":\"http:\/\/film-mag.net\/wp\/#website\"},\"datePublished\":\"2026-01-06T20:33:26+00:00\",\"author\":{\"@id\":\"http:\/\/film-mag.net\/wp\/#\/schema\/person\/a8dd3a5b76a5bbde974e03510a205c2f\"},\"breadcrumb\":{\"@id\":\"http:\/\/film-mag.net\/wp\/?p=60608#breadcrumb\"},\"inLanguage\":\"en-US\",\"potentialAction\":[{\"@type\":\"ReadAction\",\"target\":[\"http:\/\/film-mag.net\/wp\/?p=60608\"]}]},{\"@type\":\"BreadcrumbList\",\"@id\":\"http:\/\/film-mag.net\/wp\/?p=60608#breadcrumb\",\"itemListElement\":[{\"@type\":\"ListItem\",\"position\":1,\"name\":\"Home\",\"item\":\"http:\/\/film-mag.net\/wp\/\"},{\"@type\":\"ListItem\",\"position\":2,\"name\":\"In Memoriam B\u00e9la Tarr\"}]},{\"@type\":\"WebSite\",\"@id\":\"http:\/\/film-mag.net\/wp\/#website\",\"url\":\"http:\/\/film-mag.net\/wp\/\",\"name\":\"FILM-mag.net\",\"description\":\"Prvi hrvatski portal o filmu i filmu bliskim podru\u010djima kulture\",\"potentialAction\":[{\"@type\":\"SearchAction\",\"target\":{\"@type\":\"EntryPoint\",\"urlTemplate\":\"http:\/\/film-mag.net\/wp\/?s={search_term_string}\"},\"query-input\":{\"@type\":\"PropertyValueSpecification\",\"valueRequired\":true,\"valueName\":\"search_term_string\"}}],\"inLanguage\":\"en-US\"},{\"@type\":\"Person\",\"@id\":\"http:\/\/film-mag.net\/wp\/#\/schema\/person\/a8dd3a5b76a5bbde974e03510a205c2f\",\"name\":\"PRESS\",\"image\":{\"@type\":\"ImageObject\",\"inLanguage\":\"en-US\",\"@id\":\"http:\/\/film-mag.net\/wp\/#\/schema\/person\/image\/\",\"url\":\"https:\/\/secure.gravatar.com\/avatar\/bf4ab1626f485b36c4f3650b1d351839?s=96&d=mm&r=g\",\"contentUrl\":\"https:\/\/secure.gravatar.com\/avatar\/bf4ab1626f485b36c4f3650b1d351839?s=96&d=mm&r=g\",\"caption\":\"PRESS\"},\"url\":\"http:\/\/film-mag.net\/wp\/?author=8\"}]}<\/script>\n<!-- \/ Yoast SEO plugin. -->","yoast_head_json":{"title":"In Memoriam B\u00e9la Tarr - FILM-mag.net","robots":{"index":"index","follow":"follow","max-snippet":"max-snippet:-1","max-image-preview":"max-image-preview:large","max-video-preview":"max-video-preview:-1"},"canonical":"http:\/\/film-mag.net\/wp\/?p=60608","og_locale":"en_US","og_type":"article","og_title":"In Memoriam B\u00e9la Tarr - FILM-mag.net","og_description":"In Memoriam B\u00e9la Tarr\u00a0(1955-2026) Iconic Hungarian Filmmaker Dies at 70 It is with deep sorrow that the European Film Academy announces that the iconic Hungarian film director B\u00e9la Tarr passed away this morning after a long and serious illness. Fotografiju ustupio The European Film Academy The European Film Academy mourns an outstanding director and a\u00a0personality [&hellip;]","og_url":"http:\/\/film-mag.net\/wp\/?p=60608","og_site_name":"FILM-mag.net","article_published_time":"2026-01-06T20:33:26+00:00","author":"PRESS","twitter_card":"summary_large_image","twitter_misc":{"Written by":"PRESS","Est. reading time":"2 minutes"},"schema":{"@context":"https:\/\/schema.org","@graph":[{"@type":"WebPage","@id":"http:\/\/film-mag.net\/wp\/?p=60608","url":"http:\/\/film-mag.net\/wp\/?p=60608","name":"In Memoriam B\u00e9la Tarr - FILM-mag.net","isPartOf":{"@id":"http:\/\/film-mag.net\/wp\/#website"},"datePublished":"2026-01-06T20:33:26+00:00","author":{"@id":"http:\/\/film-mag.net\/wp\/#\/schema\/person\/a8dd3a5b76a5bbde974e03510a205c2f"},"breadcrumb":{"@id":"http:\/\/film-mag.net\/wp\/?p=60608#breadcrumb"},"inLanguage":"en-US","potentialAction":[{"@type":"ReadAction","target":["http:\/\/film-mag.net\/wp\/?p=60608"]}]},{"@type":"BreadcrumbList","@id":"http:\/\/film-mag.net\/wp\/?p=60608#breadcrumb","itemListElement":[{"@type":"ListItem","position":1,"name":"Home","item":"http:\/\/film-mag.net\/wp\/"},{"@type":"ListItem","position":2,"name":"In Memoriam B\u00e9la Tarr"}]},{"@type":"WebSite","@id":"http:\/\/film-mag.net\/wp\/#website","url":"http:\/\/film-mag.net\/wp\/","name":"FILM-mag.net","description":"Prvi hrvatski portal o filmu i filmu bliskim podru\u010djima kulture","potentialAction":[{"@type":"SearchAction","target":{"@type":"EntryPoint","urlTemplate":"http:\/\/film-mag.net\/wp\/?s={search_term_string}"},"query-input":{"@type":"PropertyValueSpecification","valueRequired":true,"valueName":"search_term_string"}}],"inLanguage":"en-US"},{"@type":"Person","@id":"http:\/\/film-mag.net\/wp\/#\/schema\/person\/a8dd3a5b76a5bbde974e03510a205c2f","name":"PRESS","image":{"@type":"ImageObject","inLanguage":"en-US","@id":"http:\/\/film-mag.net\/wp\/#\/schema\/person\/image\/","url":"https:\/\/secure.gravatar.com\/avatar\/bf4ab1626f485b36c4f3650b1d351839?s=96&d=mm&r=g","contentUrl":"https:\/\/secure.gravatar.com\/avatar\/bf4ab1626f485b36c4f3650b1d351839?s=96&d=mm&r=g","caption":"PRESS"},"url":"http:\/\/film-mag.net\/wp\/?author=8"}]}},"_links":{"self":[{"href":"http:\/\/film-mag.net\/wp\/index.php?rest_route=\/wp\/v2\/posts\/60608","targetHints":{"allow":["GET"]}}],"collection":[{"href":"http:\/\/film-mag.net\/wp\/index.php?rest_route=\/wp\/v2\/posts"}],"about":[{"href":"http:\/\/film-mag.net\/wp\/index.php?rest_route=\/wp\/v2\/types\/post"}],"author":[{"embeddable":true,"href":"http:\/\/film-mag.net\/wp\/index.php?rest_route=\/wp\/v2\/users\/8"}],"replies":[{"embeddable":true,"href":"http:\/\/film-mag.net\/wp\/index.php?rest_route=%2Fwp%2Fv2%2Fcomments&post=60608"}],"version-history":[{"count":1,"href":"http:\/\/film-mag.net\/wp\/index.php?rest_route=\/wp\/v2\/posts\/60608\/revisions"}],"predecessor-version":[{"id":60610,"href":"http:\/\/film-mag.net\/wp\/index.php?rest_route=\/wp\/v2\/posts\/60608\/revisions\/60610"}],"wp:attachment":[{"href":"http:\/\/film-mag.net\/wp\/index.php?rest_route=%2Fwp%2Fv2%2Fmedia&parent=60608"}],"wp:term":[{"taxonomy":"category","embeddable":true,"href":"http:\/\/film-mag.net\/wp\/index.php?rest_route=%2Fwp%2Fv2%2Fcategories&post=60608"},{"taxonomy":"post_tag","embeddable":true,"href":"http:\/\/film-mag.net\/wp\/index.php?rest_route=%2Fwp%2Fv2%2Ftags&post=60608"}],"curies":[{"name":"wp","href":"https:\/\/api.w.org\/{rel}","templated":true}]}}