{"id":60598,"date":"2026-01-06T11:26:26","date_gmt":"2026-01-06T10:26:26","guid":{"rendered":"https:\/\/film-mag.net\/wp\/?p=60598"},"modified":"2026-01-06T11:27:35","modified_gmt":"2026-01-06T10:27:35","slug":"11-pulica-u-kaputu-filmski-pocetak-godine-2026","status":"publish","type":"post","link":"http:\/\/film-mag.net\/wp\/?p=60598","title":{"rendered":"11. Pulica u kaputu &#8211; filmski po\u010detak godine 2026."},"content":{"rendered":"<p style=\"text-align: justify;\"><strong>11. Pulica u kaputu<\/strong> donosi nam devet premijernih i nagra\u0111ivanih filmova \u00a0europske kinematografije namijenjenih djeci, ali i odraslima. Dani dje\u010djeg filma ispunjeni su brojnim popratnim programima, a odr\u017eavaju se u Kinu Valli od 7. do 18. sije\u010dnja 2026.<\/p>\n<p style=\"text-align: justify;\"><strong>Filmski program,\u00a0premijere i\u00a0gostovanja<\/strong><\/p>\n<p style=\"text-align: justify;\">U srijedu, 7. sije\u010dnja 2026. u 17:30 sati otvara se filmski program 11. Pulice u kaputu, \u010dije su sve projekcije besplatne, a zapo\u010dinje hrvatskom premijerom danskog obiteljskog filma \u00a0<em><strong>Djeca iz Srebrne ulice<\/strong><\/em>\u00a0u 17:30 sati. \u010cetvero djece nakon nestanka majke \u017eivi po vlastitim pravilima u stanu bez odraslih. Kada\u00a0se ravnatelj \u0161kole po\u010dne raspitivati o njihovim uvijek odsutnim roditeljima, djeca smi\u0161ljaju plan kako izbje\u0107i dolazak socijalne slu\u017ebe i\u00a0mogu\u0107\u00a0odlazak u siroti\u0161te: zaposlit \u0107e dadilju!<\/p>\n<p style=\"text-align: justify;\"><img decoding=\"async\" style=\"border: none; width: 100%;\" src=\" https:\/\/media.themoviedb.org\/t\/p\/w1066_and_h600_face\/6TkSfFKda5SdlrKRfuAEWQSe0Qm.jpg \" \/><\/p>\n<p style=\"text-align: justify;\">Fotografiju ustupio <strong><a href=\" https:\/\/www.themoviedb.org\/movie\/1227608-bornene-fra-solvgade \" target=\"_blank\" rel=\"noopener noreferrer\"> TMDB<\/a><\/strong> &#8211; he Children of Silver Street (2024)<\/p>\n<p style=\"text-align: justify;\">Francuski pustolovni animirani film \u00a0<strong><em>Tajna ptice pjevice<\/em><\/strong>\u00a0prikazujemo\u00a0u \u010detvrtak,\u00a08. sije\u010dnja u 10 sati, a donosi nam pri\u010du o devetogodi\u0161njoj Lucie koja sti\u017ee u\u00a0Bectoile\u00a0na odmor u grad u kojem je odrasla njezina majka te ne sluti kakve je pustolovine o\u010dekuju! Dok njezina majka Caroline vodi arheolo\u0161ka istra\u017eivanja sa svojim kolegom\u00a0Pierrotom,\u00a0Lucie\u00a0uz pomo\u0107 svog novog prijatelja\u00a0Yanna\u00a0i posebnog para ptica pjevica istra\u017euje tajne svoje obiteljske pri\u010de. Od podzemlja ru\u0161evnog dvorca do kampera parkiranog na rubu \u0161ume, ova avantura vodi ih od neobi\u010dnih iznena\u0111enja do fantasti\u010dnih otkri\u0107a! Ova nagra\u0111ivana animacija hrvatska je premijera.<\/p>\n<p style=\"text-align: justify;\">Jedanaestogodi\u0161nja\u00a0Meissy\u00a0<wbr \/>presretna je kada se njezin otac ponovno pojavi u gradu nakon godina odsutnosti. Protiv maj\u010dine volje, potajno ga tra\u017ei i o\u010darava se njegovim \u017eivahnim \u017eivotom lutalice, punim ma\u0161te, origami \u017edralova i izvanrednih susreta.\u00a0Na razigran i le\u017eeran na\u010din, nizozemski obiteljski film\u00a0<strong><em>Kralj lutalica<\/em><\/strong>\u00a0doti\u010de se bitnih tema poput \u00a0besku\u0107ni\u0161tva, siroma\u0161tva i mentalne ranjivosti. Nakon filma odr\u017eat \u0107e se razgovor s predstavnicama Udruge AjA. Film u Puli ima svoju me\u0111unarodnu premijeru, a\u00a0na programu je u \u010detvrtak,\u00a08. sije\u010dnja u 17:30 sati.<\/p>\n<p style=\"text-align: justify;\">Nizozemski film\u00a0<strong><em>Sloni\u0107 u \u0161umi\u00a0<\/em><\/strong>na rasporedu je\u00a0u petak, 9. sije\u010dnja u 10 sati, a govori o dvije sestre \u2013 Ollie i Nim. Kada se Ollie (6) i njezina sestra Nim (11) izgube u \u0161umi na putu prema obiteljskoj zabavi, Ollie se, kao i ina\u010de, osje\u0107a vrlo odgovornom za svoju stariju sestru s Downovim sindromom. Moraju sti\u0107i na vrijeme na bakinu ro\u0111endansku proslavu, a prepreke na putu samo iskrsavaju. Ollie u\u010di da ne mora sve raditi sama, ve\u0107 mora vjerovati da i Nim mo\u017ee prona\u0107i zajedni\u010dki izlaz iz nevolje! Filmu koji je osvojio srca najmla\u0111e publike ovo je hrvatska premijera.<\/p>\n<p style=\"text-align: justify;\">Vjerni pas Salto poma\u017ee dvanaestogodi\u0161njoj Tuni u prihva\u0107anju bratove smrti i maj\u010dine bolesti. Tuni shva\u0107a da je vrijeme dragocjeno pa stvara popis \u017eelja koje \u017eeli ostvariti. \u017deli plesati po ki\u0161i, prodavati bisere s prijateljima i nau\u010diti Salta da ne laje kako bi mogli oti\u0107i na odmor. Na dnu popisa nalazi se ne\u0161to \u0161to zahtijeva dodatnu hrabrost! Norve\u0161ki film\u00a0<strong><em>Mali psi glasno laju<\/em><\/strong>\u00a0prikazuje pri\u010du o hrabroj djevoj\u010dici koja se suo\u010dava s tugom i bole\u0161\u0107u, a istovremeno slavi \u017eivot i pokazuje koliko \u017eivotinje mogu pomo\u0107i da \u017eivimo s neugodnim emocijama. O stvarnosti koja obilje\u017eava Tuninu svakodnevicu rijetko se razgovara, ali se pre\u010desto \u017eivi te \u0107e se nakon projekcije odr\u017eati razgovor s gostima namijenjen djeci i roditeljima, odnosno odraslima koji se s djecom susre\u0107u u odgojno-obrazovnim procesima.\u00a0 Film ima svoju hrvatsku premijeru, a na programu je\u00a0u petak, 9.1. u 17:30 sati.<\/p>\n<p style=\"text-align: justify;\">Papalino je mala riba s velikom ma\u0161tom koja zabavlja prijatelje\u00a0nevjerojatnim\u00a0<wbr \/>pri\u010dama. Jednog dana Papalino se izgubi, no mo\u017ee li\u00a0mu\u00a0pripovijedanje\u00a0pomo\u0107i\u00a0da prona\u0111e pravi put?\u00a0Projekcija britanskog animiranog filma\u00a0<em><strong>Papalino \u2013 riba pri\u010dalica<\/strong><\/em>\u00a0koja je na rasporedu\u00a0u subotu, 10. sije\u010dnja u 11 sati\u00a0ujedno \u0107e biti i senzorna projekcija uz blago prigu\u0161ena svjetla i ti\u0161i zvuk filma. Senzorna projekcija realizirana je u suradnji sa Udrugom Metamedij i \u0160kolom za odgoj i obrazovanje Pula.<\/p>\n<p style=\"text-align: justify;\">Na projekciji ovog filma pridru\u017euje se i <em>Dje\u010dji odjel Gradske knji\u017enice i \u010ditaonice Pula<\/em> sa \u010ditanjem istoimene slikovnice autorice Julie\u00a0Donaldson i ilisutratora Axela Schefflera.<\/p>\n<p style=\"text-align: justify;\">Dvanaestogodi\u0161nja\u00a0Mira\u00a0voli umjetni\u010dke projekte i provodi sate sa svojim najboljim prijateljima Najom i Louisom. Sve se mijenja kada u razred jednoga dana do\u0111e nova u\u010denica koja vodi svoj video blog. Odjednom se Mira osje\u0107a isklju\u010deno i po\u010dinje se pitati mo\u017ee li ostati vjerna sebi, dok se \u010dini da se sve i svi oko nje mijenjaju. Treba li zanemariti svoje interese i umjesto toga poku\u0161ati biti vi\u0161e poput ostalih djevojaka u razredu? Film <strong><em>Mira <\/em><\/strong>hrvatska je premijera, a\u00a0na programu je u subotu, 10. sije\u010dnja u 17 sati.<\/p>\n<p style=\"text-align: justify;\">U nedjelju , 11. sije\u010dnja u 11 sati\u00a0na programu je film\u00a0<strong><em>Mala Amelie<\/em><\/strong>\u00a0koji govori o belgijskoj djevoj\u010dici ro\u0111enoj u Japanu gdje postoji vjerovanje da je dijete do tre\u0107e godine sli\u010dno bogovima. Na njezin tre\u0107i ro\u0111endan u Japan iz Belgije dolazi baka i jedan doga\u0111aj mijenja sve. Uz prijateljicu dadilju\u00a0Nishio-san, njezin \u017eivot donosi niz pustolovina kroz otkrivanje \u017eivotnih ljepota, radosti, ali i tuge. Film je nominiran za Europsku filmksu nagradu 2026. u kategoriji &#8220;Animirani\u00a0film&#8221;, a na Pulici\u00a0u kaputu ima svoju hrvatsku premijeru.<\/p>\n<p style=\"text-align: justify;\">Hrvatska premijera njema\u010dkog\u00a0obiteljskog\u00a0filma\u00a0<em><strong>Od sutra \u0107u biti hrabar<\/strong><\/em>\u00a0prikazuje se\u00a0 u nedjelju, 11. sije\u010dnja u 17 sati,\u00a0a\u00a0prati dvanaestogodi\u0161njeg Karla koji je zaljubljen u Leu, koja mijenja \u0161kolu. Impresionira je svojim fotografijama u svojoj mra\u010dnoj komori, a izlet s razredom mogao bi biti njegova posljednja prilika.<\/p>\n<p style=\"text-align: justify;\">Film \u0107e tako\u0111er biti prikazan u sklopu projekta\u00a0<em>Film u bolnici<\/em>. Cilj online platforme\u00a0<strong><u><a id=\"m_-9000980387281788450OWA8e98d46b-5619-1ccd-48eb-d8a537d5e0a1\" title=\"https:\/\/filmubolnici.org\/\" href=\"https:\/\/kinovalli.us5.list-manage.com\/track\/click?u=bf22c8ce2114eee7253430cca&amp;id=3e0006182a&amp;e=1a5dfaf326\" target=\"_blank\" rel=\"noopener noreferrer\" data-saferedirecturl=\"https:\/\/www.google.com\/url?q=https:\/\/kinovalli.us5.list-manage.com\/track\/click?u%3Dbf22c8ce2114eee7253430cca%26id%3D3e0006182a%26e%3D1a5dfaf326&amp;source=gmail&amp;ust=1767779776020000&amp;usg=AOvVaw35NXLrX6vSy9kavwL7pbK9\">filmubolnici.org<\/a><\/u><\/strong>\u00a0je razvedriti i olak\u0161ati dane koje pacijenti, djeca i mladi, provode u bolnicama te me\u0111u njima potaknuti interes za filmsku umjetnost.<\/p>\n<p style=\"text-align: justify;\"><strong>Seminar &#8220;Filmskim izra\u017eajnim sredstvima do zna\u010denja&#8221;, filmske radionice\u00a0i izlo\u017eba &#8220;Novogodi\u0161nje nju\u0161kice&#8221;<\/strong><\/p>\n<p style=\"text-align: justify;\">Seminar\u00a0<strong><em>Filmskim\u00a0izra\u017eajnim\u00a0<wbr \/>sredstvima do zna\u010denja<\/em><\/strong><em>\u00a0 (Filmska umjetnost u odgoju i obrazovanju)<\/em>\u00a0 odr\u017eat \u0107e se u srijedu <strong>7. sije\u010dnja<\/strong> \u00a0koji \u0107e trajati od 10:00 \u00a0do 13:30 u Kinu Valli. \u00a0Kroz dva blok sata uz niz filmskih isje\u010daka sudionicima \u0107e se pru\u017eiti uvid u osnovno filmsko pojmovlje i najva\u017enija filmska\u00a0izra\u017eajna sredstva s obzirom da njihovo poznavanje predstavlja neizbje\u017ean uvod i polaznu to\u010dku za svako daljnje izu\u010davanje i bavljenje filmom. Predavanje \u0107e odr\u017eati psiholog i filmolog Marko Rojni\u0107, predava\u010d na zagreba\u010dkoj Akademiji dramskih umjetnosti i Sveu\u010dili\u0161tu Vern. Sudjelovanje je besplatno, ali je zbog ograni\u010denog broja potrebna prijava na sljede\u0107oj <a href=\"https:\/\/kinovalli.us5.list-manage.com\/track\/click?u=bf22c8ce2114eee7253430cca&amp;id=980e2a6882&amp;e=1a5dfaf326\" target=\"_blank\" rel=\"noopener\" data-saferedirecturl=\"https:\/\/www.google.com\/url?q=https:\/\/kinovalli.us5.list-manage.com\/track\/click?u%3Dbf22c8ce2114eee7253430cca%26id%3D980e2a6882%26e%3D1a5dfaf326&amp;source=gmail&amp;ust=1767779776020000&amp;usg=AOvVaw2DmecDKvp2TlOXg9SgJxYW\"><strong>POVEZNICI<\/strong><\/a>.<\/p>\n<p style=\"text-align: justify;\">Prvog dana Pulice u kaputu, 7. sije\u010dnja zapo\u010dinju i dvije kreativne \u00a0radionice za djecu. Radionica<strong> \u0160kare, papir, dinosaur<\/strong> namijenjena \u00a0je djeci od 7 do 9 godina, a obuhva\u0107a osnove stop\u2013motion tehnike, pripremu i obradu materijala za izradu kratkog animiranog filma. Tijekom dvosatne radionice mali \u0107e polaznici \u00a0nau\u010diti vje\u0161tinu izrade i produkcije animiranog filma uz voditelja Vibora Juhasa.<\/p>\n<p style=\"text-align: justify;\">Radionica <strong>Pulica za TV<\/strong> namijenjena je djeci u dobi od 10 do 12 godina gdje se polaznici mogu oku\u0161ati u ulozi TV voditelja, snimatelja, ton majstora i novinara. Kroz igru i prakti\u010dan rad uz voditeljicu Idu Skoko nau\u010dit \u0107e kako nastaje televizijska emisija i istra\u017eiti \u0161to sve stoji iza kamere.<\/p>\n<p style=\"text-align: justify;\">Izlo\u017eba fotografija &#8220;Novogodi\u0161nje nju\u0161kice&#8221; organizirane su u suradnji s Udrugom Fido koja ima za cilj promovirati za\u0161titu i prava \u017eivotinja. Cilj izlo\u017ebe je potaknuti sve one koji imaju \u017eelju i mogu\u0107nost udomiti prekrasne \u010detverono\u0161ce, ali isto tako donacijom ili volontiranjem pomo\u0107i udruzi u njenom djelovanju.<\/p>\n<p style=\"text-align: justify;\"><strong>Filmski program za\u00a0vrti\u0107e i \u0161kole, \u017eiriji i nagrade 11. Pulice u kaputu<\/strong><\/p>\n<p style=\"text-align: justify;\">O najboljem filmu 11.\u00a0Pulice u kaputu\u00a0odlu\u010divat \u0107e publika, <em>\u017diri u\u010ditelja i roditelja<\/em>, ali i petero\u010dlani <strong><em>Dje\u010dji \u017eiri<\/em><\/strong> \u00a0u kojem mogu sudjelovati djeca od 9 do 14 godina. Oni koji \u017eele biti dio \u017eirija, pogledati svih devet filmova, u timu raspravljati o njima i odlu\u010diti o pobjedniku mogu se prijaviti putem <a href=\"https:\/\/kinovalli.us5.list-manage.com\/track\/click?u=bf22c8ce2114eee7253430cca&amp;id=798328a8a6&amp;e=1a5dfaf326\" target=\"_blank\" rel=\"noopener\" data-saferedirecturl=\"https:\/\/www.google.com\/url?q=https:\/\/kinovalli.us5.list-manage.com\/track\/click?u%3Dbf22c8ce2114eee7253430cca%26id%3D798328a8a6%26e%3D1a5dfaf326&amp;source=gmail&amp;ust=1767779776020000&amp;usg=AOvVaw16UrSGHq6RFe0qYwzj6B_o\"><strong>POVEZNICE<\/strong><\/a>.<\/p>\n<p style=\"text-align: justify;\">Svoj glas i nagradu dat \u0107e i vjerna publika, a u nedjelju 18. sije\u010dnja u terminima 11\/16\/18 prikazujemo ovogodi\u0161nje pobjednike koje \u0107emo prethodno objaviti.<\/p>\n<p style=\"text-align: justify;\">Projekcije za organizirane vrti\u0107ke i \u0161kolske dolaske bit \u0107e u prvom tjednu nastave drugog polugodi\u0161ta od 12. do 16. sije\u010dnja u jutarnjim terminima. Sve informacije o programu dostupne su na stranici Kina Valli. <a href=\"https:\/\/kinovalli.us5.list-manage.com\/track\/click?u=bf22c8ce2114eee7253430cca&amp;id=4b0654363c&amp;e=1a5dfaf326\" target=\"_blank\" rel=\"noopener\" data-saferedirecturl=\"https:\/\/www.google.com\/url?q=https:\/\/kinovalli.us5.list-manage.com\/track\/click?u%3Dbf22c8ce2114eee7253430cca%26id%3D4b0654363c%26e%3D1a5dfaf326&amp;source=gmail&amp;ust=1767779776020000&amp;usg=AOvVaw0L6HqjgKendG6r9yrMMCon\"><strong>POVEZNICA<\/strong><\/a><\/p>\n<p style=\"text-align: justify;\">[izvor informacije <strong><a href=\" https:\/\/www.kinovalli.net\/ \" target=\"_blank\" rel=\"noopener noreferrer\"> Kino Valli<\/a><\/strong>]<\/p>\n<p style=\"text-align: justify;\"><iframe loading=\"lazy\" style=\"border: none; overflow: hidden;\" src=\"https:\/\/www.facebook.com\/plugins\/post.php?href=https%3A%2F%2Fwww.facebook.com%2FFILMmagnet%2Fposts%2Fpfbid09RkmfiT2vE8ehSSuLz5e4wXWwtbqv1Pnx4s2wKMsNwusVE6FX7MhnMVVh8dnx7Jdl&amp;show_text=true&amp;width=500\" width=\"500\" height=\"609\" frameborder=\"0\" scrolling=\"no\" allowfullscreen=\"allowfullscreen\"><\/iframe><\/p>\n<div id=\"fb_share_1\" style=\"float: right; margin-left: 10px;\"><a name=\"fb_share\" type=\"box_count\" share_url=\"http:\/\/film-mag.net\/wp\/?p=60598\" href=\"http:\/\/www.facebook.com\/sharer.php\">Share<\/a><\/div><div><script src=\"http:\/\/static.ak.fbcdn.net\/connect.php\/js\/FB.Share\" type=\"text\/javascript\"><\/script><\/div><div style=\"clear:both\"><\/div>","protected":false},"excerpt":{"rendered":"<p>11. Pulica u kaputu donosi nam devet premijernih i nagra\u0111ivanih filmova \u00a0europske kinematografije namijenjenih djeci, ali i odraslima. Dani dje\u010djeg filma ispunjeni su brojnim popratnim programima, a odr\u017eavaju se u Kinu Valli od 7. do 18. sije\u010dnja 2026. Filmski program,\u00a0premijere i\u00a0gostovanja U srijedu, 7. sije\u010dnja 2026. u 17:30 sati otvara se filmski program 11. Pulice [&hellip;]<\/p>\n","protected":false},"author":8,"featured_media":0,"comment_status":"closed","ping_status":"closed","sticky":false,"template":"","format":"standard","meta":{"_et_pb_use_builder":"","_et_pb_old_content":"","_et_gb_content_width":"","_editorskit_title_hidden":false,"_editorskit_reading_time":0,"_editorskit_is_block_options_detached":false,"_editorskit_block_options_position":"{}","footnotes":""},"categories":[9,21,17050],"tags":[],"class_list":["post-60598","post","type-post","status-publish","format-standard","hentry","category-film","category-filmske-novosti","category-press"],"yoast_head":"<!-- This site is optimized with the Yoast SEO plugin v24.6 - https:\/\/yoast.com\/wordpress\/plugins\/seo\/ -->\n<title>11. Pulica u kaputu - filmski po\u010detak godine 2026. - FILM-mag.net<\/title>\n<meta name=\"robots\" content=\"index, follow, max-snippet:-1, max-image-preview:large, max-video-preview:-1\" \/>\n<link rel=\"canonical\" href=\"http:\/\/film-mag.net\/wp\/?p=60598\" \/>\n<meta property=\"og:locale\" content=\"en_US\" \/>\n<meta property=\"og:type\" content=\"article\" \/>\n<meta property=\"og:title\" content=\"11. Pulica u kaputu - filmski po\u010detak godine 2026. - FILM-mag.net\" \/>\n<meta property=\"og:description\" content=\"11. Pulica u kaputu donosi nam devet premijernih i nagra\u0111ivanih filmova \u00a0europske kinematografije namijenjenih djeci, ali i odraslima. Dani dje\u010djeg filma ispunjeni su brojnim popratnim programima, a odr\u017eavaju se u Kinu Valli od 7. do 18. sije\u010dnja 2026. Filmski program,\u00a0premijere i\u00a0gostovanja U srijedu, 7. sije\u010dnja 2026. u 17:30 sati otvara se filmski program 11. Pulice [&hellip;]\" \/>\n<meta property=\"og:url\" content=\"http:\/\/film-mag.net\/wp\/?p=60598\" \/>\n<meta property=\"og:site_name\" content=\"FILM-mag.net\" \/>\n<meta property=\"article:published_time\" content=\"2026-01-06T10:26:26+00:00\" \/>\n<meta property=\"article:modified_time\" content=\"2026-01-06T10:27:35+00:00\" \/>\n<meta name=\"author\" content=\"PRESS\" \/>\n<meta name=\"twitter:card\" content=\"summary_large_image\" \/>\n<meta name=\"twitter:label1\" content=\"Written by\" \/>\n\t<meta name=\"twitter:data1\" content=\"PRESS\" \/>\n\t<meta name=\"twitter:label2\" content=\"Est. reading time\" \/>\n\t<meta name=\"twitter:data2\" content=\"6 minutes\" \/>\n<script type=\"application\/ld+json\" class=\"yoast-schema-graph\">{\"@context\":\"https:\/\/schema.org\",\"@graph\":[{\"@type\":\"WebPage\",\"@id\":\"http:\/\/film-mag.net\/wp\/?p=60598\",\"url\":\"http:\/\/film-mag.net\/wp\/?p=60598\",\"name\":\"11. Pulica u kaputu - filmski po\u010detak godine 2026. - FILM-mag.net\",\"isPartOf\":{\"@id\":\"http:\/\/film-mag.net\/wp\/#website\"},\"datePublished\":\"2026-01-06T10:26:26+00:00\",\"dateModified\":\"2026-01-06T10:27:35+00:00\",\"author\":{\"@id\":\"http:\/\/film-mag.net\/wp\/#\/schema\/person\/a8dd3a5b76a5bbde974e03510a205c2f\"},\"breadcrumb\":{\"@id\":\"http:\/\/film-mag.net\/wp\/?p=60598#breadcrumb\"},\"inLanguage\":\"en-US\",\"potentialAction\":[{\"@type\":\"ReadAction\",\"target\":[\"http:\/\/film-mag.net\/wp\/?p=60598\"]}]},{\"@type\":\"BreadcrumbList\",\"@id\":\"http:\/\/film-mag.net\/wp\/?p=60598#breadcrumb\",\"itemListElement\":[{\"@type\":\"ListItem\",\"position\":1,\"name\":\"Home\",\"item\":\"http:\/\/film-mag.net\/wp\/\"},{\"@type\":\"ListItem\",\"position\":2,\"name\":\"11. Pulica u kaputu &#8211; filmski po\u010detak godine 2026.\"}]},{\"@type\":\"WebSite\",\"@id\":\"http:\/\/film-mag.net\/wp\/#website\",\"url\":\"http:\/\/film-mag.net\/wp\/\",\"name\":\"FILM-mag.net\",\"description\":\"Prvi hrvatski portal o filmu i filmu bliskim podru\u010djima kulture\",\"potentialAction\":[{\"@type\":\"SearchAction\",\"target\":{\"@type\":\"EntryPoint\",\"urlTemplate\":\"http:\/\/film-mag.net\/wp\/?s={search_term_string}\"},\"query-input\":{\"@type\":\"PropertyValueSpecification\",\"valueRequired\":true,\"valueName\":\"search_term_string\"}}],\"inLanguage\":\"en-US\"},{\"@type\":\"Person\",\"@id\":\"http:\/\/film-mag.net\/wp\/#\/schema\/person\/a8dd3a5b76a5bbde974e03510a205c2f\",\"name\":\"PRESS\",\"image\":{\"@type\":\"ImageObject\",\"inLanguage\":\"en-US\",\"@id\":\"http:\/\/film-mag.net\/wp\/#\/schema\/person\/image\/\",\"url\":\"https:\/\/secure.gravatar.com\/avatar\/bf4ab1626f485b36c4f3650b1d351839?s=96&d=mm&r=g\",\"contentUrl\":\"https:\/\/secure.gravatar.com\/avatar\/bf4ab1626f485b36c4f3650b1d351839?s=96&d=mm&r=g\",\"caption\":\"PRESS\"},\"url\":\"http:\/\/film-mag.net\/wp\/?author=8\"}]}<\/script>\n<!-- \/ Yoast SEO plugin. -->","yoast_head_json":{"title":"11. Pulica u kaputu - filmski po\u010detak godine 2026. - FILM-mag.net","robots":{"index":"index","follow":"follow","max-snippet":"max-snippet:-1","max-image-preview":"max-image-preview:large","max-video-preview":"max-video-preview:-1"},"canonical":"http:\/\/film-mag.net\/wp\/?p=60598","og_locale":"en_US","og_type":"article","og_title":"11. Pulica u kaputu - filmski po\u010detak godine 2026. - FILM-mag.net","og_description":"11. Pulica u kaputu donosi nam devet premijernih i nagra\u0111ivanih filmova \u00a0europske kinematografije namijenjenih djeci, ali i odraslima. Dani dje\u010djeg filma ispunjeni su brojnim popratnim programima, a odr\u017eavaju se u Kinu Valli od 7. do 18. sije\u010dnja 2026. Filmski program,\u00a0premijere i\u00a0gostovanja U srijedu, 7. sije\u010dnja 2026. u 17:30 sati otvara se filmski program 11. Pulice [&hellip;]","og_url":"http:\/\/film-mag.net\/wp\/?p=60598","og_site_name":"FILM-mag.net","article_published_time":"2026-01-06T10:26:26+00:00","article_modified_time":"2026-01-06T10:27:35+00:00","author":"PRESS","twitter_card":"summary_large_image","twitter_misc":{"Written by":"PRESS","Est. reading time":"6 minutes"},"schema":{"@context":"https:\/\/schema.org","@graph":[{"@type":"WebPage","@id":"http:\/\/film-mag.net\/wp\/?p=60598","url":"http:\/\/film-mag.net\/wp\/?p=60598","name":"11. Pulica u kaputu - filmski po\u010detak godine 2026. - FILM-mag.net","isPartOf":{"@id":"http:\/\/film-mag.net\/wp\/#website"},"datePublished":"2026-01-06T10:26:26+00:00","dateModified":"2026-01-06T10:27:35+00:00","author":{"@id":"http:\/\/film-mag.net\/wp\/#\/schema\/person\/a8dd3a5b76a5bbde974e03510a205c2f"},"breadcrumb":{"@id":"http:\/\/film-mag.net\/wp\/?p=60598#breadcrumb"},"inLanguage":"en-US","potentialAction":[{"@type":"ReadAction","target":["http:\/\/film-mag.net\/wp\/?p=60598"]}]},{"@type":"BreadcrumbList","@id":"http:\/\/film-mag.net\/wp\/?p=60598#breadcrumb","itemListElement":[{"@type":"ListItem","position":1,"name":"Home","item":"http:\/\/film-mag.net\/wp\/"},{"@type":"ListItem","position":2,"name":"11. Pulica u kaputu &#8211; filmski po\u010detak godine 2026."}]},{"@type":"WebSite","@id":"http:\/\/film-mag.net\/wp\/#website","url":"http:\/\/film-mag.net\/wp\/","name":"FILM-mag.net","description":"Prvi hrvatski portal o filmu i filmu bliskim podru\u010djima kulture","potentialAction":[{"@type":"SearchAction","target":{"@type":"EntryPoint","urlTemplate":"http:\/\/film-mag.net\/wp\/?s={search_term_string}"},"query-input":{"@type":"PropertyValueSpecification","valueRequired":true,"valueName":"search_term_string"}}],"inLanguage":"en-US"},{"@type":"Person","@id":"http:\/\/film-mag.net\/wp\/#\/schema\/person\/a8dd3a5b76a5bbde974e03510a205c2f","name":"PRESS","image":{"@type":"ImageObject","inLanguage":"en-US","@id":"http:\/\/film-mag.net\/wp\/#\/schema\/person\/image\/","url":"https:\/\/secure.gravatar.com\/avatar\/bf4ab1626f485b36c4f3650b1d351839?s=96&d=mm&r=g","contentUrl":"https:\/\/secure.gravatar.com\/avatar\/bf4ab1626f485b36c4f3650b1d351839?s=96&d=mm&r=g","caption":"PRESS"},"url":"http:\/\/film-mag.net\/wp\/?author=8"}]}},"_links":{"self":[{"href":"http:\/\/film-mag.net\/wp\/index.php?rest_route=\/wp\/v2\/posts\/60598","targetHints":{"allow":["GET"]}}],"collection":[{"href":"http:\/\/film-mag.net\/wp\/index.php?rest_route=\/wp\/v2\/posts"}],"about":[{"href":"http:\/\/film-mag.net\/wp\/index.php?rest_route=\/wp\/v2\/types\/post"}],"author":[{"embeddable":true,"href":"http:\/\/film-mag.net\/wp\/index.php?rest_route=\/wp\/v2\/users\/8"}],"replies":[{"embeddable":true,"href":"http:\/\/film-mag.net\/wp\/index.php?rest_route=%2Fwp%2Fv2%2Fcomments&post=60598"}],"version-history":[{"count":2,"href":"http:\/\/film-mag.net\/wp\/index.php?rest_route=\/wp\/v2\/posts\/60598\/revisions"}],"predecessor-version":[{"id":60600,"href":"http:\/\/film-mag.net\/wp\/index.php?rest_route=\/wp\/v2\/posts\/60598\/revisions\/60600"}],"wp:attachment":[{"href":"http:\/\/film-mag.net\/wp\/index.php?rest_route=%2Fwp%2Fv2%2Fmedia&parent=60598"}],"wp:term":[{"taxonomy":"category","embeddable":true,"href":"http:\/\/film-mag.net\/wp\/index.php?rest_route=%2Fwp%2Fv2%2Fcategories&post=60598"},{"taxonomy":"post_tag","embeddable":true,"href":"http:\/\/film-mag.net\/wp\/index.php?rest_route=%2Fwp%2Fv2%2Ftags&post=60598"}],"curies":[{"name":"wp","href":"https:\/\/api.w.org\/{rel}","templated":true}]}}