{"id":60060,"date":"2025-10-31T23:21:11","date_gmt":"2025-10-31T22:21:11","guid":{"rendered":"https:\/\/film-mag.net\/wp\/?p=60060"},"modified":"2025-10-31T23:21:11","modified_gmt":"2025-10-31T22:21:11","slug":"zff-2025-u-solidarnosti-s-palestinom","status":"publish","type":"post","link":"http:\/\/film-mag.net\/wp\/?p=60060","title":{"rendered":"ZFF 2025 u solidarnosti s Palestinom"},"content":{"rendered":"<p style=\"text-align: justify;\"><strong>U bogatom programu 23. Zagreb Film Festivala ove su godine posebno mjesto na\u0161li neki od najzanimljivijih suvremenih palestinskih filmova. Selekcija je dio \u0161irega globalnog poziva na akciju, a cilj joj je hrvatskoj publici pribli\u017eiti Palestinu kao zemlju s iznimnom i bogatom kulturom i povije\u0161\u0107u.<\/strong><\/p>\n<p style=\"text-align: justify;\">Ve\u0107 u nedjelju, 2. studenoga 2025., u suradnji s Restartom i Inicijativom za slobodnu Palestinu, odr\u017eat \u0107e se projekcija filma &#8216;Zbogom, Tiberijado&#8217; u Dokukinu KIC. Ovo je tek jedna od stotina projekcija koje se toga dana odr\u017eavaju diljem svijeta kao dio programa Palestine Cinema Days, manifestacije osnovane 2014. godine sa svrhom poticanja razvoja i popularizacije palestinskog filma i kulture. Jedna je od uloga filma \u0161iriti svijest o goru\u0107im dru\u0161tvenim problemima i temama. U vrijeme najve\u0107e eskalacije izraelskoga genocida nad Palestincima, va\u017enije je nego ikada otvoriti prostor palestinskim glasovima, koji te\u0161ko nalaze put do \u0161ire javnosti.<\/p>\n<p style=\"text-align: justify;\"><img decoding=\"async\" style=\"border: none; width: 100%;\" src=\" https:\/\/media.themoviedb.org\/t\/p\/w1066_and_h600_bestv2\/vRPeW53YKw6faz5fekbMcQ9PLNw.jpg \" \/><\/p>\n<p style=\"text-align: justify;\">Fotografiju ustupio <strong><a href=\" https:\/\/www.themoviedb.org\/movie\/1156646 \" target=\"_blank\" rel=\"noopener noreferrer\"> TMDB<\/a><\/strong> &#8211; Bye Bye Tib\u00e9riade \/ re\u017eija: Lina Soualem \/ Francuska, Belgija, Palestina, Katar \/ 2023. \/ 82&#8242;<\/p>\n<p style=\"text-align: justify;\">U sklopu festivala (10. &#8211; 16. studenoga 2025.) prikazujemo neke od najrelevantnijih recentnih palestinskih naslova. U Glavnom programu gledat \u0107emo tuni\u0161kog dobitnika Velike nagrade \u017eirija u Veneciji, &#8216;Glas Hind Rajab&#8217;, redateljice Kaouther Ben Hanije. Ova iznimno va\u017ena dokudrama, kroz mje\u0161avinu stvarnih audiosnimaka i dramatizirane izvedbe, tematizira potresno ubojstvo djevoj\u010dice Hind Rajab od strane izraelske vojske iz perspektive volontera Crvenog polumjeseca u Palestini. U programu Me\u0111unarodnih kratkometra\u017enih filmova prikazuje se dobitnik Zlatne palme za najbolji kratkometra\u017eni film &#8216;Drago mi je da si sada mrtav&#8217;, redatelja Tawfeeka Barhoma, dok program ZFF putuje ponovno donosi popularan film Scandara Coptija &#8216;Sretni praznici&#8217;, ovaj put publici izvan Zagreba.<\/p>\n<p style=\"text-align: justify;\">Prihodi od projekcija filma Glas Hind Rajab bit \u0107e doniran humanitarnoj lije\u010dni\u010dkoj inicijativi Pal Humanity, koja djeluje na terenu u Gazi, gdje medicinski djelatnici kao posebna meta genocida kontinuirano i bez predaha riskiraju vlastite \u017eivote u brizi za druge.<\/p>\n<p style=\"text-align: justify;\">Zagreb Film Festival odr\u017eava se od 10. do 16. studenoga 2025. uz podr\u0161ku Gradskog ureda za kulturu i civilno dru\u0161tvo, Hrvatskog audiovizualnog centra, Kreativne Europe \u2013 potprograma MEDIA, Zaklade Kultura nova i Turisti\u010dke zajednice grada Zagreba.<\/p>\n<p style=\"text-align: justify;\">[izvor informacije <strong><a href=\"https:\/\/zff.hr\/\" target=\"_blank\" rel=\"noopener noreferrer\"> Zagreb film festival<\/a><\/strong>]<\/p>\n<p style=\"text-align: justify;\"><iframe loading=\"lazy\" style=\"border: none; overflow: hidden;\" src=\"https:\/\/www.facebook.com\/plugins\/post.php?href=https%3A%2F%2Fwww.facebook.com%2FFILMmagnet%2Fposts%2Fpfbid034cMdE9kMQPbL9gWyihNY218g3m9g6oASw6FsQDrPWg1k64t6wn7wJaT8LobP79sjl&amp;show_text=true&amp;width=500\" width=\"500\" height=\"665\" frameborder=\"0\" scrolling=\"no\" allowfullscreen=\"allowfullscreen\"><\/iframe><\/p>\n<div id=\"fb_share_1\" style=\"float: right; margin-left: 10px;\"><a name=\"fb_share\" type=\"box_count\" share_url=\"http:\/\/film-mag.net\/wp\/?p=60060\" href=\"http:\/\/www.facebook.com\/sharer.php\">Share<\/a><\/div><div><script src=\"http:\/\/static.ak.fbcdn.net\/connect.php\/js\/FB.Share\" type=\"text\/javascript\"><\/script><\/div><div style=\"clear:both\"><\/div>","protected":false},"excerpt":{"rendered":"<p>U bogatom programu 23. Zagreb Film Festivala ove su godine posebno mjesto na\u0161li neki od najzanimljivijih suvremenih palestinskih filmova. Selekcija je dio \u0161irega globalnog poziva na akciju, a cilj joj je hrvatskoj publici pribli\u017eiti Palestinu kao zemlju s iznimnom i bogatom kulturom i povije\u0161\u0107u. Ve\u0107 u nedjelju, 2. studenoga 2025., u suradnji s Restartom i [&hellip;]<\/p>\n","protected":false},"author":8,"featured_media":0,"comment_status":"closed","ping_status":"closed","sticky":false,"template":"","format":"standard","meta":{"_et_pb_use_builder":"","_et_pb_old_content":"","_et_gb_content_width":"","_editorskit_title_hidden":false,"_editorskit_reading_time":0,"_editorskit_is_block_options_detached":false,"_editorskit_block_options_position":"{}","footnotes":""},"categories":[9,22,17050],"tags":[],"class_list":["post-60060","post","type-post","status-publish","format-standard","hentry","category-film","category-filmski-festivali","category-press"],"yoast_head":"<!-- This site is optimized with the Yoast SEO plugin v24.6 - https:\/\/yoast.com\/wordpress\/plugins\/seo\/ -->\n<title>ZFF 2025 u solidarnosti s Palestinom - FILM-mag.net<\/title>\n<meta name=\"robots\" content=\"index, follow, max-snippet:-1, max-image-preview:large, max-video-preview:-1\" \/>\n<link rel=\"canonical\" href=\"http:\/\/film-mag.net\/wp\/?p=60060\" \/>\n<meta property=\"og:locale\" content=\"en_US\" \/>\n<meta property=\"og:type\" content=\"article\" \/>\n<meta property=\"og:title\" content=\"ZFF 2025 u solidarnosti s Palestinom - FILM-mag.net\" \/>\n<meta property=\"og:description\" content=\"U bogatom programu 23. Zagreb Film Festivala ove su godine posebno mjesto na\u0161li neki od najzanimljivijih suvremenih palestinskih filmova. Selekcija je dio \u0161irega globalnog poziva na akciju, a cilj joj je hrvatskoj publici pribli\u017eiti Palestinu kao zemlju s iznimnom i bogatom kulturom i povije\u0161\u0107u. Ve\u0107 u nedjelju, 2. studenoga 2025., u suradnji s Restartom i [&hellip;]\" \/>\n<meta property=\"og:url\" content=\"http:\/\/film-mag.net\/wp\/?p=60060\" \/>\n<meta property=\"og:site_name\" content=\"FILM-mag.net\" \/>\n<meta property=\"article:published_time\" content=\"2025-10-31T22:21:11+00:00\" \/>\n<meta name=\"author\" content=\"PRESS\" \/>\n<meta name=\"twitter:card\" content=\"summary_large_image\" \/>\n<meta name=\"twitter:label1\" content=\"Written by\" \/>\n\t<meta name=\"twitter:data1\" content=\"PRESS\" \/>\n\t<meta name=\"twitter:label2\" content=\"Est. reading time\" \/>\n\t<meta name=\"twitter:data2\" content=\"2 minutes\" \/>\n<script type=\"application\/ld+json\" class=\"yoast-schema-graph\">{\"@context\":\"https:\/\/schema.org\",\"@graph\":[{\"@type\":\"WebPage\",\"@id\":\"http:\/\/film-mag.net\/wp\/?p=60060\",\"url\":\"http:\/\/film-mag.net\/wp\/?p=60060\",\"name\":\"ZFF 2025 u solidarnosti s Palestinom - FILM-mag.net\",\"isPartOf\":{\"@id\":\"http:\/\/film-mag.net\/wp\/#website\"},\"datePublished\":\"2025-10-31T22:21:11+00:00\",\"author\":{\"@id\":\"http:\/\/film-mag.net\/wp\/#\/schema\/person\/a8dd3a5b76a5bbde974e03510a205c2f\"},\"breadcrumb\":{\"@id\":\"http:\/\/film-mag.net\/wp\/?p=60060#breadcrumb\"},\"inLanguage\":\"en-US\",\"potentialAction\":[{\"@type\":\"ReadAction\",\"target\":[\"http:\/\/film-mag.net\/wp\/?p=60060\"]}]},{\"@type\":\"BreadcrumbList\",\"@id\":\"http:\/\/film-mag.net\/wp\/?p=60060#breadcrumb\",\"itemListElement\":[{\"@type\":\"ListItem\",\"position\":1,\"name\":\"Home\",\"item\":\"http:\/\/film-mag.net\/wp\/\"},{\"@type\":\"ListItem\",\"position\":2,\"name\":\"ZFF 2025 u solidarnosti s Palestinom\"}]},{\"@type\":\"WebSite\",\"@id\":\"http:\/\/film-mag.net\/wp\/#website\",\"url\":\"http:\/\/film-mag.net\/wp\/\",\"name\":\"FILM-mag.net\",\"description\":\"Prvi hrvatski portal o filmu i filmu bliskim podru\u010djima kulture\",\"potentialAction\":[{\"@type\":\"SearchAction\",\"target\":{\"@type\":\"EntryPoint\",\"urlTemplate\":\"http:\/\/film-mag.net\/wp\/?s={search_term_string}\"},\"query-input\":{\"@type\":\"PropertyValueSpecification\",\"valueRequired\":true,\"valueName\":\"search_term_string\"}}],\"inLanguage\":\"en-US\"},{\"@type\":\"Person\",\"@id\":\"http:\/\/film-mag.net\/wp\/#\/schema\/person\/a8dd3a5b76a5bbde974e03510a205c2f\",\"name\":\"PRESS\",\"image\":{\"@type\":\"ImageObject\",\"inLanguage\":\"en-US\",\"@id\":\"http:\/\/film-mag.net\/wp\/#\/schema\/person\/image\/\",\"url\":\"https:\/\/secure.gravatar.com\/avatar\/bf4ab1626f485b36c4f3650b1d351839?s=96&d=mm&r=g\",\"contentUrl\":\"https:\/\/secure.gravatar.com\/avatar\/bf4ab1626f485b36c4f3650b1d351839?s=96&d=mm&r=g\",\"caption\":\"PRESS\"},\"url\":\"http:\/\/film-mag.net\/wp\/?author=8\"}]}<\/script>\n<!-- \/ Yoast SEO plugin. -->","yoast_head_json":{"title":"ZFF 2025 u solidarnosti s Palestinom - FILM-mag.net","robots":{"index":"index","follow":"follow","max-snippet":"max-snippet:-1","max-image-preview":"max-image-preview:large","max-video-preview":"max-video-preview:-1"},"canonical":"http:\/\/film-mag.net\/wp\/?p=60060","og_locale":"en_US","og_type":"article","og_title":"ZFF 2025 u solidarnosti s Palestinom - FILM-mag.net","og_description":"U bogatom programu 23. Zagreb Film Festivala ove su godine posebno mjesto na\u0161li neki od najzanimljivijih suvremenih palestinskih filmova. Selekcija je dio \u0161irega globalnog poziva na akciju, a cilj joj je hrvatskoj publici pribli\u017eiti Palestinu kao zemlju s iznimnom i bogatom kulturom i povije\u0161\u0107u. Ve\u0107 u nedjelju, 2. studenoga 2025., u suradnji s Restartom i [&hellip;]","og_url":"http:\/\/film-mag.net\/wp\/?p=60060","og_site_name":"FILM-mag.net","article_published_time":"2025-10-31T22:21:11+00:00","author":"PRESS","twitter_card":"summary_large_image","twitter_misc":{"Written by":"PRESS","Est. reading time":"2 minutes"},"schema":{"@context":"https:\/\/schema.org","@graph":[{"@type":"WebPage","@id":"http:\/\/film-mag.net\/wp\/?p=60060","url":"http:\/\/film-mag.net\/wp\/?p=60060","name":"ZFF 2025 u solidarnosti s Palestinom - FILM-mag.net","isPartOf":{"@id":"http:\/\/film-mag.net\/wp\/#website"},"datePublished":"2025-10-31T22:21:11+00:00","author":{"@id":"http:\/\/film-mag.net\/wp\/#\/schema\/person\/a8dd3a5b76a5bbde974e03510a205c2f"},"breadcrumb":{"@id":"http:\/\/film-mag.net\/wp\/?p=60060#breadcrumb"},"inLanguage":"en-US","potentialAction":[{"@type":"ReadAction","target":["http:\/\/film-mag.net\/wp\/?p=60060"]}]},{"@type":"BreadcrumbList","@id":"http:\/\/film-mag.net\/wp\/?p=60060#breadcrumb","itemListElement":[{"@type":"ListItem","position":1,"name":"Home","item":"http:\/\/film-mag.net\/wp\/"},{"@type":"ListItem","position":2,"name":"ZFF 2025 u solidarnosti s Palestinom"}]},{"@type":"WebSite","@id":"http:\/\/film-mag.net\/wp\/#website","url":"http:\/\/film-mag.net\/wp\/","name":"FILM-mag.net","description":"Prvi hrvatski portal o filmu i filmu bliskim podru\u010djima kulture","potentialAction":[{"@type":"SearchAction","target":{"@type":"EntryPoint","urlTemplate":"http:\/\/film-mag.net\/wp\/?s={search_term_string}"},"query-input":{"@type":"PropertyValueSpecification","valueRequired":true,"valueName":"search_term_string"}}],"inLanguage":"en-US"},{"@type":"Person","@id":"http:\/\/film-mag.net\/wp\/#\/schema\/person\/a8dd3a5b76a5bbde974e03510a205c2f","name":"PRESS","image":{"@type":"ImageObject","inLanguage":"en-US","@id":"http:\/\/film-mag.net\/wp\/#\/schema\/person\/image\/","url":"https:\/\/secure.gravatar.com\/avatar\/bf4ab1626f485b36c4f3650b1d351839?s=96&d=mm&r=g","contentUrl":"https:\/\/secure.gravatar.com\/avatar\/bf4ab1626f485b36c4f3650b1d351839?s=96&d=mm&r=g","caption":"PRESS"},"url":"http:\/\/film-mag.net\/wp\/?author=8"}]}},"_links":{"self":[{"href":"http:\/\/film-mag.net\/wp\/index.php?rest_route=\/wp\/v2\/posts\/60060","targetHints":{"allow":["GET"]}}],"collection":[{"href":"http:\/\/film-mag.net\/wp\/index.php?rest_route=\/wp\/v2\/posts"}],"about":[{"href":"http:\/\/film-mag.net\/wp\/index.php?rest_route=\/wp\/v2\/types\/post"}],"author":[{"embeddable":true,"href":"http:\/\/film-mag.net\/wp\/index.php?rest_route=\/wp\/v2\/users\/8"}],"replies":[{"embeddable":true,"href":"http:\/\/film-mag.net\/wp\/index.php?rest_route=%2Fwp%2Fv2%2Fcomments&post=60060"}],"version-history":[{"count":1,"href":"http:\/\/film-mag.net\/wp\/index.php?rest_route=\/wp\/v2\/posts\/60060\/revisions"}],"predecessor-version":[{"id":60061,"href":"http:\/\/film-mag.net\/wp\/index.php?rest_route=\/wp\/v2\/posts\/60060\/revisions\/60061"}],"wp:attachment":[{"href":"http:\/\/film-mag.net\/wp\/index.php?rest_route=%2Fwp%2Fv2%2Fmedia&parent=60060"}],"wp:term":[{"taxonomy":"category","embeddable":true,"href":"http:\/\/film-mag.net\/wp\/index.php?rest_route=%2Fwp%2Fv2%2Fcategories&post=60060"},{"taxonomy":"post_tag","embeddable":true,"href":"http:\/\/film-mag.net\/wp\/index.php?rest_route=%2Fwp%2Fv2%2Ftags&post=60060"}],"curies":[{"name":"wp","href":"https:\/\/api.w.org\/{rel}","templated":true}]}}