{"id":59681,"date":"2025-09-21T18:48:48","date_gmt":"2025-09-21T16:48:48","guid":{"rendered":"https:\/\/film-mag.net\/wp\/?p=59681"},"modified":"2025-09-21T18:48:48","modified_gmt":"2025-09-21T16:48:48","slug":"izmedu-bastine-i-filma-glasovi-zajednice-u-pulskoj-filmskoj-tvornici","status":"publish","type":"post","link":"http:\/\/film-mag.net\/wp\/?p=59681","title":{"rendered":"Izme\u0111u ba\u0161tine i filma \u2013 Glasovi zajednice u Pulskoj filmskoj tvornici"},"content":{"rendered":"<p style=\"text-align: justify;\"><strong>Projekt \u201cIzme\u0111u ba\u0161tine i filma \u2013 Glasovi zajednice\u201d nakon uspje\u0161nog izdanja u Tkonu na otoku Pa\u0161manu sti\u017ee i u Pulu!<\/strong><\/p>\n<p style=\"text-align: justify;\">Od 22. do 25. rujna 2025. u Klubu Pulske filmske tvornice (Stiglicheva 12) odr\u017eat \u0107e se bogat program predavanja, radionica, projekcija i izlo\u017ebi u organizaciji Teatra od soli, Baca\u010da sjenki, Pulske filmske tvornice, Dru\u0161tvenog centra Rojc i udruge Arla iz \u0110akova. Program okuplja mlade, lokalnu zajednicu i umjetnike, a kroz predavanja, radionice i umjetni\u010dke prikaze istra\u017euje kako film i fotografija mogu postati alat za razumijevanje zajednice, ba\u0161tine i suvremenih dru\u0161tvenih pitanja.<\/p>\n<p style=\"text-align: justify;\"><img decoding=\"async\" style=\"border: none; width: 100%;\" src=\" https:\/\/www.pulskafilmskatvornica.hr\/wp-content\/uploads\/2025\/09\/IBIF_TELOP_PULA_2.png \" \/><\/p>\n<p style=\"text-align: justify;\">Fotografiju ustupio <strong><a href=\" https:\/\/www.pulskafilmskatvornica.hr\/izmedu-bastine-i-filma-glasovi-zajednice\/ \" target=\"_blank\" rel=\"noopener noreferrer\"> PFT<\/a><\/strong><\/p>\n<p style=\"text-align: justify;\"><strong>RADIONICA<\/strong><br \/>\nFilm i fotografija kao alat za istra\u017eivanje grada<br \/>\n23. i 24. rujna od 17 do 19 sati<br \/>\nKako izgleda grad kada ga gledamo o\u010dima istra\u017eiva\u010da, umjetnika ili pripovjeda\u010da?<br \/>\nKreativna radionica koja otvara nove poglede na svakodnevni prostor namijenjena mladima i svima koji se tako osje\u0107aju Sudionici \u0107e kroz \u0161etnju gradom fotografirati zanimljive motive i pri\u010de Pule, a zatim te dojmove preto\u010diti u kratku zajedni\u010dku animaciju i snimljene glasove sudionika. Radionica je osmi\u0161ljena tako da bude aktivna, iskustvena i zabavna \u2013 polaznici \u0107e u\u010diti kroz igru, kreativno izra\u017eavanje i rad u timu.<br \/>\nVoditelji: Boris Bakal (Baca\u010di sjenki) i Marko Zdravkovi\u0107-Kunac (Pulska filmska tvornica)<br \/>\nPrijave putem e- maila pulskafilmskatvornica@gmail.com ili telefona 095 \/ 55 818 83<\/p>\n<p style=\"text-align: justify;\"><strong>PROGRAM<\/strong><\/p>\n<p style=\"text-align: justify;\">Ponedjeljak, 22. rujna u 19 sati<br \/>\nOtvaranje izlo\u017ebe Kamen iz vode &#8211; \u010duvari polja<br \/>\nIzlo\u017eba fotografija Teatra od soli nastala kroz dokumentarno-umjetni\u010dko istra\u017eivanja pa\u0161manskih bunara.<\/p>\n<p style=\"text-align: justify;\">Ponedjeljak, 22. rujna u 20 sati<br \/>\nFilm i manipulacija \/ Zabranjeni filmovi \u2013 Boris Bakal (Baca\u010di sjenki).<br \/>\nFilm je uvijek bio i \u010darolija i oru\u017eje. Ono \u0161to nas zavodi svjetlom na platnu \u010desto skriva tamne namjere: ideolo\u0161ke, religijske, politi\u010dke ili puke pohlepne. Od \u201edje\u010djih bajki\u201c hladnog rata i opskurnih soft-porno klasika snimanih na Jadranu, do brutalnih remek-djela Pasolinija, Makavejeva, Vrevena i Stojanovi\u0107a, povijest filma ispunjena je zabranama, pre\u0161u\u0107ivanjima, izmi\u0161ljanjima i manipulacijama. Na\u0161 pogled vodi kroz fragmente filmova koji suptilno manipluiraju istinu, ali i fragmente filmova koji su pre\u0161u\u0107eni, uklonjeni, bunkerirani ili iskrivljeni \u2013 ne zato \u0161to su lo\u0161i, ve\u0107 zato \u0161to su bili opasni. Opasni za re\u017eime, za religije, za tr\u017ei\u0161te, za status quo.<br \/>\nPredavanje \u201eFilm i manipulacija \u2013 zabranjeni filmovi\u201c istra\u017euje mehanizme mo\u0107i koji odlu\u010duju \u0161to smijemo vidjeti, a \u0161to ostaje zatvoreno u arhivima. Ispod slojeva cenzure otkrivamo kako film mo\u017ee biti i ogledalo i mamac, ali i najsofisticiranija ma\u0161ina za uvjeravanje.<\/p>\n<p style=\"text-align: justify;\">Utorak, 23. rujna u 20 sati<br \/>\nRazli\u010diti glasovi filma \u2013 Boris Bakal (Baca\u010di sjenki)<br \/>\nFilm nije samo stroj za snove \u2013 on je i arhiv zajedni\u010dkog pam\u0107enja. Od Lumi\u00e8re bra\u0107e i Promia, preko Fassbinderovih rana u tkivu grada do Loachovih portreta radni\u010dkih zajednica \u2013 kamera vidi vi\u0161e od oka. Ona otkriva pukotine u fasadama, zazidane prolaze, mjesta zlo\u010dina i tihe istine koje zajednica \u010duva.<br \/>\nOvo predavanje ne promatra publiku kao pasivnog gledatelja, ve\u0107 kao suautora predavanja-performansa. Film i fotografija postaju alati sudjelovanja \u2013 da zajedno otkrivamo, bilje\u017eimo i prepoznajemo vlastitu ba\u0161tinu. Razli\u010diti glasovi zajednice pretvaraju se u razli\u010dite glasove filma: \u0161to nam prostori govore kad ih gledamo filmskim o\u010dima? Kako film \u010duva i prokazuje i izmi\u0161lja povijest, identitete i svakodnevicu, stvaraju\u0107i prostor za razli\u010dite glasove zajednice?<\/p>\n<p style=\"text-align: justify;\">Srijeda, 24. rujna u 20 sati<br \/>\n(Re)interpretacija filmske ba\u0161tine \u2013 Elvis Leni\u0107 i Marko Zdravkovi\u0107-Kunac (Pulska filmska tvornica)<br \/>\nPredavanje o kori\u0161tenju Zbirke neprofesijskog filma Istre i Pule na primjeru filma Elvisa Leni\u0107a Monolog o Puli.<br \/>\nEksperimentalno-dokumentarni film Monolog o Puli inspiriran kultnim Monologom o Splitu Ivana Martinca s po\u010detka \u0161ezdesetih godina pro\u0161loga stolje\u0107a, vjerno prati Martin\u010dev scenarij, izmjenjuju\u0107i vizualne elemente Mediterana, prolaznosti i smrti kroz arhivske snimke Pule nastale sedamdesetih i osamdesetih godina u produkciji Kino kluba Jelen.<\/p>\n<p style=\"text-align: justify;\">\u010cetvrtak, 25. rujna u 19 sati<br \/>\nPrezentacija radova nastalih na radionici<br \/>\nFilm i fotografija kao alat za istra\u017eivanje grada<\/p>\n<p style=\"text-align: justify;\">\u010cetvrtak, 25. rujna u 20 sati<br \/>\nZatvaranje izlo\u017ebe Kamen iz vode &#8211; \u010duvari polja<\/p>\n<p style=\"text-align: justify;\"><strong>Boris Bakal<\/strong><br \/>\nKreativni producent, kazali\u0161ni i filmski redatelj, glumac, intermedijalni umjetnik, dru\u0161tveni i kulturni aktivist, interdisciplinarni javni povjesni\u010dar, kustos i pedagog te voditelj me\u0111unarodne umjetni\u010dke platforme Baca\u010di sjenki. Tijekom vi\u0161e od \u010detrdeset godina karijere stvara razli\u010dite projekte koji su predstavili i\/ili producirali festivali i manifestacije u vi\u0161e od 20 zemalja diljem svijeta. Od 2001. godine vodi udrugu Baca\u010di Sjenki, me\u0111unarodnu umjetni\u010dku platformu koja je dobila brojna priznanja i nagrade u Hrvatskoj i inozemstvu, a 2011. godine osniva filmsku \u0161kolu za djecu i mlade Frooom!, \u010diji se funkcionalni program filmskog medijskog i informati\u010dkog opismenjavanja provodi u 11 gradova Hrvatske. Dobitnik je nagrade ArtsLink te \u010dlan Hrvatske zajednice samostalnih umjetnika, Udru\u017eenja Hrvatskih arhitekata (UHA), \u010dlan ACHS (svjetskog udru\u017eenja za kriti\u010dko promi\u0161ljanje ba\u0161tine), \u010dlan EEPAP-a (Isto\u010dno europske platforme za izvedbene umjetnosti) te CAA (ameri\u010dkog udru\u017eenja likovnih kriti\u010dara i umjetnika).<\/p>\n<p style=\"text-align: justify;\"><strong>Marko Zdravkovi\u0107-Kunac<\/strong><br \/>\nMonta\u017eer, producent, filmski edukator. Krajem 90-ih postaje koordinator i voditelj programa Autonomne tvornice kulture (ATTACK), te suosniva\u010d Festivala Alternativnog Kazali\u0161nog Izri\u010daja (FAKI) 1998. godine. Ne\u0161to kasnije, 1999. godine zajedno s grupom mladih filma\u0161a i aktivista osniva Fade in (Fantasti\u010dno dobru instituciju) gdje je kao producent i novinar realizirao je preko 150 anga\u017eiranih reporta\u017ea za HRT te brojne druge projekte. Tijekom sljede\u0107ih godina realizira kazali\u0161ne i filmske projekte te radi kao profesionalni monta\u017eer u raznim studijima i na lokalnim i dr\u017eavnim televizijama. Godine 2004. pokre\u0107e Pulsku filmsku tvornicu s ciljem poticanja razvitka filmske kulture, produkcije filmova te sustavne edukacije filmskih autora. Producent je \u010detiri sezone TV emisije o gra\u0111anskom odgoju i medijskoj pismenosti Medionauti (2016.- 2019.) te dvije serije autorskih kratkih dokumentarnih filmova Istarske \u0161torije (2017.- 2021.). Unutar PFT-a vodio je vi\u0161e od 500 programa, 50 radionica i producirao preko dvjestotinjak filmova.<\/p>\n<p style=\"text-align: justify;\">Projekt Izme\u0111u ba\u0161tine i filma \u2013 Glasovi zajednice\u00a0organizira Teatar od soli u partnerstvu s Baca\u010dima sjenki, Pulskom filmskom tvornicom, DC Rojc i Arlaom \u0110akovo.<\/p>\n<p style=\"text-align: justify;\">Doga\u0111anje se provodi u okviru programa Clubture-HR programska razmjena i suradnja uz potporu Ministarstva kulture i medija RH, Zaklade Kultura nova, Gradskog ureda za kulturu, me\u0111ugradsku i me\u0111unarodnu suradnju i civilno dru\u0161tvo Grada Zagreba i Nacionalne zaklade za razvoj civilnog dru\u0161tva kroz program Centri znanja.<\/p>\n<p style=\"text-align: justify;\">[izvor informacije <strong><a href=\"https:\/\/www.pulskafilmskatvornica.hr\/\" target=\"_blank\" rel=\"noopener noreferrer\"> Pulska filmska tvornica<\/a><\/strong>]<\/p>\n<p style=\"text-align: justify;\"><iframe loading=\"lazy\" style=\"border: none; overflow: hidden;\" src=\"https:\/\/www.facebook.com\/plugins\/post.php?href=https%3A%2F%2Fwww.facebook.com%2FFILMmagnet%2Fposts%2Fpfbid0UzcArbF6ns5Tti6iXwzZYZqWZEUz4A7j3Fnq1wVTYPepHsFWThq7StzVMnsEMtrPl&amp;show_text=true&amp;width=500\" width=\"500\" height=\"250\" frameborder=\"0\" scrolling=\"no\" allowfullscreen=\"allowfullscreen\"><\/iframe><\/p>\n<div id=\"fb_share_1\" style=\"float: right; margin-left: 10px;\"><a name=\"fb_share\" type=\"box_count\" share_url=\"http:\/\/film-mag.net\/wp\/?p=59681\" href=\"http:\/\/www.facebook.com\/sharer.php\">Share<\/a><\/div><div><script src=\"http:\/\/static.ak.fbcdn.net\/connect.php\/js\/FB.Share\" type=\"text\/javascript\"><\/script><\/div><div style=\"clear:both\"><\/div>","protected":false},"excerpt":{"rendered":"<p>Projekt \u201cIzme\u0111u ba\u0161tine i filma \u2013 Glasovi zajednice\u201d nakon uspje\u0161nog izdanja u Tkonu na otoku Pa\u0161manu sti\u017ee i u Pulu! Od 22. do 25. rujna 2025. u Klubu Pulske filmske tvornice (Stiglicheva 12) odr\u017eat \u0107e se bogat program predavanja, radionica, projekcija i izlo\u017ebi u organizaciji Teatra od soli, Baca\u010da sjenki, Pulske filmske tvornice, Dru\u0161tvenog centra [&hellip;]<\/p>\n","protected":false},"author":8,"featured_media":0,"comment_status":"closed","ping_status":"closed","sticky":false,"template":"","format":"standard","meta":{"_et_pb_use_builder":"","_et_pb_old_content":"","_et_gb_content_width":"","_editorskit_title_hidden":false,"_editorskit_reading_time":0,"_editorskit_is_block_options_detached":false,"_editorskit_block_options_position":"{}","footnotes":""},"categories":[9,21,24,17050],"tags":[246,757,21169,26970,17,1259,26991],"class_list":["post-59681","post","type-post","status-publish","format-standard","hentry","category-film","category-filmske-novosti","category-filmske-radionice","category-press","tag-filmske-novosti-2","tag-filmske-radionice-2","tag-pft","tag-pft-2025","tag-pula","tag-pulska-filmska-tvornica","tag-pulska-filmska-tvornica-2025"],"yoast_head":"<!-- This site is optimized with the Yoast SEO plugin v24.6 - https:\/\/yoast.com\/wordpress\/plugins\/seo\/ -->\n<title>Izme\u0111u ba\u0161tine i filma \u2013 Glasovi zajednice u Pulskoj filmskoj tvornici - FILM-mag.net<\/title>\n<meta name=\"robots\" content=\"index, follow, max-snippet:-1, max-image-preview:large, max-video-preview:-1\" \/>\n<link rel=\"canonical\" href=\"http:\/\/film-mag.net\/wp\/?p=59681\" \/>\n<meta property=\"og:locale\" content=\"en_US\" \/>\n<meta property=\"og:type\" content=\"article\" \/>\n<meta property=\"og:title\" content=\"Izme\u0111u ba\u0161tine i filma \u2013 Glasovi zajednice u Pulskoj filmskoj tvornici - FILM-mag.net\" \/>\n<meta property=\"og:description\" content=\"Projekt \u201cIzme\u0111u ba\u0161tine i filma \u2013 Glasovi zajednice\u201d nakon uspje\u0161nog izdanja u Tkonu na otoku Pa\u0161manu sti\u017ee i u Pulu! Od 22. do 25. rujna 2025. u Klubu Pulske filmske tvornice (Stiglicheva 12) odr\u017eat \u0107e se bogat program predavanja, radionica, projekcija i izlo\u017ebi u organizaciji Teatra od soli, Baca\u010da sjenki, Pulske filmske tvornice, Dru\u0161tvenog centra [&hellip;]\" \/>\n<meta property=\"og:url\" content=\"http:\/\/film-mag.net\/wp\/?p=59681\" \/>\n<meta property=\"og:site_name\" content=\"FILM-mag.net\" \/>\n<meta property=\"article:published_time\" content=\"2025-09-21T16:48:48+00:00\" \/>\n<meta name=\"author\" content=\"PRESS\" \/>\n<meta name=\"twitter:card\" content=\"summary_large_image\" \/>\n<meta name=\"twitter:label1\" content=\"Written by\" \/>\n\t<meta name=\"twitter:data1\" content=\"PRESS\" \/>\n\t<meta name=\"twitter:label2\" content=\"Est. reading time\" \/>\n\t<meta name=\"twitter:data2\" content=\"5 minutes\" \/>\n<script type=\"application\/ld+json\" class=\"yoast-schema-graph\">{\"@context\":\"https:\/\/schema.org\",\"@graph\":[{\"@type\":\"WebPage\",\"@id\":\"http:\/\/film-mag.net\/wp\/?p=59681\",\"url\":\"http:\/\/film-mag.net\/wp\/?p=59681\",\"name\":\"Izme\u0111u ba\u0161tine i filma \u2013 Glasovi zajednice u Pulskoj filmskoj tvornici - FILM-mag.net\",\"isPartOf\":{\"@id\":\"http:\/\/film-mag.net\/wp\/#website\"},\"datePublished\":\"2025-09-21T16:48:48+00:00\",\"author\":{\"@id\":\"http:\/\/film-mag.net\/wp\/#\/schema\/person\/a8dd3a5b76a5bbde974e03510a205c2f\"},\"breadcrumb\":{\"@id\":\"http:\/\/film-mag.net\/wp\/?p=59681#breadcrumb\"},\"inLanguage\":\"en-US\",\"potentialAction\":[{\"@type\":\"ReadAction\",\"target\":[\"http:\/\/film-mag.net\/wp\/?p=59681\"]}]},{\"@type\":\"BreadcrumbList\",\"@id\":\"http:\/\/film-mag.net\/wp\/?p=59681#breadcrumb\",\"itemListElement\":[{\"@type\":\"ListItem\",\"position\":1,\"name\":\"Home\",\"item\":\"http:\/\/film-mag.net\/wp\/\"},{\"@type\":\"ListItem\",\"position\":2,\"name\":\"Izme\u0111u ba\u0161tine i filma \u2013 Glasovi zajednice u Pulskoj filmskoj tvornici\"}]},{\"@type\":\"WebSite\",\"@id\":\"http:\/\/film-mag.net\/wp\/#website\",\"url\":\"http:\/\/film-mag.net\/wp\/\",\"name\":\"FILM-mag.net\",\"description\":\"Prvi hrvatski portal o filmu i filmu bliskim podru\u010djima kulture\",\"potentialAction\":[{\"@type\":\"SearchAction\",\"target\":{\"@type\":\"EntryPoint\",\"urlTemplate\":\"http:\/\/film-mag.net\/wp\/?s={search_term_string}\"},\"query-input\":{\"@type\":\"PropertyValueSpecification\",\"valueRequired\":true,\"valueName\":\"search_term_string\"}}],\"inLanguage\":\"en-US\"},{\"@type\":\"Person\",\"@id\":\"http:\/\/film-mag.net\/wp\/#\/schema\/person\/a8dd3a5b76a5bbde974e03510a205c2f\",\"name\":\"PRESS\",\"image\":{\"@type\":\"ImageObject\",\"inLanguage\":\"en-US\",\"@id\":\"http:\/\/film-mag.net\/wp\/#\/schema\/person\/image\/\",\"url\":\"https:\/\/secure.gravatar.com\/avatar\/bf4ab1626f485b36c4f3650b1d351839?s=96&d=mm&r=g\",\"contentUrl\":\"https:\/\/secure.gravatar.com\/avatar\/bf4ab1626f485b36c4f3650b1d351839?s=96&d=mm&r=g\",\"caption\":\"PRESS\"},\"url\":\"http:\/\/film-mag.net\/wp\/?author=8\"}]}<\/script>\n<!-- \/ Yoast SEO plugin. -->","yoast_head_json":{"title":"Izme\u0111u ba\u0161tine i filma \u2013 Glasovi zajednice u Pulskoj filmskoj tvornici - FILM-mag.net","robots":{"index":"index","follow":"follow","max-snippet":"max-snippet:-1","max-image-preview":"max-image-preview:large","max-video-preview":"max-video-preview:-1"},"canonical":"http:\/\/film-mag.net\/wp\/?p=59681","og_locale":"en_US","og_type":"article","og_title":"Izme\u0111u ba\u0161tine i filma \u2013 Glasovi zajednice u Pulskoj filmskoj tvornici - FILM-mag.net","og_description":"Projekt \u201cIzme\u0111u ba\u0161tine i filma \u2013 Glasovi zajednice\u201d nakon uspje\u0161nog izdanja u Tkonu na otoku Pa\u0161manu sti\u017ee i u Pulu! Od 22. do 25. rujna 2025. u Klubu Pulske filmske tvornice (Stiglicheva 12) odr\u017eat \u0107e se bogat program predavanja, radionica, projekcija i izlo\u017ebi u organizaciji Teatra od soli, Baca\u010da sjenki, Pulske filmske tvornice, Dru\u0161tvenog centra [&hellip;]","og_url":"http:\/\/film-mag.net\/wp\/?p=59681","og_site_name":"FILM-mag.net","article_published_time":"2025-09-21T16:48:48+00:00","author":"PRESS","twitter_card":"summary_large_image","twitter_misc":{"Written by":"PRESS","Est. reading time":"5 minutes"},"schema":{"@context":"https:\/\/schema.org","@graph":[{"@type":"WebPage","@id":"http:\/\/film-mag.net\/wp\/?p=59681","url":"http:\/\/film-mag.net\/wp\/?p=59681","name":"Izme\u0111u ba\u0161tine i filma \u2013 Glasovi zajednice u Pulskoj filmskoj tvornici - FILM-mag.net","isPartOf":{"@id":"http:\/\/film-mag.net\/wp\/#website"},"datePublished":"2025-09-21T16:48:48+00:00","author":{"@id":"http:\/\/film-mag.net\/wp\/#\/schema\/person\/a8dd3a5b76a5bbde974e03510a205c2f"},"breadcrumb":{"@id":"http:\/\/film-mag.net\/wp\/?p=59681#breadcrumb"},"inLanguage":"en-US","potentialAction":[{"@type":"ReadAction","target":["http:\/\/film-mag.net\/wp\/?p=59681"]}]},{"@type":"BreadcrumbList","@id":"http:\/\/film-mag.net\/wp\/?p=59681#breadcrumb","itemListElement":[{"@type":"ListItem","position":1,"name":"Home","item":"http:\/\/film-mag.net\/wp\/"},{"@type":"ListItem","position":2,"name":"Izme\u0111u ba\u0161tine i filma \u2013 Glasovi zajednice u Pulskoj filmskoj tvornici"}]},{"@type":"WebSite","@id":"http:\/\/film-mag.net\/wp\/#website","url":"http:\/\/film-mag.net\/wp\/","name":"FILM-mag.net","description":"Prvi hrvatski portal o filmu i filmu bliskim podru\u010djima kulture","potentialAction":[{"@type":"SearchAction","target":{"@type":"EntryPoint","urlTemplate":"http:\/\/film-mag.net\/wp\/?s={search_term_string}"},"query-input":{"@type":"PropertyValueSpecification","valueRequired":true,"valueName":"search_term_string"}}],"inLanguage":"en-US"},{"@type":"Person","@id":"http:\/\/film-mag.net\/wp\/#\/schema\/person\/a8dd3a5b76a5bbde974e03510a205c2f","name":"PRESS","image":{"@type":"ImageObject","inLanguage":"en-US","@id":"http:\/\/film-mag.net\/wp\/#\/schema\/person\/image\/","url":"https:\/\/secure.gravatar.com\/avatar\/bf4ab1626f485b36c4f3650b1d351839?s=96&d=mm&r=g","contentUrl":"https:\/\/secure.gravatar.com\/avatar\/bf4ab1626f485b36c4f3650b1d351839?s=96&d=mm&r=g","caption":"PRESS"},"url":"http:\/\/film-mag.net\/wp\/?author=8"}]}},"_links":{"self":[{"href":"http:\/\/film-mag.net\/wp\/index.php?rest_route=\/wp\/v2\/posts\/59681","targetHints":{"allow":["GET"]}}],"collection":[{"href":"http:\/\/film-mag.net\/wp\/index.php?rest_route=\/wp\/v2\/posts"}],"about":[{"href":"http:\/\/film-mag.net\/wp\/index.php?rest_route=\/wp\/v2\/types\/post"}],"author":[{"embeddable":true,"href":"http:\/\/film-mag.net\/wp\/index.php?rest_route=\/wp\/v2\/users\/8"}],"replies":[{"embeddable":true,"href":"http:\/\/film-mag.net\/wp\/index.php?rest_route=%2Fwp%2Fv2%2Fcomments&post=59681"}],"version-history":[{"count":1,"href":"http:\/\/film-mag.net\/wp\/index.php?rest_route=\/wp\/v2\/posts\/59681\/revisions"}],"predecessor-version":[{"id":59682,"href":"http:\/\/film-mag.net\/wp\/index.php?rest_route=\/wp\/v2\/posts\/59681\/revisions\/59682"}],"wp:attachment":[{"href":"http:\/\/film-mag.net\/wp\/index.php?rest_route=%2Fwp%2Fv2%2Fmedia&parent=59681"}],"wp:term":[{"taxonomy":"category","embeddable":true,"href":"http:\/\/film-mag.net\/wp\/index.php?rest_route=%2Fwp%2Fv2%2Fcategories&post=59681"},{"taxonomy":"post_tag","embeddable":true,"href":"http:\/\/film-mag.net\/wp\/index.php?rest_route=%2Fwp%2Fv2%2Ftags&post=59681"}],"curies":[{"name":"wp","href":"https:\/\/api.w.org\/{rel}","templated":true}]}}