{"id":58640,"date":"2025-05-20T17:01:26","date_gmt":"2025-05-20T15:01:26","guid":{"rendered":"https:\/\/film-mag.net\/wp\/?p=58640"},"modified":"2025-05-20T17:01:26","modified_gmt":"2025-05-20T15:01:26","slug":"predstavljena-nova-sezona-u-lisinskom-i-mozartov-rekvijem-s-novim-zavrsetkom","status":"publish","type":"post","link":"http:\/\/film-mag.net\/wp\/?p=58640","title":{"rendered":"Predstavljena nova sezona: U Lisinskom i Mozartov Rekvijem s novim zavr\u0161etkom!"},"content":{"rendered":"<p style=\"text-align: justify;\"><strong><em>Po\u010dela je prodaja pretplata za cikluse Lisinski subotom i Lisinski da camera. Ravnateljica Nina \u010calopek u sezoni 2025.\/2026. najavila je i predavanja o teoriji glazbe te otkrila da \u0107e Dan dvorane biti posve\u0107en stogodi\u0161njici kazali\u0161ta Komedija i pedesetogodi\u0161njici Gubec-bega.<\/em><\/strong><\/p>\n<p style=\"text-align: justify;\">Zagreb, 19.05.2025. &#8211; Nova sezona Koncertne dvorane Vatroslava Lisinskog predstavljena je medijima u ispunjenom predvorju Velike dvorane. Uz koncerte najstarijeg ciklusa <em>Lisinski subotom<\/em>, koji dogodine slavi 45 godina(!), najavljeni su koncerti u nekima od najmla\u0111ih ciklusa &#8211; komornom\u00a0<em>Lisinski da camera<\/em>\u00a0i ciklusu ponajboljih studenata Muzi\u010dke akademije u Zagrebu,\u00a0<em>Rezidenti MUZA.\u00a0<\/em>U komornom ciklusu opet \u0107e po tri koncerta imati gitarski\u00a0<strong>Trio Elogio, Papandopulo kvartet\u00a0<\/strong>saksofonista i glasovirski kvartet\u00a0<strong>Dunje Bontek, Marije Andreja\u0161, Monike Leskovar i Martine Filjak<\/strong><em>.<\/em><\/p>\n<p style=\"text-align: justify;\"><img decoding=\"async\" style=\"border: none; width: 100%;\" src=\" https:\/\/i.postimg.cc\/CxbsxPvS\/Lisinski-subotom-Pressica-Foto-Robert-Jukic.jpg \" \/><\/p>\n<p style=\"text-align: justify;\">Foto Robert Juki\u0107<\/p>\n<p style=\"text-align: justify;\"><strong>Tko su novi\u00a0<em>Rezidenti MUZA<\/em><\/strong><\/p>\n<p style=\"text-align: justify;\">Nova imena Rezidenata MUZA su harfistica\u00a0<strong>Marta \u0106ikovi\u0107<\/strong>, violon\u010delist\u00a0<strong>Luka Galuf<\/strong>\u00a0i saksofonist\u00a0<strong>Lovro Kopa\u010d<\/strong>!<\/p>\n<p style=\"text-align: justify;\">\u2013 Na\u0161 temeljni ciklus ostaje\u00a0<em>Lisinski<\/em>\u00a0<em>subotom,<\/em>\u00a0s vrhunskim simfonijskim orkestrima i solistima iz Hrvatske i svijeta \u2013 rekla je\u00a0<strong>Nina \u010calopek<\/strong>, ravnateljica\u00a0<em>Lisinskog<\/em>\u00a0i izdvojila neke od 13 koncerata tog ciklusa u novoj sezoni:<\/p>\n<p style=\"text-align: justify;\">&#8211; Dolazi nam Simfonijski orkestar iz Vancouvera, koji se rijetko mo\u017ee \u010duti u Europi. Zatim \u0160kotski kraljevski orkestar te Staatskapelle Weimar s novim \u0161efom dirigentom, na\u0161im Ivanom Repu\u0161i\u0107em, koji je u program zagreba\u010dkog koncerta, naravno, uvrstio jedno hrvatsko djelo, ono Dore Peja\u010devi\u0107!<\/p>\n<p style=\"text-align: justify;\">Nina \u010calopek istaknula je i dva koncerta Orkestra Muzi\u010dke akademije u Zagrebu, a na drugom, 25. travnja idu\u0107e godine, u povodu 270. obljetnice Mozartova ro\u0111enja, na programu je njegov Rekvijem. Ne\u0107e biti izveden sa standardnim zavr\u0161etkom Mozartova u\u010denika Franza Xavera S\u00fcssmayra nego \u2013 maestra Mladena Tarbuka, koji \u0107e i dirigirati!<\/p>\n<p style=\"text-align: justify;\"><strong>U 2024. vi\u0161e od 300.000 posjetitelja<\/strong><\/p>\n<p style=\"text-align: justify;\">&#8211; Vi\u0161e od 300.000 posjetitelja bilo je u\u00a0<em>Lisinskom<\/em>\u00a0u 2024. godini, na 400 programa, od kojih 170 u organizaciji ili suorganizaciji Dvorane \u2013 naglasila je ravnateljica i zahvalila na podr\u0161ci Gradu Zagrebu i njegovoj Turisti\u010dkoj zajednici, sponzorima Privrednoj banci Zagreb i Croatia osiguranju te Ministarstvu kulture i medija.<\/p>\n<p style=\"text-align: justify;\">O novoj sezoni govorili su jo\u0161\u00a0<strong>Ivana Kocelj<\/strong>, rukovoditeljica Radne jedinice Glazba HRT-a,\u00a0<strong>Krunoslav Mari\u0107<\/strong>, predsjednik Upravnog odbora i \u010dlan Zagreba\u010dkih solista,\u00a0<strong>Igor Le\u0161nik<\/strong>, dekan zagreba\u010dke Muzi\u010dke akademije, saksofonist\u00a0<strong>Tomislav \u017du\u017eak<\/strong>\u00a0i pijanistica\u00a0<strong>Martina Filjak<\/strong>. Zadovoljstvo podupiranjem\u00a0<em>Lisinskog\u00a0<\/em>i kulture uop\u0107e izrazile su Vilijana Belas iz PBZ-a i Maja Weber iz Croatia osiguranja.<\/p>\n<p style=\"text-align: justify;\">Moderatorica Sonja Mrnjav\u010di\u0107 istaknula je da danas, 20. svibnja po\u010dinje prodaja pretplata za cikluse\u00a0<em>Lisinski subotom\u00a0<\/em>i<em>\u00a0Lisinski da camera<\/em>.<\/p>\n<p style=\"text-align: justify;\">&#8211; Privilegij je nastupati u Lisinskom subotom, pravom festivalu glazbe, a pogotovo otvoriti ga 27. rujna \u2013 rekla je\u00a0<strong>Ivana Kocelj<\/strong>. \u2013 Tada uz Simfonijski orkestar HRT-a nastupa skladatelj, orgulja\u0161 i improvizator, Francuz Thierry Escaich, jedan od \u010detiri titularna orgulja\u0161a katedrale Notre-Dame, u kojoj su najpoznatije orgulje svijeta \u2013 naglasila je i zahvalila Gradu Zagrebu na gotovo besplatnim terminima u\u00a0<em>Lisinskom<\/em>\u00a0za\u00a0<em>Majstorski ciklus HRT-a<\/em>.<\/p>\n<p style=\"text-align: justify;\"><strong><em>Mala Floramye<\/em>\u00a0sto godina od praizvedbe<\/strong><\/p>\n<p style=\"text-align: justify;\">Kocelj je najavila i druga doga\u0111anja u suradnji\u00a0<em>Lisinskog<\/em>\u00a0i HRT-a, a u Dvorani \u0107e 22. sije\u010dnja 2026. biti izvedena opereta\u00a0<em>Mala Floramye<\/em>\u00a0u povodu 100. obljetnice praizvedbe i 50. godi\u0161njice smrti njezina skladatelja Ive Tijardovi\u0107a.<\/p>\n<p style=\"text-align: justify;\">Superlative\u00a0<em>Lisinskom<\/em>\u00a0nije \u0161tedio ni\u00a0<strong>Krunoslav Mari\u0107<\/strong>.<\/p>\n<p style=\"text-align: justify;\">&#8211; Strani umjetnici sasvim druk\u010dije gledaju ako ih zovemo ba\u0161 na\u00a0<em>Lisinski subotom<\/em>, a mnogi u svoje biografije stavljaju nastup u tom ciklusu. Zagreba\u010dki solisti nastupaju 15. studenog sa \u010delistom Stevenom Isserlisom, novim kraljem tog instrumenta nakon Mstislava Rostropovi\u010da \u2013 uskliknuo je i odao priznanje ravnateljici\u00a0<em>Lisinskog<\/em>\u00a0na novim ciklusima i priredbama:<\/p>\n<p style=\"text-align: justify;\">&#8211; Ako tako nastavi\u0161, morat \u0107emo tjednu dodati jo\u0161 jedan dan!<\/p>\n<p style=\"text-align: justify;\">Dekan\u00a0<strong>Igor Le\u0161nik<\/strong>\u00a0kazao je da je ciklus studenata Muzi\u010dke akademije izvrsno uspio i najavio da \u0107e koncert maestra Tarbuka biti i njegov opro\u0161taj jer odlazi u mirovinu.<\/p>\n<p style=\"text-align: justify;\">O mjestu saksofona u klasi\u010dnoj glazbi nadahnuto je govorio\u00a0<strong>Tomislav \u017du\u017eak<\/strong>. U toj sferi njegov instrument se jo\u0161 afirmira, a upravo je kvartet saksofona sjajan za to, kazao je.<\/p>\n<p style=\"text-align: justify;\"><strong>\u0160to djeca bolje razumiju od odraslih<\/strong><\/p>\n<p style=\"text-align: justify;\">&#8211; Okosnica Papandopulo kvarteta je suvremena glazba i moram re\u0107i da me u\u00a0<em>Lisinskom da camera<\/em>\u00a0najvi\u0161e vesele matineje za djecu. Mali\u0161ane ne treba \u201e\u0161tedjeti\u201c od zahtjevnijih djela, a na\u0161e je iskustvo da su djeca otvorenija suvremenoj klasi\u010dnoj glazbi nego odrasli! \u2013 poentirao je \u017du\u017eak.<\/p>\n<p style=\"text-align: justify;\">S njim se o matinejama slo\u017eila i ravnateljica.<\/p>\n<p style=\"text-align: justify;\">&#8211; Ti su se koncerti prometnuli u zabavu za cijelu obitelj i veliki mi je\u00a0<em>gu\u0161t\u00a0<\/em>vidjeti da se na njima dobro zabavljaju i roditelji \u2013 rekla je i istaknula mnoge sadr\u017eaje u Dvorani za djecu i mlade.<\/p>\n<p style=\"text-align: justify;\">\u2013 Idu\u0107e godine je i 180. obljetnica patentiranja izuma saksofona, \u010demu \u0107e biti posve\u0107ena jedna od na\u0161ih izlo\u017ebi. Kad smo kod izlo\u017ebi, imat \u0107emo i onu o stogodi\u0161njici zagreba\u010dkog Gradskog kazali\u0161ta Komedija i 50. godi\u0161njici prve hrvatske rock-opere Gubec-beg, igrane stotinama puta u\u00a0<em>Lisinskom<\/em>. Tome \u0107emo posvetiti i ovogodi\u0161nji Dan dvorane!<\/p>\n<p style=\"text-align: justify;\"><strong>&#8216;Mala dvorana je bolja nego \u0161to smo mislili&#8217;<\/strong><\/p>\n<p style=\"text-align: justify;\"><strong>Martina Filjak<\/strong>\u00a0je ponovila da su ona i kolegice iz kvarteta bile odu\u0161evljene pozivom u\u00a0<em>Lisinski da cameru<\/em>\u00a0i da ciklus pokazuje kako Mala dvorana\u00a0<em>Lisinski<\/em>\u00a0ima puno bolje uvjete za muziciranje nego \u0161to smo svi mislili.<\/p>\n<p style=\"text-align: justify;\">&#8211; Publika voli komornu glazbu i dvorana je uvijek ispunjena. Na\u0161 kvartet i dalje njeguje tradicionalni repertoar, pa \u0107emo u novoj sezoni izvesti neka vrlo popularna djela, poput\u00a0 Schubertova kvinteta\u00a0<em>Pastrva<\/em>, a dat \u0107emo i obol\u00a050. obljetnici smrti Dmitrija \u0160ostakovi\u010da. \u00a0I ovaj put pomo\u0107i \u0107e nam drage kolege, Katarina Kutnar na violini i Branimir Pusti\u010dki, sada na kontrabasu \u2013 zaklju\u010dila je i izrazila veliko zadovoljstvo nastavkom muziciranja u komornom ciklusu na\u0161e sredi\u0161nje koncertne dvorane.<\/p>\n<p style=\"text-align: justify;\">[izvor informacije <strong><a href=\"https:\/\/www.lisinski.hr\/hr\/\" target=\"_blank\" rel=\"noopener noreferrer\"> Koncertna dvorana Vatroslav Lisinski<\/a><\/strong>]<\/p>\n<p style=\"text-align: justify;\"><iframe loading=\"lazy\" style=\"border: none; overflow: hidden;\" src=\"https:\/\/www.facebook.com\/plugins\/post.php?href=https%3A%2F%2Fwww.facebook.com%2FFILMmagnet%2Fposts%2Fpfbid02HwUNy99N9G4SyQVBuiGdXxD2dnuDsaFcYDBTXSVsrTHGvBp5rxWtTpKwq7JeaQzzl&amp;show_text=true&amp;width=500\" width=\"500\" height=\"684\" frameborder=\"0\" scrolling=\"no\" allowfullscreen=\"allowfullscreen\"><\/iframe><\/p>\n<div id=\"fb_share_1\" style=\"float: right; margin-left: 10px;\"><a name=\"fb_share\" type=\"box_count\" share_url=\"http:\/\/film-mag.net\/wp\/?p=58640\" href=\"http:\/\/www.facebook.com\/sharer.php\">Share<\/a><\/div><div><script src=\"http:\/\/static.ak.fbcdn.net\/connect.php\/js\/FB.Share\" type=\"text\/javascript\"><\/script><\/div><div style=\"clear:both\"><\/div>","protected":false},"excerpt":{"rendered":"<p>Po\u010dela je prodaja pretplata za cikluse Lisinski subotom i Lisinski da camera. Ravnateljica Nina \u010calopek u sezoni 2025.\/2026. najavila je i predavanja o teoriji glazbe te otkrila da \u0107e Dan dvorane biti posve\u0107en stogodi\u0161njici kazali\u0161ta Komedija i pedesetogodi\u0161njici Gubec-bega. Zagreb, 19.05.2025. &#8211; Nova sezona Koncertne dvorane Vatroslava Lisinskog predstavljena je medijima u ispunjenom predvorju Velike [&hellip;]<\/p>\n","protected":false},"author":8,"featured_media":0,"comment_status":"closed","ping_status":"closed","sticky":false,"template":"","format":"standard","meta":{"_et_pb_use_builder":"","_et_pb_old_content":"","_et_gb_content_width":"","_editorskit_title_hidden":false,"_editorskit_reading_time":0,"_editorskit_is_block_options_detached":false,"_editorskit_block_options_position":"{}","footnotes":""},"categories":[11,474,29,37,17050],"tags":[13539,27362,6797,443,401],"class_list":["post-58640","post","type-post","status-publish","format-standard","hentry","category-glazba","category-glazbene-vijesti","category-koncerti","category-najave-glazbenih-dogadanja","category-press","tag-kdvl","tag-kdvl-2025","tag-koncertna-dvorana-vatroslav-lisinski","tag-lisinski-subotom","tag-press-konferencija"],"yoast_head":"<!-- This site is optimized with the Yoast SEO plugin v24.6 - https:\/\/yoast.com\/wordpress\/plugins\/seo\/ -->\n<title>Predstavljena nova sezona: U Lisinskom i Mozartov Rekvijem s novim zavr\u0161etkom! - FILM-mag.net<\/title>\n<meta name=\"robots\" content=\"index, follow, max-snippet:-1, max-image-preview:large, max-video-preview:-1\" \/>\n<link rel=\"canonical\" href=\"http:\/\/film-mag.net\/wp\/?p=58640\" \/>\n<meta property=\"og:locale\" content=\"en_US\" \/>\n<meta property=\"og:type\" content=\"article\" \/>\n<meta property=\"og:title\" content=\"Predstavljena nova sezona: U Lisinskom i Mozartov Rekvijem s novim zavr\u0161etkom! - FILM-mag.net\" \/>\n<meta property=\"og:description\" content=\"Po\u010dela je prodaja pretplata za cikluse Lisinski subotom i Lisinski da camera. Ravnateljica Nina \u010calopek u sezoni 2025.\/2026. najavila je i predavanja o teoriji glazbe te otkrila da \u0107e Dan dvorane biti posve\u0107en stogodi\u0161njici kazali\u0161ta Komedija i pedesetogodi\u0161njici Gubec-bega. Zagreb, 19.05.2025. &#8211; Nova sezona Koncertne dvorane Vatroslava Lisinskog predstavljena je medijima u ispunjenom predvorju Velike [&hellip;]\" \/>\n<meta property=\"og:url\" content=\"http:\/\/film-mag.net\/wp\/?p=58640\" \/>\n<meta property=\"og:site_name\" content=\"FILM-mag.net\" \/>\n<meta property=\"article:published_time\" content=\"2025-05-20T15:01:26+00:00\" \/>\n<meta name=\"author\" content=\"PRESS\" \/>\n<meta name=\"twitter:card\" content=\"summary_large_image\" \/>\n<meta name=\"twitter:label1\" content=\"Written by\" \/>\n\t<meta name=\"twitter:data1\" content=\"PRESS\" \/>\n\t<meta name=\"twitter:label2\" content=\"Est. reading time\" \/>\n\t<meta name=\"twitter:data2\" content=\"5 minutes\" \/>\n<script type=\"application\/ld+json\" class=\"yoast-schema-graph\">{\"@context\":\"https:\/\/schema.org\",\"@graph\":[{\"@type\":\"WebPage\",\"@id\":\"http:\/\/film-mag.net\/wp\/?p=58640\",\"url\":\"http:\/\/film-mag.net\/wp\/?p=58640\",\"name\":\"Predstavljena nova sezona: U Lisinskom i Mozartov Rekvijem s novim zavr\u0161etkom! - FILM-mag.net\",\"isPartOf\":{\"@id\":\"http:\/\/film-mag.net\/wp\/#website\"},\"datePublished\":\"2025-05-20T15:01:26+00:00\",\"author\":{\"@id\":\"http:\/\/film-mag.net\/wp\/#\/schema\/person\/a8dd3a5b76a5bbde974e03510a205c2f\"},\"breadcrumb\":{\"@id\":\"http:\/\/film-mag.net\/wp\/?p=58640#breadcrumb\"},\"inLanguage\":\"en-US\",\"potentialAction\":[{\"@type\":\"ReadAction\",\"target\":[\"http:\/\/film-mag.net\/wp\/?p=58640\"]}]},{\"@type\":\"BreadcrumbList\",\"@id\":\"http:\/\/film-mag.net\/wp\/?p=58640#breadcrumb\",\"itemListElement\":[{\"@type\":\"ListItem\",\"position\":1,\"name\":\"Home\",\"item\":\"http:\/\/film-mag.net\/wp\/\"},{\"@type\":\"ListItem\",\"position\":2,\"name\":\"Predstavljena nova sezona: U Lisinskom i Mozartov Rekvijem s novim zavr\u0161etkom!\"}]},{\"@type\":\"WebSite\",\"@id\":\"http:\/\/film-mag.net\/wp\/#website\",\"url\":\"http:\/\/film-mag.net\/wp\/\",\"name\":\"FILM-mag.net\",\"description\":\"Prvi hrvatski portal o filmu i filmu bliskim podru\u010djima kulture\",\"potentialAction\":[{\"@type\":\"SearchAction\",\"target\":{\"@type\":\"EntryPoint\",\"urlTemplate\":\"http:\/\/film-mag.net\/wp\/?s={search_term_string}\"},\"query-input\":{\"@type\":\"PropertyValueSpecification\",\"valueRequired\":true,\"valueName\":\"search_term_string\"}}],\"inLanguage\":\"en-US\"},{\"@type\":\"Person\",\"@id\":\"http:\/\/film-mag.net\/wp\/#\/schema\/person\/a8dd3a5b76a5bbde974e03510a205c2f\",\"name\":\"PRESS\",\"image\":{\"@type\":\"ImageObject\",\"inLanguage\":\"en-US\",\"@id\":\"http:\/\/film-mag.net\/wp\/#\/schema\/person\/image\/\",\"url\":\"https:\/\/secure.gravatar.com\/avatar\/bf4ab1626f485b36c4f3650b1d351839?s=96&d=mm&r=g\",\"contentUrl\":\"https:\/\/secure.gravatar.com\/avatar\/bf4ab1626f485b36c4f3650b1d351839?s=96&d=mm&r=g\",\"caption\":\"PRESS\"},\"url\":\"http:\/\/film-mag.net\/wp\/?author=8\"}]}<\/script>\n<!-- \/ Yoast SEO plugin. -->","yoast_head_json":{"title":"Predstavljena nova sezona: U Lisinskom i Mozartov Rekvijem s novim zavr\u0161etkom! - FILM-mag.net","robots":{"index":"index","follow":"follow","max-snippet":"max-snippet:-1","max-image-preview":"max-image-preview:large","max-video-preview":"max-video-preview:-1"},"canonical":"http:\/\/film-mag.net\/wp\/?p=58640","og_locale":"en_US","og_type":"article","og_title":"Predstavljena nova sezona: U Lisinskom i Mozartov Rekvijem s novim zavr\u0161etkom! - FILM-mag.net","og_description":"Po\u010dela je prodaja pretplata za cikluse Lisinski subotom i Lisinski da camera. Ravnateljica Nina \u010calopek u sezoni 2025.\/2026. najavila je i predavanja o teoriji glazbe te otkrila da \u0107e Dan dvorane biti posve\u0107en stogodi\u0161njici kazali\u0161ta Komedija i pedesetogodi\u0161njici Gubec-bega. Zagreb, 19.05.2025. &#8211; Nova sezona Koncertne dvorane Vatroslava Lisinskog predstavljena je medijima u ispunjenom predvorju Velike [&hellip;]","og_url":"http:\/\/film-mag.net\/wp\/?p=58640","og_site_name":"FILM-mag.net","article_published_time":"2025-05-20T15:01:26+00:00","author":"PRESS","twitter_card":"summary_large_image","twitter_misc":{"Written by":"PRESS","Est. reading time":"5 minutes"},"schema":{"@context":"https:\/\/schema.org","@graph":[{"@type":"WebPage","@id":"http:\/\/film-mag.net\/wp\/?p=58640","url":"http:\/\/film-mag.net\/wp\/?p=58640","name":"Predstavljena nova sezona: U Lisinskom i Mozartov Rekvijem s novim zavr\u0161etkom! - FILM-mag.net","isPartOf":{"@id":"http:\/\/film-mag.net\/wp\/#website"},"datePublished":"2025-05-20T15:01:26+00:00","author":{"@id":"http:\/\/film-mag.net\/wp\/#\/schema\/person\/a8dd3a5b76a5bbde974e03510a205c2f"},"breadcrumb":{"@id":"http:\/\/film-mag.net\/wp\/?p=58640#breadcrumb"},"inLanguage":"en-US","potentialAction":[{"@type":"ReadAction","target":["http:\/\/film-mag.net\/wp\/?p=58640"]}]},{"@type":"BreadcrumbList","@id":"http:\/\/film-mag.net\/wp\/?p=58640#breadcrumb","itemListElement":[{"@type":"ListItem","position":1,"name":"Home","item":"http:\/\/film-mag.net\/wp\/"},{"@type":"ListItem","position":2,"name":"Predstavljena nova sezona: U Lisinskom i Mozartov Rekvijem s novim zavr\u0161etkom!"}]},{"@type":"WebSite","@id":"http:\/\/film-mag.net\/wp\/#website","url":"http:\/\/film-mag.net\/wp\/","name":"FILM-mag.net","description":"Prvi hrvatski portal o filmu i filmu bliskim podru\u010djima kulture","potentialAction":[{"@type":"SearchAction","target":{"@type":"EntryPoint","urlTemplate":"http:\/\/film-mag.net\/wp\/?s={search_term_string}"},"query-input":{"@type":"PropertyValueSpecification","valueRequired":true,"valueName":"search_term_string"}}],"inLanguage":"en-US"},{"@type":"Person","@id":"http:\/\/film-mag.net\/wp\/#\/schema\/person\/a8dd3a5b76a5bbde974e03510a205c2f","name":"PRESS","image":{"@type":"ImageObject","inLanguage":"en-US","@id":"http:\/\/film-mag.net\/wp\/#\/schema\/person\/image\/","url":"https:\/\/secure.gravatar.com\/avatar\/bf4ab1626f485b36c4f3650b1d351839?s=96&d=mm&r=g","contentUrl":"https:\/\/secure.gravatar.com\/avatar\/bf4ab1626f485b36c4f3650b1d351839?s=96&d=mm&r=g","caption":"PRESS"},"url":"http:\/\/film-mag.net\/wp\/?author=8"}]}},"_links":{"self":[{"href":"http:\/\/film-mag.net\/wp\/index.php?rest_route=\/wp\/v2\/posts\/58640","targetHints":{"allow":["GET"]}}],"collection":[{"href":"http:\/\/film-mag.net\/wp\/index.php?rest_route=\/wp\/v2\/posts"}],"about":[{"href":"http:\/\/film-mag.net\/wp\/index.php?rest_route=\/wp\/v2\/types\/post"}],"author":[{"embeddable":true,"href":"http:\/\/film-mag.net\/wp\/index.php?rest_route=\/wp\/v2\/users\/8"}],"replies":[{"embeddable":true,"href":"http:\/\/film-mag.net\/wp\/index.php?rest_route=%2Fwp%2Fv2%2Fcomments&post=58640"}],"version-history":[{"count":1,"href":"http:\/\/film-mag.net\/wp\/index.php?rest_route=\/wp\/v2\/posts\/58640\/revisions"}],"predecessor-version":[{"id":58641,"href":"http:\/\/film-mag.net\/wp\/index.php?rest_route=\/wp\/v2\/posts\/58640\/revisions\/58641"}],"wp:attachment":[{"href":"http:\/\/film-mag.net\/wp\/index.php?rest_route=%2Fwp%2Fv2%2Fmedia&parent=58640"}],"wp:term":[{"taxonomy":"category","embeddable":true,"href":"http:\/\/film-mag.net\/wp\/index.php?rest_route=%2Fwp%2Fv2%2Fcategories&post=58640"},{"taxonomy":"post_tag","embeddable":true,"href":"http:\/\/film-mag.net\/wp\/index.php?rest_route=%2Fwp%2Fv2%2Ftags&post=58640"}],"curies":[{"name":"wp","href":"https:\/\/api.w.org\/{rel}","templated":true}]}}