{"id":58525,"date":"2025-05-09T11:25:10","date_gmt":"2025-05-09T09:25:10","guid":{"rendered":"https:\/\/film-mag.net\/wp\/?p=58525"},"modified":"2025-05-09T11:25:10","modified_gmt":"2025-05-09T09:25:10","slug":"predstavljeno-proljetno-izdanje-jazzhr-festivala-tri-dana-proslave-zenskog-jazz-stvaralastva","status":"publish","type":"post","link":"http:\/\/film-mag.net\/wp\/?p=58525","title":{"rendered":"Predstavljeno proljetno izdanje JazzHR festivala: tri dana proslave \u017eenskog jazz stvarala\u0161tva"},"content":{"rendered":"<p style=\"text-align: justify;\">Proljetna edicija <a href=\"https:\/\/jazzhrfestival.com\/\">JazzHR festivala<\/a> u organizaciji <a href=\"https:\/\/www.hds.hr\/\">Hrvatskog dru\u0161tva skladatelja<\/a> koja \u0107e se <strong>odr\u017eati od <\/strong><strong>14. do 16. svibnja 2025.<\/strong> <strong>u Tvornici kulture<\/strong> predstavljena je odr\u017eanoj konferenciji za predstavnike medija u Ma\u0111arskom kulturnom centru, Institutu Franz Liszt. Festivalsko izdanje predstavile su <strong>Lana Janjanin<\/strong>, umjetni\u010dka ravnateljica JazzHR Festivala uz podr\u0161ku tri skladateljice, vokalistice i instrumentalistice \u2013 headlinerice JazzHR festivala \u2013 <strong>Ladu Obradovi\u0107, Maju Rivi\u0107 i Ninu Strnad.<\/strong><\/p>\n<p style=\"text-align: justify;\">Kao i dosad, spomenuti festival nastavlja promovirati recentno jazz stvarala\u0161tvo, a tijekom nadolaze\u0107eg \u0107e izdanja publika imati jedinstvenu priliku poslu\u0161ati nastupe najzanimljivijih jazz umjetnica iz Europe koje kroz razli\u010dite vidove, formacije i kreacije promoviraju jazz umjetnost. JazzHR u ovom izdanju donosi <strong><em>all women headliners<\/em><\/strong>, a uklju\u010duje <a href=\"https:\/\/jazzhrfestival.com\/\">osam koncerata<\/a> fantasti\u010dnih izvo\u0111a\u010dica i izvo\u0111a\u010da iz Hrvatske, Slovenije, \u010ce\u0161ke, Poljske, Ma\u0111arske, Austrije te Sjedinjenih Ameri\u010dkih Dr\u017eava.<\/p>\n<p style=\"text-align: justify;\"><img decoding=\"async\" style=\"border: none; width: 100%;\" src=\" https:\/\/i.postimg.cc\/SNsrhf56\/jazz-hr-press-konferencija-070525-Foto-Robert-Jukic.jpg \" \/><\/p>\n<p style=\"text-align: justify;\">Foto Roberr Juki\u0107<\/p>\n<p style=\"text-align: justify;\">Na samom po\u010detku suradnju Hrvatskog dru\u0161tva skladatelja i Ma\u0111arskog kulturnog centra, Instituta Franz Liszt pozdravila je tamo\u0161nja ravnateljica \u00a0dr. <strong>Anna Erzs\u00e9bet Mladenovics.<\/strong> <em>Mi organiziramo vi\u0161e od 100 programa godi\u0161nje te nas uvijek vesele svi programi klasi\u010dne glazbe, kao i jazza koji su jako dobro posje\u0107eni. Izgradili smo dobru suradnju s kulturnom institucijom iz Ma\u0111arske, Pala\u010dom \u00a0umjetnosti te uz njihovu pomo\u0107 na JazzHR festivalu osigurali nastup ma\u0111arske umjetnice <\/em><strong><em>R\u00f3ze H\u00e1rs<\/em><\/strong><em>.<\/em><\/p>\n<p style=\"text-align: justify;\">Program JazzHR festivala predstavila je umjetni\u010dka ravnateljica <strong>Lana Janjanin: <\/strong><em>Ovaj ingeniozan \u017eenski line up dogodio se spontano. Svih ovih godina otkad radim kao selektorica, razmi\u0161ljala sam o tome u kojoj su mjeri glazbenice zastupljene, ali nisam jedna od onih koje smatraju da treba ispunjavati kvote. Kvaliteta je oduvijek bila na\u0161 prvi i glavni kriterij. No ove se godine jednostavno poklopilo plodno razdoblje za sve ove glazbenice, kao i to da su sve one nedavno izdale ili \u0107e izdati svoja nova izdanja. U svih proteklih tridesetak godina izdanja festivala, nikad se nije dogodio ovakav all female line up i jako sam sretna \u0161to se to dogodilo za kraj mojega mandata. <\/em><\/p>\n<p style=\"text-align: justify;\">Svoje projekte potom su, uz kratke izvedbe, predstavile go\u0161\u0107e konferencije za medije, tri headlinerice JazzHR festivala: <strong>Maja Rivi\u0107, Lada Obradovi\u0107 <\/strong>i<strong> Nina Strnad.<\/strong><\/p>\n<p style=\"text-align: justify;\">Doma\u0107a vokalistica, skladateljica i multimedijalna umjetnica <a href=\"https:\/\/majarivic.com\/about\/\"><strong>Maja Rivi\u0107<\/strong><\/a> nastupit \u0107e sa svojim kvintetom. Poznata po osebujnom stilu pjevanja i kori\u0161tenju pro\u0161irenih vokalnih tehnika, ova glazbenica izvodi jazz, improviziranu, eksperimentalnu, tradicijsku i world glazbu. <em>Na JazzHR festivalu sam prije nekoliko godina nastupala sa Mimika Orchestrom, a ovaj puta \u0107u sa svojim kvintetom izvesti autorski album od osam kompozicija,<\/em> izjavila je <strong>Maja Rivi\u0107<\/strong>. <em>Ve\u0107inu vremena sam provela kao izvo\u0111a\u010dica i dugo ma\u0161tala o autorskom sastavu te mi je trebalo puno vremena da se to sublimira. Album je nesvjesno nastajao i zapravo funkcionira kao svojevrsni dnevnik mog \u017eivotnog puta procesa i izazova, <\/em>dodala je Maja Rivi\u0107.<\/p>\n<p style=\"text-align: justify;\">Hrvatska bubnjarka <a href=\"http:\/\/www.ladaobradovic.com\/\"><strong>Lada Obradovi\u0107<\/strong><\/a> nastupi\u0107 \u0107e u formi <a href=\"http:\/\/www.obradovictixierduo.com\/\"><strong>Obradovic \u2013 Tixier Dua<\/strong><\/a> koji pored nje \u010dini francuski pijanist <strong>David Tixier<\/strong>. <em>N<\/em><em>a JazzHR festivalu smo svirali 2021., a ove godine predstavljamo novi album<\/em><strong><em> Jiggled Juggler<\/em><\/strong><em>. Kroz svoj duo koji funkcionira sad ve\u0107 devet godina oduvijek kriti\u010dki progovaram kroz glazbu. Ovaj album nastao je u aktualnom vremenu; dovoljno je samo okrenuti se oko sebe, pro\u010ditati vijesti i inspiracija je tu. Taj album je rezonanca svega onoga \u0161to smo kao dru\u0161tvo pro\u017eivjeli posljednjih nekoliko godina,<\/em> izjavila je Lada Obradovi\u0107.<\/p>\n<p style=\"text-align: justify;\"><a href=\"http:\/\/www.ninastrnad.com\/\"><strong>Nina Strnad<\/strong><\/a>, jedna je od najsuverenijih i najpriznatijih pjeva\u010dica u Sloveniji koja nakon vi\u0161e od dvadeset godina karijere \u0161iroj javnosti predstavlja autorski projekt, <strong>Nina Strnad Jazz Band<\/strong>. <em>Ja ve\u0107 20 godina pi\u0161em muziku no ovo je prvi projekt kroz koji je predstavljam \u0161iroj publici \u2013 to radimo zapravo ve\u0107 dvije godine. Album jo\u0161 nije izdan, ali \u0107e biti uskoro. Krajem 2024. smo imali veliku \u010dast sa Big bandom RTV Slovenije nastupati u najve\u0107oj dvorani u Sloveniji, u Cankarjevom domu koji je bio rasprodan. U Hrvatskoj sada nastupam prvi put i neizmjerno se tome veselim, <\/em>izjavila je Nina Strnad.<\/p>\n<p style=\"text-align: justify;\">Pored spomenutih glazbenica, na festivalu \u0107e nastupiti i hrvatsko-ameri\u010dka umjetnica <strong>Thana Alexa, <\/strong>Bosansko-slovenska vokalistica <strong>Mirna Bogdanovi\u0107 <\/strong>te \u00a0\u010de\u0161ka truba\u010dica i skladateljica <strong>\u0160t\u011bp\u00e1nka Balcarova <\/strong>kao i ma\u0111arska glazbenica <strong>R\u00f3za H\u00e1rs<\/strong>, osniva\u010dica i predvodnica mladog ma\u0111arskog benda <strong>Tilia <\/strong>koji \u0107e se predstaviti kao <strong>Nove nada jazza<\/strong>.<\/p>\n<p style=\"text-align: justify;\"><a href=\"https:\/\/www.thanalexa.com\/\"><strong>Thana Alexa<\/strong><\/a> renomirana je glazbenica hrvatsko-ameri\u010dkog porijekla \u010diji je posljednji album <strong><em>ONA<\/em><\/strong> (samostalno izdanje, 2020.), dvostruko nominirani za Grammy, a nadahnut je me\u0111ugeneracijskim i me\u0111ukulturalnim pri\u010dama \u017eena migrantica iz njezine obitelji. Thana Alexa je i suosniva\u010dica i umjetni\u010dka direktorica Ponta Lopud jazz festivala u Hrvatskoj.<\/p>\n<p style=\"text-align: justify;\">Bosansko-slovenska vokalistica <a href=\"http:\/\/www.mirnabogdanovic.com\/\"><strong>Mirna Bogdanovi\u0107<\/strong><\/a> dugi je niz godina etablirana na njema\u010dkoj jazz sceni, a na festival sti\u017ee sa ansamblom <strong>Mirna Bogdanovi\u0107 Group. <\/strong>Dosad je izdala dva albuma, koja su osvojila Deutscher Jazzpreis, dok je album <strong><em>Awake<\/em><\/strong> koji \u0107e promovirati u Zagrebu, progla\u0161en albumom godine.<\/p>\n<p style=\"text-align: justify;\">Na JazzHR festival sti\u017ee i \u010de\u0161ka truba\u010dica i skladateljica <a href=\"http:\/\/www.stepankabalcarova.cz\/\"><strong>\u0160t\u011bp\u00e1nka Balcarova<\/strong><\/a> i njezin<strong> \u0160t\u011bp\u00e1nka Balcarov\u00e1 Quartet <\/strong>koji \u0107e promovirati posljednji album <strong><em>Emotions<\/em><\/strong>. Osam skladbi s albuma predstavljaju osam osnovnih ljudskih emocija, kako ih je definirao ameri\u010dki psiholog Robert Plutchik: radost, povjerenje, strah, iznena\u0111enje, tuga, ga\u0111enje, bijes i i\u0161\u010dekivanje.<\/p>\n<p style=\"text-align: justify;\">Sedma headlinerica JazzHR festivala je <strong>R\u00f3za H\u00e1rs<\/strong>, osniva\u010dica i predvodnica mladog ma\u0111arskog benda <a href=\"https:\/\/www.instagram.com\/tiliazenekar\/\"><strong>Tilia<\/strong><\/a> koji nastupa u Malom pogonu prve ve\u010deri festivala, a u istom prostoru, posljednje ve\u010deri festivala, publika \u0107e imati priliku \u010duti i koncert austrijskog kvarteta <a href=\"https:\/\/www.niklouds.com\/\"><strong>NIKLOUDS<\/strong><\/a><strong>.<\/strong><\/p>\n<p style=\"text-align: justify;\"><strong>JazzHR fefstival<\/strong> kroz svoju je dugogodi\u0161nju povijest ugostio vi\u0161e od 2000 glazbenika. Od 2021. godine pod vodstvom je umjetni\u010dke ravnateljice <strong>Lane Janjanin<\/strong>, a od svojeg osnutka uvijek te\u017ei okupljanju i ujedinjenju jazz scene te nastoji osna\u017eiti osje\u0107aj i djelovanje jazz kolektiva.<\/p>\n<p style=\"text-align: justify;\"><strong>Cjelokupni program Festivala <\/strong>dostupna je na <a href=\"https:\/\/jazzhrfestival.com\/\">mre\u017enim stranicama festivala<\/a><strong>. <\/strong>Festivalske ulaznice se po cijeni od 40 eura mogu kupiti preko sustava <a href=\"https:\/\/www.entrio.hr\/event\/jazzhr-festival-2025-23945\">Entrio<\/a>. Cijena ulaznice za svaku festivalsku ve\u010der iznosi 15 eura.<\/p>\n<p style=\"text-align: justify;\">[izvor informacije <strong><a href=\" https:\/\/jazzhrfestival.com\/ \" target=\"_blank\" rel=\"noopener noreferrer\"> Jazz.hr<\/a><\/strong>]<br \/>\n[izvor informacije <strong><a href=\" https:\/\/www.hds.hr\/predstavljeno-proljetno-izdanje-jazzhr-festivala-tri-dana-proslave-zenskog-jazz-stvaralastva\/ \" target=\"_blank\" rel=\"noopener noreferrer\"> HDS<\/a><\/strong>]<\/p>\n<p style=\"text-align: justify;\"><iframe loading=\"lazy\" style=\"border: none; overflow: hidden;\" src=\"https:\/\/www.facebook.com\/plugins\/post.php?href=https%3A%2F%2Fwww.facebook.com%2FFILMmagnet%2Fposts%2Fpfbid06bhEqw3LaC79HfXNW9GSnE8qMv2TaPbcxeefKBEPsRX2dfhvZS32UYmeP2Lephmvl&amp;show_text=true&amp;width=500\" width=\"500\" height=\"665\" frameborder=\"0\" scrolling=\"no\" allowfullscreen=\"allowfullscreen\"><\/iframe><\/p>\n<div id=\"fb_share_1\" style=\"float: right; margin-left: 10px;\"><a name=\"fb_share\" type=\"box_count\" share_url=\"http:\/\/film-mag.net\/wp\/?p=58525\" href=\"http:\/\/www.facebook.com\/sharer.php\">Share<\/a><\/div><div><script src=\"http:\/\/static.ak.fbcdn.net\/connect.php\/js\/FB.Share\" type=\"text\/javascript\"><\/script><\/div><div style=\"clear:both\"><\/div>","protected":false},"excerpt":{"rendered":"<p>Proljetna edicija JazzHR festivala u organizaciji Hrvatskog dru\u0161tva skladatelja koja \u0107e se odr\u017eati od 14. do 16. svibnja 2025. u Tvornici kulture predstavljena je odr\u017eanoj konferenciji za predstavnike medija u Ma\u0111arskom kulturnom centru, Institutu Franz Liszt. Festivalsko izdanje predstavile su Lana Janjanin, umjetni\u010dka ravnateljica JazzHR Festivala uz podr\u0161ku tri skladateljice, vokalistice i instrumentalistice \u2013 headlinerice [&hellip;]<\/p>\n","protected":false},"author":8,"featured_media":0,"comment_status":"closed","ping_status":"closed","sticky":false,"template":"","format":"standard","meta":{"_et_pb_use_builder":"","_et_pb_old_content":"","_et_gb_content_width":"","_editorskit_title_hidden":false,"_editorskit_reading_time":0,"_editorskit_is_block_options_detached":false,"_editorskit_block_options_position":"{}","footnotes":""},"categories":[11,474,29,37,17050],"tags":[27395,252,232,142,202,27435,1032,125,1222,26983,154,26984,401,126],"class_list":["post-58525","post","type-post","status-publish","format-standard","hentry","category-glazba","category-glazbene-vijesti","category-koncerti","category-najave-glazbenih-dogadanja","category-press","tag-andreja-kuluncic","tag-glazbeni-festivali","tag-izlozba","tag-izlozbe-2","tag-jazz","tag-jazz-2025","tag-jazz-hr","tag-koncerti-2","tag-msu","tag-msu-2025","tag-muzej-suvremene-umjetnosti","tag-muzej-suvremene-umjetnosti-2025","tag-press-konferencija","tag-tvornica-kulture"],"yoast_head":"<!-- This site is optimized with the Yoast SEO plugin v24.6 - https:\/\/yoast.com\/wordpress\/plugins\/seo\/ -->\n<title>Predstavljeno proljetno izdanje JazzHR festivala: tri dana proslave \u017eenskog jazz stvarala\u0161tva - FILM-mag.net<\/title>\n<meta name=\"robots\" content=\"index, follow, max-snippet:-1, max-image-preview:large, max-video-preview:-1\" \/>\n<link rel=\"canonical\" href=\"http:\/\/film-mag.net\/wp\/?p=58525\" \/>\n<meta property=\"og:locale\" content=\"en_US\" \/>\n<meta property=\"og:type\" content=\"article\" \/>\n<meta property=\"og:title\" content=\"Predstavljeno proljetno izdanje JazzHR festivala: tri dana proslave \u017eenskog jazz stvarala\u0161tva - FILM-mag.net\" \/>\n<meta property=\"og:description\" content=\"Proljetna edicija JazzHR festivala u organizaciji Hrvatskog dru\u0161tva skladatelja koja \u0107e se odr\u017eati od 14. do 16. svibnja 2025. u Tvornici kulture predstavljena je odr\u017eanoj konferenciji za predstavnike medija u Ma\u0111arskom kulturnom centru, Institutu Franz Liszt. Festivalsko izdanje predstavile su Lana Janjanin, umjetni\u010dka ravnateljica JazzHR Festivala uz podr\u0161ku tri skladateljice, vokalistice i instrumentalistice \u2013 headlinerice [&hellip;]\" \/>\n<meta property=\"og:url\" content=\"http:\/\/film-mag.net\/wp\/?p=58525\" \/>\n<meta property=\"og:site_name\" content=\"FILM-mag.net\" \/>\n<meta property=\"article:published_time\" content=\"2025-05-09T09:25:10+00:00\" \/>\n<meta name=\"author\" content=\"PRESS\" \/>\n<meta name=\"twitter:card\" content=\"summary_large_image\" \/>\n<meta name=\"twitter:label1\" content=\"Written by\" \/>\n\t<meta name=\"twitter:data1\" content=\"PRESS\" \/>\n\t<meta name=\"twitter:label2\" content=\"Est. reading time\" \/>\n\t<meta name=\"twitter:data2\" content=\"5 minutes\" \/>\n<script type=\"application\/ld+json\" class=\"yoast-schema-graph\">{\"@context\":\"https:\/\/schema.org\",\"@graph\":[{\"@type\":\"WebPage\",\"@id\":\"http:\/\/film-mag.net\/wp\/?p=58525\",\"url\":\"http:\/\/film-mag.net\/wp\/?p=58525\",\"name\":\"Predstavljeno proljetno izdanje JazzHR festivala: tri dana proslave \u017eenskog jazz stvarala\u0161tva - FILM-mag.net\",\"isPartOf\":{\"@id\":\"http:\/\/film-mag.net\/wp\/#website\"},\"datePublished\":\"2025-05-09T09:25:10+00:00\",\"author\":{\"@id\":\"http:\/\/film-mag.net\/wp\/#\/schema\/person\/a8dd3a5b76a5bbde974e03510a205c2f\"},\"breadcrumb\":{\"@id\":\"http:\/\/film-mag.net\/wp\/?p=58525#breadcrumb\"},\"inLanguage\":\"en-US\",\"potentialAction\":[{\"@type\":\"ReadAction\",\"target\":[\"http:\/\/film-mag.net\/wp\/?p=58525\"]}]},{\"@type\":\"BreadcrumbList\",\"@id\":\"http:\/\/film-mag.net\/wp\/?p=58525#breadcrumb\",\"itemListElement\":[{\"@type\":\"ListItem\",\"position\":1,\"name\":\"Home\",\"item\":\"http:\/\/film-mag.net\/wp\/\"},{\"@type\":\"ListItem\",\"position\":2,\"name\":\"Predstavljeno proljetno izdanje JazzHR festivala: tri dana proslave \u017eenskog jazz stvarala\u0161tva\"}]},{\"@type\":\"WebSite\",\"@id\":\"http:\/\/film-mag.net\/wp\/#website\",\"url\":\"http:\/\/film-mag.net\/wp\/\",\"name\":\"FILM-mag.net\",\"description\":\"Prvi hrvatski portal o filmu i filmu bliskim podru\u010djima kulture\",\"potentialAction\":[{\"@type\":\"SearchAction\",\"target\":{\"@type\":\"EntryPoint\",\"urlTemplate\":\"http:\/\/film-mag.net\/wp\/?s={search_term_string}\"},\"query-input\":{\"@type\":\"PropertyValueSpecification\",\"valueRequired\":true,\"valueName\":\"search_term_string\"}}],\"inLanguage\":\"en-US\"},{\"@type\":\"Person\",\"@id\":\"http:\/\/film-mag.net\/wp\/#\/schema\/person\/a8dd3a5b76a5bbde974e03510a205c2f\",\"name\":\"PRESS\",\"image\":{\"@type\":\"ImageObject\",\"inLanguage\":\"en-US\",\"@id\":\"http:\/\/film-mag.net\/wp\/#\/schema\/person\/image\/\",\"url\":\"https:\/\/secure.gravatar.com\/avatar\/bf4ab1626f485b36c4f3650b1d351839?s=96&d=mm&r=g\",\"contentUrl\":\"https:\/\/secure.gravatar.com\/avatar\/bf4ab1626f485b36c4f3650b1d351839?s=96&d=mm&r=g\",\"caption\":\"PRESS\"},\"url\":\"http:\/\/film-mag.net\/wp\/?author=8\"}]}<\/script>\n<!-- \/ Yoast SEO plugin. -->","yoast_head_json":{"title":"Predstavljeno proljetno izdanje JazzHR festivala: tri dana proslave \u017eenskog jazz stvarala\u0161tva - FILM-mag.net","robots":{"index":"index","follow":"follow","max-snippet":"max-snippet:-1","max-image-preview":"max-image-preview:large","max-video-preview":"max-video-preview:-1"},"canonical":"http:\/\/film-mag.net\/wp\/?p=58525","og_locale":"en_US","og_type":"article","og_title":"Predstavljeno proljetno izdanje JazzHR festivala: tri dana proslave \u017eenskog jazz stvarala\u0161tva - FILM-mag.net","og_description":"Proljetna edicija JazzHR festivala u organizaciji Hrvatskog dru\u0161tva skladatelja koja \u0107e se odr\u017eati od 14. do 16. svibnja 2025. u Tvornici kulture predstavljena je odr\u017eanoj konferenciji za predstavnike medija u Ma\u0111arskom kulturnom centru, Institutu Franz Liszt. Festivalsko izdanje predstavile su Lana Janjanin, umjetni\u010dka ravnateljica JazzHR Festivala uz podr\u0161ku tri skladateljice, vokalistice i instrumentalistice \u2013 headlinerice [&hellip;]","og_url":"http:\/\/film-mag.net\/wp\/?p=58525","og_site_name":"FILM-mag.net","article_published_time":"2025-05-09T09:25:10+00:00","author":"PRESS","twitter_card":"summary_large_image","twitter_misc":{"Written by":"PRESS","Est. reading time":"5 minutes"},"schema":{"@context":"https:\/\/schema.org","@graph":[{"@type":"WebPage","@id":"http:\/\/film-mag.net\/wp\/?p=58525","url":"http:\/\/film-mag.net\/wp\/?p=58525","name":"Predstavljeno proljetno izdanje JazzHR festivala: tri dana proslave \u017eenskog jazz stvarala\u0161tva - FILM-mag.net","isPartOf":{"@id":"http:\/\/film-mag.net\/wp\/#website"},"datePublished":"2025-05-09T09:25:10+00:00","author":{"@id":"http:\/\/film-mag.net\/wp\/#\/schema\/person\/a8dd3a5b76a5bbde974e03510a205c2f"},"breadcrumb":{"@id":"http:\/\/film-mag.net\/wp\/?p=58525#breadcrumb"},"inLanguage":"en-US","potentialAction":[{"@type":"ReadAction","target":["http:\/\/film-mag.net\/wp\/?p=58525"]}]},{"@type":"BreadcrumbList","@id":"http:\/\/film-mag.net\/wp\/?p=58525#breadcrumb","itemListElement":[{"@type":"ListItem","position":1,"name":"Home","item":"http:\/\/film-mag.net\/wp\/"},{"@type":"ListItem","position":2,"name":"Predstavljeno proljetno izdanje JazzHR festivala: tri dana proslave \u017eenskog jazz stvarala\u0161tva"}]},{"@type":"WebSite","@id":"http:\/\/film-mag.net\/wp\/#website","url":"http:\/\/film-mag.net\/wp\/","name":"FILM-mag.net","description":"Prvi hrvatski portal o filmu i filmu bliskim podru\u010djima kulture","potentialAction":[{"@type":"SearchAction","target":{"@type":"EntryPoint","urlTemplate":"http:\/\/film-mag.net\/wp\/?s={search_term_string}"},"query-input":{"@type":"PropertyValueSpecification","valueRequired":true,"valueName":"search_term_string"}}],"inLanguage":"en-US"},{"@type":"Person","@id":"http:\/\/film-mag.net\/wp\/#\/schema\/person\/a8dd3a5b76a5bbde974e03510a205c2f","name":"PRESS","image":{"@type":"ImageObject","inLanguage":"en-US","@id":"http:\/\/film-mag.net\/wp\/#\/schema\/person\/image\/","url":"https:\/\/secure.gravatar.com\/avatar\/bf4ab1626f485b36c4f3650b1d351839?s=96&d=mm&r=g","contentUrl":"https:\/\/secure.gravatar.com\/avatar\/bf4ab1626f485b36c4f3650b1d351839?s=96&d=mm&r=g","caption":"PRESS"},"url":"http:\/\/film-mag.net\/wp\/?author=8"}]}},"_links":{"self":[{"href":"http:\/\/film-mag.net\/wp\/index.php?rest_route=\/wp\/v2\/posts\/58525","targetHints":{"allow":["GET"]}}],"collection":[{"href":"http:\/\/film-mag.net\/wp\/index.php?rest_route=\/wp\/v2\/posts"}],"about":[{"href":"http:\/\/film-mag.net\/wp\/index.php?rest_route=\/wp\/v2\/types\/post"}],"author":[{"embeddable":true,"href":"http:\/\/film-mag.net\/wp\/index.php?rest_route=\/wp\/v2\/users\/8"}],"replies":[{"embeddable":true,"href":"http:\/\/film-mag.net\/wp\/index.php?rest_route=%2Fwp%2Fv2%2Fcomments&post=58525"}],"version-history":[{"count":1,"href":"http:\/\/film-mag.net\/wp\/index.php?rest_route=\/wp\/v2\/posts\/58525\/revisions"}],"predecessor-version":[{"id":58526,"href":"http:\/\/film-mag.net\/wp\/index.php?rest_route=\/wp\/v2\/posts\/58525\/revisions\/58526"}],"wp:attachment":[{"href":"http:\/\/film-mag.net\/wp\/index.php?rest_route=%2Fwp%2Fv2%2Fmedia&parent=58525"}],"wp:term":[{"taxonomy":"category","embeddable":true,"href":"http:\/\/film-mag.net\/wp\/index.php?rest_route=%2Fwp%2Fv2%2Fcategories&post=58525"},{"taxonomy":"post_tag","embeddable":true,"href":"http:\/\/film-mag.net\/wp\/index.php?rest_route=%2Fwp%2Fv2%2Ftags&post=58525"}],"curies":[{"name":"wp","href":"https:\/\/api.w.org\/{rel}","templated":true}]}}