{"id":57678,"date":"2025-02-03T22:52:55","date_gmt":"2025-02-03T21:52:55","guid":{"rendered":"https:\/\/film-mag.net\/wp\/?p=57678"},"modified":"2025-02-03T22:52:55","modified_gmt":"2025-02-03T21:52:55","slug":"godina-u-znaku-velike-145-obljetnice-muzeja-za-umjetnost-i-obrt","status":"publish","type":"post","link":"http:\/\/film-mag.net\/wp\/?p=57678","title":{"rendered":"Godina u znaku velike 145. obljetnice Muzeja za umjetnost i obrt"},"content":{"rendered":"<p style=\"text-align: justify;\"><strong>NAJAVA IZLO\u017dBENOG PROGRAMA 2025. MUZEJA ZA UMJETNOST I OBRT: Godina u znaku velike 145. obljetnice Muzeja za umjetnost i obrt &#8211; MUO u ovoj godini priprema \u010dak sedam samostalnih izlo\u017ebi, tri partnerske te dva velika monografska izdanja<\/strong><\/p>\n<p style=\"text-align: justify;\">Zagreba\u010dki Muzej za umjetnost i obrt koji je u obnovi, ove godine obilje\u017eava 145. godi\u0161njicu svojeg postojanja te \u0107e tom prigodom njegov cjelogodi\u0161nji izlo\u017ebeni program biti u znaku MUO145. Ova zna\u010dajna obljetnica prilika je za refleksiju na bogatu povijest Muzeja, koji je svojim osnutkom 1880. godine postao klju\u010dna institucija u o\u010duvanju i promicanju kulturne ba\u0161tine.<\/p>\n<p style=\"text-align: justify;\"><img decoding=\"async\" style=\"border: none; width: 100%;\" src=\" https:\/\/i1.wp.com\/www.muo.hr\/wp-content\/uploads\/2025\/01\/MUO-145-logo_vertikalni.jpg?resize=896%2C838&amp;ssl=1O \" \/><\/p>\n<p style=\"text-align: justify;\">Fotografiju ustupio <strong><a href=\"https:\/\/www.muo.hr\/blog\/2025\/01\/30\/godina-u-znaku-velike-145-obljetnice-muzeja-za-umjetnost-i-obrt\/\" target=\"_blank\" rel=\"noopener noreferrer\"> MUO<\/a><\/strong><\/p>\n<p style=\"text-align: justify;\">S tim ciljem do kraja godine Muzej za umjetnost i obrt planira organizirati i otvoriti \u010dak sedam vlastitih te tri partnerske izlo\u017ebe u zemlji i u inozemstvu, izdati dvije nove stru\u010dne monografije te sudjelovati u nizu brojnih programa u suradnji s razli\u010ditim doma\u0107im i stranim institucijama, Gradom Zagrebom i lokalnom zajednicom.<\/p>\n<p style=\"text-align: justify;\">Iz bogatog ovogodi\u0161njeg programskog plana MUO izdvaja objavu velike, sveobuhvatne, bogato ilustrirane monografije koja obuhva\u0107a dugo razdoblje djelovanja Muzeja, od njegovog osnutka do gotovo kraja 2023. godine. Monografija MUO, \u010dije je izdanje najavljeno za drugu polovicu 2025. godine u suradnji sa \u0160kolskom knjigom, jedno je u nakladni\u010dkom nizu od velikih monografskih izdanja koja Muzej za umjetnost i obrt planira realizirati i u budu\u0107nosti. Sljede\u0107a je u pripremi monografija o velikoj muzealki i dugogodi\u0161njoj ravnateljici Muzeja Zdenki Munk.<\/p>\n<p style=\"text-align: justify;\">\u201eOva velika obljetnica nas podsje\u0107a na va\u017enost muzeja kao institucije koja nije samo \u010duvar ba\u0161tine, ve\u0107 i dinami\u010dan prostor kreativnosti, istra\u017eivanja i dijaloga. U 145 godina svojeg postojanja Muzej za umjetnost i obrt postao je nezaobilazan dio kulturnog \u017eivota Hrvatske, a mi planiramo niz aktivnosti koje \u0107e donijeti nove izazove i inspiraciju za budu\u0107e generacije posjetitelja\u201c, izjavio je ravnatelj muzeja, Sanjin Miheli\u0107.<\/p>\n<p style=\"text-align: justify;\">Okosnice izlo\u017ebenog programa bit \u0107e dvije velike izlo\u017ebe, u Zagrebu i u Puli. Zagreba\u010dka \u0107e izlo\u017eba biti posve\u0107ena goti\u010dkom i renesansnom zlatarstvu 15. i 16. stolje\u0107a, a otvorit \u0107e se 7. rujna u Muzeju grada Zagreba na dan ujedinjenja Gradeca i Kaptola kao jedna od okosnica programa 175 godina ujedinjenja Grada. Izlo\u017eba, kojoj je partner Zagreba\u010dka nadbiskupija, prezentirat \u0107e najzna\u010dajnije primjere zlatarstva kasnosrednjovjekovnog Zagreba i prostora nekada\u0161nje velike Zagreba\u010dke biskupije, danas Nadbiskupije. Izlo\u017eit \u0107e se pedesetak remek-djela zlatarskih majstora ve\u0107inom posu\u0111enih iz Riznice Zagreba\u010dke katedrale, me\u0111u kojima i najstarija relikvija zagreba\u010dke Crkve donesena u Zagreb u 12. stolje\u0107u, ulo\u017eena u pozla\u0107eni srebrni kri\u017e ukra\u0161en emajlom i dragim kamenjem kao i najzna\u010dajniji primjeri zlatarstva poput pastorala, monstranci i pacifikala iz tog razdoblja.<\/p>\n<p style=\"text-align: justify;\">Jo\u0161 jednu zna\u010dajnu izlo\u017ebu u obljetni\u010dkoj godini MUO \u0107e otvoriti po\u010detkom lipnja u Puli u muzejsko-galerijskom prostoru Sveta Srca. Muzej za umjetnost i obrt ovom \u0107e izlo\u017ebom predstaviti \u0161iroki spektar odabranih najreprezentativnijih predmeta lijepih i primijenjenih umjetnosti od 13. stolje\u0107a do danas koji osim estetske vrijednosti imaju i zna\u010dajnu povezanost sa \u0161irim kulturnim i dru\u0161tvenim kontekstima u kojima su nastali. Predstavljanjem odabranih remek-djela iz bogatih muzejskih zbirki, koja su klju\u010dna za razumijevanje promjena i transformacija suvremenog dru\u0161tva, Muzej za umjetnost i obrt \u017eeli dati dodatan doprinos zajednici \u010dine\u0107i kulturnu ba\u0161tinu dostupnom \u0161irokoj javnosti upravo u svojoj obljetni\u010dkoj godini.<\/p>\n<p style=\"text-align: justify;\">Uz pulsku i zagreba\u010dku izlo\u017ebu MUO \u0107e u sklopu ovogodi\u0161nje No\u0107i muzeja 31. sije\u010dnja otvoriti izlo\u017ebu \u201eSJAJ I BOJA: Oblikovanje stakla u 19. stolje\u0107u \u2013 izbor iz Zbirke stakla Muzeja za umjetnost i obrt\u201c u Gradskom muzeju Nova Gradi\u0161ka koja \u0107e potom na jesen gostovati i u Sloveniji u Dolenjskom muzeju u Novom Mestu. Slijedi izlo\u017eba \u201eMarijan Detoni: od skice do matrice\u201c u Galeriji umjetnina u Splitu, izlo\u017eba pokladnih kostima \u201ePokladni korzo \u2013 restaurirani pokladni kostimi iz fundusa Muzeja za umjetnost i obrt\u201c u Galeriji ULUPUH u Zagrebu, izlo\u017eba posve\u0107ena makedonskoj umjetnici Men\u010de Spirovskoj te izlo\u017eba fotografija studija obitelji Arsovski u suradnji s Muzejem grada Skopja i Kulturno-informativnim centrom Republike Sjeverne Makedonije u Zagrebu. Slijede jo\u0161 tri partnerske izlo\u017ebe, \u201eHisto(e)rija zaborava \u2013 prve zaposlenice u zagreba\u010dkim muzejima\u201c u suradnji sa zagreba\u010dkim Arheolo\u0161kim muzejem, Etnografskim muzejem i Hrvatskim \u0161kolskim muzejem, me\u0111unarodna izlo\u017eba u Staklarskom centru u B\u00e4rnbachu u Austriji te izlo\u017eba \u201eArhitektura i kultura stanovanja u Zagrebu 1880-1940.\u201c u Hrvatskom dr\u017eavnom arhivu u Zagrebu.<\/p>\n<p style=\"text-align: justify;\">\u201eIako obnova zgrade muzeja zahtijeva prilagodbu programskih aktivnosti i djelovanja Muzeja, na\u0161 cilj ostaje isti \u2013 kontinuirano donositi visokokvalitetne izlo\u017ebene i druge programe kroz suradnje s na\u0161im partnerima \u010dime \u017eelimo osigurati da i dalje budemo va\u017ena karika kulturnog \u017eivota u ovom tranzicijskom razdoblju\u201c, istaknuo je ravnatelj Sanjin Miheli\u0107.<\/p>\n<p style=\"text-align: justify;\">[izvor informacije <strong><a href=\"https:\/\/www.muo.hr\/\" target=\"_blank\" rel=\"noopener noreferrer\"> Muzej za umjetnost i obrt<\/a><\/strong>]<\/p>\n<p style=\"text-align: justify;\"><iframe loading=\"lazy\" style=\"border: none; overflow: hidden;\" src=\"https:\/\/www.facebook.com\/plugins\/post.php?href=https%3A%2F%2Fwww.facebook.com%2FFILMmagnet%2Fposts%2Fpfbid0q65RFrDKrLQrY8y1cF33q21YMPQSEnBHz3TcauYowGSLkUgdkgYEPUjYiEJsw7h7l&amp;show_text=true&amp;width=500\" width=\"500\" height=\"665\" frameborder=\"0\" scrolling=\"no\" allowfullscreen=\"allowfullscreen\"><\/iframe><\/p>\n<div id=\"fb_share_1\" style=\"float: right; margin-left: 10px;\"><a name=\"fb_share\" type=\"box_count\" share_url=\"http:\/\/film-mag.net\/wp\/?p=57678\" href=\"http:\/\/www.facebook.com\/sharer.php\">Share<\/a><\/div><div><script src=\"http:\/\/static.ak.fbcdn.net\/connect.php\/js\/FB.Share\" type=\"text\/javascript\"><\/script><\/div><div style=\"clear:both\"><\/div>","protected":false},"excerpt":{"rendered":"<p>NAJAVA IZLO\u017dBENOG PROGRAMA 2025. MUZEJA ZA UMJETNOST I OBRT: Godina u znaku velike 145. obljetnice Muzeja za umjetnost i obrt &#8211; MUO u ovoj godini priprema \u010dak sedam samostalnih izlo\u017ebi, tri partnerske te dva velika monografska izdanja Zagreba\u010dki Muzej za umjetnost i obrt koji je u obnovi, ove godine obilje\u017eava 145. godi\u0161njicu svojeg postojanja te [&hellip;]<\/p>\n","protected":false},"author":8,"featured_media":0,"comment_status":"closed","ping_status":"closed","sticky":false,"template":"","format":"standard","meta":{"_et_pb_use_builder":"","_et_pb_old_content":"","_et_gb_content_width":"","_editorskit_title_hidden":false,"_editorskit_reading_time":0,"_editorskit_is_block_options_detached":false,"_editorskit_block_options_position":"{}","footnotes":""},"categories":[64,13,17050],"tags":[142,17648,27027,576,883],"class_list":["post-57678","post","type-post","status-publish","format-standard","hentry","category-izlozbe","category-likovnost","category-press","tag-izlozbe-2","tag-muo","tag-muo-2025","tag-muzej-za-umjetnost-i-obrt","tag-obljetnice"],"yoast_head":"<!-- This site is optimized with the Yoast SEO plugin v24.6 - https:\/\/yoast.com\/wordpress\/plugins\/seo\/ -->\n<title>Godina u znaku velike 145. obljetnice Muzeja za umjetnost i obrt - FILM-mag.net<\/title>\n<meta name=\"robots\" content=\"index, follow, max-snippet:-1, max-image-preview:large, max-video-preview:-1\" \/>\n<link rel=\"canonical\" href=\"http:\/\/film-mag.net\/wp\/?p=57678\" \/>\n<meta property=\"og:locale\" content=\"en_US\" \/>\n<meta property=\"og:type\" content=\"article\" \/>\n<meta property=\"og:title\" content=\"Godina u znaku velike 145. obljetnice Muzeja za umjetnost i obrt - FILM-mag.net\" \/>\n<meta property=\"og:description\" content=\"NAJAVA IZLO\u017dBENOG PROGRAMA 2025. MUZEJA ZA UMJETNOST I OBRT: Godina u znaku velike 145. obljetnice Muzeja za umjetnost i obrt &#8211; MUO u ovoj godini priprema \u010dak sedam samostalnih izlo\u017ebi, tri partnerske te dva velika monografska izdanja Zagreba\u010dki Muzej za umjetnost i obrt koji je u obnovi, ove godine obilje\u017eava 145. godi\u0161njicu svojeg postojanja te [&hellip;]\" \/>\n<meta property=\"og:url\" content=\"http:\/\/film-mag.net\/wp\/?p=57678\" \/>\n<meta property=\"og:site_name\" content=\"FILM-mag.net\" \/>\n<meta property=\"article:published_time\" content=\"2025-02-03T21:52:55+00:00\" \/>\n<meta name=\"author\" content=\"PRESS\" \/>\n<meta name=\"twitter:card\" content=\"summary_large_image\" \/>\n<meta name=\"twitter:label1\" content=\"Written by\" \/>\n\t<meta name=\"twitter:data1\" content=\"PRESS\" \/>\n\t<meta name=\"twitter:label2\" content=\"Est. reading time\" \/>\n\t<meta name=\"twitter:data2\" content=\"4 minutes\" \/>\n<script type=\"application\/ld+json\" class=\"yoast-schema-graph\">{\"@context\":\"https:\/\/schema.org\",\"@graph\":[{\"@type\":\"WebPage\",\"@id\":\"http:\/\/film-mag.net\/wp\/?p=57678\",\"url\":\"http:\/\/film-mag.net\/wp\/?p=57678\",\"name\":\"Godina u znaku velike 145. obljetnice Muzeja za umjetnost i obrt - FILM-mag.net\",\"isPartOf\":{\"@id\":\"http:\/\/film-mag.net\/wp\/#website\"},\"datePublished\":\"2025-02-03T21:52:55+00:00\",\"author\":{\"@id\":\"http:\/\/film-mag.net\/wp\/#\/schema\/person\/a8dd3a5b76a5bbde974e03510a205c2f\"},\"breadcrumb\":{\"@id\":\"http:\/\/film-mag.net\/wp\/?p=57678#breadcrumb\"},\"inLanguage\":\"en-US\",\"potentialAction\":[{\"@type\":\"ReadAction\",\"target\":[\"http:\/\/film-mag.net\/wp\/?p=57678\"]}]},{\"@type\":\"BreadcrumbList\",\"@id\":\"http:\/\/film-mag.net\/wp\/?p=57678#breadcrumb\",\"itemListElement\":[{\"@type\":\"ListItem\",\"position\":1,\"name\":\"Home\",\"item\":\"http:\/\/film-mag.net\/wp\/\"},{\"@type\":\"ListItem\",\"position\":2,\"name\":\"Godina u znaku velike 145. obljetnice Muzeja za umjetnost i obrt\"}]},{\"@type\":\"WebSite\",\"@id\":\"http:\/\/film-mag.net\/wp\/#website\",\"url\":\"http:\/\/film-mag.net\/wp\/\",\"name\":\"FILM-mag.net\",\"description\":\"Prvi hrvatski portal o filmu i filmu bliskim podru\u010djima kulture\",\"potentialAction\":[{\"@type\":\"SearchAction\",\"target\":{\"@type\":\"EntryPoint\",\"urlTemplate\":\"http:\/\/film-mag.net\/wp\/?s={search_term_string}\"},\"query-input\":{\"@type\":\"PropertyValueSpecification\",\"valueRequired\":true,\"valueName\":\"search_term_string\"}}],\"inLanguage\":\"en-US\"},{\"@type\":\"Person\",\"@id\":\"http:\/\/film-mag.net\/wp\/#\/schema\/person\/a8dd3a5b76a5bbde974e03510a205c2f\",\"name\":\"PRESS\",\"image\":{\"@type\":\"ImageObject\",\"inLanguage\":\"en-US\",\"@id\":\"http:\/\/film-mag.net\/wp\/#\/schema\/person\/image\/\",\"url\":\"https:\/\/secure.gravatar.com\/avatar\/bf4ab1626f485b36c4f3650b1d351839?s=96&d=mm&r=g\",\"contentUrl\":\"https:\/\/secure.gravatar.com\/avatar\/bf4ab1626f485b36c4f3650b1d351839?s=96&d=mm&r=g\",\"caption\":\"PRESS\"},\"url\":\"http:\/\/film-mag.net\/wp\/?author=8\"}]}<\/script>\n<!-- \/ Yoast SEO plugin. -->","yoast_head_json":{"title":"Godina u znaku velike 145. obljetnice Muzeja za umjetnost i obrt - FILM-mag.net","robots":{"index":"index","follow":"follow","max-snippet":"max-snippet:-1","max-image-preview":"max-image-preview:large","max-video-preview":"max-video-preview:-1"},"canonical":"http:\/\/film-mag.net\/wp\/?p=57678","og_locale":"en_US","og_type":"article","og_title":"Godina u znaku velike 145. obljetnice Muzeja za umjetnost i obrt - FILM-mag.net","og_description":"NAJAVA IZLO\u017dBENOG PROGRAMA 2025. MUZEJA ZA UMJETNOST I OBRT: Godina u znaku velike 145. obljetnice Muzeja za umjetnost i obrt &#8211; MUO u ovoj godini priprema \u010dak sedam samostalnih izlo\u017ebi, tri partnerske te dva velika monografska izdanja Zagreba\u010dki Muzej za umjetnost i obrt koji je u obnovi, ove godine obilje\u017eava 145. godi\u0161njicu svojeg postojanja te [&hellip;]","og_url":"http:\/\/film-mag.net\/wp\/?p=57678","og_site_name":"FILM-mag.net","article_published_time":"2025-02-03T21:52:55+00:00","author":"PRESS","twitter_card":"summary_large_image","twitter_misc":{"Written by":"PRESS","Est. reading time":"4 minutes"},"schema":{"@context":"https:\/\/schema.org","@graph":[{"@type":"WebPage","@id":"http:\/\/film-mag.net\/wp\/?p=57678","url":"http:\/\/film-mag.net\/wp\/?p=57678","name":"Godina u znaku velike 145. obljetnice Muzeja za umjetnost i obrt - FILM-mag.net","isPartOf":{"@id":"http:\/\/film-mag.net\/wp\/#website"},"datePublished":"2025-02-03T21:52:55+00:00","author":{"@id":"http:\/\/film-mag.net\/wp\/#\/schema\/person\/a8dd3a5b76a5bbde974e03510a205c2f"},"breadcrumb":{"@id":"http:\/\/film-mag.net\/wp\/?p=57678#breadcrumb"},"inLanguage":"en-US","potentialAction":[{"@type":"ReadAction","target":["http:\/\/film-mag.net\/wp\/?p=57678"]}]},{"@type":"BreadcrumbList","@id":"http:\/\/film-mag.net\/wp\/?p=57678#breadcrumb","itemListElement":[{"@type":"ListItem","position":1,"name":"Home","item":"http:\/\/film-mag.net\/wp\/"},{"@type":"ListItem","position":2,"name":"Godina u znaku velike 145. obljetnice Muzeja za umjetnost i obrt"}]},{"@type":"WebSite","@id":"http:\/\/film-mag.net\/wp\/#website","url":"http:\/\/film-mag.net\/wp\/","name":"FILM-mag.net","description":"Prvi hrvatski portal o filmu i filmu bliskim podru\u010djima kulture","potentialAction":[{"@type":"SearchAction","target":{"@type":"EntryPoint","urlTemplate":"http:\/\/film-mag.net\/wp\/?s={search_term_string}"},"query-input":{"@type":"PropertyValueSpecification","valueRequired":true,"valueName":"search_term_string"}}],"inLanguage":"en-US"},{"@type":"Person","@id":"http:\/\/film-mag.net\/wp\/#\/schema\/person\/a8dd3a5b76a5bbde974e03510a205c2f","name":"PRESS","image":{"@type":"ImageObject","inLanguage":"en-US","@id":"http:\/\/film-mag.net\/wp\/#\/schema\/person\/image\/","url":"https:\/\/secure.gravatar.com\/avatar\/bf4ab1626f485b36c4f3650b1d351839?s=96&d=mm&r=g","contentUrl":"https:\/\/secure.gravatar.com\/avatar\/bf4ab1626f485b36c4f3650b1d351839?s=96&d=mm&r=g","caption":"PRESS"},"url":"http:\/\/film-mag.net\/wp\/?author=8"}]}},"_links":{"self":[{"href":"http:\/\/film-mag.net\/wp\/index.php?rest_route=\/wp\/v2\/posts\/57678","targetHints":{"allow":["GET"]}}],"collection":[{"href":"http:\/\/film-mag.net\/wp\/index.php?rest_route=\/wp\/v2\/posts"}],"about":[{"href":"http:\/\/film-mag.net\/wp\/index.php?rest_route=\/wp\/v2\/types\/post"}],"author":[{"embeddable":true,"href":"http:\/\/film-mag.net\/wp\/index.php?rest_route=\/wp\/v2\/users\/8"}],"replies":[{"embeddable":true,"href":"http:\/\/film-mag.net\/wp\/index.php?rest_route=%2Fwp%2Fv2%2Fcomments&post=57678"}],"version-history":[{"count":1,"href":"http:\/\/film-mag.net\/wp\/index.php?rest_route=\/wp\/v2\/posts\/57678\/revisions"}],"predecessor-version":[{"id":57679,"href":"http:\/\/film-mag.net\/wp\/index.php?rest_route=\/wp\/v2\/posts\/57678\/revisions\/57679"}],"wp:attachment":[{"href":"http:\/\/film-mag.net\/wp\/index.php?rest_route=%2Fwp%2Fv2%2Fmedia&parent=57678"}],"wp:term":[{"taxonomy":"category","embeddable":true,"href":"http:\/\/film-mag.net\/wp\/index.php?rest_route=%2Fwp%2Fv2%2Fcategories&post=57678"},{"taxonomy":"post_tag","embeddable":true,"href":"http:\/\/film-mag.net\/wp\/index.php?rest_route=%2Fwp%2Fv2%2Ftags&post=57678"}],"curies":[{"name":"wp","href":"https:\/\/api.w.org\/{rel}","templated":true}]}}