{"id":56051,"date":"2024-07-24T19:34:19","date_gmt":"2024-07-24T17:34:19","guid":{"rendered":"https:\/\/film-mag.net\/wp\/?p=56051"},"modified":"2024-07-24T19:34:19","modified_gmt":"2024-07-24T17:34:19","slug":"zavrsio-je-25-festival-plesa-i-neverbalnog-kazalista-svetvincenat","status":"publish","type":"post","link":"http:\/\/film-mag.net\/wp\/?p=56051","title":{"rendered":"Zavr\u0161io je 25. Festival plesa i neverbalnog kazali\u0161ta Svetvin\u010denat"},"content":{"rendered":"<p style=\"text-align: justify;\"><strong><i>Trodnevni festival plesa u Savi\u010denti privukao je pa\u017enju mje\u0161tana, turista, ljubitelja umjetnosti, kriti\u010dara ali i slu\u010dajnih prolaznika<\/i><\/strong><\/p>\n<p style=\"text-align: justify;\">Svetvin\u010denat, 24.07.2024. &#8211; Jubilarno, ujedno i posljednje izdanje Festivala s dugogodi\u0161njom tradicijom, jo\u0161 jednom je Istru u\u010dinilo centrom plesne umjetnosti. Od petka do nedjelje, posjetitelji su imali priliku pogledati 11 predstava iz \u010dak \u0161est zemalja. Uz ve\u010dernji program, odr\u017ealo se predstavljanje knjige \u201cCarlotta Grisi: baletna diva iz Vi\u017einade\u201d, te okrugli stol na temu 25 festivalskih godina. Na okruglom stolu, javno je obznanjena odluka o transformaciji festivalskog formata. Od idu\u0107e godine, umjesto kroz trodnevni program, Savi\u010denta \u0107e ugo\u0161\u0107avati umjetnike kroz nove formate i u novim terminima.<\/p>\n<p style=\"text-align: justify;\"><img decoding=\"async\" style=\"border: none; width: 100%;\" src=\" https:\/\/www.svetvincenatfestival.com\/fdsak3jnFsk1Kfa\/predstave\/TRAS_2_v-361.jpg \" \/><\/p>\n<p style=\"text-align: justify;\">CABARET FATAL ; Fotografiju ustupio <strong><a href=\"https:\/\/www.svetvincenatfestival.com\/predstave\/2024\/CaBaReT-FaTaL\/361\" target=\"_blank\" rel=\"noopener noreferrer\"> Festival plesa i neverbalnog kazali\u0161ta Svetvin\u010denat<\/a><\/strong><\/p>\n<ol style=\"text-align: justify;\" start=\"25\">\n<li>izdanje Festivala plesa i neverbalnog kazali\u0161ta Svetvin\u010denat otvorio je Zagreba\u010dki plesni ansambl. U 21:00h na trgu su izveli predstavu \u201cOkvir\u201d, u koreografiji Borne Babi\u0107a. Predstava propituje pojam narcizma: u kojoj je mjeri prisutan u dru\u0161tvu i pojedincu? Koliko je dio na\u0161e svakodnevice?<\/li>\n<\/ol>\n<p style=\"text-align: justify;\">Na glavnoj pozornici, u Ka\u0161telu Grimani, prvu je ve\u010der gostovala \u0161panjolska kompanija Daniel Abreu. U 21:30, u srednjovjekovnom dvorcu izveli su predstavu \u201eVAV\u201d koja propituje filozofsko gledi\u0161te na veze izme\u0111u pojedinaca i spajanje stvari kroz ljubav.<\/p>\n<p style=\"text-align: justify;\">Program se zatim nastavio u lo\u017ei gdje je u 22:30h po\u010dela izvedba \u201cToujours de \u00be face!\u201d, belgijske umjetnice Loraine Dambermont koja je odabrana u Top 20 Aerowaves umjetnika za 2023. godinu. Ova energi\u010dna solo izvedba predstavlja osobni vodi\u010d za pre\u017eivljavanje i tehnike samoobrane.<\/p>\n<p style=\"text-align: justify;\">Prvi dan festivala zavr\u0161io je u Mediteranskom plesnom centru gdje je u 23:00h nastupio Moveo Dance Company. U koreografiji Doriana Mallie, izveli su predstavu \u201cI am Alex\u201d, u kojoj istra\u017euju koncept egocentri\u010dnosti u svijetu vo\u0111enom <i>me, myself, and I<\/i> kulturom, pod hipotezom da smo svi u nekoj mjeri \u201cAlex\u201d, odnosno osoba u fokusu.<\/p>\n<p style=\"text-align: justify;\">Drugu festivalsku ve\u010der, otvorila je \u0161panjolska kompanija Taiat Dansa prvim dijelom trilogije Entr\u00e9e a dos &#8211; duetom HELENA Y PARIS. Plesa\u010di su zavladali trgom, a s pozornice oti\u0161li plesnim korakom u obli\u017enje ulice pitoreskne Savi\u010dente. Zatim je na istoj lokaciji uslijedio drugi dio &#8211; OTRA CARMEN koji je izabran u top 20 Aerowaves predstava.<\/p>\n<p style=\"text-align: justify;\">Na odu\u0161evljenje publike, u Ka\u0161telu Grimani, Zagreba\u010dki plesni ansambl premijerno je u hrvatskoj izveo novu predstavu u koreografiji Milo\u0161a Isailovi\u0107a, \u201cTamo, gdje sve du\u0161e idu\u201d. Program druge ve\u010deri, zavr\u0161io je u Lo\u017ei uz tre\u0107i dio Entr\u00e9e a dos trilogije &#8211; VENUS.<\/p>\n<p style=\"text-align: justify;\">Masovno otkazivanje letova diljem svijeta utjecalo je i na zatvaranje Festivala pa su, umjesto \u010detiri, finalnog dana prikazane tri predstave. Tre\u0107a festivalska ve\u010der je zapo\u010dela u prepunom Mediteranskom plesnom centru gdje je izvedena predstava \u201cCabaret Fatal\u201d, studija Tras i Matee Bilosni\u0107. Program se nastavio u Lo\u017ei gdje se odr\u017eala predstava \u201cWuthering Days\u201d, u izvedbi portugalske Companhia de Dan\u00e7a de Almada. Posljednje, 25. izdanje Festivala zatvorila je \u0161panjolska kompanija Insieme Irreali impresivnom predstavom HIVE u Ka\u0161telu Grimani.<\/p>\n<p style=\"text-align: justify;\">[izvor informacije <strong><a href=\"https:\/\/www.svetvincenatfestival.com\/\" target=\"_blank\" rel=\"noopener noreferrer\"> Festival plesa i neverbalnog kazali\u0161ta Svetvin\u010denat<\/a><\/strong>]<\/p>\n<p style=\"text-align: justify;\"><iframe loading=\"lazy\" style=\"border: none; overflow: hidden;\" src=\"https:\/\/www.facebook.com\/plugins\/post.php?href=https%3A%2F%2Fwww.facebook.com%2FFILMmagnet%2Fposts%2Fpfbid029GPer5Zp8UtsuSdHHL58yjMchjSNLpaiL5WYJQiiw4QcVBvSwh6VZC3t881SLJYxl&amp;show_text=true&amp;width=500\" width=\"500\" height=\"665\" frameborder=\"0\" scrolling=\"no\" allowfullscreen=\"allowfullscreen\"><\/iframe><\/p>\n<div id=\"fb_share_1\" style=\"float: right; margin-left: 10px;\"><a name=\"fb_share\" type=\"box_count\" share_url=\"http:\/\/film-mag.net\/wp\/?p=56051\" href=\"http:\/\/www.facebook.com\/sharer.php\">Share<\/a><\/div><div><script src=\"http:\/\/static.ak.fbcdn.net\/connect.php\/js\/FB.Share\" type=\"text\/javascript\"><\/script><\/div><div style=\"clear:both\"><\/div>","protected":false},"excerpt":{"rendered":"<p>Trodnevni festival plesa u Savi\u010denti privukao je pa\u017enju mje\u0161tana, turista, ljubitelja umjetnosti, kriti\u010dara ali i slu\u010dajnih prolaznika Svetvin\u010denat, 24.07.2024. &#8211; Jubilarno, ujedno i posljednje izdanje Festivala s dugogodi\u0161njom tradicijom, jo\u0161 jednom je Istru u\u010dinilo centrom plesne umjetnosti. Od petka do nedjelje, posjetitelji su imali priliku pogledati 11 predstava iz \u010dak \u0161est zemalja. Uz ve\u010dernji program, [&hellip;]<\/p>\n","protected":false},"author":8,"featured_media":0,"comment_status":"closed","ping_status":"closed","sticky":false,"template":"","format":"standard","meta":{"_et_pb_use_builder":"","_et_pb_old_content":"","_et_gb_content_width":"","_editorskit_title_hidden":false,"_editorskit_reading_time":0,"_editorskit_is_block_options_detached":false,"_editorskit_block_options_position":"{}","footnotes":""},"categories":[133,10,279,17050],"tags":[26332,494,134,274],"class_list":["post-56051","post","type-post","status-publish","format-standard","hentry","category-kazalisni-festivali","category-kazaliste","category-ples-kazaliste","category-press","tag-25-festival-plesa-i-neverbalnog-kazalista-svetvincenat","tag-festival-plesa-i-neverbalnog-kazalista-svetvincenat","tag-kazalisni-festivali-2","tag-ples"],"yoast_head":"<!-- This site is optimized with the Yoast SEO plugin v24.6 - https:\/\/yoast.com\/wordpress\/plugins\/seo\/ -->\n<title>Zavr\u0161io je 25. Festival plesa i neverbalnog kazali\u0161ta Svetvin\u010denat - FILM-mag.net<\/title>\n<meta name=\"robots\" content=\"index, follow, max-snippet:-1, max-image-preview:large, max-video-preview:-1\" \/>\n<link rel=\"canonical\" href=\"http:\/\/film-mag.net\/wp\/?p=56051\" \/>\n<meta property=\"og:locale\" content=\"en_US\" \/>\n<meta property=\"og:type\" content=\"article\" \/>\n<meta property=\"og:title\" content=\"Zavr\u0161io je 25. Festival plesa i neverbalnog kazali\u0161ta Svetvin\u010denat - FILM-mag.net\" \/>\n<meta property=\"og:description\" content=\"Trodnevni festival plesa u Savi\u010denti privukao je pa\u017enju mje\u0161tana, turista, ljubitelja umjetnosti, kriti\u010dara ali i slu\u010dajnih prolaznika Svetvin\u010denat, 24.07.2024. &#8211; Jubilarno, ujedno i posljednje izdanje Festivala s dugogodi\u0161njom tradicijom, jo\u0161 jednom je Istru u\u010dinilo centrom plesne umjetnosti. Od petka do nedjelje, posjetitelji su imali priliku pogledati 11 predstava iz \u010dak \u0161est zemalja. Uz ve\u010dernji program, [&hellip;]\" \/>\n<meta property=\"og:url\" content=\"http:\/\/film-mag.net\/wp\/?p=56051\" \/>\n<meta property=\"og:site_name\" content=\"FILM-mag.net\" \/>\n<meta property=\"article:published_time\" content=\"2024-07-24T17:34:19+00:00\" \/>\n<meta name=\"author\" content=\"PRESS\" \/>\n<meta name=\"twitter:card\" content=\"summary_large_image\" \/>\n<meta name=\"twitter:label1\" content=\"Written by\" \/>\n\t<meta name=\"twitter:data1\" content=\"PRESS\" \/>\n\t<meta name=\"twitter:label2\" content=\"Est. reading time\" \/>\n\t<meta name=\"twitter:data2\" content=\"3 minutes\" \/>\n<script type=\"application\/ld+json\" class=\"yoast-schema-graph\">{\"@context\":\"https:\/\/schema.org\",\"@graph\":[{\"@type\":\"WebPage\",\"@id\":\"http:\/\/film-mag.net\/wp\/?p=56051\",\"url\":\"http:\/\/film-mag.net\/wp\/?p=56051\",\"name\":\"Zavr\u0161io je 25. Festival plesa i neverbalnog kazali\u0161ta Svetvin\u010denat - FILM-mag.net\",\"isPartOf\":{\"@id\":\"http:\/\/film-mag.net\/wp\/#website\"},\"datePublished\":\"2024-07-24T17:34:19+00:00\",\"author\":{\"@id\":\"http:\/\/film-mag.net\/wp\/#\/schema\/person\/a8dd3a5b76a5bbde974e03510a205c2f\"},\"breadcrumb\":{\"@id\":\"http:\/\/film-mag.net\/wp\/?p=56051#breadcrumb\"},\"inLanguage\":\"en-US\",\"potentialAction\":[{\"@type\":\"ReadAction\",\"target\":[\"http:\/\/film-mag.net\/wp\/?p=56051\"]}]},{\"@type\":\"BreadcrumbList\",\"@id\":\"http:\/\/film-mag.net\/wp\/?p=56051#breadcrumb\",\"itemListElement\":[{\"@type\":\"ListItem\",\"position\":1,\"name\":\"Home\",\"item\":\"http:\/\/film-mag.net\/wp\/\"},{\"@type\":\"ListItem\",\"position\":2,\"name\":\"Zavr\u0161io je 25. Festival plesa i neverbalnog kazali\u0161ta Svetvin\u010denat\"}]},{\"@type\":\"WebSite\",\"@id\":\"http:\/\/film-mag.net\/wp\/#website\",\"url\":\"http:\/\/film-mag.net\/wp\/\",\"name\":\"FILM-mag.net\",\"description\":\"Prvi hrvatski portal o filmu i filmu bliskim podru\u010djima kulture\",\"potentialAction\":[{\"@type\":\"SearchAction\",\"target\":{\"@type\":\"EntryPoint\",\"urlTemplate\":\"http:\/\/film-mag.net\/wp\/?s={search_term_string}\"},\"query-input\":{\"@type\":\"PropertyValueSpecification\",\"valueRequired\":true,\"valueName\":\"search_term_string\"}}],\"inLanguage\":\"en-US\"},{\"@type\":\"Person\",\"@id\":\"http:\/\/film-mag.net\/wp\/#\/schema\/person\/a8dd3a5b76a5bbde974e03510a205c2f\",\"name\":\"PRESS\",\"image\":{\"@type\":\"ImageObject\",\"inLanguage\":\"en-US\",\"@id\":\"http:\/\/film-mag.net\/wp\/#\/schema\/person\/image\/\",\"url\":\"https:\/\/secure.gravatar.com\/avatar\/bf4ab1626f485b36c4f3650b1d351839?s=96&d=mm&r=g\",\"contentUrl\":\"https:\/\/secure.gravatar.com\/avatar\/bf4ab1626f485b36c4f3650b1d351839?s=96&d=mm&r=g\",\"caption\":\"PRESS\"},\"url\":\"http:\/\/film-mag.net\/wp\/?author=8\"}]}<\/script>\n<!-- \/ Yoast SEO plugin. -->","yoast_head_json":{"title":"Zavr\u0161io je 25. Festival plesa i neverbalnog kazali\u0161ta Svetvin\u010denat - FILM-mag.net","robots":{"index":"index","follow":"follow","max-snippet":"max-snippet:-1","max-image-preview":"max-image-preview:large","max-video-preview":"max-video-preview:-1"},"canonical":"http:\/\/film-mag.net\/wp\/?p=56051","og_locale":"en_US","og_type":"article","og_title":"Zavr\u0161io je 25. Festival plesa i neverbalnog kazali\u0161ta Svetvin\u010denat - FILM-mag.net","og_description":"Trodnevni festival plesa u Savi\u010denti privukao je pa\u017enju mje\u0161tana, turista, ljubitelja umjetnosti, kriti\u010dara ali i slu\u010dajnih prolaznika Svetvin\u010denat, 24.07.2024. &#8211; Jubilarno, ujedno i posljednje izdanje Festivala s dugogodi\u0161njom tradicijom, jo\u0161 jednom je Istru u\u010dinilo centrom plesne umjetnosti. Od petka do nedjelje, posjetitelji su imali priliku pogledati 11 predstava iz \u010dak \u0161est zemalja. Uz ve\u010dernji program, [&hellip;]","og_url":"http:\/\/film-mag.net\/wp\/?p=56051","og_site_name":"FILM-mag.net","article_published_time":"2024-07-24T17:34:19+00:00","author":"PRESS","twitter_card":"summary_large_image","twitter_misc":{"Written by":"PRESS","Est. reading time":"3 minutes"},"schema":{"@context":"https:\/\/schema.org","@graph":[{"@type":"WebPage","@id":"http:\/\/film-mag.net\/wp\/?p=56051","url":"http:\/\/film-mag.net\/wp\/?p=56051","name":"Zavr\u0161io je 25. Festival plesa i neverbalnog kazali\u0161ta Svetvin\u010denat - FILM-mag.net","isPartOf":{"@id":"http:\/\/film-mag.net\/wp\/#website"},"datePublished":"2024-07-24T17:34:19+00:00","author":{"@id":"http:\/\/film-mag.net\/wp\/#\/schema\/person\/a8dd3a5b76a5bbde974e03510a205c2f"},"breadcrumb":{"@id":"http:\/\/film-mag.net\/wp\/?p=56051#breadcrumb"},"inLanguage":"en-US","potentialAction":[{"@type":"ReadAction","target":["http:\/\/film-mag.net\/wp\/?p=56051"]}]},{"@type":"BreadcrumbList","@id":"http:\/\/film-mag.net\/wp\/?p=56051#breadcrumb","itemListElement":[{"@type":"ListItem","position":1,"name":"Home","item":"http:\/\/film-mag.net\/wp\/"},{"@type":"ListItem","position":2,"name":"Zavr\u0161io je 25. Festival plesa i neverbalnog kazali\u0161ta Svetvin\u010denat"}]},{"@type":"WebSite","@id":"http:\/\/film-mag.net\/wp\/#website","url":"http:\/\/film-mag.net\/wp\/","name":"FILM-mag.net","description":"Prvi hrvatski portal o filmu i filmu bliskim podru\u010djima kulture","potentialAction":[{"@type":"SearchAction","target":{"@type":"EntryPoint","urlTemplate":"http:\/\/film-mag.net\/wp\/?s={search_term_string}"},"query-input":{"@type":"PropertyValueSpecification","valueRequired":true,"valueName":"search_term_string"}}],"inLanguage":"en-US"},{"@type":"Person","@id":"http:\/\/film-mag.net\/wp\/#\/schema\/person\/a8dd3a5b76a5bbde974e03510a205c2f","name":"PRESS","image":{"@type":"ImageObject","inLanguage":"en-US","@id":"http:\/\/film-mag.net\/wp\/#\/schema\/person\/image\/","url":"https:\/\/secure.gravatar.com\/avatar\/bf4ab1626f485b36c4f3650b1d351839?s=96&d=mm&r=g","contentUrl":"https:\/\/secure.gravatar.com\/avatar\/bf4ab1626f485b36c4f3650b1d351839?s=96&d=mm&r=g","caption":"PRESS"},"url":"http:\/\/film-mag.net\/wp\/?author=8"}]}},"_links":{"self":[{"href":"http:\/\/film-mag.net\/wp\/index.php?rest_route=\/wp\/v2\/posts\/56051","targetHints":{"allow":["GET"]}}],"collection":[{"href":"http:\/\/film-mag.net\/wp\/index.php?rest_route=\/wp\/v2\/posts"}],"about":[{"href":"http:\/\/film-mag.net\/wp\/index.php?rest_route=\/wp\/v2\/types\/post"}],"author":[{"embeddable":true,"href":"http:\/\/film-mag.net\/wp\/index.php?rest_route=\/wp\/v2\/users\/8"}],"replies":[{"embeddable":true,"href":"http:\/\/film-mag.net\/wp\/index.php?rest_route=%2Fwp%2Fv2%2Fcomments&post=56051"}],"version-history":[{"count":1,"href":"http:\/\/film-mag.net\/wp\/index.php?rest_route=\/wp\/v2\/posts\/56051\/revisions"}],"predecessor-version":[{"id":56052,"href":"http:\/\/film-mag.net\/wp\/index.php?rest_route=\/wp\/v2\/posts\/56051\/revisions\/56052"}],"wp:attachment":[{"href":"http:\/\/film-mag.net\/wp\/index.php?rest_route=%2Fwp%2Fv2%2Fmedia&parent=56051"}],"wp:term":[{"taxonomy":"category","embeddable":true,"href":"http:\/\/film-mag.net\/wp\/index.php?rest_route=%2Fwp%2Fv2%2Fcategories&post=56051"},{"taxonomy":"post_tag","embeddable":true,"href":"http:\/\/film-mag.net\/wp\/index.php?rest_route=%2Fwp%2Fv2%2Ftags&post=56051"}],"curies":[{"name":"wp","href":"https:\/\/api.w.org\/{rel}","templated":true}]}}