{"id":55834,"date":"2024-07-01T01:44:52","date_gmt":"2024-06-30T23:44:52","guid":{"rendered":"https:\/\/film-mag.net\/wp\/?p=55834"},"modified":"2024-07-01T02:02:19","modified_gmt":"2024-07-01T00:02:19","slug":"izlozba-ekosustav-podsvijesti-zatvara-sezonu-galerije-sc","status":"publish","type":"post","link":"http:\/\/film-mag.net\/wp\/?p=55834","title":{"rendered":"Izlo\u017eba &#8216;Ekosustav podsvijesti&#8217; zatvara sezonu Galerije SC"},"content":{"rendered":"<p style=\"text-align: justify;\">U sklopu projekta <strong>Oni dolaze\u2026 u srijedu, 3. srpnja 2024. <\/strong>otvorit \u0107e se izlo\u017eba <em>Ekosustav podsvijesti <\/em>autora<strong> Bartola Galovi\u0107a u Galeriji SC s po\u010detkom u 19 sati.<\/strong> Izlo\u017ebu razgledajte do 13. srpnja, radnim danom od 12 do 20 sati te subotom od 10 do 13 sati.<\/p>\n<p style=\"text-align: justify;\"><img decoding=\"async\" style=\"border: none; width: 100%;\" src=\" https:\/\/mojzagreb.info\/slike\/vijesti\/IMG-20240627-WA0029_2024-06-30-165443_ovgq.jpg \" \/><\/p>\n<p style=\"text-align: justify;\">Fotografiju ustupio <strong><a href=\"https:\/\/mojzagreb.info\/zagreb\/bartol-galovi%C4%87-zlo%C5%BEbom-ekosustav-podsvijesti-zatvara-sezonu-galerije-sc\" target=\"_blank\" rel=\"noopener noreferrer\"> MojZagreb<\/a><\/strong><\/p>\n<p style=\"text-align: justify;\">Osnovne strukture kolektivnog nesvjesnog tvore arhetipi, koji u korijenu rije\u010di ozna\u010davaju prauzorak, model ili prvi otisak, te u svojoj bipolarnoj strukturi nose dvije strane \u2013 svijetlu i tamnu. Oni se odnose na univerzalne obrasce pona\u0161anja, ideje i misli generirane kroz utjecaj sociokulturnog konteksta pojedinca, a ukazuju na dublje ljudske porive, strahove i \u010de\u017enje koje svi nosimo. Te su razli\u010dite osobine, stanja ili pojave prikazane kroz svojevrsne stereotipe u ciklusu slika Bartola Galovi\u0107a koje se stilski i tematski nadovezuju na njegove prethodne radove. Iako slikar najmla\u0111e generacije, rano se isprofilirao specifi\u010dnim izrazom bogatog kolorita inspiriran brojnim kulturama i ezoterijskim tradicijama kojeg prati plo\u0161nost prikaza, istan\u010dana odbojnost od praznog prostora i zasi\u0107ena orijentalna estetika. Narativni sklop autor gradi figurativnim elementima ekstrahiranim iz razli\u010ditih izvora kojim vlada iracionalno i podsvjesno (mitovi, astrologija, bajke, tarot i dr.). Motive slika \u010dine alegorije \u017eelja; svjesnih ili instinktivnih plitkih misli koje nose vlastite zakonitosti, a prevedene su kroz autorovu subjektivnu percepciju moderniteta. Neke od tih (animalnih) te\u017enji, stanja ili pojava Galovi\u0107 predstavlja prete\u017eito kroz antropomorfne likove (\u201eKlo\u0161ari\u201c, \u201ePrometej\u201c, \u201eDomorotkinja\u201c) ili stilizirane geometrijske strukture (\u201eCancel Culture\u201c, \u201eTibetanska ti\u0161ina\u201c). Radovima iz ciklusa \u201eEkosustav podsvijesti\u201c prevladava na\u010delo dualizma kojim autor preispituje odnos ili borbu izme\u0111u tvari i duha, svijetla i tame, reda i kaosa. Kroz te suprotnosti bavi se pitanjima ljudske prirode u vje\u010dnom antagonizmu s bo\u017eanskim \u0161to u svojoj biti \u010dini primordijalnu, zoroastrijsku borbu dobra i zla. (iz predgovora Sare Mikeli\u0107)<\/p>\n<p style=\"text-align: justify;\"><strong>Bartol Galovi\u0107<\/strong> ro\u0111en je 2000. u Zagrebu. Zavr\u0161io je \u0160kolu primijenjene umjetnosti i dizajna. Godine 2019. sudjelovao je u sklopu \u0160PUD programa na Erasmus+ projektu u Litvi, \u0161to je rezultiralo grupnom izlo\u017ebom u Kaunasu. Iste godine upisuje Akademiju likovnih umjetnosti, smjer grafika. Izlagao je na nekoliko samostalnih izlo\u017ebi od kojih valja izdvojiti \u201e\u0106oravi mazohist\u201c (2021.) u Galeriji Siva, \u201eMale no\u0107ne slike\u201c (2024.) u Galeriji Kolekcionart, te \u201eVrlina\/Porok\u201c (2024.) u programu Dual s Vitom Trbuljakom u Galeriji LEXART. Sudjelovao je na mnogim skupnim izlo\u017ebama, a neke od njih su 36. Salon mladih, 9. hrvatski trijenale akvarela, Erste fragmenti 18 te 14th International Exhibition of Traditional Fine Arts, Shanghai Art Collection Museum.<\/p>\n<p style=\"text-align: justify;\">[izvor informacije <strong><a href=\"http:\/\/www.sczg.unizg.hr\/\" target=\"_blank\" rel=\"noopener noreferrer\"> SC u Zagrebu<\/a><\/strong>]<\/p>\n<p style=\"text-align: justify;\"><iframe loading=\"lazy\" style=\"border: none; overflow: hidden;\" src=\"https:\/\/www.facebook.com\/plugins\/post.php?href=https%3A%2F%2Fwww.facebook.com%2FFILMmagnet%2Fposts%2Fpfbid02uTDEdo6s9odajp5pvjv6wspjpMgJK65FoMnrUbf96fXGr4B4kj1GybnLHuNczhRul&amp;show_text=true&amp;width=500\" width=\"500\" height=\"665\" frameborder=\"0\" scrolling=\"no\" allowfullscreen=\"allowfullscreen\"><\/iframe><\/p>\n<div id=\"fb_share_1\" style=\"float: right; margin-left: 10px;\"><a name=\"fb_share\" type=\"box_count\" share_url=\"http:\/\/film-mag.net\/wp\/?p=55834\" href=\"http:\/\/www.facebook.com\/sharer.php\">Share<\/a><\/div><div><script src=\"http:\/\/static.ak.fbcdn.net\/connect.php\/js\/FB.Share\" type=\"text\/javascript\"><\/script><\/div><div style=\"clear:both\"><\/div>","protected":false},"excerpt":{"rendered":"<p>U sklopu projekta Oni dolaze\u2026 u srijedu, 3. srpnja 2024. otvorit \u0107e se izlo\u017eba Ekosustav podsvijesti autora Bartola Galovi\u0107a u Galeriji SC s po\u010detkom u 19 sati. Izlo\u017ebu razgledajte do 13. srpnja, radnim danom od 12 do 20 sati te subotom od 10 do 13 sati. Fotografiju ustupio MojZagreb Osnovne strukture kolektivnog nesvjesnog tvore arhetipi, [&hellip;]<\/p>\n","protected":false},"author":8,"featured_media":0,"comment_status":"closed","ping_status":"closed","sticky":false,"template":"","format":"standard","meta":{"_et_pb_use_builder":"","_et_pb_old_content":"","_et_gb_content_width":"","_editorskit_title_hidden":false,"_editorskit_reading_time":0,"_editorskit_is_block_options_detached":false,"_editorskit_block_options_position":"{}","footnotes":""},"categories":[64,13,17050],"tags":[26263,1293,232,142,18810],"class_list":["post-55834","post","type-post","status-publish","format-standard","hentry","category-izlozbe","category-likovnost","category-press","tag-bartol-galovic","tag-galerija-sc","tag-izlozba","tag-izlozbe-2","tag-oni-dolaze"],"yoast_head":"<!-- This site is optimized with the Yoast SEO plugin v24.6 - https:\/\/yoast.com\/wordpress\/plugins\/seo\/ -->\n<title>Izlo\u017eba &#039;Ekosustav podsvijesti&#039; zatvara sezonu Galerije SC - FILM-mag.net<\/title>\n<meta name=\"robots\" content=\"index, follow, max-snippet:-1, max-image-preview:large, max-video-preview:-1\" \/>\n<link rel=\"canonical\" href=\"http:\/\/film-mag.net\/wp\/?p=55834\" \/>\n<meta property=\"og:locale\" content=\"en_US\" \/>\n<meta property=\"og:type\" content=\"article\" \/>\n<meta property=\"og:title\" content=\"Izlo\u017eba &#039;Ekosustav podsvijesti&#039; zatvara sezonu Galerije SC - FILM-mag.net\" \/>\n<meta property=\"og:description\" content=\"U sklopu projekta Oni dolaze\u2026 u srijedu, 3. srpnja 2024. otvorit \u0107e se izlo\u017eba Ekosustav podsvijesti autora Bartola Galovi\u0107a u Galeriji SC s po\u010detkom u 19 sati. Izlo\u017ebu razgledajte do 13. srpnja, radnim danom od 12 do 20 sati te subotom od 10 do 13 sati. Fotografiju ustupio MojZagreb Osnovne strukture kolektivnog nesvjesnog tvore arhetipi, [&hellip;]\" \/>\n<meta property=\"og:url\" content=\"http:\/\/film-mag.net\/wp\/?p=55834\" \/>\n<meta property=\"og:site_name\" content=\"FILM-mag.net\" \/>\n<meta property=\"article:published_time\" content=\"2024-06-30T23:44:52+00:00\" \/>\n<meta property=\"article:modified_time\" content=\"2024-07-01T00:02:19+00:00\" \/>\n<meta name=\"author\" content=\"PRESS\" \/>\n<meta name=\"twitter:card\" content=\"summary_large_image\" \/>\n<meta name=\"twitter:label1\" content=\"Written by\" \/>\n\t<meta name=\"twitter:data1\" content=\"PRESS\" \/>\n\t<meta name=\"twitter:label2\" content=\"Est. reading time\" \/>\n\t<meta name=\"twitter:data2\" content=\"2 minutes\" \/>\n<script type=\"application\/ld+json\" class=\"yoast-schema-graph\">{\"@context\":\"https:\/\/schema.org\",\"@graph\":[{\"@type\":\"WebPage\",\"@id\":\"http:\/\/film-mag.net\/wp\/?p=55834\",\"url\":\"http:\/\/film-mag.net\/wp\/?p=55834\",\"name\":\"Izlo\u017eba 'Ekosustav podsvijesti' zatvara sezonu Galerije SC - FILM-mag.net\",\"isPartOf\":{\"@id\":\"http:\/\/film-mag.net\/wp\/#website\"},\"datePublished\":\"2024-06-30T23:44:52+00:00\",\"dateModified\":\"2024-07-01T00:02:19+00:00\",\"author\":{\"@id\":\"http:\/\/film-mag.net\/wp\/#\/schema\/person\/a8dd3a5b76a5bbde974e03510a205c2f\"},\"breadcrumb\":{\"@id\":\"http:\/\/film-mag.net\/wp\/?p=55834#breadcrumb\"},\"inLanguage\":\"en-US\",\"potentialAction\":[{\"@type\":\"ReadAction\",\"target\":[\"http:\/\/film-mag.net\/wp\/?p=55834\"]}]},{\"@type\":\"BreadcrumbList\",\"@id\":\"http:\/\/film-mag.net\/wp\/?p=55834#breadcrumb\",\"itemListElement\":[{\"@type\":\"ListItem\",\"position\":1,\"name\":\"Home\",\"item\":\"http:\/\/film-mag.net\/wp\/\"},{\"@type\":\"ListItem\",\"position\":2,\"name\":\"Izlo\u017eba &#8216;Ekosustav podsvijesti&#8217; zatvara sezonu Galerije SC\"}]},{\"@type\":\"WebSite\",\"@id\":\"http:\/\/film-mag.net\/wp\/#website\",\"url\":\"http:\/\/film-mag.net\/wp\/\",\"name\":\"FILM-mag.net\",\"description\":\"Prvi hrvatski portal o filmu i filmu bliskim podru\u010djima kulture\",\"potentialAction\":[{\"@type\":\"SearchAction\",\"target\":{\"@type\":\"EntryPoint\",\"urlTemplate\":\"http:\/\/film-mag.net\/wp\/?s={search_term_string}\"},\"query-input\":{\"@type\":\"PropertyValueSpecification\",\"valueRequired\":true,\"valueName\":\"search_term_string\"}}],\"inLanguage\":\"en-US\"},{\"@type\":\"Person\",\"@id\":\"http:\/\/film-mag.net\/wp\/#\/schema\/person\/a8dd3a5b76a5bbde974e03510a205c2f\",\"name\":\"PRESS\",\"image\":{\"@type\":\"ImageObject\",\"inLanguage\":\"en-US\",\"@id\":\"http:\/\/film-mag.net\/wp\/#\/schema\/person\/image\/\",\"url\":\"https:\/\/secure.gravatar.com\/avatar\/bf4ab1626f485b36c4f3650b1d351839?s=96&d=mm&r=g\",\"contentUrl\":\"https:\/\/secure.gravatar.com\/avatar\/bf4ab1626f485b36c4f3650b1d351839?s=96&d=mm&r=g\",\"caption\":\"PRESS\"},\"url\":\"http:\/\/film-mag.net\/wp\/?author=8\"}]}<\/script>\n<!-- \/ Yoast SEO plugin. -->","yoast_head_json":{"title":"Izlo\u017eba 'Ekosustav podsvijesti' zatvara sezonu Galerije SC - FILM-mag.net","robots":{"index":"index","follow":"follow","max-snippet":"max-snippet:-1","max-image-preview":"max-image-preview:large","max-video-preview":"max-video-preview:-1"},"canonical":"http:\/\/film-mag.net\/wp\/?p=55834","og_locale":"en_US","og_type":"article","og_title":"Izlo\u017eba 'Ekosustav podsvijesti' zatvara sezonu Galerije SC - FILM-mag.net","og_description":"U sklopu projekta Oni dolaze\u2026 u srijedu, 3. srpnja 2024. otvorit \u0107e se izlo\u017eba Ekosustav podsvijesti autora Bartola Galovi\u0107a u Galeriji SC s po\u010detkom u 19 sati. Izlo\u017ebu razgledajte do 13. srpnja, radnim danom od 12 do 20 sati te subotom od 10 do 13 sati. Fotografiju ustupio MojZagreb Osnovne strukture kolektivnog nesvjesnog tvore arhetipi, [&hellip;]","og_url":"http:\/\/film-mag.net\/wp\/?p=55834","og_site_name":"FILM-mag.net","article_published_time":"2024-06-30T23:44:52+00:00","article_modified_time":"2024-07-01T00:02:19+00:00","author":"PRESS","twitter_card":"summary_large_image","twitter_misc":{"Written by":"PRESS","Est. reading time":"2 minutes"},"schema":{"@context":"https:\/\/schema.org","@graph":[{"@type":"WebPage","@id":"http:\/\/film-mag.net\/wp\/?p=55834","url":"http:\/\/film-mag.net\/wp\/?p=55834","name":"Izlo\u017eba 'Ekosustav podsvijesti' zatvara sezonu Galerije SC - FILM-mag.net","isPartOf":{"@id":"http:\/\/film-mag.net\/wp\/#website"},"datePublished":"2024-06-30T23:44:52+00:00","dateModified":"2024-07-01T00:02:19+00:00","author":{"@id":"http:\/\/film-mag.net\/wp\/#\/schema\/person\/a8dd3a5b76a5bbde974e03510a205c2f"},"breadcrumb":{"@id":"http:\/\/film-mag.net\/wp\/?p=55834#breadcrumb"},"inLanguage":"en-US","potentialAction":[{"@type":"ReadAction","target":["http:\/\/film-mag.net\/wp\/?p=55834"]}]},{"@type":"BreadcrumbList","@id":"http:\/\/film-mag.net\/wp\/?p=55834#breadcrumb","itemListElement":[{"@type":"ListItem","position":1,"name":"Home","item":"http:\/\/film-mag.net\/wp\/"},{"@type":"ListItem","position":2,"name":"Izlo\u017eba &#8216;Ekosustav podsvijesti&#8217; zatvara sezonu Galerije SC"}]},{"@type":"WebSite","@id":"http:\/\/film-mag.net\/wp\/#website","url":"http:\/\/film-mag.net\/wp\/","name":"FILM-mag.net","description":"Prvi hrvatski portal o filmu i filmu bliskim podru\u010djima kulture","potentialAction":[{"@type":"SearchAction","target":{"@type":"EntryPoint","urlTemplate":"http:\/\/film-mag.net\/wp\/?s={search_term_string}"},"query-input":{"@type":"PropertyValueSpecification","valueRequired":true,"valueName":"search_term_string"}}],"inLanguage":"en-US"},{"@type":"Person","@id":"http:\/\/film-mag.net\/wp\/#\/schema\/person\/a8dd3a5b76a5bbde974e03510a205c2f","name":"PRESS","image":{"@type":"ImageObject","inLanguage":"en-US","@id":"http:\/\/film-mag.net\/wp\/#\/schema\/person\/image\/","url":"https:\/\/secure.gravatar.com\/avatar\/bf4ab1626f485b36c4f3650b1d351839?s=96&d=mm&r=g","contentUrl":"https:\/\/secure.gravatar.com\/avatar\/bf4ab1626f485b36c4f3650b1d351839?s=96&d=mm&r=g","caption":"PRESS"},"url":"http:\/\/film-mag.net\/wp\/?author=8"}]}},"_links":{"self":[{"href":"http:\/\/film-mag.net\/wp\/index.php?rest_route=\/wp\/v2\/posts\/55834","targetHints":{"allow":["GET"]}}],"collection":[{"href":"http:\/\/film-mag.net\/wp\/index.php?rest_route=\/wp\/v2\/posts"}],"about":[{"href":"http:\/\/film-mag.net\/wp\/index.php?rest_route=\/wp\/v2\/types\/post"}],"author":[{"embeddable":true,"href":"http:\/\/film-mag.net\/wp\/index.php?rest_route=\/wp\/v2\/users\/8"}],"replies":[{"embeddable":true,"href":"http:\/\/film-mag.net\/wp\/index.php?rest_route=%2Fwp%2Fv2%2Fcomments&post=55834"}],"version-history":[{"count":1,"href":"http:\/\/film-mag.net\/wp\/index.php?rest_route=\/wp\/v2\/posts\/55834\/revisions"}],"predecessor-version":[{"id":55835,"href":"http:\/\/film-mag.net\/wp\/index.php?rest_route=\/wp\/v2\/posts\/55834\/revisions\/55835"}],"wp:attachment":[{"href":"http:\/\/film-mag.net\/wp\/index.php?rest_route=%2Fwp%2Fv2%2Fmedia&parent=55834"}],"wp:term":[{"taxonomy":"category","embeddable":true,"href":"http:\/\/film-mag.net\/wp\/index.php?rest_route=%2Fwp%2Fv2%2Fcategories&post=55834"},{"taxonomy":"post_tag","embeddable":true,"href":"http:\/\/film-mag.net\/wp\/index.php?rest_route=%2Fwp%2Fv2%2Ftags&post=55834"}],"curies":[{"name":"wp","href":"https:\/\/api.w.org\/{rel}","templated":true}]}}