{"id":54123,"date":"2024-01-21T12:34:40","date_gmt":"2024-01-21T11:34:40","guid":{"rendered":"http:\/\/film-mag.net\/wp\/?p=54123"},"modified":"2024-01-21T12:35:48","modified_gmt":"2024-01-21T11:35:48","slug":"nova-cantusova-izdanja-quasi-ritorno-freske-carmina-krleziana-missa-maruliana-i-dubravko-palanovic","status":"publish","type":"post","link":"http:\/\/film-mag.net\/wp\/?p=54123","title":{"rendered":"Nova Cantusova izdanja: Quasi Ritorno; Freske; Carmina Krle\u017eiana \/ Missa Maruliana i Dubravko Palanovi\u0107"},"content":{"rendered":"<p style=\"text-align: justify;\"><strong>NOVA SJAJNA POHVALA GITARI NA ALBUMU TRIJA ELOGIO &#8211; <\/strong><strong>Vrhunski glazbenici Trija Elogio upravo su objavili novi album <em>Quasi Ritorno<\/em> za izdava\u010dku ku\u0107u Cantus na kojem predstavljaju \u010detiri djela suvremenih skladatelja<\/strong><\/p>\n<p style=\"text-align: justify;\"><strong>Trojica vrhunskih gitarista<\/strong> okupili su se u Zagrebu pred sada ve\u0107 gotovo petnaest godina. <strong>Petrit \u00c7eku, Pedro Ribeiro Rodrigues i Tomislav Vuk\u0161i\u0107<\/strong> stoje iza sastava intrigantnog naziva <strong>Trio Elogio.<\/strong> Potje\u010du iz razli\u010ditih sredina: Petrit s Kosova, Pedro iz Portugala, a Tomislav iz Zagreba. Njihove solo karijere i dalje ih vode razli\u010ditim stranama svijeta, no jo\u0161 uvijek ih okuplja rad u ovom <strong>vrhunskom ansamblu<\/strong> za \u010diju su djelatnost primili <strong>presti\u017enu nagradu<\/strong> <strong><em>Milka Trnina<\/em><\/strong> Hrvatskog dru\u0161tva glazbenih umjetnika za 2022. godinu. Svaki njihov nastup doista je <strong>vrijedan pohvale<\/strong> u skladu sa zna\u010denjem njihova imena (<em>elogio<\/em> naime na \u0161panjolskom zna\u010di <em>pohvala<\/em>).<\/p>\n<p style=\"text-align: justify;\"><img decoding=\"async\" style=\"border: none; width: 100%;\" src=\" https:\/\/glazba.hr\/wp-content\/uploads\/2024\/01\/cantus-CD-Trio-Elogio-za-web-709x632.jpg \" \/><\/p>\n<p style=\"text-align: justify;\">Fotografiju ustupio <a href=\"https:\/\/glazba.hr\/citaj\/recenzija\/trio-elogio-quasi-ritorno-gitara\/\"><strong>Glazba.hr<\/strong><\/a><\/p>\n<p style=\"text-align: justify;\">Stoga danas glase za <strong>jedan od najuzbudljivijih gitarskih sastava na sceni.<\/strong> &#8220;Nikada nisam bio na koncertu Petrita \u00c7ekua, bilo samog, bilo s Elogiom, koji nije bio <strong>ne samo gitaristi\u010dko, nego i op\u0107e-glazbeno umjetni\u010dko savr\u0161enstvo&#8221;, <\/strong>pi\u0161e o njima <strong>Branimir Pofuk.<\/strong><\/p>\n<p style=\"text-align: justify;\">Izdava\u010dka ku\u0107a <strong>Cantus<\/strong> s ponosom objavljuje izlazak njihova novog albuma <strong><em>Quasi Ritorno!<\/em><\/strong><\/p>\n<p style=\"text-align: justify;\">Repertoar Trija obuhva\u0107a s jedne strane djela glazbenih klasika u \u00c7ekuovim majstorskim obradama (Beethoven, Schubert i drugi), dok se s druge strane otvara prema suvremenim skladateljima. \u010cetiri takva odabrali su za album <strong><em>Quasi Ritorno.<\/em><\/strong><\/p>\n<p style=\"text-align: justify;\">Album otvara gitarski prvijenac <strong><em>Acumal<\/em><\/strong> pijanista i skladatelja <strong>Brune Vlaheka,<\/strong> koji je Trio praizveo na Glazbenoj tribini u Osijeku. Slijedi ga skladba pisana za Trio Elogio \u2013 <strong><em>Quasi Ritorno<\/em><\/strong> <strong>Huga Vasca Reisa,<\/strong> uzbudljivog portugalskog autora i gitarista s karijerom od Graza, preko Z\u00fcricha do Porta.<\/p>\n<p style=\"text-align: justify;\">Tu je potom <strong><em>Trijalog<\/em><\/strong> skladatelja i dirigenta, akademika <strong>Zorana Jurani\u0107a,<\/strong> pisan za sastav na \u010diju se bogatu ostav\u0161tinu Trio Elogio nadovezuje \u2013 onu legendarnog Zagreba\u010dkog gitarskog trija. Album zaklju\u010duje <strong><em>PerPeTuum mobile<\/em><\/strong> skladatelja i producenta <strong>Kre\u0161imira Seletkovi\u0107a,<\/strong> u \u010dijem se naslovu skrivaju po\u010detna slova trojice glazbenika, a koji je Trio praizveo na Dubrova\u010dkim ljetnim igrama.<\/p>\n<p style=\"text-align: justify;\">&#8220;Album predstavlja <strong>nekolicinu uzbudljivih i zahtjevnih djela za gitarski trio<\/strong> napisanih posljednjeg desetlje\u0107a&#8221;, komentira \u00c7eku. &#8220;Ova nas je glazba duboko dodirnula zbog \u010dega je \u010desto izvodimo i na na\u0161im koncertima, a pogurala nas je dalje u tra\u017eenju <strong>novih zvukovnosti i mogu\u0107nosti za gitarski trio&#8221;.<\/strong><\/p>\n<p style=\"text-align: justify;\">Autorica eseja u izdanju <strong>Karolina Rugle<\/strong> isti\u010de <strong>&#8220;vrijedan rad&#8221;<\/strong> koji \u010dlanovi Trija razvijaju sa suvremenim skladateljima. &#8220;Razumijevanje i pretakanje skladateljskih ideja u jezik svog instrumenta (oni) prihva\u0107aju s veseljem i zanimanjem. Tuma\u010denjem partitura, njihovim (pra)izvedbama na brojnim pozornicama te, kona\u010dno, kroz minuciozni studijski rad na zvu\u010dnom bilje\u017eenju, oplemenili su aure djela \u010diji su kona\u010dni oblik ovim putem zaklju\u010dili i trajno o\u010duvali&#8221;.<\/p>\n<p style=\"text-align: justify;\">Tonski snimatelji na albumu bili su <strong>Alan \u0160najder i Bo\u017eidar Panduri\u0107,<\/strong> a glazbeni producent <strong>Kre\u0161imir Seletkovi\u0107.<\/strong> Izdanje je objavljeno uz potporu <strong>Ministarstva kulture i medija Republike Hrvatske.<\/strong><\/p>\n<p style=\"text-align: justify;\">Album mo\u017eete na\u0107i u Cantusovu katalogu (<a href=\"https:\/\/bit.ly\/424E63d\">https:\/\/bit.ly\/424E63d<\/a>), kao i na svim digitalnim platformama (<a href=\"https:\/\/ampl.ink\/9p5kB\">https:\/\/ampl.ink\/9p5kB<\/a>).<\/p>\n<hr \/>\n<p style=\"text-align: justify;\"><strong>TRIO JONGEN OBJAVIO NOVI CD &#8220;FRESKE&#8221; &#8211; <\/strong><strong>Zanimljiv i atraktivan Trio Jongen iza\u0161ao je s novim diskografskim izdanjem u nakladi Cantusa na kojem ponovno predstavlja hrvatsku autorsku glazbu<\/strong><\/p>\n<p style=\"text-align: justify;\"><strong>Trio Jongen<\/strong> jedinstveni je komorni ansambl na hrvatskoj glazbenoj sceni. \u017delite li do\u017eivjeti zvuk flaute, fagota i klavira, koji \u0107e vas sigurno iznenaditi, poslu\u0161ajte njihov <strong>novi<\/strong> <strong>album <em>Freske<\/em> <\/strong>objavljen za <strong>Cantus!<\/strong><\/p>\n<p style=\"text-align: justify;\">Ansambl \u010dine na\u0161i <strong>prvorazredni glazbeni umjetnici,<\/strong> flautistica <strong>Renata Penezi\u0107,<\/strong> fagotist <strong>\u017darko Peri\u0161i\u0107<\/strong> i pijanistica <strong>Marina Matoli\u0107,<\/strong> dobro poznati hrvatskoj glazbenoj sceni. U javnost sada izlaze sa svojim drugim diskografskim izdanjem, na kojem ponovno predstavljaju <strong>hrvatsku autorsku glazbu<\/strong> skladanu za njihov zanimljiv i atraktivan sastav.<\/p>\n<p style=\"text-align: justify;\"><img decoding=\"async\" style=\"border: none; width: 100%;\" src=\" https:\/\/glazba.hr\/wp-content\/uploads\/2024\/01\/Cantus-CD-Trio-Jongen-za-web.jpg \" \/><\/p>\n<p style=\"text-align: justify;\">Fotografiju ustupio <a href=\"https:\/\/glazba.hr\/vijesti\/trio-jongen-objavio-novi-cd-freske\/\"><strong>Glazba.hr<\/strong><\/a><\/p>\n<p style=\"text-align: justify;\"><strong>Po\u010deci Trija se\u017eu gotovo deset godina unazad<\/strong> kad su Renata Penezi\u0107 i \u017darko Peri\u0161i\u0107 s harfisticom Mirjam Lu\u010dev Debani\u0107 nastupili na Ka\u0161telanskom kulturnom ljetu, isti\u010de autorica <strong>Alenka Bobinsky<\/strong> u popratnom eseju na izdanju. Tada su izveli i Dvije skladbe za trio, op. 80 <strong>Josepha Jongena.<\/strong> Potaknuti izvedbom, po tome belgijskom skladatelju nadjenuli su si ime. Mirjam Lu\u010dev Debani\u0107 je potom zamijenila pijanistica Marina Matoli\u0107 i tako je nastao dana\u0161nji ansambl.<\/p>\n<p style=\"text-align: justify;\">Bobinsky isti\u010de i to kako <strong>Trio Jongen rado i \u010desto izvodi upravo novu hrvatsku glazbu. <\/strong>Nakon prvijenca <em>Ibis<\/em>, CD <em>Freske<\/em> <strong>drugi je njihov album s djelima hrvatskih skladatelja.<\/strong><\/p>\n<p style=\"text-align: justify;\"><strong>Rije\u010d je redom o recentnim snimkama,<\/strong> ostvarenim po\u010detkom 2023. upravo za ovo diskografsko izdanje. Album uklju\u010duje dva djela <strong>Ivana Bo\u017ei\u010devi\u0107a<\/strong> s kojim Jongenovci redovito sura\u0111uju (<em>Spiritual Mountain<\/em> i <em>Tisu\u0107u borova, jedan mjesec<\/em>), no tu su i skladbe <strong>Tomislava Uhlika<\/strong> (<em>Djevoj\u010dica iz moje ulice<\/em>), <strong>\u017deljka Brkanovi\u0107a<\/strong> (<em>Vocatio iz Stuttgarta<\/em>) te <strong>Miroslava Mileti\u0107a<\/strong> (<em>Freske<\/em>). Po Mileti\u0107evim <em>Freskama<\/em> album je ponio i naslov.<\/p>\n<p style=\"text-align: justify;\">Trio Jongen otkriva nam <strong>niz zanimljivih stranica iz hrvatske komorne glazbe,<\/strong> kroz vi\u0161e generacija hrvatskih skladatelja, prire\u0111enih ili skladanih za ovaj ansambl zanimljivog zvuka i nesvakida\u0161njeg instrumentalnog sastava.<\/p>\n<p style=\"text-align: justify;\">Ulogu tonskog snimatelja i producenta preuzeo je <strong>Kre\u0161imir Petar Pusti\u010dki,<\/strong> a izdanje je objavljeno uz potporu <strong>Ministarstva kulture i medija Republike Hrvatske.<\/strong><\/p>\n<p style=\"text-align: justify;\">Album je dostupan u Cantusovu katalogu (<a href=\"https:\/\/bit.ly\/48u2ePn\">https:\/\/bit.ly\/48u2ePn<\/a>), ali i na svim digitalnim platformama (<a href=\"https:\/\/ampl.ink\/5Yv0P\">https:\/\/ampl.ink\/5Yv0P<\/a>).<\/p>\n<hr \/>\n<p style=\"text-align: justify;\"><strong>DVA ANTOLOGIJSKA OSTVARENJA AKADEMIKA FRANE PARA\u0106A &#8211; <\/strong><strong>Novo izdanje u ediciji <em>Ligatura<\/em> posve\u0107eno je dvama antologijskim ostvarenjima iz opusa akademika Frane Para\u0107a<\/strong><\/p>\n<p style=\"text-align: justify;\">Nakon Zbora HRT-a i <em>Oslu\u0161kivanja<\/em>, autorskog CD-a Sre\u0107ka Bradi\u0107a te nagra\u0111ivane <em>Pasije<\/em> Berislava \u0160ipu\u0161a, <strong>edicija <em>Ligatura<\/em> Hrvatskog dru\u0161tva skladatelja i Hrvatske radiotelevizije u izdanju Cantusa <\/strong>nastavlja seriju reprezentativnih izdanja autorskim albumom uglednoga skladatelja i profesora emeritusa, akademika <strong>Frane Para\u0107a<\/strong> (Split, 1948.).<\/p>\n<p style=\"text-align: justify;\">Album izlazi u prigodi Para\u0107eva<strong> 75. ro\u0111endana, <\/strong>a na njemu su objavljena <strong>dva antologijska ostvarenja:<\/strong> suita iz baleta <strong><em>Carmina Krle\u017eiana<\/em><\/strong> za recitatora, mje\u0161oviti zbor i simfonijski orkestar (1988.) te <strong><em>Missa Maruliana<\/em><\/strong> za sopran, bariton, zbor i orkestar (1993.).<\/p>\n<p style=\"text-align: justify;\"><img decoding=\"async\" style=\"border: none; width: 100%;\" src=\" https:\/\/glazba.hr\/wp-content\/uploads\/2024\/01\/Cantus-CD-Parac-naslovnica.jpg \" \/><\/p>\n<p style=\"text-align: justify;\">Fotografiju ustupio <a href=\"https:\/\/glazba.hr\/vijesti\/dva-antologijska-ostvarenja-frane-paraca\/\"><strong>Glazba.hr<\/strong><\/a><\/p>\n<p style=\"text-align: justify;\">S obzirom na <strong>130 godina od ro\u0111enja Miroslava Krle\u017ee<\/strong> 2023. te na 2024. kao <strong>godinu Marka Maruli\u0107a,<\/strong> izlazak Para\u0107eva albuma dodatno dobiva na zna\u010denju i aktualnosti. &#8220;Dva opse\u017ena Para\u0107eva vokalno-instrumentalna djela predstavljaju gotovo <strong>kanonski repertoar hrvatske glazbe 20. stolje\u0107a.<\/strong> Ona povezuju Para\u0107evo skladateljstvo s velikanima hrvatske knji\u017eevnosti&#8221;, isti\u010de autorica eseja u izdanju, doktorica muzikologije i \u010dlanica suradnica HAZU-a <strong>Hana Breko Kustura.<\/strong><\/p>\n<p style=\"text-align: justify;\">Oba djela predstavljena su u ciklusu <strong><em>Kanconijer<\/em><\/strong> <strong>Zbora i Simfonijskog orkestra HRT-a<\/strong> pod vodstvom maestra <strong>Ton\u010dija Bili\u0107a<\/strong> (<em>Missa Maruliana<\/em> 2017., a <em>Carmina Krle\u017eiana<\/em> 2023. godine), a nakon izvedbi realizirane su i studijske snimke sada objavljene na albumu.<\/p>\n<p style=\"text-align: justify;\">Snimanja su, kao i u drugim izdanjima <em>Ligature<\/em>, uklju\u010dila <strong>velik broj sudionika.<\/strong> Tako su se u slu\u010daju suite <em>Carmina Krle\u017eiana<\/em> <strong>Zboru i Simfonijskom orkestru HRT-a<\/strong> pridru\u017eili \u010dlanovi <strong>Oratorijskog zbora Crkve sv. Marka <em>Cantores sancti Marci<\/em><\/strong> te dramski umjetnik <strong>Danijel Ljuboja,<\/strong> dok su u izvedbi djela <em>Missa Maruliana<\/em> sudjelovali i \u010dlanovi <strong>Akademskog <em>zbora Ivan Goran Kova\u010di\u0107 <\/em><\/strong>te vokalni solisti <strong>Kristina Kolar<\/strong> i <strong>Ljubomir Pu\u0161kari\u0107.<\/strong><\/p>\n<p style=\"text-align: justify;\">&#8220;U doba kad mnogi umjetnici i pseudo-umjetnici sveudilj pose\u017eu za efemernim i perifernim temama i problemima, <strong>Frano Para\u0107 je znao u svom djelu zahvatiti u ljudski bitno&#8221;,<\/strong> bilje\u017ei uz Para\u0107evu <em>Misu<\/em> akademik <strong>Ivan Supi\u010di\u0107.<\/strong> Isto, me\u0111utim, vrijedi za oba djelo na albumu.<\/p>\n<p style=\"text-align: justify;\">Naslovnicu u skladu s konceptom <em>Ligature<\/em> krasi kola\u017e <em>Home Poise Habitat<\/em> renomiranog hrvatskog likovnog umjetnika <strong>Damira O\u010dka.<\/strong> &#8220;Ovaj rad tematizira glasofobiju ili strah od javnog govora, te smjelo korespondira s temom umjetnosti kao odgovora na strah, potrebe za izri\u010dajem. O\u010dko se vje\u0161to poigrava i \u010ditanjem ljudskoga lika daju\u0107i naznake mnogih lica, maski, koje svatko od nas ovisno o prilici nosi&#8221;, bilje\u017ei kustoska suradnica u <em>Ligaturi<\/em> <strong>Karla Pudar.<\/strong><\/p>\n<p style=\"text-align: justify;\">Tonski snimatelj bio je <strong>Bo\u017eidar Panduri\u0107,<\/strong> a glazbeni producenti <strong>Kre\u0161imir Seletkovi\u0107<\/strong> i <strong>Pero Mihojevi\u0107.<\/strong> Izdanje je objavljeno uz potporu <strong>Ministarstva kulture i medija Republike Hrvatske.<\/strong><\/p>\n<p style=\"text-align: justify;\">Album je mogu\u0107e na\u0107i u Cantusovu katalogu (<a href=\"https:\/\/bit.ly\/47uWN1l\">https:\/\/bit.ly\/47uWN1l<\/a>) i na svim digitalnim platformama (<a href=\"https:\/\/ampl.ink\/rel33\">https:\/\/ampl.ink\/rel33<\/a>).<\/p>\n<hr \/>\n<p style=\"text-align: justify;\"><strong>\u0160EST OSTVARENJA JEDINSTVENOGA AUTORSKOG POTPISA &#8211; <\/strong><strong>Autorski album Dubravka Palanovi\u0107a u ediciji <em>Hrvatski suvremeni skladatelji<\/em><\/strong><\/p>\n<p style=\"text-align: justify;\">Vi\u0161e od sat vremena autorske glazbe i \u0161est skladbi reprezentativnoga opusa najjednostavniji je opis <strong>novoga CD-izdanja iz edicije <em>Hrvatski suvremeni skladatelji<\/em><\/strong> Hrvatskoga dru\u0161tva skladatelja u izdanju Cantusa, koje predstavlja skladateljstvo autora i glazbenika <strong>Dubravka Palanovi\u0107a<\/strong> (Zagreb, 1977.).<\/p>\n<p style=\"text-align: justify;\">\u0160est zapa\u017eenih ostvarenja ciljano je snimljeno za ovo izdanje. Rije\u010d je o djelima koja dosad nisu objavljivana na nosa\u010dima zvuka, recentnijim kompozicijama nastalim tijekom posljednjega desetlje\u0107a, narud\u017ebama niza uglednih hrvatskih glazbenika, ansambala, festivala i manifestacija.<\/p>\n<p style=\"text-align: justify;\"><img decoding=\"async\" style=\"border: none; width: 100%;\" src=\" https:\/\/glazba.hr\/wp-content\/uploads\/2024\/01\/cantus-CD-D-Palanovic-za-web-709x632.jpg \" \/><\/p>\n<p style=\"text-align: justify;\">Fotografiju ustupio <a href=\"https:\/\/glazba.hr\/citaj\/recenzija\/dubravko-palanovic-autorski-album\/\"><strong>Glazba.hr<\/strong><\/a><\/p>\n<p style=\"text-align: justify;\">U svojemu skladateljstvu Palanovi\u0107 \u2013 me\u0111u ostalim kontrabasist u <strong>Zagreba\u010dkoj filharmoniji<\/strong> te voditelj ansambla <strong>Acoustic Project,<\/strong> &#8220;nepogre\u0161ivo slijedi svoj put jasne i pregledne forme, pamtljivih melodijskih tema, amalgamiranih harmonijskih svjetova i tonskih boja&#8221;, isti\u010de autorica eseja u izdanju, muzikologinja i radijska urednica <strong>Iva Lovrec \u0160tefanovi\u0107.<\/strong> Aktualnim CD-om dobivamo &#8220;izbru\u0161enu sliku&#8221; koja potvr\u0111uje <strong>&#8220;bujnost Palanovi\u0107eve invencije i jedinstvenost glazbenog potpisa&#8221;,<\/strong> a toga autora \u2013 poteklog iz klase \u017deljka Brkanovi\u0107a s Muzi\u010dke akademije u Zagrebu, predstavlja kao <strong>&#8220;glazbenika iskonske muzikalnosti i melodijske invencije&#8221;.<\/strong><\/p>\n<p style=\"text-align: justify;\">Za snimke na albumu Palanovi\u0107 je okupio <strong>respektabilni krug interpreta te kolega prijatelja,<\/strong> koji su objeru\u010dke prihvatili priliku da trajno snime izabrana ostvarenja. Ulogu tonskog majstora i producenta izdanja preuzeo je <strong>Kre\u0161imir Petar Pusti\u010dki.<\/strong><\/p>\n<p style=\"text-align: justify;\">Album otvara <strong>Concerto grosso, podnaslova <em>Rovinjski<\/em><\/strong>, za guda\u010de i \u010dembalo iz 2019. godine, a predstavlja ga \u010dembalistica <strong>Linda Mravunac Fabijani\u0107<\/strong> uz ansambl <strong>Acoustic Project Strings.<\/strong> Slijedi potom <strong><em>Echoes of the Other Worlds<\/em><\/strong> za flautu solo iz 2021. godine u tuma\u010denju Palanovi\u0107eve dugogodi\u0161nje kolegice i suradnice <strong>Renate Penezi\u0107.<\/strong><\/p>\n<p style=\"text-align: justify;\"><strong>Sonata za violinu i klavir<\/strong> skladana je za Osorske glazbene ve\u010deri 2017. godine, a na CD-u je tuma\u010de <strong>Marco Graziani<\/strong> i <strong>Tibor Nagli\u0107.<\/strong> Tu je zatim <strong><em>Tu Alma y la m\u00eda<\/em><\/strong> ostvarena za <strong>Renatu Penezi\u0107<\/strong> i <strong>Zrinku Ivan\u010di\u0107 Cikojevi\u0107<\/strong> te njihov nastup u Osoru 2019. godine.<\/p>\n<p style=\"text-align: justify;\">Popijevka <strong><em>Slobodan \u017eivot<\/em><\/strong> najrecentnije je djelo na albumu, a slu\u0161amo ga u izvedbi <strong>Darije Augu\u0161tan<\/strong> uz pijanista <strong>Viktora \u010ci\u017ei\u0107a.<\/strong> Darija komentira kako je posrijedi &#8220;pravi hit&#8221;. <strong>Koncert za violon\u010delo i orkestar<\/strong> potje\u010de iz 2015. godine, a na albumu ga predstavljaju <strong>Petar Kova\u010di\u0107<\/strong> i maestro <strong>Alan Bjelinski<\/strong> uz <strong>Acoustic Project Chamber Orchestra.<\/strong><\/p>\n<p style=\"text-align: justify;\">Glazbenici na izdanju sla\u017eu se u pozitivnim ocjenama Palanovi\u0107eva opusa. &#8220;Dubravkovu glazbu karakterizira <strong>iznimna energija, duboka strastvenost i osje\u0107ajnost&#8221;,<\/strong> tvrdi tako Renata Penezi\u0107. <strong>&#8220;Ono u \u010demu je Dubravko majstor jest melodija<\/strong> i to je tajna koncerta \u2013 prijelazi iz virtuoznih u lirske dijelove poput otvaranja vrata razli\u010ditih odaja rasko\u0161nih pala\u010da&#8221;, isti\u010de Petar Kova\u010di\u0107. <strong>&#8220;Volim svirati njegove partiture, koje su vrlo energi\u010dne, ma\u0161tovite&#8221;,<\/strong> zaklju\u010duje Marco Graziani, koji je preuzeo i ulogu koncertnog majstora u djelima s orkestrom.<\/p>\n<p style=\"text-align: justify;\">Maestro <strong>Alan Bjelinski<\/strong> hvali i odli\u010dnu atmosferu na snimanju. <strong>&#8220;Snimanje za pam\u0107enje&#8221;,<\/strong> ka\u017ee, &#8220;strastveni glazbenici puni sadr\u017eajnog i preciznog tona, genijalni solist i vrhunski tonmajstor&#8221;, te nudi sljede\u0107i komentar kao najbolju preporuku za preslu\u0161avanje Palanovi\u0107eva CD-a: <strong>&#8220;Izuzetno cijenim Dubravka Palanovi\u0107a i \u017eelim mu bogat i sadr\u017eajan nastavak stvarala\u0161tva&#8221;.<\/strong><\/p>\n<p style=\"text-align: justify;\">Autorski album Dubravka Palanovi\u0107a objavljen je uz potporu <strong>Ministarstva kulture i medija Republike Hrvatske. <\/strong>Prona\u0111ite ga u Cantusovu katalogu (<a href=\"https:\/\/bit.ly\/48IdqHO\">https:\/\/bit.ly\/48IdqHO<\/a>), kao i na digitalnim platformama (<a href=\"https:\/\/ampl.ink\/XAzr0\">https:\/\/ampl.ink\/XAzr0<\/a>).<\/p>\n<p style=\"text-align: justify;\">[izvor informacije\u00a0<a href=\"http:\/\/www.gad.hr\/\"><strong>G.A.D. Produkcija<\/strong><\/a>]<\/p>\n<p style=\"text-align: justify;\"><iframe loading=\"lazy\" style=\"border: none; overflow: hidden;\" src=\"https:\/\/www.facebook.com\/plugins\/post.php?href=https%3A%2F%2Fwww.facebook.com%2FFILMmagnet%2Fposts%2Fpfbid0GhLi5XU6n9UbR99CjvgDHKDG54MFYLTNuEM6AyHbtGXcuLGgHQYSLxLXgVcnSniKl&amp;show_text=true&amp;width=500\" width=\"500\" height=\"416\" frameborder=\"0\" scrolling=\"no\" allowfullscreen=\"allowfullscreen\"><\/iframe><\/p>\n<p style=\"text-align: justify;\"><iframe loading=\"lazy\" style=\"border: none; overflow: hidden;\" src=\"https:\/\/www.facebook.com\/plugins\/post.php?href=https%3A%2F%2Fwww.facebook.com%2FFILMmagnet%2Fposts%2Fpfbid0YDZP6t7FVUCZS33LZyeZYcRNXy9coUKhoCsgv9hM4kEGFBhjJEQJeU9ekqJ8Lpjkl&amp;show_text=true&amp;width=500\" width=\"500\" height=\"416\" frameborder=\"0\" scrolling=\"no\" allowfullscreen=\"allowfullscreen\"><\/iframe><\/p>\n<p style=\"text-align: justify;\"><iframe loading=\"lazy\" style=\"border: none; overflow: hidden;\" src=\"https:\/\/www.facebook.com\/plugins\/post.php?href=https%3A%2F%2Fwww.facebook.com%2FFILMmagnet%2Fposts%2Fpfbid0d6XHPEGQjcgHSamZgxFCoRdkcDxsU8GdL9JBfaRZTENdxxk9G5KZxikLHh74eMYvl&amp;show_text=true&amp;width=500\" width=\"500\" height=\"416\" frameborder=\"0\" scrolling=\"no\" allowfullscreen=\"allowfullscreen\"><\/iframe><\/p>\n<p style=\"text-align: justify;\"><iframe loading=\"lazy\" style=\"border: none; overflow: hidden;\" src=\"https:\/\/www.facebook.com\/plugins\/post.php?href=https%3A%2F%2Fwww.facebook.com%2FFILMmagnet%2Fposts%2Fpfbid02zwU7qA3hKTHdwRw3JctrhLiVYDtVjf8b65TJ9JPPhXqe7TwLkBZDd9pK1mJ7kKwMl&amp;show_text=true&amp;width=500\" width=\"500\" height=\"416\" frameborder=\"0\" scrolling=\"no\" allowfullscreen=\"allowfullscreen\"><\/iframe><\/p>\n<div id=\"fb_share_1\" style=\"float: right; margin-left: 10px;\"><a name=\"fb_share\" type=\"box_count\" share_url=\"http:\/\/film-mag.net\/wp\/?p=54123\" href=\"http:\/\/www.facebook.com\/sharer.php\">Share<\/a><\/div><div><script src=\"http:\/\/static.ak.fbcdn.net\/connect.php\/js\/FB.Share\" type=\"text\/javascript\"><\/script><\/div><div style=\"clear:both\"><\/div>","protected":false},"excerpt":{"rendered":"<p>NOVA SJAJNA POHVALA GITARI NA ALBUMU TRIJA ELOGIO &#8211; Vrhunski glazbenici Trija Elogio upravo su objavili novi album Quasi Ritorno za izdava\u010dku ku\u0107u Cantus na kojem predstavljaju \u010detiri djela suvremenih skladatelja Trojica vrhunskih gitarista okupili su se u Zagrebu pred sada ve\u0107 gotovo petnaest godina. Petrit \u00c7eku, Pedro Ribeiro Rodrigues i Tomislav Vuk\u0161i\u0107 stoje iza [&hellip;]<\/p>\n","protected":false},"author":8,"featured_media":0,"comment_status":"closed","ping_status":"closed","sticky":false,"template":"","format":"standard","meta":{"_et_pb_use_builder":"","_et_pb_old_content":"","_et_gb_content_width":"","_editorskit_title_hidden":false,"_editorskit_reading_time":0,"_editorskit_is_block_options_detached":false,"_editorskit_block_options_position":"{}","footnotes":""},"categories":[28,11,474,17050],"tags":[25063,5134,17613,3311,25691,16726,72,910,25688,20037,20039,25689,25690],"class_list":["post-54123","post","type-post","status-publish","format-standard","hentry","category-cd-dvd","category-glazba","category-glazbene-vijesti","category-press","tag-cantus","tag-cd","tag-cd-album","tag-dubravko-palanovic","tag-frano-parac","tag-g-a-d-produkcija","tag-glazba-2","tag-ozbiljna-glazba","tag-pedro-ribeiro-rodrigues","tag-petrit-ceku","tag-tomislav-vuksic","tag-trio-elogio","tag-trio-jongen"],"yoast_head":"<!-- This site is optimized with the Yoast SEO plugin v24.6 - https:\/\/yoast.com\/wordpress\/plugins\/seo\/ -->\n<title>Nova Cantusova izdanja: Quasi Ritorno; Freske; Carmina Krle\u017eiana \/ Missa Maruliana i Dubravko Palanovi\u0107 - FILM-mag.net<\/title>\n<meta name=\"robots\" content=\"index, follow, max-snippet:-1, max-image-preview:large, max-video-preview:-1\" \/>\n<link rel=\"canonical\" href=\"http:\/\/film-mag.net\/wp\/?p=54123\" \/>\n<meta property=\"og:locale\" content=\"en_US\" \/>\n<meta property=\"og:type\" content=\"article\" \/>\n<meta property=\"og:title\" content=\"Nova Cantusova izdanja: Quasi Ritorno; Freske; Carmina Krle\u017eiana \/ Missa Maruliana i Dubravko Palanovi\u0107 - FILM-mag.net\" \/>\n<meta property=\"og:description\" content=\"NOVA SJAJNA POHVALA GITARI NA ALBUMU TRIJA ELOGIO &#8211; Vrhunski glazbenici Trija Elogio upravo su objavili novi album Quasi Ritorno za izdava\u010dku ku\u0107u Cantus na kojem predstavljaju \u010detiri djela suvremenih skladatelja Trojica vrhunskih gitarista okupili su se u Zagrebu pred sada ve\u0107 gotovo petnaest godina. Petrit \u00c7eku, Pedro Ribeiro Rodrigues i Tomislav Vuk\u0161i\u0107 stoje iza [&hellip;]\" \/>\n<meta property=\"og:url\" content=\"http:\/\/film-mag.net\/wp\/?p=54123\" \/>\n<meta property=\"og:site_name\" content=\"FILM-mag.net\" \/>\n<meta property=\"article:published_time\" content=\"2024-01-21T11:34:40+00:00\" \/>\n<meta property=\"article:modified_time\" content=\"2024-01-21T11:35:48+00:00\" \/>\n<meta name=\"author\" content=\"PRESS\" \/>\n<meta name=\"twitter:card\" content=\"summary_large_image\" \/>\n<meta name=\"twitter:label1\" content=\"Written by\" \/>\n\t<meta name=\"twitter:data1\" content=\"PRESS\" \/>\n\t<meta name=\"twitter:label2\" content=\"Est. reading time\" \/>\n\t<meta name=\"twitter:data2\" content=\"9 minutes\" \/>\n<script type=\"application\/ld+json\" class=\"yoast-schema-graph\">{\"@context\":\"https:\/\/schema.org\",\"@graph\":[{\"@type\":\"WebPage\",\"@id\":\"http:\/\/film-mag.net\/wp\/?p=54123\",\"url\":\"http:\/\/film-mag.net\/wp\/?p=54123\",\"name\":\"Nova Cantusova izdanja: Quasi Ritorno; Freske; Carmina Krle\u017eiana \/ Missa Maruliana i Dubravko Palanovi\u0107 - FILM-mag.net\",\"isPartOf\":{\"@id\":\"http:\/\/film-mag.net\/wp\/#website\"},\"datePublished\":\"2024-01-21T11:34:40+00:00\",\"dateModified\":\"2024-01-21T11:35:48+00:00\",\"author\":{\"@id\":\"http:\/\/film-mag.net\/wp\/#\/schema\/person\/a8dd3a5b76a5bbde974e03510a205c2f\"},\"breadcrumb\":{\"@id\":\"http:\/\/film-mag.net\/wp\/?p=54123#breadcrumb\"},\"inLanguage\":\"en-US\",\"potentialAction\":[{\"@type\":\"ReadAction\",\"target\":[\"http:\/\/film-mag.net\/wp\/?p=54123\"]}]},{\"@type\":\"BreadcrumbList\",\"@id\":\"http:\/\/film-mag.net\/wp\/?p=54123#breadcrumb\",\"itemListElement\":[{\"@type\":\"ListItem\",\"position\":1,\"name\":\"Home\",\"item\":\"http:\/\/film-mag.net\/wp\/\"},{\"@type\":\"ListItem\",\"position\":2,\"name\":\"Nova Cantusova izdanja: Quasi Ritorno; Freske; Carmina Krle\u017eiana \/ Missa Maruliana i Dubravko Palanovi\u0107\"}]},{\"@type\":\"WebSite\",\"@id\":\"http:\/\/film-mag.net\/wp\/#website\",\"url\":\"http:\/\/film-mag.net\/wp\/\",\"name\":\"FILM-mag.net\",\"description\":\"Prvi hrvatski portal o filmu i filmu bliskim podru\u010djima kulture\",\"potentialAction\":[{\"@type\":\"SearchAction\",\"target\":{\"@type\":\"EntryPoint\",\"urlTemplate\":\"http:\/\/film-mag.net\/wp\/?s={search_term_string}\"},\"query-input\":{\"@type\":\"PropertyValueSpecification\",\"valueRequired\":true,\"valueName\":\"search_term_string\"}}],\"inLanguage\":\"en-US\"},{\"@type\":\"Person\",\"@id\":\"http:\/\/film-mag.net\/wp\/#\/schema\/person\/a8dd3a5b76a5bbde974e03510a205c2f\",\"name\":\"PRESS\",\"image\":{\"@type\":\"ImageObject\",\"inLanguage\":\"en-US\",\"@id\":\"http:\/\/film-mag.net\/wp\/#\/schema\/person\/image\/\",\"url\":\"https:\/\/secure.gravatar.com\/avatar\/bf4ab1626f485b36c4f3650b1d351839?s=96&d=mm&r=g\",\"contentUrl\":\"https:\/\/secure.gravatar.com\/avatar\/bf4ab1626f485b36c4f3650b1d351839?s=96&d=mm&r=g\",\"caption\":\"PRESS\"},\"url\":\"http:\/\/film-mag.net\/wp\/?author=8\"}]}<\/script>\n<!-- \/ Yoast SEO plugin. -->","yoast_head_json":{"title":"Nova Cantusova izdanja: Quasi Ritorno; Freske; Carmina Krle\u017eiana \/ Missa Maruliana i Dubravko Palanovi\u0107 - FILM-mag.net","robots":{"index":"index","follow":"follow","max-snippet":"max-snippet:-1","max-image-preview":"max-image-preview:large","max-video-preview":"max-video-preview:-1"},"canonical":"http:\/\/film-mag.net\/wp\/?p=54123","og_locale":"en_US","og_type":"article","og_title":"Nova Cantusova izdanja: Quasi Ritorno; Freske; Carmina Krle\u017eiana \/ Missa Maruliana i Dubravko Palanovi\u0107 - FILM-mag.net","og_description":"NOVA SJAJNA POHVALA GITARI NA ALBUMU TRIJA ELOGIO &#8211; Vrhunski glazbenici Trija Elogio upravo su objavili novi album Quasi Ritorno za izdava\u010dku ku\u0107u Cantus na kojem predstavljaju \u010detiri djela suvremenih skladatelja Trojica vrhunskih gitarista okupili su se u Zagrebu pred sada ve\u0107 gotovo petnaest godina. Petrit \u00c7eku, Pedro Ribeiro Rodrigues i Tomislav Vuk\u0161i\u0107 stoje iza [&hellip;]","og_url":"http:\/\/film-mag.net\/wp\/?p=54123","og_site_name":"FILM-mag.net","article_published_time":"2024-01-21T11:34:40+00:00","article_modified_time":"2024-01-21T11:35:48+00:00","author":"PRESS","twitter_card":"summary_large_image","twitter_misc":{"Written by":"PRESS","Est. reading time":"9 minutes"},"schema":{"@context":"https:\/\/schema.org","@graph":[{"@type":"WebPage","@id":"http:\/\/film-mag.net\/wp\/?p=54123","url":"http:\/\/film-mag.net\/wp\/?p=54123","name":"Nova Cantusova izdanja: Quasi Ritorno; Freske; Carmina Krle\u017eiana \/ Missa Maruliana i Dubravko Palanovi\u0107 - FILM-mag.net","isPartOf":{"@id":"http:\/\/film-mag.net\/wp\/#website"},"datePublished":"2024-01-21T11:34:40+00:00","dateModified":"2024-01-21T11:35:48+00:00","author":{"@id":"http:\/\/film-mag.net\/wp\/#\/schema\/person\/a8dd3a5b76a5bbde974e03510a205c2f"},"breadcrumb":{"@id":"http:\/\/film-mag.net\/wp\/?p=54123#breadcrumb"},"inLanguage":"en-US","potentialAction":[{"@type":"ReadAction","target":["http:\/\/film-mag.net\/wp\/?p=54123"]}]},{"@type":"BreadcrumbList","@id":"http:\/\/film-mag.net\/wp\/?p=54123#breadcrumb","itemListElement":[{"@type":"ListItem","position":1,"name":"Home","item":"http:\/\/film-mag.net\/wp\/"},{"@type":"ListItem","position":2,"name":"Nova Cantusova izdanja: Quasi Ritorno; Freske; Carmina Krle\u017eiana \/ Missa Maruliana i Dubravko Palanovi\u0107"}]},{"@type":"WebSite","@id":"http:\/\/film-mag.net\/wp\/#website","url":"http:\/\/film-mag.net\/wp\/","name":"FILM-mag.net","description":"Prvi hrvatski portal o filmu i filmu bliskim podru\u010djima kulture","potentialAction":[{"@type":"SearchAction","target":{"@type":"EntryPoint","urlTemplate":"http:\/\/film-mag.net\/wp\/?s={search_term_string}"},"query-input":{"@type":"PropertyValueSpecification","valueRequired":true,"valueName":"search_term_string"}}],"inLanguage":"en-US"},{"@type":"Person","@id":"http:\/\/film-mag.net\/wp\/#\/schema\/person\/a8dd3a5b76a5bbde974e03510a205c2f","name":"PRESS","image":{"@type":"ImageObject","inLanguage":"en-US","@id":"http:\/\/film-mag.net\/wp\/#\/schema\/person\/image\/","url":"https:\/\/secure.gravatar.com\/avatar\/bf4ab1626f485b36c4f3650b1d351839?s=96&d=mm&r=g","contentUrl":"https:\/\/secure.gravatar.com\/avatar\/bf4ab1626f485b36c4f3650b1d351839?s=96&d=mm&r=g","caption":"PRESS"},"url":"http:\/\/film-mag.net\/wp\/?author=8"}]}},"_links":{"self":[{"href":"http:\/\/film-mag.net\/wp\/index.php?rest_route=\/wp\/v2\/posts\/54123","targetHints":{"allow":["GET"]}}],"collection":[{"href":"http:\/\/film-mag.net\/wp\/index.php?rest_route=\/wp\/v2\/posts"}],"about":[{"href":"http:\/\/film-mag.net\/wp\/index.php?rest_route=\/wp\/v2\/types\/post"}],"author":[{"embeddable":true,"href":"http:\/\/film-mag.net\/wp\/index.php?rest_route=\/wp\/v2\/users\/8"}],"replies":[{"embeddable":true,"href":"http:\/\/film-mag.net\/wp\/index.php?rest_route=%2Fwp%2Fv2%2Fcomments&post=54123"}],"version-history":[{"count":1,"href":"http:\/\/film-mag.net\/wp\/index.php?rest_route=\/wp\/v2\/posts\/54123\/revisions"}],"predecessor-version":[{"id":54124,"href":"http:\/\/film-mag.net\/wp\/index.php?rest_route=\/wp\/v2\/posts\/54123\/revisions\/54124"}],"wp:attachment":[{"href":"http:\/\/film-mag.net\/wp\/index.php?rest_route=%2Fwp%2Fv2%2Fmedia&parent=54123"}],"wp:term":[{"taxonomy":"category","embeddable":true,"href":"http:\/\/film-mag.net\/wp\/index.php?rest_route=%2Fwp%2Fv2%2Fcategories&post=54123"},{"taxonomy":"post_tag","embeddable":true,"href":"http:\/\/film-mag.net\/wp\/index.php?rest_route=%2Fwp%2Fv2%2Ftags&post=54123"}],"curies":[{"name":"wp","href":"https:\/\/api.w.org\/{rel}","templated":true}]}}