{"id":53624,"date":"2023-11-14T00:22:07","date_gmt":"2023-11-13T23:22:07","guid":{"rendered":"http:\/\/film-mag.net\/wp\/?p=53624"},"modified":"2023-11-14T00:22:07","modified_gmt":"2023-11-13T23:22:07","slug":"tjedan-u-kinoteci-sedmo-nebo","status":"publish","type":"post","link":"http:\/\/film-mag.net\/wp\/?p=53624","title":{"rendered":"Tjedan u Kinoteci: Sedmo nebo"},"content":{"rendered":"<p style=\"text-align: justify;\"><strong>Fassbinderov ciklus nastavlja se filmovima koji istra\u017euju politi\u010dki turbulentne 1970-e u Njema\u010dkoj, a me\u0111u Novitete sti\u017eu tri naslova: komedija &#8216;Sedmo nebo&#8217; Jasne Nanut, dokumentarac &#8216;Snajka: Dnevnik o\u010dekivanja&#8217; Tee Vidovi\u0107 Dalipi i drama o odrastanju &#8216;20.000 vrsta p\u010dela&#8217; Estibaliz Urresola Solaguren<\/strong><\/p>\n<p style=\"text-align: justify;\"><strong>Zagreb, 13.11.2023. &#8211; Ciklus Fassbinder: Pravo ja\u010deg<\/strong> nastavlja se filmovima koji istra\u017euju djelovanje organizacije Frakcija Crvene armije (RAF), poznatu i pod nazivom Grupa Baader Meinhof, i njezin utjecaj na dru\u0161venu i politi\u010dku klimu Njema\u010dke 1970-ih. Omnibus <strong>Njema\u010dka u jesen<\/strong> nastao je s ciljem da se zabilje\u017ei stanje nacije 1977. godine, nakon \u0161to su RAF-ove gerilske akcije kulminirale politi\u010dkim otmicama, smaknu\u0107ima i (samo)ubojstvima ljudi iz samog vrha organizacije, koje su \u010dak i njihove simpatizere doveli u nedoumicu. Film se sastoji od niza raznorodnih segmenata, u rasponu od televizijskih i dokumentaristi\u010dkih snimki pa do satiri\u010dnih igranih epizoda koje su re\u017eirali najistaknutiji redatelji njema\u010dkog filma 1970-ih. Me\u0111u njima posebno se isti\u010de epizoda koju je re\u017eirao Fassbinder, a u kojoj on i njegov dugogodi\u0161nji partner Armin Meier glume sebe.<\/p>\n<p style=\"text-align: justify;\"><img decoding=\"async\" style=\"border: none; width: 100%;\" src=\" https:\/\/kinokinoteka.hr\/media\/2023\/11\/MV5BNTZlMjZmYjktYTBjMC00N2NkLWIxN2MtOGIzOTk0NDM3NTAxXkEyXkFqcGdeQXVyMTUxMTYxNjY@._V1_FMjpg_UX1000_-1036x600.jpg \" \/><\/p>\n<p style=\"text-align: justify;\">Fotografiju ustupio <a href=\"https:\/\/kinokinoteka.hr\/2023\/11\/tjedan-u-kinoteci-sedmo-nebo\/\"><strong>KK<\/strong><\/a><\/p>\n<p style=\"text-align: justify;\">Fassbinder se ovoj temi vratio i sljede\u0107e godine u jednom od svojih najkontroverznijih filmova, <strong>Tre\u0107oj generaciji<\/strong>, u kojoj je ispri\u010dao satiri\u010dnu pri\u010du o odnosu nespretnih ljevi\u010darskih terorista, masovnih medija i krupnog kapitala.<\/p>\n<p style=\"text-align: justify;\">Uz Fassbinderove radove prikazuje se i nekoliko naslova koji se bave sli\u010dnim temama i razdobljem. Prvi od njih je Zlatnim lavom nagra\u0111eni <strong>Olovno vrijeme<\/strong>, inspiriran \u017eivotima RAF-ove \u010dlanice Gudrun Ensslin i njezine sestre Christiane. Redateljica Margarethe von Trotta vje\u0161to kombinira elemente psiholo\u0161ke i politi\u010dke drame, kako bi kroz dinamiku dviju sestara odgovorila na pitanje mo\u017eemo li dru\u0161tvo mijenjati rije\u010dima ili djelima te gdje prestaje aktivizam, a po\u010dinje terorizam?<\/p>\n<p style=\"text-align: justify;\">U subotu na rasporedu je <strong>Izgubljena \u010dast<\/strong> <strong>Katharine Blum<\/strong>, jedan od najcini\u010dnijih politi\u010dkih trilera 1970-ih. Inspiriran je istoimenom novelom Heinricha B\u00f6lla, u kojoj je opisao svoje iskustvo medijskog maltretiranja nakon \u0161to je javno izrazio svoju podr\u0161ku studentskom pokretu i osudio policijsku brutalnost. Redatelji Volker Schl\u00f6ndorff i Margarethe von Trotta stvorili su klaustrofobi\u010dnu viziju sustava koji i trideset godina nakon holokausta okrutnom u\u010dinkovito\u0161\u0107u sankcionira sve one koje ozna\u010di nepo\u017eeljnima.<\/p>\n<p style=\"text-align: justify;\">Tjedan zaklju\u010duje <strong>Kompleks Baader Meinhof<\/strong>, visokobud\u017eetni uzbudljivo re\u017eirani povijesni triler u kojem je Uli Edel, vode\u0107i se radom istra\u017eiva\u010dkog novinara Stefana Austa, ispri\u010dao uzbudljivu pri\u010du o formaciji, razvoju i raspadu Grupe Baader Meinhof. Film je bio nominiran za Oscara u kategoriji najboljeg stranog filma.<\/p>\n<p style=\"text-align: justify;\"><strong>Noviteti: Sedmo nebo<\/strong><\/p>\n<p style=\"text-align: justify;\">S nedavno zavr\u0161enog Zagreb film festivala u distribuciji ostaju dva filma. Prvi je <strong>Sedmo nebo<\/strong> Jasne Nanut, duhovita anti-romanti\u010dna komedija o ljubavi, braku i vjernosti, predvo\u0111ena odli\u010dnim gluma\u010dkim nastupima Kre\u0161imira Miki\u0107a i Nik\u0161e Butijera. Film je otvorio ovogodi\u0161nji festival, gdje je ispra\u0107en izvrsnim reakcijama publike.<\/p>\n<p style=\"text-align: justify;\">Na repertoaru gleda se i <strong>20.000 vrsta p\u010dela<\/strong>, debitantski film rediteljice Estibaliz Urresola Solaguren o odrastanju transrodnog djeteta u potrazi za identitetom. Film je premijerno prikazan na Berlinaleu, gdje je impresivna gluma\u010dka izvedba Sof\u00edje Otero odu\u0161evila publiku i kriti\u010dare, a Otero je postala najmla\u0111om dobitnicom Srebrnog medvjeda u povijesti festivala.<\/p>\n<p style=\"text-align: justify;\">Na rasporedu je i <strong>Snajka: Dnevnik o\u010dekivanja<\/strong>, dokumentarni film o hrvatsko-romskom paru, Tei i Mirsadu, njihovoj k\u0107erki Fridi i poku\u0161aju zajedni\u010dkog \u017eivota, razapetog izme\u0111u pritisaka obitelji i kompromisa na koje su oboje spremni pristati. Premijera filma odr\u017eat \u0107e se u ponedjeljak u prisustvu filmske ekipe.<\/p>\n<p style=\"text-align: justify;\"><strong>Matineja za odrasle: Broker<\/strong><\/p>\n<p style=\"text-align: justify;\">Na rasporedu je <strong>Broker<\/strong>, novi film Zlatnom palmom nagra\u0111enog japanskog redatelja Hirokazua Koreede, u kojem je kroz zaplet o preprodava\u010dima djece potencijalnim posvojiteljima ispri\u010dao jo\u0161 jednu gorko-slatku pri\u010du o dru\u0161tvenim izop\u0107enicima i alternativnim obiteljima.<\/p>\n<p style=\"text-align: justify;\">Ulaznice je mogu\u0107e kupiti online na www.ulaznice.hr, www.kinokinoteka.hr ili svakodnevno u radno vrijeme blagajne kina. Vi\u0161e informacija potra\u017eite na slu\u017ebenoj stranici kina Kinoteka <a href=\"http:\/\/www.kinokinoteka.hr\">www.kinokinoteka.hr<\/a><\/p>\n<p style=\"text-align: justify;\">[izvor informacije <a href=\"http:\/\/www.centarcesarec.hr\/kinoteka\/program\/\"><strong>Kino Kinoteka<\/strong><\/a>]<\/p>\n<p style=\"text-align: justify;\"><iframe loading=\"lazy\" style=\"border: none; overflow: hidden;\" src=\"https:\/\/www.facebook.com\/plugins\/post.php?href=https%3A%2F%2Fweb.facebook.com%2FFILMmagnet%2Fposts%2Fpfbid0Loi1anV3rBKWVFM6W5FvzDA6DRGKJMhFojMcaVgvjrSiJLLW21hrqzWw7PVUZmyel&amp;show_text=true&amp;width=500\" width=\"500\" height=\"665\" frameborder=\"0\" scrolling=\"no\" allowfullscreen=\"allowfullscreen\"><\/iframe><\/p>\n<div id=\"fb_share_1\" style=\"float: right; margin-left: 10px;\"><a name=\"fb_share\" type=\"box_count\" share_url=\"http:\/\/film-mag.net\/wp\/?p=53624\" href=\"http:\/\/www.facebook.com\/sharer.php\">Share<\/a><\/div><div><script src=\"http:\/\/static.ak.fbcdn.net\/connect.php\/js\/FB.Share\" type=\"text\/javascript\"><\/script><\/div><div style=\"clear:both\"><\/div>","protected":false},"excerpt":{"rendered":"<p>Fassbinderov ciklus nastavlja se filmovima koji istra\u017euju politi\u010dki turbulentne 1970-e u Njema\u010dkoj, a me\u0111u Novitete sti\u017eu tri naslova: komedija &#8216;Sedmo nebo&#8217; Jasne Nanut, dokumentarac &#8216;Snajka: Dnevnik o\u010dekivanja&#8217; Tee Vidovi\u0107 Dalipi i drama o odrastanju &#8216;20.000 vrsta p\u010dela&#8217; Estibaliz Urresola Solaguren Zagreb, 13.11.2023. &#8211; Ciklus Fassbinder: Pravo ja\u010deg nastavlja se filmovima koji istra\u017euju djelovanje organizacije Frakcija [&hellip;]<\/p>\n","protected":false},"author":8,"featured_media":0,"comment_status":"closed","ping_status":"closed","sticky":false,"template":"","format":"standard","meta":{"_et_pb_use_builder":"","_et_pb_old_content":"","_et_gb_content_width":"","_editorskit_title_hidden":false,"_editorskit_reading_time":0,"_editorskit_is_block_options_detached":false,"_editorskit_block_options_position":"{}","footnotes":""},"categories":[9,21,20347,20348,17050],"tags":[246,15976,586],"class_list":["post-53624","post","type-post","status-publish","format-standard","hentry","category-film","category-filmske-novosti","category-kino-program","category-kino-program-2","category-press","tag-filmske-novosti-2","tag-kino-kinoteka","tag-kino-program"],"yoast_head":"<!-- This site is optimized with the Yoast SEO plugin v24.6 - https:\/\/yoast.com\/wordpress\/plugins\/seo\/ -->\n<title>Tjedan u Kinoteci: Sedmo nebo - FILM-mag.net<\/title>\n<meta name=\"robots\" content=\"index, follow, max-snippet:-1, max-image-preview:large, max-video-preview:-1\" \/>\n<link rel=\"canonical\" href=\"http:\/\/film-mag.net\/wp\/?p=53624\" \/>\n<meta property=\"og:locale\" content=\"en_US\" \/>\n<meta property=\"og:type\" content=\"article\" \/>\n<meta property=\"og:title\" content=\"Tjedan u Kinoteci: Sedmo nebo - FILM-mag.net\" \/>\n<meta property=\"og:description\" content=\"Fassbinderov ciklus nastavlja se filmovima koji istra\u017euju politi\u010dki turbulentne 1970-e u Njema\u010dkoj, a me\u0111u Novitete sti\u017eu tri naslova: komedija &#8216;Sedmo nebo&#8217; Jasne Nanut, dokumentarac &#8216;Snajka: Dnevnik o\u010dekivanja&#8217; Tee Vidovi\u0107 Dalipi i drama o odrastanju &#8216;20.000 vrsta p\u010dela&#8217; Estibaliz Urresola Solaguren Zagreb, 13.11.2023. &#8211; Ciklus Fassbinder: Pravo ja\u010deg nastavlja se filmovima koji istra\u017euju djelovanje organizacije Frakcija [&hellip;]\" \/>\n<meta property=\"og:url\" content=\"http:\/\/film-mag.net\/wp\/?p=53624\" \/>\n<meta property=\"og:site_name\" content=\"FILM-mag.net\" \/>\n<meta property=\"article:published_time\" content=\"2023-11-13T23:22:07+00:00\" \/>\n<meta name=\"author\" content=\"PRESS\" \/>\n<meta name=\"twitter:card\" content=\"summary_large_image\" \/>\n<meta name=\"twitter:label1\" content=\"Written by\" \/>\n\t<meta name=\"twitter:data1\" content=\"PRESS\" \/>\n\t<meta name=\"twitter:label2\" content=\"Est. reading time\" \/>\n\t<meta name=\"twitter:data2\" content=\"3 minutes\" \/>\n<script type=\"application\/ld+json\" class=\"yoast-schema-graph\">{\"@context\":\"https:\/\/schema.org\",\"@graph\":[{\"@type\":\"WebPage\",\"@id\":\"http:\/\/film-mag.net\/wp\/?p=53624\",\"url\":\"http:\/\/film-mag.net\/wp\/?p=53624\",\"name\":\"Tjedan u Kinoteci: Sedmo nebo - FILM-mag.net\",\"isPartOf\":{\"@id\":\"http:\/\/film-mag.net\/wp\/#website\"},\"datePublished\":\"2023-11-13T23:22:07+00:00\",\"author\":{\"@id\":\"http:\/\/film-mag.net\/wp\/#\/schema\/person\/a8dd3a5b76a5bbde974e03510a205c2f\"},\"breadcrumb\":{\"@id\":\"http:\/\/film-mag.net\/wp\/?p=53624#breadcrumb\"},\"inLanguage\":\"en-US\",\"potentialAction\":[{\"@type\":\"ReadAction\",\"target\":[\"http:\/\/film-mag.net\/wp\/?p=53624\"]}]},{\"@type\":\"BreadcrumbList\",\"@id\":\"http:\/\/film-mag.net\/wp\/?p=53624#breadcrumb\",\"itemListElement\":[{\"@type\":\"ListItem\",\"position\":1,\"name\":\"Home\",\"item\":\"http:\/\/film-mag.net\/wp\/\"},{\"@type\":\"ListItem\",\"position\":2,\"name\":\"Tjedan u Kinoteci: Sedmo nebo\"}]},{\"@type\":\"WebSite\",\"@id\":\"http:\/\/film-mag.net\/wp\/#website\",\"url\":\"http:\/\/film-mag.net\/wp\/\",\"name\":\"FILM-mag.net\",\"description\":\"Prvi hrvatski portal o filmu i filmu bliskim podru\u010djima kulture\",\"potentialAction\":[{\"@type\":\"SearchAction\",\"target\":{\"@type\":\"EntryPoint\",\"urlTemplate\":\"http:\/\/film-mag.net\/wp\/?s={search_term_string}\"},\"query-input\":{\"@type\":\"PropertyValueSpecification\",\"valueRequired\":true,\"valueName\":\"search_term_string\"}}],\"inLanguage\":\"en-US\"},{\"@type\":\"Person\",\"@id\":\"http:\/\/film-mag.net\/wp\/#\/schema\/person\/a8dd3a5b76a5bbde974e03510a205c2f\",\"name\":\"PRESS\",\"image\":{\"@type\":\"ImageObject\",\"inLanguage\":\"en-US\",\"@id\":\"http:\/\/film-mag.net\/wp\/#\/schema\/person\/image\/\",\"url\":\"https:\/\/secure.gravatar.com\/avatar\/bf4ab1626f485b36c4f3650b1d351839?s=96&d=mm&r=g\",\"contentUrl\":\"https:\/\/secure.gravatar.com\/avatar\/bf4ab1626f485b36c4f3650b1d351839?s=96&d=mm&r=g\",\"caption\":\"PRESS\"},\"url\":\"http:\/\/film-mag.net\/wp\/?author=8\"}]}<\/script>\n<!-- \/ Yoast SEO plugin. -->","yoast_head_json":{"title":"Tjedan u Kinoteci: Sedmo nebo - FILM-mag.net","robots":{"index":"index","follow":"follow","max-snippet":"max-snippet:-1","max-image-preview":"max-image-preview:large","max-video-preview":"max-video-preview:-1"},"canonical":"http:\/\/film-mag.net\/wp\/?p=53624","og_locale":"en_US","og_type":"article","og_title":"Tjedan u Kinoteci: Sedmo nebo - FILM-mag.net","og_description":"Fassbinderov ciklus nastavlja se filmovima koji istra\u017euju politi\u010dki turbulentne 1970-e u Njema\u010dkoj, a me\u0111u Novitete sti\u017eu tri naslova: komedija &#8216;Sedmo nebo&#8217; Jasne Nanut, dokumentarac &#8216;Snajka: Dnevnik o\u010dekivanja&#8217; Tee Vidovi\u0107 Dalipi i drama o odrastanju &#8216;20.000 vrsta p\u010dela&#8217; Estibaliz Urresola Solaguren Zagreb, 13.11.2023. &#8211; Ciklus Fassbinder: Pravo ja\u010deg nastavlja se filmovima koji istra\u017euju djelovanje organizacije Frakcija [&hellip;]","og_url":"http:\/\/film-mag.net\/wp\/?p=53624","og_site_name":"FILM-mag.net","article_published_time":"2023-11-13T23:22:07+00:00","author":"PRESS","twitter_card":"summary_large_image","twitter_misc":{"Written by":"PRESS","Est. reading time":"3 minutes"},"schema":{"@context":"https:\/\/schema.org","@graph":[{"@type":"WebPage","@id":"http:\/\/film-mag.net\/wp\/?p=53624","url":"http:\/\/film-mag.net\/wp\/?p=53624","name":"Tjedan u Kinoteci: Sedmo nebo - FILM-mag.net","isPartOf":{"@id":"http:\/\/film-mag.net\/wp\/#website"},"datePublished":"2023-11-13T23:22:07+00:00","author":{"@id":"http:\/\/film-mag.net\/wp\/#\/schema\/person\/a8dd3a5b76a5bbde974e03510a205c2f"},"breadcrumb":{"@id":"http:\/\/film-mag.net\/wp\/?p=53624#breadcrumb"},"inLanguage":"en-US","potentialAction":[{"@type":"ReadAction","target":["http:\/\/film-mag.net\/wp\/?p=53624"]}]},{"@type":"BreadcrumbList","@id":"http:\/\/film-mag.net\/wp\/?p=53624#breadcrumb","itemListElement":[{"@type":"ListItem","position":1,"name":"Home","item":"http:\/\/film-mag.net\/wp\/"},{"@type":"ListItem","position":2,"name":"Tjedan u Kinoteci: Sedmo nebo"}]},{"@type":"WebSite","@id":"http:\/\/film-mag.net\/wp\/#website","url":"http:\/\/film-mag.net\/wp\/","name":"FILM-mag.net","description":"Prvi hrvatski portal o filmu i filmu bliskim podru\u010djima kulture","potentialAction":[{"@type":"SearchAction","target":{"@type":"EntryPoint","urlTemplate":"http:\/\/film-mag.net\/wp\/?s={search_term_string}"},"query-input":{"@type":"PropertyValueSpecification","valueRequired":true,"valueName":"search_term_string"}}],"inLanguage":"en-US"},{"@type":"Person","@id":"http:\/\/film-mag.net\/wp\/#\/schema\/person\/a8dd3a5b76a5bbde974e03510a205c2f","name":"PRESS","image":{"@type":"ImageObject","inLanguage":"en-US","@id":"http:\/\/film-mag.net\/wp\/#\/schema\/person\/image\/","url":"https:\/\/secure.gravatar.com\/avatar\/bf4ab1626f485b36c4f3650b1d351839?s=96&d=mm&r=g","contentUrl":"https:\/\/secure.gravatar.com\/avatar\/bf4ab1626f485b36c4f3650b1d351839?s=96&d=mm&r=g","caption":"PRESS"},"url":"http:\/\/film-mag.net\/wp\/?author=8"}]}},"_links":{"self":[{"href":"http:\/\/film-mag.net\/wp\/index.php?rest_route=\/wp\/v2\/posts\/53624","targetHints":{"allow":["GET"]}}],"collection":[{"href":"http:\/\/film-mag.net\/wp\/index.php?rest_route=\/wp\/v2\/posts"}],"about":[{"href":"http:\/\/film-mag.net\/wp\/index.php?rest_route=\/wp\/v2\/types\/post"}],"author":[{"embeddable":true,"href":"http:\/\/film-mag.net\/wp\/index.php?rest_route=\/wp\/v2\/users\/8"}],"replies":[{"embeddable":true,"href":"http:\/\/film-mag.net\/wp\/index.php?rest_route=%2Fwp%2Fv2%2Fcomments&post=53624"}],"version-history":[{"count":1,"href":"http:\/\/film-mag.net\/wp\/index.php?rest_route=\/wp\/v2\/posts\/53624\/revisions"}],"predecessor-version":[{"id":53625,"href":"http:\/\/film-mag.net\/wp\/index.php?rest_route=\/wp\/v2\/posts\/53624\/revisions\/53625"}],"wp:attachment":[{"href":"http:\/\/film-mag.net\/wp\/index.php?rest_route=%2Fwp%2Fv2%2Fmedia&parent=53624"}],"wp:term":[{"taxonomy":"category","embeddable":true,"href":"http:\/\/film-mag.net\/wp\/index.php?rest_route=%2Fwp%2Fv2%2Fcategories&post=53624"},{"taxonomy":"post_tag","embeddable":true,"href":"http:\/\/film-mag.net\/wp\/index.php?rest_route=%2Fwp%2Fv2%2Ftags&post=53624"}],"curies":[{"name":"wp","href":"https:\/\/api.w.org\/{rel}","templated":true}]}}