{"id":52920,"date":"2023-08-29T23:06:38","date_gmt":"2023-08-29T21:06:38","guid":{"rendered":"http:\/\/film-mag.net\/wp\/?p=52920"},"modified":"2023-08-29T23:06:38","modified_gmt":"2023-08-29T21:06:38","slug":"izlozba-vilko-ziljak-50-godina-kompjutorske-grafike-u-tehnickom-muzeju-nikola-tesla","status":"publish","type":"post","link":"http:\/\/film-mag.net\/wp\/?p=52920","title":{"rendered":"Izlo\u017eba &#8216;Vilko \u017diljak \u2013 50 godina kompjutorske grafike&#8217; u Tehni\u010dkom muzeju Nikola Tesla"},"content":{"rendered":"<p style=\"text-align: justify;\"><strong>Izlo\u017eba: Vilko \u017diljak \u2013 50 godina kompjutorske grafike<\/strong><br \/>\n<strong>Tehni\u010dki muzej Nikola Tesla u Zagrebu<\/strong><br \/>\n<strong>Trajanje izlo\u017ebe: 5. \u2013 30. 9. 2023.<\/strong><\/p>\n<p style=\"text-align: justify;\">U Tehni\u010dkom muzeju Nikola Tesla u Zagrebu 5. rujna otvara se retrospektivna izlo\u017eba Vilka \u017diljka, pionira ra\u010dunalne grafike u Hrvatskoj. Predstavlja se presjek \u017diljkovog djelovanja u podru\u010dju kompjutorske grafike (kako se nekada zvala) od 1960.tih do danas. Svi radovi su rezultat sinergije znanosti i umjetnosti, te su uvijek odraz vrhunskog dostignu\u0107a tehnike pripadaju\u0107eg razdoblja.<\/p>\n<p style=\"text-align: justify;\"><img decoding=\"async\" style=\"border: none; width: 70%;\" src=\" https:\/\/www.digitalna-umjetnost-u-hrvatskoj.eu\/images\/5\/0\/8\/f\/6\/508f69ab21c420b8f08791bb2e283496cff0c520-ziljak07.jpg \" \/><\/p>\n<p style=\"text-align: justify;\">Fotografija preuyeta s web starnica <a href=\"https:\/\/www.digitalna-umjetnost-u-hrvatskoj.eu\/hr\/autori\/vilko-ziljak\"><strong>Digitalna umjetnost u Hrvatskoj<\/strong><\/a><\/p>\n<p style=\"text-align: justify;\">Markita Franuli\u0107, ravnateljica Muzeja, isti\u010de kako je profesor emeritus \u017diljak inovator, fizi\u010dar, znanstvenik, pedagog i likovni umjetnik \u0161to su sve vrijednosti i posebnosti koje upravo Tehni\u010dki muzej Nikola Tesla objedinjuje u svojoj misiji pribli\u017eavanja znanosti i tehnike javnosti.<\/p>\n<p style=\"text-align: justify;\">Izlo\u017eba je koncipirana kao svojevrsni ud\u017ebenik razvoja digitalne grafike kroz vrijeme. Publika mo\u017ee razgledati stotinjak radova od kojih su prvi nastali na uredskim printerima sredinom 20. stolje\u0107a. Prema rije\u010dima autora kompjuterske grafike 1970.tih izvedene su algoritmom u programskom jeziku Fortran na ra\u010dunalu IBM 1130 koje je imalo samo 8 kilobajta. Projekt od dr\u017eavnog zna\u010daja 90.tih bile su hrvatske kune u \u010dijem stru\u010dnom timu je klju\u010dnu ulogu u grafi\u010dkoj pripremi i sigurnosti nov\u010danica odigrao Vilko \u017diljak. Autor je zna\u010dajan doprinos dao razvoju svjetske grafi\u010dke tehnologije po\u010detkom 21. stolje\u0107a i svojim patentom Infraredesign koji nalazi raznoliku prakti\u010dnu primjenu. Najnoviji radovi nastali su ove godine na suvremenim ra\u010dunalima, a prof. \u017diljka bi radovalo kada bi oni bili poticaj na kreaciju i umjetni\u010dko stvaranje mladim generacijama koje svakodnevno provode vrijeme u digitalnom svijetu.<\/p>\n<p style=\"text-align: justify;\">Izlo\u017eba se mo\u017ee razgledati do 20. rujna 2023.<\/p>\n<p style=\"text-align: justify;\">[izvor informacije <strong>AH<\/strong>]<\/p>\n<p style=\"text-align: justify;\"><iframe loading=\"lazy\" style=\"border: none; overflow: hidden;\" src=\"https:\/\/www.facebook.com\/plugins\/post.php?href=https%3A%2F%2Fweb.facebook.com%2FFILMmagnet%2Fposts%2Fpfbid0NGCAvaBgQkyZgggCosuUUijFiLDptzNaiYWJgFjYzedDWZmY1ab8A5tkD6PPcfeAl&amp;show_text=true&amp;width=500\" width=\"500\" height=\"582\" frameborder=\"0\" scrolling=\"no\" allowfullscreen=\"allowfullscreen\"><\/iframe><\/p>\n<div id=\"fb_share_1\" style=\"float: right; margin-left: 10px;\"><a name=\"fb_share\" type=\"box_count\" share_url=\"http:\/\/film-mag.net\/wp\/?p=52920\" href=\"http:\/\/www.facebook.com\/sharer.php\">Share<\/a><\/div><div><script src=\"http:\/\/static.ak.fbcdn.net\/connect.php\/js\/FB.Share\" type=\"text\/javascript\"><\/script><\/div><div style=\"clear:both\"><\/div>","protected":false},"excerpt":{"rendered":"<p>Izlo\u017eba: Vilko \u017diljak \u2013 50 godina kompjutorske grafike Tehni\u010dki muzej Nikola Tesla u Zagrebu Trajanje izlo\u017ebe: 5. \u2013 30. 9. 2023. U Tehni\u010dkom muzeju Nikola Tesla u Zagrebu 5. rujna otvara se retrospektivna izlo\u017eba Vilka \u017diljka, pionira ra\u010dunalne grafike u Hrvatskoj. Predstavlja se presjek \u017diljkovog djelovanja u podru\u010dju kompjutorske grafike (kako se nekada zvala) od [&hellip;]<\/p>\n","protected":false},"author":8,"featured_media":0,"comment_status":"closed","ping_status":"closed","sticky":false,"template":"","format":"standard","meta":{"_et_pb_use_builder":"","_et_pb_old_content":"","_et_gb_content_width":"","_editorskit_title_hidden":false,"_editorskit_reading_time":0,"_editorskit_is_block_options_detached":false,"_editorskit_block_options_position":"{}","footnotes":""},"categories":[64,13,17050],"tags":[25136,232,25135,18376,25134],"class_list":["post-52920","post","type-post","status-publish","format-standard","hentry","category-izlozbe","category-likovnost","category-press","tag-ana-hoic","tag-izlozba","tag-kompjutorska-grafika","tag-tehnicki-muzej-nikola-tesla","tag-vilko-ziljak"],"yoast_head":"<!-- This site is optimized with the Yoast SEO plugin v24.6 - https:\/\/yoast.com\/wordpress\/plugins\/seo\/ -->\n<title>Izlo\u017eba &#039;Vilko \u017diljak \u2013 50 godina kompjutorske grafike&#039; u Tehni\u010dkom muzeju Nikola Tesla - FILM-mag.net<\/title>\n<meta name=\"robots\" content=\"index, follow, max-snippet:-1, max-image-preview:large, max-video-preview:-1\" \/>\n<link rel=\"canonical\" href=\"http:\/\/film-mag.net\/wp\/?p=52920\" \/>\n<meta property=\"og:locale\" content=\"en_US\" \/>\n<meta property=\"og:type\" content=\"article\" \/>\n<meta property=\"og:title\" content=\"Izlo\u017eba &#039;Vilko \u017diljak \u2013 50 godina kompjutorske grafike&#039; u Tehni\u010dkom muzeju Nikola Tesla - FILM-mag.net\" \/>\n<meta property=\"og:description\" content=\"Izlo\u017eba: Vilko \u017diljak \u2013 50 godina kompjutorske grafike Tehni\u010dki muzej Nikola Tesla u Zagrebu Trajanje izlo\u017ebe: 5. \u2013 30. 9. 2023. U Tehni\u010dkom muzeju Nikola Tesla u Zagrebu 5. rujna otvara se retrospektivna izlo\u017eba Vilka \u017diljka, pionira ra\u010dunalne grafike u Hrvatskoj. Predstavlja se presjek \u017diljkovog djelovanja u podru\u010dju kompjutorske grafike (kako se nekada zvala) od [&hellip;]\" \/>\n<meta property=\"og:url\" content=\"http:\/\/film-mag.net\/wp\/?p=52920\" \/>\n<meta property=\"og:site_name\" content=\"FILM-mag.net\" \/>\n<meta property=\"article:published_time\" content=\"2023-08-29T21:06:38+00:00\" \/>\n<meta name=\"author\" content=\"PRESS\" \/>\n<meta name=\"twitter:card\" content=\"summary_large_image\" \/>\n<meta name=\"twitter:label1\" content=\"Written by\" \/>\n\t<meta name=\"twitter:data1\" content=\"PRESS\" \/>\n\t<meta name=\"twitter:label2\" content=\"Est. reading time\" \/>\n\t<meta name=\"twitter:data2\" content=\"2 minutes\" \/>\n<script type=\"application\/ld+json\" class=\"yoast-schema-graph\">{\"@context\":\"https:\/\/schema.org\",\"@graph\":[{\"@type\":\"WebPage\",\"@id\":\"http:\/\/film-mag.net\/wp\/?p=52920\",\"url\":\"http:\/\/film-mag.net\/wp\/?p=52920\",\"name\":\"Izlo\u017eba 'Vilko \u017diljak \u2013 50 godina kompjutorske grafike' u Tehni\u010dkom muzeju Nikola Tesla - FILM-mag.net\",\"isPartOf\":{\"@id\":\"http:\/\/film-mag.net\/wp\/#website\"},\"datePublished\":\"2023-08-29T21:06:38+00:00\",\"author\":{\"@id\":\"http:\/\/film-mag.net\/wp\/#\/schema\/person\/a8dd3a5b76a5bbde974e03510a205c2f\"},\"breadcrumb\":{\"@id\":\"http:\/\/film-mag.net\/wp\/?p=52920#breadcrumb\"},\"inLanguage\":\"en-US\",\"potentialAction\":[{\"@type\":\"ReadAction\",\"target\":[\"http:\/\/film-mag.net\/wp\/?p=52920\"]}]},{\"@type\":\"BreadcrumbList\",\"@id\":\"http:\/\/film-mag.net\/wp\/?p=52920#breadcrumb\",\"itemListElement\":[{\"@type\":\"ListItem\",\"position\":1,\"name\":\"Home\",\"item\":\"http:\/\/film-mag.net\/wp\/\"},{\"@type\":\"ListItem\",\"position\":2,\"name\":\"Izlo\u017eba &#8216;Vilko \u017diljak \u2013 50 godina kompjutorske grafike&#8217; u Tehni\u010dkom muzeju Nikola Tesla\"}]},{\"@type\":\"WebSite\",\"@id\":\"http:\/\/film-mag.net\/wp\/#website\",\"url\":\"http:\/\/film-mag.net\/wp\/\",\"name\":\"FILM-mag.net\",\"description\":\"Prvi hrvatski portal o filmu i filmu bliskim podru\u010djima kulture\",\"potentialAction\":[{\"@type\":\"SearchAction\",\"target\":{\"@type\":\"EntryPoint\",\"urlTemplate\":\"http:\/\/film-mag.net\/wp\/?s={search_term_string}\"},\"query-input\":{\"@type\":\"PropertyValueSpecification\",\"valueRequired\":true,\"valueName\":\"search_term_string\"}}],\"inLanguage\":\"en-US\"},{\"@type\":\"Person\",\"@id\":\"http:\/\/film-mag.net\/wp\/#\/schema\/person\/a8dd3a5b76a5bbde974e03510a205c2f\",\"name\":\"PRESS\",\"image\":{\"@type\":\"ImageObject\",\"inLanguage\":\"en-US\",\"@id\":\"http:\/\/film-mag.net\/wp\/#\/schema\/person\/image\/\",\"url\":\"https:\/\/secure.gravatar.com\/avatar\/bf4ab1626f485b36c4f3650b1d351839?s=96&d=mm&r=g\",\"contentUrl\":\"https:\/\/secure.gravatar.com\/avatar\/bf4ab1626f485b36c4f3650b1d351839?s=96&d=mm&r=g\",\"caption\":\"PRESS\"},\"url\":\"http:\/\/film-mag.net\/wp\/?author=8\"}]}<\/script>\n<!-- \/ Yoast SEO plugin. -->","yoast_head_json":{"title":"Izlo\u017eba 'Vilko \u017diljak \u2013 50 godina kompjutorske grafike' u Tehni\u010dkom muzeju Nikola Tesla - FILM-mag.net","robots":{"index":"index","follow":"follow","max-snippet":"max-snippet:-1","max-image-preview":"max-image-preview:large","max-video-preview":"max-video-preview:-1"},"canonical":"http:\/\/film-mag.net\/wp\/?p=52920","og_locale":"en_US","og_type":"article","og_title":"Izlo\u017eba 'Vilko \u017diljak \u2013 50 godina kompjutorske grafike' u Tehni\u010dkom muzeju Nikola Tesla - FILM-mag.net","og_description":"Izlo\u017eba: Vilko \u017diljak \u2013 50 godina kompjutorske grafike Tehni\u010dki muzej Nikola Tesla u Zagrebu Trajanje izlo\u017ebe: 5. \u2013 30. 9. 2023. U Tehni\u010dkom muzeju Nikola Tesla u Zagrebu 5. rujna otvara se retrospektivna izlo\u017eba Vilka \u017diljka, pionira ra\u010dunalne grafike u Hrvatskoj. Predstavlja se presjek \u017diljkovog djelovanja u podru\u010dju kompjutorske grafike (kako se nekada zvala) od [&hellip;]","og_url":"http:\/\/film-mag.net\/wp\/?p=52920","og_site_name":"FILM-mag.net","article_published_time":"2023-08-29T21:06:38+00:00","author":"PRESS","twitter_card":"summary_large_image","twitter_misc":{"Written by":"PRESS","Est. reading time":"2 minutes"},"schema":{"@context":"https:\/\/schema.org","@graph":[{"@type":"WebPage","@id":"http:\/\/film-mag.net\/wp\/?p=52920","url":"http:\/\/film-mag.net\/wp\/?p=52920","name":"Izlo\u017eba 'Vilko \u017diljak \u2013 50 godina kompjutorske grafike' u Tehni\u010dkom muzeju Nikola Tesla - FILM-mag.net","isPartOf":{"@id":"http:\/\/film-mag.net\/wp\/#website"},"datePublished":"2023-08-29T21:06:38+00:00","author":{"@id":"http:\/\/film-mag.net\/wp\/#\/schema\/person\/a8dd3a5b76a5bbde974e03510a205c2f"},"breadcrumb":{"@id":"http:\/\/film-mag.net\/wp\/?p=52920#breadcrumb"},"inLanguage":"en-US","potentialAction":[{"@type":"ReadAction","target":["http:\/\/film-mag.net\/wp\/?p=52920"]}]},{"@type":"BreadcrumbList","@id":"http:\/\/film-mag.net\/wp\/?p=52920#breadcrumb","itemListElement":[{"@type":"ListItem","position":1,"name":"Home","item":"http:\/\/film-mag.net\/wp\/"},{"@type":"ListItem","position":2,"name":"Izlo\u017eba &#8216;Vilko \u017diljak \u2013 50 godina kompjutorske grafike&#8217; u Tehni\u010dkom muzeju Nikola Tesla"}]},{"@type":"WebSite","@id":"http:\/\/film-mag.net\/wp\/#website","url":"http:\/\/film-mag.net\/wp\/","name":"FILM-mag.net","description":"Prvi hrvatski portal o filmu i filmu bliskim podru\u010djima kulture","potentialAction":[{"@type":"SearchAction","target":{"@type":"EntryPoint","urlTemplate":"http:\/\/film-mag.net\/wp\/?s={search_term_string}"},"query-input":{"@type":"PropertyValueSpecification","valueRequired":true,"valueName":"search_term_string"}}],"inLanguage":"en-US"},{"@type":"Person","@id":"http:\/\/film-mag.net\/wp\/#\/schema\/person\/a8dd3a5b76a5bbde974e03510a205c2f","name":"PRESS","image":{"@type":"ImageObject","inLanguage":"en-US","@id":"http:\/\/film-mag.net\/wp\/#\/schema\/person\/image\/","url":"https:\/\/secure.gravatar.com\/avatar\/bf4ab1626f485b36c4f3650b1d351839?s=96&d=mm&r=g","contentUrl":"https:\/\/secure.gravatar.com\/avatar\/bf4ab1626f485b36c4f3650b1d351839?s=96&d=mm&r=g","caption":"PRESS"},"url":"http:\/\/film-mag.net\/wp\/?author=8"}]}},"_links":{"self":[{"href":"http:\/\/film-mag.net\/wp\/index.php?rest_route=\/wp\/v2\/posts\/52920","targetHints":{"allow":["GET"]}}],"collection":[{"href":"http:\/\/film-mag.net\/wp\/index.php?rest_route=\/wp\/v2\/posts"}],"about":[{"href":"http:\/\/film-mag.net\/wp\/index.php?rest_route=\/wp\/v2\/types\/post"}],"author":[{"embeddable":true,"href":"http:\/\/film-mag.net\/wp\/index.php?rest_route=\/wp\/v2\/users\/8"}],"replies":[{"embeddable":true,"href":"http:\/\/film-mag.net\/wp\/index.php?rest_route=%2Fwp%2Fv2%2Fcomments&post=52920"}],"version-history":[{"count":1,"href":"http:\/\/film-mag.net\/wp\/index.php?rest_route=\/wp\/v2\/posts\/52920\/revisions"}],"predecessor-version":[{"id":52921,"href":"http:\/\/film-mag.net\/wp\/index.php?rest_route=\/wp\/v2\/posts\/52920\/revisions\/52921"}],"wp:attachment":[{"href":"http:\/\/film-mag.net\/wp\/index.php?rest_route=%2Fwp%2Fv2%2Fmedia&parent=52920"}],"wp:term":[{"taxonomy":"category","embeddable":true,"href":"http:\/\/film-mag.net\/wp\/index.php?rest_route=%2Fwp%2Fv2%2Fcategories&post=52920"},{"taxonomy":"post_tag","embeddable":true,"href":"http:\/\/film-mag.net\/wp\/index.php?rest_route=%2Fwp%2Fv2%2Ftags&post=52920"}],"curies":[{"name":"wp","href":"https:\/\/api.w.org\/{rel}","templated":true}]}}