{"id":52388,"date":"2023-06-26T23:31:45","date_gmt":"2023-06-26T21:31:45","guid":{"rendered":"http:\/\/film-mag.net\/wp\/?p=52388"},"modified":"2023-06-26T23:31:45","modified_gmt":"2023-06-26T21:31:45","slug":"25-godina-u-sekundi-izlozba-o-najboljim-trenucima-motovun-film-festivala","status":"publish","type":"post","link":"http:\/\/film-mag.net\/wp\/?p=52388","title":{"rendered":"25 godina u sekundi \u2013 izlo\u017eba o najboljim trenucima Motovun Film Festivala"},"content":{"rendered":"<p style=\"text-align: justify;\"><strong>Ove srijede u zagreba\u010dkoj Laubi bit \u0107e izlo\u017eeno 250 fotografija o 25 godina festivala \u2022 Izlo\u017eba koja dokumentira sre\u0107u i veselje seli ovog ljeta i u Motovun<br \/>\n<\/strong><\/p>\n<p style=\"text-align: justify;\">25 godina u sekundi, onoj potrebnoj za nastanak fotografije. U \u010detvrt stolje\u0107a postojanja Motovun Film Festivala snimljeno je bezbroj fotografija koje su odra\u017eavale sjajne trenutke veselja, zadovoljstva i dobre atmosfere.<\/p>\n<p style=\"text-align: justify;\">Izbor najupe\u010datljivijih fotografija bit \u0107e predstavljen na izlo\u017ebi <strong>Motovun: 25 godina u sekundi<\/strong> ove <strong>srijede, 28. lipnja 2023.<\/strong> u zagreba\u010dkoj <strong>Ku\u0107i za ljude i umjetnost &#8211; Laubi<\/strong>, a potom i za vrijeme trajanja festivala <strong>u Motovunu od 22. do 24. srpnja 2023<\/strong>.<\/p>\n<p style=\"text-align: justify;\"><img decoding=\"async\" style=\"border: none; width: 100%;\" src=\" https:\/\/motovunfilmfestival.com\/wp-content\/uploads\/2023\/06\/21rukavice.jpg \" \/><\/p>\n<p style=\"text-align: justify;\">Fotografiju ustupio <a href=\"https:\/\/motovunfilmfestival.com\/25-godina-u-sekundi-izlozba-o-najboljim-trenucima-motovun-film-festivala\/\"><strong>MFF<\/strong><\/a><\/p>\n<p style=\"text-align: justify;\">Iz vremena prvih festivala, iz 1999. i 2000. fotografija je malo i sitne su rezolucije jer su snimane analognim aparatima, no kako je digitalna tehnologija napredovala, tako je i njihov broj bujao. Stotine fotografija dnevno, ljudi, projekcije, doga\u0111anja, svirke, tulumarenja, ludila, svanu\u0107a\u2026<\/p>\n<p style=\"text-align: justify;\">\u201eI kako odabrati, kako predstaviti festival u nekom razumnom broju fotografija, kada je svega toga bilo toliko abnormalno puno da izbor nikako ne mo\u017ee biti ispod 250-300 komada, a to je samo najnu\u017enije od najnu\u017enijeg. To je borba u kojoj smo danima bili na\u0161a najdugovje\u010dnija fotografkinja Nina \u0110ur\u0111evi\u0107 i ja. Glava nam puca od fotografija\u201c, otkriva direktor festivala Igor Mirkovi\u0107.<\/p>\n<p style=\"text-align: justify;\">Zajedni\u010dki nazivnik cijelog tog mozaika o kojem svjedo\u010de fotografije je sre\u0107a.<\/p>\n<p style=\"text-align: justify;\">\u201eNa svim se fotografijama lica smiju. I klinci u publici i razma\u017eeni glumci, glumice, redateljice i redatelji \u2013 svima lica sjaje, pr\u0161te od veselja. Jer Motovun Film Festival je uvijek bio tvornica dobrog raspolo\u017eenja i kristalna kocka vedrine. Ovaj festival \u010dine nebrojeni ljudi koji su, svatko na svoj na\u010din, doprinijeli da na\u0161e brdo filmova blista u mraku. Nije lako biti sretan dvadeset i pet godina, dok plovi\u0161 kroz bure i oluje svakodnevice. Nama je uspjelo. Zato smo rekli da se na\u0161 festival smjestio na 277 metara iznad realnosti\u201c, isti\u010de Mirkovi\u0107.<\/p>\n<p style=\"text-align: justify;\">Ove se godine festival penje jo\u0161 vi\u0161e i donosi veselje na 1034 metra, daleko od svega. Pod nazivom <strong>Cinehill<\/strong>, odr\u017eat \u0107e se u dva dijela \u2013 od 22. do 24. srpnja u Motovunu te od 26. do 29. srpnja na brdu Petehovac kod Delnica.<\/p>\n<p style=\"text-align: justify;\">Izlo\u017eba u Laubi traje samo jedan dan, a na otvorenju \u0107e nastupiti duo <strong>La Papa<\/strong> kojeg \u010dine Stanko Kova\u010di\u0107 (violon\u010delo) i Nikola Dabac (ukulele). Ulaz je slobodan.<\/p>\n<p style=\"text-align: justify;\">[izvor informacije <strong><a href=\"http:\/\/www.motovunfilmfestival.com\/\">Motovun Film Festival<\/a><\/strong>]<\/p>\n<p style=\"text-align: justify;\"><iframe loading=\"lazy\" style=\"border: none; overflow: hidden;\" src=\"https:\/\/www.facebook.com\/plugins\/post.php?href=https%3A%2F%2Fwww.facebook.com%2FFILMmagnet%2Fposts%2Fpfbid026BHQzQcCKdzc3doSEtJ5NARZkNUaHghmpz6qk4ZMMnvD6VxMnVPiyTVnPPDDdc7jl&amp;show_text=true&amp;width=500\" width=\"500\" height=\"665\" frameborder=\"0\" scrolling=\"no\" allowfullscreen=\"allowfullscreen\"><\/iframe><\/p>\n<div id=\"fb_share_1\" style=\"float: right; margin-left: 10px;\"><a name=\"fb_share\" type=\"box_count\" share_url=\"http:\/\/film-mag.net\/wp\/?p=52388\" href=\"http:\/\/www.facebook.com\/sharer.php\">Share<\/a><\/div><div><script src=\"http:\/\/static.ak.fbcdn.net\/connect.php\/js\/FB.Share\" type=\"text\/javascript\"><\/script><\/div><div style=\"clear:both\"><\/div>","protected":false},"excerpt":{"rendered":"<p>Ove srijede u zagreba\u010dkoj Laubi bit \u0107e izlo\u017eeno 250 fotografija o 25 godina festivala \u2022 Izlo\u017eba koja dokumentira sre\u0107u i veselje seli ovog ljeta i u Motovun 25 godina u sekundi, onoj potrebnoj za nastanak fotografije. U \u010detvrt stolje\u0107a postojanja Motovun Film Festivala snimljeno je bezbroj fotografija koje su odra\u017eavale sjajne trenutke veselja, zadovoljstva i [&hellip;]<\/p>\n","protected":false},"author":8,"featured_media":0,"comment_status":"closed","ping_status":"closed","sticky":false,"template":"","format":"standard","meta":{"_et_pb_use_builder":"","_et_pb_old_content":"","_et_gb_content_width":"","_editorskit_title_hidden":false,"_editorskit_reading_time":0,"_editorskit_is_block_options_detached":false,"_editorskit_block_options_position":"{}","footnotes":""},"categories":[9,22,64,13,17050],"tags":[232,2581,21366,24765,617,24766,618,24767],"class_list":["post-52388","post","type-post","status-publish","format-standard","hentry","category-film","category-filmski-festivali","category-izlozbe","category-likovnost","category-press","tag-izlozba","tag-lauba","tag-mff","tag-mff-2023","tag-motovun","tag-motovun-2023","tag-motovun-film-festival","tag-motovun-film-festival-2023"],"yoast_head":"<!-- This site is optimized with the Yoast SEO plugin v24.6 - https:\/\/yoast.com\/wordpress\/plugins\/seo\/ -->\n<title>25 godina u sekundi \u2013 izlo\u017eba o najboljim trenucima Motovun Film Festivala - FILM-mag.net<\/title>\n<meta name=\"robots\" content=\"index, follow, max-snippet:-1, max-image-preview:large, max-video-preview:-1\" \/>\n<link rel=\"canonical\" href=\"http:\/\/film-mag.net\/wp\/?p=52388\" \/>\n<meta property=\"og:locale\" content=\"en_US\" \/>\n<meta property=\"og:type\" content=\"article\" \/>\n<meta property=\"og:title\" content=\"25 godina u sekundi \u2013 izlo\u017eba o najboljim trenucima Motovun Film Festivala - FILM-mag.net\" \/>\n<meta property=\"og:description\" content=\"Ove srijede u zagreba\u010dkoj Laubi bit \u0107e izlo\u017eeno 250 fotografija o 25 godina festivala \u2022 Izlo\u017eba koja dokumentira sre\u0107u i veselje seli ovog ljeta i u Motovun 25 godina u sekundi, onoj potrebnoj za nastanak fotografije. U \u010detvrt stolje\u0107a postojanja Motovun Film Festivala snimljeno je bezbroj fotografija koje su odra\u017eavale sjajne trenutke veselja, zadovoljstva i [&hellip;]\" \/>\n<meta property=\"og:url\" content=\"http:\/\/film-mag.net\/wp\/?p=52388\" \/>\n<meta property=\"og:site_name\" content=\"FILM-mag.net\" \/>\n<meta property=\"article:published_time\" content=\"2023-06-26T21:31:45+00:00\" \/>\n<meta name=\"author\" content=\"PRESS\" \/>\n<meta name=\"twitter:card\" content=\"summary_large_image\" \/>\n<meta name=\"twitter:label1\" content=\"Written by\" \/>\n\t<meta name=\"twitter:data1\" content=\"PRESS\" \/>\n\t<meta name=\"twitter:label2\" content=\"Est. reading time\" \/>\n\t<meta name=\"twitter:data2\" content=\"2 minutes\" \/>\n<script type=\"application\/ld+json\" class=\"yoast-schema-graph\">{\"@context\":\"https:\/\/schema.org\",\"@graph\":[{\"@type\":\"WebPage\",\"@id\":\"http:\/\/film-mag.net\/wp\/?p=52388\",\"url\":\"http:\/\/film-mag.net\/wp\/?p=52388\",\"name\":\"25 godina u sekundi \u2013 izlo\u017eba o najboljim trenucima Motovun Film Festivala - FILM-mag.net\",\"isPartOf\":{\"@id\":\"http:\/\/film-mag.net\/wp\/#website\"},\"datePublished\":\"2023-06-26T21:31:45+00:00\",\"author\":{\"@id\":\"http:\/\/film-mag.net\/wp\/#\/schema\/person\/a8dd3a5b76a5bbde974e03510a205c2f\"},\"breadcrumb\":{\"@id\":\"http:\/\/film-mag.net\/wp\/?p=52388#breadcrumb\"},\"inLanguage\":\"en-US\",\"potentialAction\":[{\"@type\":\"ReadAction\",\"target\":[\"http:\/\/film-mag.net\/wp\/?p=52388\"]}]},{\"@type\":\"BreadcrumbList\",\"@id\":\"http:\/\/film-mag.net\/wp\/?p=52388#breadcrumb\",\"itemListElement\":[{\"@type\":\"ListItem\",\"position\":1,\"name\":\"Home\",\"item\":\"http:\/\/film-mag.net\/wp\/\"},{\"@type\":\"ListItem\",\"position\":2,\"name\":\"25 godina u sekundi \u2013 izlo\u017eba o najboljim trenucima Motovun Film Festivala\"}]},{\"@type\":\"WebSite\",\"@id\":\"http:\/\/film-mag.net\/wp\/#website\",\"url\":\"http:\/\/film-mag.net\/wp\/\",\"name\":\"FILM-mag.net\",\"description\":\"Prvi hrvatski portal o filmu i filmu bliskim podru\u010djima kulture\",\"potentialAction\":[{\"@type\":\"SearchAction\",\"target\":{\"@type\":\"EntryPoint\",\"urlTemplate\":\"http:\/\/film-mag.net\/wp\/?s={search_term_string}\"},\"query-input\":{\"@type\":\"PropertyValueSpecification\",\"valueRequired\":true,\"valueName\":\"search_term_string\"}}],\"inLanguage\":\"en-US\"},{\"@type\":\"Person\",\"@id\":\"http:\/\/film-mag.net\/wp\/#\/schema\/person\/a8dd3a5b76a5bbde974e03510a205c2f\",\"name\":\"PRESS\",\"image\":{\"@type\":\"ImageObject\",\"inLanguage\":\"en-US\",\"@id\":\"http:\/\/film-mag.net\/wp\/#\/schema\/person\/image\/\",\"url\":\"https:\/\/secure.gravatar.com\/avatar\/bf4ab1626f485b36c4f3650b1d351839?s=96&d=mm&r=g\",\"contentUrl\":\"https:\/\/secure.gravatar.com\/avatar\/bf4ab1626f485b36c4f3650b1d351839?s=96&d=mm&r=g\",\"caption\":\"PRESS\"},\"url\":\"http:\/\/film-mag.net\/wp\/?author=8\"}]}<\/script>\n<!-- \/ Yoast SEO plugin. -->","yoast_head_json":{"title":"25 godina u sekundi \u2013 izlo\u017eba o najboljim trenucima Motovun Film Festivala - FILM-mag.net","robots":{"index":"index","follow":"follow","max-snippet":"max-snippet:-1","max-image-preview":"max-image-preview:large","max-video-preview":"max-video-preview:-1"},"canonical":"http:\/\/film-mag.net\/wp\/?p=52388","og_locale":"en_US","og_type":"article","og_title":"25 godina u sekundi \u2013 izlo\u017eba o najboljim trenucima Motovun Film Festivala - FILM-mag.net","og_description":"Ove srijede u zagreba\u010dkoj Laubi bit \u0107e izlo\u017eeno 250 fotografija o 25 godina festivala \u2022 Izlo\u017eba koja dokumentira sre\u0107u i veselje seli ovog ljeta i u Motovun 25 godina u sekundi, onoj potrebnoj za nastanak fotografije. U \u010detvrt stolje\u0107a postojanja Motovun Film Festivala snimljeno je bezbroj fotografija koje su odra\u017eavale sjajne trenutke veselja, zadovoljstva i [&hellip;]","og_url":"http:\/\/film-mag.net\/wp\/?p=52388","og_site_name":"FILM-mag.net","article_published_time":"2023-06-26T21:31:45+00:00","author":"PRESS","twitter_card":"summary_large_image","twitter_misc":{"Written by":"PRESS","Est. reading time":"2 minutes"},"schema":{"@context":"https:\/\/schema.org","@graph":[{"@type":"WebPage","@id":"http:\/\/film-mag.net\/wp\/?p=52388","url":"http:\/\/film-mag.net\/wp\/?p=52388","name":"25 godina u sekundi \u2013 izlo\u017eba o najboljim trenucima Motovun Film Festivala - FILM-mag.net","isPartOf":{"@id":"http:\/\/film-mag.net\/wp\/#website"},"datePublished":"2023-06-26T21:31:45+00:00","author":{"@id":"http:\/\/film-mag.net\/wp\/#\/schema\/person\/a8dd3a5b76a5bbde974e03510a205c2f"},"breadcrumb":{"@id":"http:\/\/film-mag.net\/wp\/?p=52388#breadcrumb"},"inLanguage":"en-US","potentialAction":[{"@type":"ReadAction","target":["http:\/\/film-mag.net\/wp\/?p=52388"]}]},{"@type":"BreadcrumbList","@id":"http:\/\/film-mag.net\/wp\/?p=52388#breadcrumb","itemListElement":[{"@type":"ListItem","position":1,"name":"Home","item":"http:\/\/film-mag.net\/wp\/"},{"@type":"ListItem","position":2,"name":"25 godina u sekundi \u2013 izlo\u017eba o najboljim trenucima Motovun Film Festivala"}]},{"@type":"WebSite","@id":"http:\/\/film-mag.net\/wp\/#website","url":"http:\/\/film-mag.net\/wp\/","name":"FILM-mag.net","description":"Prvi hrvatski portal o filmu i filmu bliskim podru\u010djima kulture","potentialAction":[{"@type":"SearchAction","target":{"@type":"EntryPoint","urlTemplate":"http:\/\/film-mag.net\/wp\/?s={search_term_string}"},"query-input":{"@type":"PropertyValueSpecification","valueRequired":true,"valueName":"search_term_string"}}],"inLanguage":"en-US"},{"@type":"Person","@id":"http:\/\/film-mag.net\/wp\/#\/schema\/person\/a8dd3a5b76a5bbde974e03510a205c2f","name":"PRESS","image":{"@type":"ImageObject","inLanguage":"en-US","@id":"http:\/\/film-mag.net\/wp\/#\/schema\/person\/image\/","url":"https:\/\/secure.gravatar.com\/avatar\/bf4ab1626f485b36c4f3650b1d351839?s=96&d=mm&r=g","contentUrl":"https:\/\/secure.gravatar.com\/avatar\/bf4ab1626f485b36c4f3650b1d351839?s=96&d=mm&r=g","caption":"PRESS"},"url":"http:\/\/film-mag.net\/wp\/?author=8"}]}},"_links":{"self":[{"href":"http:\/\/film-mag.net\/wp\/index.php?rest_route=\/wp\/v2\/posts\/52388","targetHints":{"allow":["GET"]}}],"collection":[{"href":"http:\/\/film-mag.net\/wp\/index.php?rest_route=\/wp\/v2\/posts"}],"about":[{"href":"http:\/\/film-mag.net\/wp\/index.php?rest_route=\/wp\/v2\/types\/post"}],"author":[{"embeddable":true,"href":"http:\/\/film-mag.net\/wp\/index.php?rest_route=\/wp\/v2\/users\/8"}],"replies":[{"embeddable":true,"href":"http:\/\/film-mag.net\/wp\/index.php?rest_route=%2Fwp%2Fv2%2Fcomments&post=52388"}],"version-history":[{"count":1,"href":"http:\/\/film-mag.net\/wp\/index.php?rest_route=\/wp\/v2\/posts\/52388\/revisions"}],"predecessor-version":[{"id":52389,"href":"http:\/\/film-mag.net\/wp\/index.php?rest_route=\/wp\/v2\/posts\/52388\/revisions\/52389"}],"wp:attachment":[{"href":"http:\/\/film-mag.net\/wp\/index.php?rest_route=%2Fwp%2Fv2%2Fmedia&parent=52388"}],"wp:term":[{"taxonomy":"category","embeddable":true,"href":"http:\/\/film-mag.net\/wp\/index.php?rest_route=%2Fwp%2Fv2%2Fcategories&post=52388"},{"taxonomy":"post_tag","embeddable":true,"href":"http:\/\/film-mag.net\/wp\/index.php?rest_route=%2Fwp%2Fv2%2Ftags&post=52388"}],"curies":[{"name":"wp","href":"https:\/\/api.w.org\/{rel}","templated":true}]}}