{"id":52171,"date":"2023-06-05T13:10:17","date_gmt":"2023-06-05T11:10:17","guid":{"rendered":"http:\/\/film-mag.net\/wp\/?p=52171"},"modified":"2023-06-05T13:10:17","modified_gmt":"2023-06-05T11:10:17","slug":"ljeto-u-msu-2023","status":"publish","type":"post","link":"http:\/\/film-mag.net\/wp\/?p=52171","title":{"rendered":"Ljeto u MSU 2023"},"content":{"rendered":"<p style=\"text-align: justify;\"><strong>LJETO U MSU \u2013 ove godine jubilarni 10. put<\/strong><br \/>\n<strong>Multimedijalna formula \u201e4 u 1\u201c: KONCERT- IZLO\u017dBA &#8211; FILM &#8211; PLES!<\/strong><br \/>\n<strong>LJETO U MSU &#8211; urbani spoj suvremene umjetnosti i popularne kulture!<\/strong><\/p>\n<p style=\"text-align: justify;\">Ljeto u MSU jedno je od sredi\u0161njih kulturnih i umjetni\u010dkih doga\u0111anja tokom ljetnih mjeseci u Zagrebu, kako za gra\u0111ane Zagreba, tako i za goste i turiste. Program donosi presjek aktualnih umjetni\u010dkih doga\u0111anja, ali i najnovijih umjetni\u010dkih otkri\u0107a na multidisciplinarnoj umjetni\u010dkoj sceni Zagreba, Hrvatske, regije i svijeta.<\/p>\n<p style=\"text-align: justify;\">U 2023. godini ova manifestacija odr\u017eava se jubilarni 10. put, u 5 termina od 16. lipnja do 14. srpnja 2023.<\/p>\n<p style=\"text-align: justify;\"><img decoding=\"async\" style=\"border: none; width: 100%;\" src=\" http:\/\/www.msu.hr\/upload\/dogadanja\/2023\/06\/2023-06-05\/1215\/untitled7953.jpg \" \/><\/p>\n<p style=\"text-align: justify;\">Fotografiju ustupio <a href=\"http:\/\/www.msu.hr\/dogadanja\/rundek-i-ekipa-otvaraju-10-ljeto-u-msu\/1215.html\"><strong>MSU<\/strong><\/a><\/p>\n<p style=\"text-align: justify;\">Statistika Ljeta u MSU, tokom proteklih 10 godina fascinira i uklju\u010duje 164 programa &#8211; 52 koncerta, 51 filmska projekcija, 36 performansa, 15 velikih izlo\u017ebi, 12 knji\u017eevnih tribina, inozemna kazali\u0161na gostovanja. I vi\u0161e od 40 tisu\u0107a posjetitelja.<\/p>\n<p style=\"text-align: justify;\">Ljeto u MSU tradicionalno se odr\u017eava u lipnju i srpnju u popodnevnim i ve\u010dernjim satima. Glavno doga\u0111anje ve\u010deri su tradicionalno koncerti najboljih bendova regije. Line up svirki za ovu godinu uklju\u010duje grupe i izvo\u0111a\u010de: Rundek i EKIPA, Pankrti, Pavel, M.O.R.T. i Damir Avdi\u0107.<\/p>\n<p style=\"text-align: justify;\">Osim koncerata, u sklopu Ljeta u MSU muzej donosi i mno\u0161tvo drugih sadr\u017eaja &#8211; u suradnji s kinom Metropolis, tu su projekcije najboljih europskih art filmova sezone u dvorani MSU Gorgona, te nastup plesnih grupa u okviru plesnog ciklusa Antisezona. Na filmskom programu ove godine su naslovi: Mooanage Daydream, T\u00e1r, Ennio, Trokut tuge. Na plesnom program su predstave Sol, Nismo bile ovdje, Objekt plesa i Treptaj ti\u0161ine.<\/p>\n<p style=\"text-align: justify;\">Tako\u0111er, svake ve\u010deri programa, ulaznica omogu\u0107uje i besplatan ulaz na novu veliku izlo\u017ebu Budu\u0107nosti, koja predstavlja vrhunske hrvatske i me\u0111unarodne suvremene umjetnike.<\/p>\n<p style=\"text-align: justify;\">Kroz spoj glazbe, izlo\u017ebi, filma te plesa program Ljeto u MSU nastoji se pribli\u017eiti pojmu Gesamtkunstwerka, potpunog umjetni\u010dkog do\u017eivljaja koji proizlazi iz suradnje razli\u010ditih formi umjetnosti i pop kulture i njihovog pribli\u017eavanja \u0161iroj publici.<\/p>\n<h3 style=\"text-align: justify;\"><strong>P r o g r a m L j e t o u M S U 2023.<\/strong><\/h3>\n<p style=\"text-align: justify;\"><strong>1 6 . l i p n j a 2 0 2 3 .<\/strong><\/p>\n<p style=\"text-align: justify;\">18.30 FLM \u2013 Moonage Daydream, dokumentarni, glazbeni, 135\u2032, 2022, Njema\u010dka, SAD, red. Brett Morgen<br \/>\nDokumentarac koji osvjetljava \u017eivot i genijalnost Davida Bowieja, jednog od najplodnijih i najutjecajnijih glazbenika na\u0161eg vremena.<\/p>\n<p style=\"text-align: justify;\">Do 20.00 IZLO\u017dBA \u2013 Budu\u0107nosti \/ Zbirka kao glagol<br \/>\nDva glavna pogleda na budu\u0107nost nerijetko se isklju\u010duju: prvi se temelji na progresivnom rastu, dok drugi taj rast vidi kao prijetnju planetu i \u017eivotu. Izlo\u017eba nastoji osvijestiti va\u017enost na\u0161e aktivne uloge u spa\u0161avanju vlastite budu\u0107nosti. S ovom izlo\u017ebom predstavlja se i novi, arhitektonski reorganizirani otvoreni prostor muzeja, koji omogu\u0107uje da se posjetitelj odmah s ulaza susretne s remek djelima iz muzejskog fundusa.<\/p>\n<p style=\"text-align: justify;\">21.00 KONCERT \u2013 Rundek i EKIPA<br \/>\nNajzna\u010dajniji i najdugove\u010dniji hrvatski novovalni rock autor Darko Rundek koristi u svojim nastupima elemente teatra i performansa, a lirika mu je vrhunski umjetni\u010dki doseg regionalnog pjesni\u0161tva. Jedan od rijetkih novovalnih prvoboraca koji ne \u017eivi na staroj slavi ve\u0107 godinama kontinuirano objavljuje nove pjesme i albume. Uz Rundeka, EKIPU \u010dine prete\u017eno mladi glazbenici: Roko Crni\u0107 (bas gitara, bubnjevi), Silvio Bo\u010di\u0107 (bubnjevi, gitara, bas), Miro Manojlovi\u0107 (udaraljke i vibrafon), Igor Pavlica (truba), Ana Kova\u010di\u0107 (saksofon i sintesajzer).<\/p>\n<p style=\"text-align: justify;\">**<\/p>\n<p style=\"text-align: justify;\"><strong>2 0 . l i p n j a 2 0 2 3 .<\/strong><\/p>\n<p style=\"text-align: justify;\">19.30 PLES \u2013 Sol, autorski projekt Silvije Marchig \/KIK MELONE, MSU<br \/>\nPredstava nastaje pod utjecajem aktualnog razdoblja globalne neizvjesnosti i nesigurnosti, te egzistencijalne opasnosti uslijed preslagivanja vrijednosnih sustava u nama i svuda oko nas. (Predstava je dobitnica Nagrade hrvatskog glumi\u0161ta 2022, za Najbolju plesnu predstavu u cjelini.)<\/p>\n<p style=\"text-align: justify;\">Do 20.00 IZLO\u017dBA \u2013 Budu\u0107nosti \/ Zbirka kao glagol<br \/>\nDva glavna pogleda na budu\u0107nost nerijetko se isklju\u010duju: prvi se temelji na progresivnom rastu, dok drugi taj rast vidi kao prijetnju planetu i \u017eivotu. Izlo\u017eba nastoji osvijestiti va\u017enost na\u0161e aktivne uloge u spa\u0161avanju vlastite budu\u0107nosti. S ovom izlo\u017ebom predstavlja se i novi, arhitektonski reorganizirani otvoreni prostor muzeja, koji omogu\u0107uje da se posjetitelj odmah s ulaza susretne s remek djelima iz muzejskog fundusa.<\/p>\n<p style=\"text-align: justify;\">21.00 KONCERT \u2013 Pankrti<br \/>\nPioniri punka na Balkanu i jedna od najsna\u017enijih pojava u rocku regije u zadnjih 50 godina. Ove godine kultnu \u201eBandieru rossu\u201c izvode u sve\u010danom ruhu &#8211; povodom Dana antifa\u0161izma 22.6. Povod ovogodi\u0161njem nastupu je i recentni live album benda \u201eTurneja pomirenja \/ Live in Zagreb 1985.\u201c sa snimkom koncerta u RANS-u Mo\u0161a Pijade u Zagrebu 9. prosinca iste godine te regionalna turneja znakovito naslovljena \u201eTurneja pomirenja\u201c.<\/p>\n<p style=\"text-align: justify;\">**<\/p>\n<p style=\"text-align: justify;\"><strong>P o s e b a n p r o g r a m &#8211; 2 3 . l i p n j a 2 0 2 3 .<\/strong><\/p>\n<p style=\"text-align: justify;\">19.30 PLES \u2013 Nismo bile ovdje<br \/>\nNovi rad nagra\u0111ivanih mladih umjetnica Ivane Bojani\u0107 i Viktorije Bubalo ra\u0111a se iz naslova pjesme Tamare Obrovac, sintagme &#8220;Dube sanjan&#8221; \u0161to u doslovnom prijevodu zna\u010di \u201estoje\u0107ki sanjam&#8221;, a nas inspirira kao slika dvostrukosti, paradoksa i nemogu\u0107e istovremenosti.<\/p>\n<p style=\"text-align: justify;\">Do 20.00 IZLO\u017dBA \u2013 Budu\u0107nosti \/ Zbirka kao glagol<br \/>\nDva glavna pogleda na budu\u0107nost nerijetko se isklju\u010duju: prvi se temelji na progresivnom rastu, dok drugi taj rast vidi kao prijetnju planetu i \u017eivotu. Izlo\u017eba nastoji osvijestiti va\u017enost na\u0161e aktivne uloge u spa\u0161avanju vlastite budu\u0107nosti. S ovom izlo\u017ebom predstavlja se i novi, arhitektonski reorganizirani otvoreni prostor muzeja, koji omogu\u0107uje da se posjetitelj odmah s ulaza susretne s remek djelima iz muzejskog fundusa.<\/p>\n<p style=\"text-align: justify;\">**<\/p>\n<p style=\"text-align: justify;\"><strong>P o s e b a n p r o g r a m &#8211; 2 4 . l i p n j a 2 0 2 3 .<\/strong><\/p>\n<p style=\"text-align: justify;\">19.30 PLES \u2013 Objekt plesa, Sonja Pregrad<br \/>\nNovi rad, poput muzi\u010dkog albuma, nosi ime novoosnovane organizacije koja ga producira, bilje\u017ee\u0107i prostor istra\u017eivanja tijela, materijalnosti i izvedbe kao i njihovih statusa unutar odnosa medija plesa i drugih izvedbenih \u017eanrova (drag performans, spoken-word izvedba, vizualna umjetnost, kazali\u0161te).<\/p>\n<p style=\"text-align: justify;\">Do 20.00 IZLO\u017dBA \u2013 Budu\u0107nosti \/ Zbirka kao glagol<br \/>\nDva glavna pogleda na budu\u0107nost nerijetko se isklju\u010duju: prvi se temelji na progresivnom rastu, dok drugi taj rast vidi kao prijetnju planetu i \u017eivotu. Izlo\u017eba nastoji osvijestiti va\u017enost na\u0161e aktivne uloge u spa\u0161avanju vlastite budu\u0107nosti. S ovom izlo\u017ebom predstavlja se i novi, arhitektonski reorganizirani otvoreni prostor muzeja, koji omogu\u0107uje da se posjetitelj odmah s ulaza susretne s remek djelima iz muzejskog fundusa.<\/p>\n<p style=\"text-align: justify;\">**<\/p>\n<p style=\"text-align: justify;\"><strong>P o s e b a n p r o g r a m &#8211; 2 7 . l i p n j a 2 0 2 3 .<\/strong><\/p>\n<p style=\"text-align: justify;\">19.30 PLES \u2013 Treptaj ti\u0161ine<br \/>\nInkluzivna plesna predstava, zagreba\u010dka premijera u Dvorani Gorgona. Narativno plesni duet pokazuje nam \u0161to se doga\u0111a u na\u0161em tijelu i umu kada smo prisiljeni biti bez fizi\u010dkog kontakta, odnosno dodira, kako ta \u010dinjenica djeluje na na\u0161e psihofizi\u010dko zdravlje. (Predstava je prvi profesionalni plesni rad dviju plesnih umjetnica s invaliditetom.)<\/p>\n<p style=\"text-align: justify;\">Do 20.00 IZLO\u017dBA \u2013 Budu\u0107nosti \/ Zbirka kao glagol<br \/>\nDva glavna pogleda na budu\u0107nost nerijetko se isklju\u010duju: prvi se temelji na progresivnom rastu, dok drugi taj rast vidi kao prijetnju planetu i \u017eivotu. Izlo\u017eba nastoji osvijestiti va\u017enost na\u0161e aktivne uloge u spa\u0161avanju vlastite budu\u0107nosti. S ovom izlo\u017ebom predstavlja se i novi, arhitektonski reorganizirani otvoreni prostor muzeja, koji omogu\u0107uje da se posjetitelj odmah s ulaza susretne s remek djelima iz muzejskog fundusa.<\/p>\n<p style=\"text-align: justify;\">**<\/p>\n<p style=\"text-align: justify;\"><strong>1 . s r p n j a 2 0 2 3 .<\/strong><\/p>\n<p style=\"text-align: justify;\">18.30 FILM \u2013 T\u00e1r, drama, SAD, Njema\u010dka, 158&#8242;, 2022, red. Todd Field, gl. Cate Blanchett, Nina Hoss, Mark Strong<br \/>\nPri\u010da o krahu karijere Lydije T\u00e1r, jedne od najve\u0107ih i najcjenjenijih skladateljica i dirigentica te prve \u017eene na \u010delu Berlinske filharmonije u monumentalnoj izvedbi Cate Blanchet. Film je dobio 6 nominacija za nagradu Oscar (najbolji film, scenarij, re\u017eija, glumica, kinematografija i editing).<\/p>\n<p style=\"text-align: justify;\">Do 20.00 IZLO\u017dBA \u2013 Budu\u0107nosti \/ Zbirka kao glagol<br \/>\nDva glavna pogleda na budu\u0107nost nerijetko se isklju\u010duju: prvi se temelji na progresivnom rastu, dok drugi taj rast vidi kao prijetnju planetu i \u017eivotu. Izlo\u017eba nastoji osvijestiti va\u017enost na\u0161e aktivne uloge u spa\u0161avanju vlastite budu\u0107nosti. S ovom izlo\u017ebom predstavlja se i novi, arhitektonski reorganizirani otvoreni prostor muzeja, koji omogu\u0107uje da se posjetitelj odmah s ulaza susretne s remek djelima iz muzejskog fundusa.<\/p>\n<p style=\"text-align: justify;\">21.00 KONCERT \u2013 Pavel<br \/>\nNajbolji predstavnici smart popa u nas. Nasljednici JINXA. Autori vi\u0161e pop uspje\u0161nica. Dobitnici \u010dak 5 Porina. Autori jedne od najboljih pop pjesama desetlje\u0107a \u201e\u010cuvaj me\u201c s vi\u0161emilijunskim pregledima. Ove godine nominirani su za tri nagrade Porin: za pjesmu godine, zatim u kategoriji najbolja vokalna suradnja, te za najbolji spot.<\/p>\n<p style=\"text-align: justify;\">**<\/p>\n<p style=\"text-align: justify;\"><strong>7 . s r p n j a 2 0 2 3 .<\/strong><\/p>\n<p style=\"text-align: justify;\">18.30 FILM \u2013 Ennio, dokumentarni, 156\u2032, 2021, Italija, Belgija, Nizozemska, Japan, Kina, Njema\u010dka, red. Giuseppe Tornatore<br \/>\nDokumentarac o legendarnom filmskom skladatelju Enniju Morriconeu koji je svjetski ugled stekao suradnjom s redateljem Sergiom Leoneom.<\/p>\n<p style=\"text-align: justify;\">Do 20.00 IZLO\u017dBA \u2013 Budu\u0107nosti \/ Zbirka kao glagol<br \/>\nDva glavna pogleda na budu\u0107nost nerijetko se isklju\u010duju: prvi se temelji na progresivnom rastu, dok drugi taj rast vidi kao prijetnju planetu i \u017eivotu. Izlo\u017eba nastoji osvijestiti va\u017enost na\u0161e aktivne uloge u spa\u0161avanju vlastite budu\u0107nosti. S ovom izlo\u017ebom predstavlja se i novi, arhitektonski reorganizirani otvoreni prostor muzeja, koji omogu\u0107uje da se posjetitelj odmah s ulaza susretne s remek djelima iz muzejskog fundusa.<\/p>\n<p style=\"text-align: justify;\">21.00 KONCERT \u2013 M.O.R.T.<br \/>\nPunk blues rock kvartet u o\u017eujku 2023. godine objavio je sjajni, novi album \u201eSamo hrabro i bezveze\u201c, koji je najutjecajnija doma\u0107a kritika (Aleksandar Draga\u0161 \u2013 Jutarnji List i Hrvoje Horvat &#8211; Ve\u010dernji List) ve\u0107 proglasila najboljim hrvatskim rock albumom 2023. godine. Iskonski, \u017eestoki, bezkompromisni rock&#8217; n&#8217; roll kakvih u Hrvatskoj nema puno. Nasljednici legendarnih Majki.<\/p>\n<p style=\"text-align: justify;\">**<\/p>\n<p style=\"text-align: justify;\"><strong>1 4 . s r p n j a 2 0 2 3 .<\/strong><\/p>\n<p style=\"text-align: justify;\">18.30 FILM \u2013 Trokut tuge (Triangle of Sadness), drama, 142\u2032, 2022, red. Ruben \u00d6stlund, gl. Harris Dickinson, Charlbi Dean, Woody Harrelson, Zlatko Buri\u0107, Vicki Berlin, Henrik Dorsin<br \/>\nCarl i Yaya pozvani su na luksuzno krstarenje u dru\u0161tvu ultrabogata\u0161a. Isprva sve izgleda savr\u0161eno, no sprema se oluja koja \u0107e potpuno promijeniti dinamiku odnosa me\u0111u posadom.<br \/>\nNagrade: Zlatna palma u Cannesu, 4 Europske filmske nagrade (za najbolji europski film, najbolju re\u017eiju, najbolji scenarij i najboljeg europskog glumca), Nominacija za Oscara za najboli film<\/p>\n<p style=\"text-align: justify;\">Do 20.00 IZLO\u017dBA \u2013 Budu\u0107nosti\/Zbirka kao glagol Dva glavna pogleda na budu\u0107nost nerijetko se isklju\u010duju: prvi se temelji na progresivnom rastu, dok drugi taj rast vidi kao prijetnju planetu i \u017eivotu. Izlo\u017eba nastoji osvijestiti va\u017enost na\u0161e aktivne uloge u spa\u0161avanju vlastite budu\u0107nosti. S ovom izlo\u017ebom predstavlja se i novi, arhitektonski reorganizirani otvoreni prostor muzeja, koji omogu\u0107uje da se posjetitelj odmah s ulaza susretne s remek djelima iz muzejskog fundusa.<\/p>\n<p style=\"text-align: justify;\">21.00 KONCERT \u2013 Damir Avdi\u0107<br \/>\nNajo\u0161triji i najkriti\u010dkiji rock tekstopisac Balkana. Bezkompromisni autor, jedan od vode\u0107ih li\u010dnosti regionalnog undergrounda koji o\u0161tro i ironi\u010dno secira dru\u0161tvene pojave i devijacije na Balkanu. Autor romana \u201eNa krvi \u0111uprija\u201c u kojem se bavi \u201eurbanim frustracijama\u201c.<\/p>\n<h3 style=\"text-align: justify;\"><strong>I n f o r m a c i j e z a p o s j e t i t e l j e:<\/strong><\/h3>\n<p style=\"text-align: justify;\"><strong>Ulaz u prostor koncerta od 20 sati.<\/strong><\/p>\n<p style=\"text-align: justify;\">Ulaznice za Ljeto u MSU 2023. mogu se kupiti putem sustava Eventim.hr i na recepciji MSU-a (od utorka do subote od 11 do 18 sati te na dan koncerta).<\/p>\n<p style=\"text-align: justify;\"><strong>Cijene ulaznica:<\/strong><\/p>\n<p style=\"text-align: justify;\">16. 6. Rundek i EKIPA<br \/>\n15 \u20ac do 31. 5.<br \/>\n17 \u20ac do dana koncerta<br \/>\n20 \u20ac na dan koncerta<\/p>\n<p style=\"text-align: justify;\">20. 6. Pankrti<br \/>\n13 \u20ac do 31. 5.<br \/>\n15 \u20ac do dana koncerta<br \/>\n17 \u20ac na dan koncerta<\/p>\n<p style=\"text-align: justify;\">1. 7. Pavel<br \/>\n13 \u20ac do 31. 5.<br \/>\n15 \u20ac do dana koncerta<br \/>\n17 \u20ac na dan koncerta<\/p>\n<p style=\"text-align: justify;\">7. 7. M.O.R.T.<br \/>\n13 \u20ac do 31. 5.<br \/>\n15 \u20ac do dana koncerta<br \/>\n17 \u20ac na dan koncerta<\/p>\n<p style=\"text-align: justify;\">14. 7. Damir Avdi\u0107<br \/>\n10 \u20ac do 31. 5.<br \/>\n12 \u20ac do dana koncerta<br \/>\n15 \u20ac na dan koncerta<\/p>\n<p style=\"text-align: justify;\"><strong>Ljeto u MSU team:<\/strong><br \/>\nUrednik programa: Branko Kostelnik, autor koncepta Ljeto u MSU, producent i voditelj Odjela za programsko-izlo\u017ebenu djelatnost MSU-a<br \/>\nIzlo\u017eba \u201eBudu\u0107nosti\u201c: kustoski tim MSU<br \/>\nUrednice plesnog programa: Silvia Marchig, Sonja Pregrad, Iva Nerina Sibila, Tea Kantoci<br \/>\nAsistentica producenta i koordinatorica plesnog programa: Miranda Herceg<br \/>\nUrednik filmskog programa: Zlatko Vida\u010dkovi\u0107<br \/>\nMarketing: Andrea Barberi\u0107 Luki\u0107<br \/>\nKontakt za medije: media@msu.hr<\/p>\n<p style=\"text-align: justify;\"><strong>Projekt podr\u017eali:<\/strong><br \/>\nTuristi\u010dka zajednica grada Zagreba, Grad Zagreb &#8211; Gradski ured za kulturu, me\u0111ugradsku i me\u0111unarodnu suradnju i civilno dru\u0161tvo, Hrvatsko dru\u0161tvo skladatelja i Veleposlanstvo Republike Slovenije u Zagrebu, Vije\u0107e slovenske nacionalne manjine Grada Zagreba<br \/>\nSponzori: Zagreba\u010dka pivovara, Erste banka, Cafe Meandar<br \/>\nMedijski pokrovitelji: Radio Yammat FM, T- portal, Muzika.hr, Jutarnji list, CMC, Radio Tvornica i Ravno do dna<\/p>\n<p style=\"text-align: justify;\">MSU zadr\u017eava pravo izmjene programa.<\/p>\n<p style=\"text-align: justify;\">[izvor informacije\u00a0<strong><a href=\"http:\/\/www.msu.hr\/\">Muzej suvremene umjetnosti<\/a><\/strong>]<\/p>\n<p style=\"text-align: justify;\"><iframe loading=\"lazy\" style=\"border: none; overflow: hidden;\" src=\"https:\/\/www.facebook.com\/plugins\/post.php?href=https%3A%2F%2Fwww.facebook.com%2FFILMmagnet%2Fposts%2Fpfbid034ik13jdepnXm7euCZ1MKPAjpgBirWvdNuSAH6zx5opvxLbiHZpmN2i7t4sREVfvzl&amp;show_text=true&amp;width=500\" width=\"500\" height=\"590\" frameborder=\"0\" scrolling=\"no\" allowfullscreen=\"allowfullscreen\"><\/iframe><\/p>\n<div id=\"fb_share_1\" style=\"float: right; margin-left: 10px;\"><a name=\"fb_share\" type=\"box_count\" share_url=\"http:\/\/film-mag.net\/wp\/?p=52171\" href=\"http:\/\/www.facebook.com\/sharer.php\">Share<\/a><\/div><div><script src=\"http:\/\/static.ak.fbcdn.net\/connect.php\/js\/FB.Share\" type=\"text\/javascript\"><\/script><\/div><div style=\"clear:both\"><\/div>","protected":false},"excerpt":{"rendered":"<p>LJETO U MSU \u2013 ove godine jubilarni 10. put Multimedijalna formula \u201e4 u 1\u201c: KONCERT- IZLO\u017dBA &#8211; FILM &#8211; PLES! LJETO U MSU &#8211; urbani spoj suvremene umjetnosti i popularne kulture! Ljeto u MSU jedno je od sredi\u0161njih kulturnih i umjetni\u010dkih doga\u0111anja tokom ljetnih mjeseci u Zagrebu, kako za gra\u0111ane Zagreba, tako i za goste [&hellip;]<\/p>\n","protected":false},"author":8,"featured_media":0,"comment_status":"closed","ping_status":"closed","sticky":false,"template":"","format":"standard","meta":{"_et_pb_use_builder":"","_et_pb_old_content":"","_et_gb_content_width":"","_editorskit_title_hidden":false,"_editorskit_reading_time":0,"_editorskit_is_block_options_detached":false,"_editorskit_block_options_position":"{}","footnotes":""},"categories":[116,9,21,11,474,64,36,10,41,12,29,13,37,279,17050,81],"tags":[142,125,19626,24894,1222,154,2883],"class_list":["post-52171","post","type-post","status-publish","format-standard","hentry","category-drustveni-dogadjaji","category-film","category-filmske-novosti","category-glazba","category-glazbene-vijesti","category-izlozbe","category-kazalisne-najave","category-kazaliste","category-knjizevni-festivali-i-susreti","category-knjizevnost","category-koncerti","category-likovnost","category-najave-glazbenih-dogadanja","category-ples-kazaliste","category-press","category-stvarnost","tag-izlozbe-2","tag-koncerti-2","tag-ljeto-u-msu","tag-ljeto-u-msu-2023","tag-msu","tag-muzej-suvremene-umjetnosti","tag-stvarnost-2"],"yoast_head":"<!-- This site is optimized with the Yoast SEO plugin v24.6 - https:\/\/yoast.com\/wordpress\/plugins\/seo\/ -->\n<title>Ljeto u MSU 2023 - FILM-mag.net<\/title>\n<meta name=\"robots\" content=\"index, follow, max-snippet:-1, max-image-preview:large, max-video-preview:-1\" \/>\n<link rel=\"canonical\" href=\"http:\/\/film-mag.net\/wp\/?p=52171\" \/>\n<meta property=\"og:locale\" content=\"en_US\" \/>\n<meta property=\"og:type\" content=\"article\" \/>\n<meta property=\"og:title\" content=\"Ljeto u MSU 2023 - FILM-mag.net\" \/>\n<meta property=\"og:description\" content=\"LJETO U MSU \u2013 ove godine jubilarni 10. put Multimedijalna formula \u201e4 u 1\u201c: KONCERT- IZLO\u017dBA &#8211; FILM &#8211; PLES! LJETO U MSU &#8211; urbani spoj suvremene umjetnosti i popularne kulture! Ljeto u MSU jedno je od sredi\u0161njih kulturnih i umjetni\u010dkih doga\u0111anja tokom ljetnih mjeseci u Zagrebu, kako za gra\u0111ane Zagreba, tako i za goste [&hellip;]\" \/>\n<meta property=\"og:url\" content=\"http:\/\/film-mag.net\/wp\/?p=52171\" \/>\n<meta property=\"og:site_name\" content=\"FILM-mag.net\" \/>\n<meta property=\"article:published_time\" content=\"2023-06-05T11:10:17+00:00\" \/>\n<meta name=\"author\" content=\"PRESS\" \/>\n<meta name=\"twitter:card\" content=\"summary_large_image\" \/>\n<meta name=\"twitter:label1\" content=\"Written by\" \/>\n\t<meta name=\"twitter:data1\" content=\"PRESS\" \/>\n\t<meta name=\"twitter:label2\" content=\"Est. reading time\" \/>\n\t<meta name=\"twitter:data2\" content=\"10 minutes\" \/>\n<script type=\"application\/ld+json\" class=\"yoast-schema-graph\">{\"@context\":\"https:\/\/schema.org\",\"@graph\":[{\"@type\":\"WebPage\",\"@id\":\"http:\/\/film-mag.net\/wp\/?p=52171\",\"url\":\"http:\/\/film-mag.net\/wp\/?p=52171\",\"name\":\"Ljeto u MSU 2023 - FILM-mag.net\",\"isPartOf\":{\"@id\":\"http:\/\/film-mag.net\/wp\/#website\"},\"datePublished\":\"2023-06-05T11:10:17+00:00\",\"author\":{\"@id\":\"http:\/\/film-mag.net\/wp\/#\/schema\/person\/a8dd3a5b76a5bbde974e03510a205c2f\"},\"breadcrumb\":{\"@id\":\"http:\/\/film-mag.net\/wp\/?p=52171#breadcrumb\"},\"inLanguage\":\"en-US\",\"potentialAction\":[{\"@type\":\"ReadAction\",\"target\":[\"http:\/\/film-mag.net\/wp\/?p=52171\"]}]},{\"@type\":\"BreadcrumbList\",\"@id\":\"http:\/\/film-mag.net\/wp\/?p=52171#breadcrumb\",\"itemListElement\":[{\"@type\":\"ListItem\",\"position\":1,\"name\":\"Home\",\"item\":\"http:\/\/film-mag.net\/wp\/\"},{\"@type\":\"ListItem\",\"position\":2,\"name\":\"Ljeto u MSU 2023\"}]},{\"@type\":\"WebSite\",\"@id\":\"http:\/\/film-mag.net\/wp\/#website\",\"url\":\"http:\/\/film-mag.net\/wp\/\",\"name\":\"FILM-mag.net\",\"description\":\"Prvi hrvatski portal o filmu i filmu bliskim podru\u010djima kulture\",\"potentialAction\":[{\"@type\":\"SearchAction\",\"target\":{\"@type\":\"EntryPoint\",\"urlTemplate\":\"http:\/\/film-mag.net\/wp\/?s={search_term_string}\"},\"query-input\":{\"@type\":\"PropertyValueSpecification\",\"valueRequired\":true,\"valueName\":\"search_term_string\"}}],\"inLanguage\":\"en-US\"},{\"@type\":\"Person\",\"@id\":\"http:\/\/film-mag.net\/wp\/#\/schema\/person\/a8dd3a5b76a5bbde974e03510a205c2f\",\"name\":\"PRESS\",\"image\":{\"@type\":\"ImageObject\",\"inLanguage\":\"en-US\",\"@id\":\"http:\/\/film-mag.net\/wp\/#\/schema\/person\/image\/\",\"url\":\"https:\/\/secure.gravatar.com\/avatar\/bf4ab1626f485b36c4f3650b1d351839?s=96&d=mm&r=g\",\"contentUrl\":\"https:\/\/secure.gravatar.com\/avatar\/bf4ab1626f485b36c4f3650b1d351839?s=96&d=mm&r=g\",\"caption\":\"PRESS\"},\"url\":\"http:\/\/film-mag.net\/wp\/?author=8\"}]}<\/script>\n<!-- \/ Yoast SEO plugin. -->","yoast_head_json":{"title":"Ljeto u MSU 2023 - FILM-mag.net","robots":{"index":"index","follow":"follow","max-snippet":"max-snippet:-1","max-image-preview":"max-image-preview:large","max-video-preview":"max-video-preview:-1"},"canonical":"http:\/\/film-mag.net\/wp\/?p=52171","og_locale":"en_US","og_type":"article","og_title":"Ljeto u MSU 2023 - FILM-mag.net","og_description":"LJETO U MSU \u2013 ove godine jubilarni 10. put Multimedijalna formula \u201e4 u 1\u201c: KONCERT- IZLO\u017dBA &#8211; FILM &#8211; PLES! LJETO U MSU &#8211; urbani spoj suvremene umjetnosti i popularne kulture! Ljeto u MSU jedno je od sredi\u0161njih kulturnih i umjetni\u010dkih doga\u0111anja tokom ljetnih mjeseci u Zagrebu, kako za gra\u0111ane Zagreba, tako i za goste [&hellip;]","og_url":"http:\/\/film-mag.net\/wp\/?p=52171","og_site_name":"FILM-mag.net","article_published_time":"2023-06-05T11:10:17+00:00","author":"PRESS","twitter_card":"summary_large_image","twitter_misc":{"Written by":"PRESS","Est. reading time":"10 minutes"},"schema":{"@context":"https:\/\/schema.org","@graph":[{"@type":"WebPage","@id":"http:\/\/film-mag.net\/wp\/?p=52171","url":"http:\/\/film-mag.net\/wp\/?p=52171","name":"Ljeto u MSU 2023 - FILM-mag.net","isPartOf":{"@id":"http:\/\/film-mag.net\/wp\/#website"},"datePublished":"2023-06-05T11:10:17+00:00","author":{"@id":"http:\/\/film-mag.net\/wp\/#\/schema\/person\/a8dd3a5b76a5bbde974e03510a205c2f"},"breadcrumb":{"@id":"http:\/\/film-mag.net\/wp\/?p=52171#breadcrumb"},"inLanguage":"en-US","potentialAction":[{"@type":"ReadAction","target":["http:\/\/film-mag.net\/wp\/?p=52171"]}]},{"@type":"BreadcrumbList","@id":"http:\/\/film-mag.net\/wp\/?p=52171#breadcrumb","itemListElement":[{"@type":"ListItem","position":1,"name":"Home","item":"http:\/\/film-mag.net\/wp\/"},{"@type":"ListItem","position":2,"name":"Ljeto u MSU 2023"}]},{"@type":"WebSite","@id":"http:\/\/film-mag.net\/wp\/#website","url":"http:\/\/film-mag.net\/wp\/","name":"FILM-mag.net","description":"Prvi hrvatski portal o filmu i filmu bliskim podru\u010djima kulture","potentialAction":[{"@type":"SearchAction","target":{"@type":"EntryPoint","urlTemplate":"http:\/\/film-mag.net\/wp\/?s={search_term_string}"},"query-input":{"@type":"PropertyValueSpecification","valueRequired":true,"valueName":"search_term_string"}}],"inLanguage":"en-US"},{"@type":"Person","@id":"http:\/\/film-mag.net\/wp\/#\/schema\/person\/a8dd3a5b76a5bbde974e03510a205c2f","name":"PRESS","image":{"@type":"ImageObject","inLanguage":"en-US","@id":"http:\/\/film-mag.net\/wp\/#\/schema\/person\/image\/","url":"https:\/\/secure.gravatar.com\/avatar\/bf4ab1626f485b36c4f3650b1d351839?s=96&d=mm&r=g","contentUrl":"https:\/\/secure.gravatar.com\/avatar\/bf4ab1626f485b36c4f3650b1d351839?s=96&d=mm&r=g","caption":"PRESS"},"url":"http:\/\/film-mag.net\/wp\/?author=8"}]}},"_links":{"self":[{"href":"http:\/\/film-mag.net\/wp\/index.php?rest_route=\/wp\/v2\/posts\/52171","targetHints":{"allow":["GET"]}}],"collection":[{"href":"http:\/\/film-mag.net\/wp\/index.php?rest_route=\/wp\/v2\/posts"}],"about":[{"href":"http:\/\/film-mag.net\/wp\/index.php?rest_route=\/wp\/v2\/types\/post"}],"author":[{"embeddable":true,"href":"http:\/\/film-mag.net\/wp\/index.php?rest_route=\/wp\/v2\/users\/8"}],"replies":[{"embeddable":true,"href":"http:\/\/film-mag.net\/wp\/index.php?rest_route=%2Fwp%2Fv2%2Fcomments&post=52171"}],"version-history":[{"count":1,"href":"http:\/\/film-mag.net\/wp\/index.php?rest_route=\/wp\/v2\/posts\/52171\/revisions"}],"predecessor-version":[{"id":52172,"href":"http:\/\/film-mag.net\/wp\/index.php?rest_route=\/wp\/v2\/posts\/52171\/revisions\/52172"}],"wp:attachment":[{"href":"http:\/\/film-mag.net\/wp\/index.php?rest_route=%2Fwp%2Fv2%2Fmedia&parent=52171"}],"wp:term":[{"taxonomy":"category","embeddable":true,"href":"http:\/\/film-mag.net\/wp\/index.php?rest_route=%2Fwp%2Fv2%2Fcategories&post=52171"},{"taxonomy":"post_tag","embeddable":true,"href":"http:\/\/film-mag.net\/wp\/index.php?rest_route=%2Fwp%2Fv2%2Ftags&post=52171"}],"curies":[{"name":"wp","href":"https:\/\/api.w.org\/{rel}","templated":true}]}}