{"id":52048,"date":"2023-05-25T00:57:11","date_gmt":"2023-05-24T22:57:11","guid":{"rendered":"http:\/\/film-mag.net\/wp\/?p=52048"},"modified":"2023-05-25T00:57:11","modified_gmt":"2023-05-24T22:57:11","slug":"premijera-opere-iscekivanje-u-rijeckom-zajcu","status":"publish","type":"post","link":"http:\/\/film-mag.net\/wp\/?p=52048","title":{"rendered":"Premijera opere &#8216;I\u0161\u010dekivanje&#8217; u rije\u010dkom Zajcu"},"content":{"rendered":"<p style=\"text-align: justify;\"><strong>Sch\u00f6nbergova \u017dena ima snage pokazati svoju krhkost<\/strong><\/p>\n<p style=\"text-align: justify;\">Monooperu \u201eI\u0161\u010dekivanje\u201c (\u201eErwartung\u201c) Arnolda Sch\u00f6nberga premijerno \u0107e izvesti mezzosopranistica Dubravka \u0160eparovi\u0107 Mu\u0161ovi\u0107, uz komorni sastav Rije\u010dkog simfonijskog orkestra pod ravnanjem maestra Valentina Egela, u prostoru Exportdrva, u \u010detvrtak 25. svibnja 2023. s po\u010detkom u 20 sati.<\/p>\n<p style=\"text-align: justify;\">Nakon iznimno uspje\u0161ne koncertne izvedbe na pozornici HNK Ivana pl. Zajca prije godinu dana, koja je ujedno bila i rije\u010dka praizvedba ovog kultnog Sch\u00f6nbergovog djela, ono sada u re\u017eiji Dubravke \u0160eparovi\u0107 Mu\u0161ovi\u0107 i Marina Bla\u017eevi\u0107a, scenografiji Alana Vukeli\u0107a i kostimima Sandre Dekani\u0107, u industrijskom ambijentu biv\u0161eg skladi\u0161ta Exportdrva, postaje gotovo site specific opera.<\/p>\n<p style=\"text-align: justify;\"><img decoding=\"async\" style=\"border: none; width: 100%;\" src=\" https:\/\/hnk-zajc.hr\/wp-content\/uploads\/2022\/07\/Erwartung_vizual-715x575.jpg \" \/><\/p>\n<p style=\"text-align: justify;\">Fotografiju ustupio <a href=\"https:\/\/hnk-zajc.hr\/predstava\/erwartung-iscekivanje-heroj-je-umoran\/\"><strong>HNK Ivan pl. Zajc <\/strong><\/a><\/p>\n<p style=\"text-align: justify;\">\u201eIzmakli smo se iz kazali\u0161nog prostora koji ima jasne i poznate okvire. Htjeli smo ga izbje\u0107i, a idealnim prostorom pokazalo se Exportdrvo koji nam je samo \u201enametnulo\u201c \u0161enbergovski interijer. Podsje\u0107a me na \u0161umu koja se opisuje u djelu. Umjesto igranja na prvom katu, odlu\u010dili smo izvoditi u prizemlju, a publika \u0107e gledati odozgo naslonjena na ogradu. Posve obrnuta situacija od one u kazali\u0161tu. Simbol je to dominacije publike nad izvo\u0111a\u010dicom, a u kontekstu je razumijevanja Sch\u00f6nbergova djela u kojem prikazuje \u017denu u svojevrsnom kavezu. \u017dena iz djela je u pravom psihi\u010dkom kavezu\u201c, ka\u017ee koredateljica i izvo\u0111a\u010dica Dubravka \u0160eparovi\u0107 Mu\u0161ovi\u0107.<\/p>\n<p style=\"text-align: justify;\">Podnaslovljeno kao \u201emonodrama u jednom \u010dinu i \u010detiri scene\u201c na libreto Marie Pappenheim, \u201eI\u0161\u010dekivanje\u201c prema rije\u010dima svog autora, skladatelja Arnolda Sch\u00f6nberga, ima za cilj \u201eusporeno prikazati sve \u0161to se doga\u0111a tijekom jedne sekunde maksimalnog duhovnog uzbu\u0111enja, prote\u017eu\u0107i se na pola sata\u201c. Autor ga je skladao u sedamnaest dana, izme\u0111u 27. kolovoza i 12. rujna 1909. Bila su potrebna jo\u0161 dvadeset i dva dana da se dovr\u0161i orkestracija i jo\u0161 petnaest godina prije praizvedbe. Pri\u010da ima oblik rastresenog solilokvija \u017dene dok u mra\u010dnoj no\u0107noj \u0161umi tra\u017ei svog ljubavnika. Osamljeni lik govori u isprekidanim fragmentima, a ostaci sje\u0107anja i izljevi emocija nanizani su u asocijativne lance, prikazana je cijela skala osje\u0107aja jedne \u017eene.<\/p>\n<p style=\"text-align: justify;\">\u201eJako je te\u0161ko prikazati \u201eErwartung\u201c. Uglavnom se prikazuje doslovno \u2013 \u0161uma, \u017dena, veliki puni Mjesec\u2026, a mi to nismo \u017eeljeli. Ta \u017dena je svaka \u017eena. Svaka \u017eena ima ranu koja krvari i koju ona prikriva. \u017deljeli smo to prikazati i kostimima mo\u0107nih \u017eena, opernih heroina jer \u017eene \u0161to su mo\u0107nije, to su krhkije. Svojim pla\u0161tevima duboko u sebi prikrivaju ranjivu djevoj\u010dicu. Za\u0161to onda Sch\u00f6nberg? Pa upravo zato da nau\u010dimo skinuti taj pla\u0161t sa sebe i dozvoliti da budemo tako krhke i nemo\u0107ne\u201c, ka\u017ee Dubravka \u0160eparovi\u0107 Mu\u0161ovi\u0107 i zaklju\u010duje: \u201eSch\u00f6nbergova \u017dena zahtijeva snagu da poka\u017ee svoju krhkost.\u201c<\/p>\n<p style=\"text-align: justify;\">Nakon \u201eI\u0161\u010dekivanja\u201c \/ \u201eErwartunga\u201c u \u010detvrtak \u0107e i subotu, 25. i 27. svibnja, u istoj \u0107e ve\u010deri u Exportdrvu biti izveden i obnovljeni suvremeni balet \u201eHeroj je umoran\u201c skladatelja Frana \u0110urovi\u0107a i koreografa Giuseppea Spote.<\/p>\n<p style=\"text-align: justify;\">[izvor informacije\u00a0<a href=\"http:\/\/hnk-zajc.hr\/naslovnica\/\"><strong>HNK Ivan pl. Zajc<\/strong><\/a>]<\/p>\n<p style=\"text-align: justify;\"><iframe loading=\"lazy\" style=\"border: none; overflow: hidden;\" src=\"https:\/\/www.facebook.com\/plugins\/post.php?href=https%3A%2F%2Fwww.facebook.com%2FFILMmagnet%2Fposts%2Fpfbid04diNrL7qPa7emHffN2HM5XuGhuQNVx3aoyKGzWt4TqoKtWs33PaxDjUKaRCRJFKCl&amp;show_text=true&amp;width=500\" width=\"500\" height=\"665\" frameborder=\"0\" scrolling=\"no\" allowfullscreen=\"allowfullscreen\"><\/iframe><\/p>\n<div id=\"fb_share_1\" style=\"float: right; margin-left: 10px;\"><a name=\"fb_share\" type=\"box_count\" share_url=\"http:\/\/film-mag.net\/wp\/?p=52048\" href=\"http:\/\/www.facebook.com\/sharer.php\">Share<\/a><\/div><div><script src=\"http:\/\/static.ak.fbcdn.net\/connect.php\/js\/FB.Share\" type=\"text\/javascript\"><\/script><\/div><div style=\"clear:both\"><\/div>","protected":false},"excerpt":{"rendered":"<p>Sch\u00f6nbergova \u017dena ima snage pokazati svoju krhkost Monooperu \u201eI\u0161\u010dekivanje\u201c (\u201eErwartung\u201c) Arnolda Sch\u00f6nberga premijerno \u0107e izvesti mezzosopranistica Dubravka \u0160eparovi\u0107 Mu\u0161ovi\u0107, uz komorni sastav Rije\u010dkog simfonijskog orkestra pod ravnanjem maestra Valentina Egela, u prostoru Exportdrva, u \u010detvrtak 25. svibnja 2023. s po\u010detkom u 20 sati. Nakon iznimno uspje\u0161ne koncertne izvedbe na pozornici HNK Ivana pl. Zajca prije [&hellip;]<\/p>\n","protected":false},"author":8,"featured_media":0,"comment_status":"closed","ping_status":"closed","sticky":false,"template":"","format":"standard","meta":{"_et_pb_use_builder":"","_et_pb_old_content":"","_et_gb_content_width":"","_editorskit_title_hidden":false,"_editorskit_reading_time":0,"_editorskit_is_block_options_detached":false,"_editorskit_block_options_position":"{}","footnotes":""},"categories":[11,33,10,6000,17050],"tags":[14802,6723,24850,7131,137,10199,1170,10474,662,21170],"class_list":["post-52048","post","type-post","status-publish","format-standard","hentry","category-glazba","category-kazalisne-premijere","category-kazaliste","category-opera-glazba","category-press","tag-arnold-schonberg","tag-dubravka-separovic-musovic","tag-dubravka-separovic-musovic-marin-blazevic","tag-hnk-ivan-pl-zajc","tag-kazalisna-premijera","tag-marin-blazevic","tag-opera","tag-operna-premijera","tag-rijeka","tag-valentin-egel"],"yoast_head":"<!-- This site is optimized with the Yoast SEO plugin v24.6 - https:\/\/yoast.com\/wordpress\/plugins\/seo\/ -->\n<title>Premijera opere &#039;I\u0161\u010dekivanje&#039; u rije\u010dkom Zajcu - FILM-mag.net<\/title>\n<meta name=\"robots\" content=\"index, follow, max-snippet:-1, max-image-preview:large, max-video-preview:-1\" \/>\n<link rel=\"canonical\" href=\"http:\/\/film-mag.net\/wp\/?p=52048\" \/>\n<meta property=\"og:locale\" content=\"en_US\" \/>\n<meta property=\"og:type\" content=\"article\" \/>\n<meta property=\"og:title\" content=\"Premijera opere &#039;I\u0161\u010dekivanje&#039; u rije\u010dkom Zajcu - FILM-mag.net\" \/>\n<meta property=\"og:description\" content=\"Sch\u00f6nbergova \u017dena ima snage pokazati svoju krhkost Monooperu \u201eI\u0161\u010dekivanje\u201c (\u201eErwartung\u201c) Arnolda Sch\u00f6nberga premijerno \u0107e izvesti mezzosopranistica Dubravka \u0160eparovi\u0107 Mu\u0161ovi\u0107, uz komorni sastav Rije\u010dkog simfonijskog orkestra pod ravnanjem maestra Valentina Egela, u prostoru Exportdrva, u \u010detvrtak 25. svibnja 2023. s po\u010detkom u 20 sati. Nakon iznimno uspje\u0161ne koncertne izvedbe na pozornici HNK Ivana pl. Zajca prije [&hellip;]\" \/>\n<meta property=\"og:url\" content=\"http:\/\/film-mag.net\/wp\/?p=52048\" \/>\n<meta property=\"og:site_name\" content=\"FILM-mag.net\" \/>\n<meta property=\"article:published_time\" content=\"2023-05-24T22:57:11+00:00\" \/>\n<meta name=\"author\" content=\"PRESS\" \/>\n<meta name=\"twitter:card\" content=\"summary_large_image\" \/>\n<meta name=\"twitter:label1\" content=\"Written by\" \/>\n\t<meta name=\"twitter:data1\" content=\"PRESS\" \/>\n\t<meta name=\"twitter:label2\" content=\"Est. reading time\" \/>\n\t<meta name=\"twitter:data2\" content=\"3 minutes\" \/>\n<script type=\"application\/ld+json\" class=\"yoast-schema-graph\">{\"@context\":\"https:\/\/schema.org\",\"@graph\":[{\"@type\":\"WebPage\",\"@id\":\"http:\/\/film-mag.net\/wp\/?p=52048\",\"url\":\"http:\/\/film-mag.net\/wp\/?p=52048\",\"name\":\"Premijera opere 'I\u0161\u010dekivanje' u rije\u010dkom Zajcu - FILM-mag.net\",\"isPartOf\":{\"@id\":\"https:\/\/film-mag.net\/wp\/#website\"},\"datePublished\":\"2023-05-24T22:57:11+00:00\",\"author\":{\"@id\":\"https:\/\/film-mag.net\/wp\/#\/schema\/person\/a8dd3a5b76a5bbde974e03510a205c2f\"},\"breadcrumb\":{\"@id\":\"http:\/\/film-mag.net\/wp\/?p=52048#breadcrumb\"},\"inLanguage\":\"en-US\",\"potentialAction\":[{\"@type\":\"ReadAction\",\"target\":[\"http:\/\/film-mag.net\/wp\/?p=52048\"]}]},{\"@type\":\"BreadcrumbList\",\"@id\":\"http:\/\/film-mag.net\/wp\/?p=52048#breadcrumb\",\"itemListElement\":[{\"@type\":\"ListItem\",\"position\":1,\"name\":\"Home\",\"item\":\"https:\/\/film-mag.net\/wp\/\"},{\"@type\":\"ListItem\",\"position\":2,\"name\":\"Premijera opere &#8216;I\u0161\u010dekivanje&#8217; u rije\u010dkom Zajcu\"}]},{\"@type\":\"WebSite\",\"@id\":\"https:\/\/film-mag.net\/wp\/#website\",\"url\":\"https:\/\/film-mag.net\/wp\/\",\"name\":\"FILM-mag.net\",\"description\":\"Prvi hrvatski portal o filmu i filmu bliskim podru\u010djima kulture\",\"potentialAction\":[{\"@type\":\"SearchAction\",\"target\":{\"@type\":\"EntryPoint\",\"urlTemplate\":\"https:\/\/film-mag.net\/wp\/?s={search_term_string}\"},\"query-input\":{\"@type\":\"PropertyValueSpecification\",\"valueRequired\":true,\"valueName\":\"search_term_string\"}}],\"inLanguage\":\"en-US\"},{\"@type\":\"Person\",\"@id\":\"https:\/\/film-mag.net\/wp\/#\/schema\/person\/a8dd3a5b76a5bbde974e03510a205c2f\",\"name\":\"PRESS\",\"image\":{\"@type\":\"ImageObject\",\"inLanguage\":\"en-US\",\"@id\":\"https:\/\/film-mag.net\/wp\/#\/schema\/person\/image\/\",\"url\":\"https:\/\/secure.gravatar.com\/avatar\/bf4ab1626f485b36c4f3650b1d351839?s=96&d=mm&r=g\",\"contentUrl\":\"https:\/\/secure.gravatar.com\/avatar\/bf4ab1626f485b36c4f3650b1d351839?s=96&d=mm&r=g\",\"caption\":\"PRESS\"},\"url\":\"http:\/\/film-mag.net\/wp\/?author=8\"}]}<\/script>\n<!-- \/ Yoast SEO plugin. -->","yoast_head_json":{"title":"Premijera opere 'I\u0161\u010dekivanje' u rije\u010dkom Zajcu - FILM-mag.net","robots":{"index":"index","follow":"follow","max-snippet":"max-snippet:-1","max-image-preview":"max-image-preview:large","max-video-preview":"max-video-preview:-1"},"canonical":"http:\/\/film-mag.net\/wp\/?p=52048","og_locale":"en_US","og_type":"article","og_title":"Premijera opere 'I\u0161\u010dekivanje' u rije\u010dkom Zajcu - FILM-mag.net","og_description":"Sch\u00f6nbergova \u017dena ima snage pokazati svoju krhkost Monooperu \u201eI\u0161\u010dekivanje\u201c (\u201eErwartung\u201c) Arnolda Sch\u00f6nberga premijerno \u0107e izvesti mezzosopranistica Dubravka \u0160eparovi\u0107 Mu\u0161ovi\u0107, uz komorni sastav Rije\u010dkog simfonijskog orkestra pod ravnanjem maestra Valentina Egela, u prostoru Exportdrva, u \u010detvrtak 25. svibnja 2023. s po\u010detkom u 20 sati. Nakon iznimno uspje\u0161ne koncertne izvedbe na pozornici HNK Ivana pl. Zajca prije [&hellip;]","og_url":"http:\/\/film-mag.net\/wp\/?p=52048","og_site_name":"FILM-mag.net","article_published_time":"2023-05-24T22:57:11+00:00","author":"PRESS","twitter_card":"summary_large_image","twitter_misc":{"Written by":"PRESS","Est. reading time":"3 minutes"},"schema":{"@context":"https:\/\/schema.org","@graph":[{"@type":"WebPage","@id":"http:\/\/film-mag.net\/wp\/?p=52048","url":"http:\/\/film-mag.net\/wp\/?p=52048","name":"Premijera opere 'I\u0161\u010dekivanje' u rije\u010dkom Zajcu - FILM-mag.net","isPartOf":{"@id":"https:\/\/film-mag.net\/wp\/#website"},"datePublished":"2023-05-24T22:57:11+00:00","author":{"@id":"https:\/\/film-mag.net\/wp\/#\/schema\/person\/a8dd3a5b76a5bbde974e03510a205c2f"},"breadcrumb":{"@id":"http:\/\/film-mag.net\/wp\/?p=52048#breadcrumb"},"inLanguage":"en-US","potentialAction":[{"@type":"ReadAction","target":["http:\/\/film-mag.net\/wp\/?p=52048"]}]},{"@type":"BreadcrumbList","@id":"http:\/\/film-mag.net\/wp\/?p=52048#breadcrumb","itemListElement":[{"@type":"ListItem","position":1,"name":"Home","item":"https:\/\/film-mag.net\/wp\/"},{"@type":"ListItem","position":2,"name":"Premijera opere &#8216;I\u0161\u010dekivanje&#8217; u rije\u010dkom Zajcu"}]},{"@type":"WebSite","@id":"https:\/\/film-mag.net\/wp\/#website","url":"https:\/\/film-mag.net\/wp\/","name":"FILM-mag.net","description":"Prvi hrvatski portal o filmu i filmu bliskim podru\u010djima kulture","potentialAction":[{"@type":"SearchAction","target":{"@type":"EntryPoint","urlTemplate":"https:\/\/film-mag.net\/wp\/?s={search_term_string}"},"query-input":{"@type":"PropertyValueSpecification","valueRequired":true,"valueName":"search_term_string"}}],"inLanguage":"en-US"},{"@type":"Person","@id":"https:\/\/film-mag.net\/wp\/#\/schema\/person\/a8dd3a5b76a5bbde974e03510a205c2f","name":"PRESS","image":{"@type":"ImageObject","inLanguage":"en-US","@id":"https:\/\/film-mag.net\/wp\/#\/schema\/person\/image\/","url":"https:\/\/secure.gravatar.com\/avatar\/bf4ab1626f485b36c4f3650b1d351839?s=96&d=mm&r=g","contentUrl":"https:\/\/secure.gravatar.com\/avatar\/bf4ab1626f485b36c4f3650b1d351839?s=96&d=mm&r=g","caption":"PRESS"},"url":"http:\/\/film-mag.net\/wp\/?author=8"}]}},"_links":{"self":[{"href":"http:\/\/film-mag.net\/wp\/index.php?rest_route=\/wp\/v2\/posts\/52048","targetHints":{"allow":["GET"]}}],"collection":[{"href":"http:\/\/film-mag.net\/wp\/index.php?rest_route=\/wp\/v2\/posts"}],"about":[{"href":"http:\/\/film-mag.net\/wp\/index.php?rest_route=\/wp\/v2\/types\/post"}],"author":[{"embeddable":true,"href":"http:\/\/film-mag.net\/wp\/index.php?rest_route=\/wp\/v2\/users\/8"}],"replies":[{"embeddable":true,"href":"http:\/\/film-mag.net\/wp\/index.php?rest_route=%2Fwp%2Fv2%2Fcomments&post=52048"}],"version-history":[{"count":1,"href":"http:\/\/film-mag.net\/wp\/index.php?rest_route=\/wp\/v2\/posts\/52048\/revisions"}],"predecessor-version":[{"id":52050,"href":"http:\/\/film-mag.net\/wp\/index.php?rest_route=\/wp\/v2\/posts\/52048\/revisions\/52050"}],"wp:attachment":[{"href":"http:\/\/film-mag.net\/wp\/index.php?rest_route=%2Fwp%2Fv2%2Fmedia&parent=52048"}],"wp:term":[{"taxonomy":"category","embeddable":true,"href":"http:\/\/film-mag.net\/wp\/index.php?rest_route=%2Fwp%2Fv2%2Fcategories&post=52048"},{"taxonomy":"post_tag","embeddable":true,"href":"http:\/\/film-mag.net\/wp\/index.php?rest_route=%2Fwp%2Fv2%2Ftags&post=52048"}],"curies":[{"name":"wp","href":"https:\/\/api.w.org\/{rel}","templated":true}]}}