{"id":50849,"date":"2023-01-02T19:33:33","date_gmt":"2023-01-02T18:33:33","guid":{"rendered":"http:\/\/film-mag.net\/wp\/?p=50849"},"modified":"2023-01-02T19:33:33","modified_gmt":"2023-01-02T18:33:33","slug":"u-ljubljani-se-od-stare-2022-godine-oprastali-uz-rijeckog-orasara-u-prepunom-cankarjevom-domu","status":"publish","type":"post","link":"http:\/\/film-mag.net\/wp\/?p=50849","title":{"rendered":"U Ljubljani se od stare 2022. godine opra\u0161tali uz rije\u010dkog &#8216;Ora\u0161ara&#8217; u prepunom Cankarjevom domu!"},"content":{"rendered":"<p style=\"text-align: justify;\"><b>Rije\u010dki Balet 2022. zaklju\u010dio uspjehom na inozemnom gostovanju: <\/b><b>U Ljubljani se od stare godine opra\u0161tali uz rije\u010dkog \u201eOra\u0161ara\u201c u prepunom Cankarjevom domu<\/b><\/p>\n<p style=\"text-align: justify;\">Ansambl Baleta HNK Ivana pl. Zajca svoju je iznimno uspje\u0161nu 2022. godinu zaklju\u010dio gostovanjem u Ljubljani. Nakon Ludwigsburga u Njema\u010dkoj u dva navrata, Tivta u Crnoj Gori, Savonlinne u Finskoj i Herakliona na Kreti, bilo je to njihovo \u010dak \u0161esto pro\u0161logodi\u0161nje inozemno gostovanje, zahvaljuju\u0107i\u00a0 kojem se i ljubljanska publika od stare godine opra\u0161tala uz \u010daroliju rije\u010dkog \u201eOra\u0161ara\u201c. Naime, dvije ve\u010deri za redom, 30. i 31. prosinca 2022., Rije\u010dani su dupkom napunili veliku Gallusovu dvoranu ljubljanskog Cankarjevog doma.<\/p>\n<p style=\"text-align: justify;\"><img decoding=\"async\" style=\"border: none; width: 100%;\" src=\" https:\/\/hnk-zajc.hr\/wp-content\/uploads\/2023\/01\/321206317_571248744336808_4615582512669460020_n.jpg \" \/><\/p>\n<p style=\"text-align: justify;\">\u201eOra\u0161ar\u201c u koreografiji Maura de Candije ; Fotografiju ustupio <a href=\"https:\/\/hnk-zajc.hr\/u-ljubljani-se-od-stare-godine-oprastali-uz-rijeckog-orasara-u-prepunom-cankarjevom-domu\/\"><strong>HNK Ivan pl. Zajc<\/strong><\/a><\/p>\n<p style=\"text-align: justify;\">Rije\u010dki \u201cOra\u0161ar\u201d u koreografiji Maura de Candije, na svevremensku glazbu \u010cajkovskog, koji pru\u017ea novi pogled na ovu baletnu bajku, odu\u0161evio je ljubljansku publiku koja je izvo\u0111a\u010dice i izvo\u0111a\u010de ispratila onako kako ih ispra\u0107aju gdje god nastupaju &#8211; ovacijama.<\/p>\n<p style=\"text-align: justify;\">Tako je gledateljica Claudia Sovre, nakon izvedbe, predstavu ocijenila rije\u010dima: \u201cOdli\u010dan i iznena\u0111uju\u0107i spoj klasi\u010dnog i suvremenog baleta. Glavni <i>pas de deux<\/i>\u00a0 je bio vrhunski!\u201d, a Petra Dov\u010d: \u201ePredstava je odli\u010dna, \u017eiva, puna predivnih detalja. Super baletna izvedba s odli\u010dnim balerinama i baletanima. Bravo, rije\u010dki HNK!\u201c<\/p>\n<p style=\"text-align: justify;\">\u201eSvjesno smo se prije \u010detiri sezone odlu\u010dili novog rije\u010dkog Ora\u0161ara izgraditi na balansu suvremenog i neoklasi\u010dnog baletnog jezika. Dali smo mu svje\u017e, mo\u017eda i pomalo neo\u010dekivan scenografski i kostimografski okvir. Uspjeh ljubljanskog gostovanja na\u0161eg \u201eOra\u0161ara\u201c u Cankarjevom domu dodatno nas ohrabruje i dokazuje da takvi pomaci na estetskom i sadr\u017eajnom planu privla\u010de pa\u017enju i uspijevaju nanovo impresionirati dana\u0161nju publiku, onu mladu kao i onu ne\u0161to stariju\u201c, rekla je zadovoljna ravnateljica rije\u010dkog Baleta Ma\u0161a Kolar. A iznimno zadovoljni su bili i doma\u0107ini.<\/p>\n<p style=\"text-align: justify;\">Nakon jo\u0161 jednog me\u0111unarodnog gostovanja i uspjeha koji je samo dodatno potvrdio kako njihovu umjetni\u010dku kvalitetu i izvrsnost prepoznaju na europskim plesnim pozornicama, rije\u010dke plesa\u010dice i plesa\u010di u novu 2023. ulaze pripremaju\u0107i svoju sljede\u0107u premijeru, balet \u201e\u010cajkovski\u201c \u0161to ga potpisuje \u0161panjolski koreograf Cayetano Soto, a bit \u0107e premijerno izveden u velja\u010di. Projekt je dio jedinstvene, dvostruke baletne koprodukcije sa zagreba\u010dkim HNK \u0161to je \u010dini i balet \u201eSpartak\u201c, a nastala je kao rezultat inicijative K-HNK &#8211; konzorcija hrvatskih nacionalnih kazali\u0161ta.<\/p>\n<p style=\"text-align: justify;\">[izvor informacije\u00a0<a href=\"http:\/\/hnk-zajc.hr\/naslovnica\/\"><strong>HNK Ivan pl. Zajc<\/strong><\/a>]<\/p>\n<p style=\"text-align: justify;\"><iframe loading=\"lazy\" style=\"border: none; overflow: hidden;\" src=\"https:\/\/www.facebook.com\/plugins\/post.php?href=https%3A%2F%2Fwww.facebook.com%2FFILMmagnet%2Fposts%2Fpfbid0YQ3fKZxtvf2mBR7LAxosJMxWaAmepo3f8WP7kbPvnoFWLDXX6AEWD4sc4HSqEiKel&amp;show_text=true&amp;width=500\" width=\"500\" height=\"684\" frameborder=\"0\" scrolling=\"no\" allowfullscreen=\"allowfullscreen\"><\/iframe><\/p>\n<div id=\"fb_share_1\" style=\"float: right; margin-left: 10px;\"><a name=\"fb_share\" type=\"box_count\" share_url=\"http:\/\/film-mag.net\/wp\/?p=50849\" href=\"http:\/\/www.facebook.com\/sharer.php\">Share<\/a><\/div><div><script src=\"http:\/\/static.ak.fbcdn.net\/connect.php\/js\/FB.Share\" type=\"text\/javascript\"><\/script><\/div><div style=\"clear:both\"><\/div>","protected":false},"excerpt":{"rendered":"<p>Rije\u010dki Balet 2022. zaklju\u010dio uspjehom na inozemnom gostovanju: U Ljubljani se od stare godine opra\u0161tali uz rije\u010dkog \u201eOra\u0161ara\u201c u prepunom Cankarjevom domu Ansambl Baleta HNK Ivana pl. Zajca svoju je iznimno uspje\u0161nu 2022. godinu zaklju\u010dio gostovanjem u Ljubljani. Nakon Ludwigsburga u Njema\u010dkoj u dva navrata, Tivta u Crnoj Gori, Savonlinne u Finskoj i Herakliona na [&hellip;]<\/p>\n","protected":false},"author":8,"featured_media":0,"comment_status":"closed","ping_status":"closed","sticky":false,"template":"","format":"standard","meta":{"_et_pb_use_builder":"","_et_pb_old_content":"","_et_gb_content_width":"","_editorskit_title_hidden":false,"_editorskit_reading_time":0,"_editorskit_is_block_options_detached":false,"_editorskit_block_options_position":"{}","footnotes":""},"categories":[26,10,17050],"tags":[1164,183,7131,694,119,13166,120],"class_list":["post-50849","post","type-post","status-publish","format-standard","hentry","category-kazalisni-dogadjaji","category-kazaliste","category-press","tag-balet","tag-cankarjev-dom","tag-hnk-ivan-pl-zajc","tag-kazalisna-gostovanja","tag-ljubljana","tag-orasar","tag-slovenija"],"yoast_head":"<!-- This site is optimized with the Yoast SEO plugin v24.6 - https:\/\/yoast.com\/wordpress\/plugins\/seo\/ -->\n<title>U Ljubljani se od stare 2022. godine opra\u0161tali uz rije\u010dkog &#039;Ora\u0161ara&#039; u prepunom Cankarjevom domu! - FILM-mag.net<\/title>\n<meta name=\"robots\" content=\"index, follow, max-snippet:-1, max-image-preview:large, max-video-preview:-1\" \/>\n<link rel=\"canonical\" href=\"http:\/\/film-mag.net\/wp\/?p=50849\" \/>\n<meta property=\"og:locale\" content=\"en_US\" \/>\n<meta property=\"og:type\" content=\"article\" \/>\n<meta property=\"og:title\" content=\"U Ljubljani se od stare 2022. godine opra\u0161tali uz rije\u010dkog &#039;Ora\u0161ara&#039; u prepunom Cankarjevom domu! - FILM-mag.net\" \/>\n<meta property=\"og:description\" content=\"Rije\u010dki Balet 2022. zaklju\u010dio uspjehom na inozemnom gostovanju: U Ljubljani se od stare godine opra\u0161tali uz rije\u010dkog \u201eOra\u0161ara\u201c u prepunom Cankarjevom domu Ansambl Baleta HNK Ivana pl. Zajca svoju je iznimno uspje\u0161nu 2022. godinu zaklju\u010dio gostovanjem u Ljubljani. Nakon Ludwigsburga u Njema\u010dkoj u dva navrata, Tivta u Crnoj Gori, Savonlinne u Finskoj i Herakliona na [&hellip;]\" \/>\n<meta property=\"og:url\" content=\"http:\/\/film-mag.net\/wp\/?p=50849\" \/>\n<meta property=\"og:site_name\" content=\"FILM-mag.net\" \/>\n<meta property=\"article:published_time\" content=\"2023-01-02T18:33:33+00:00\" \/>\n<meta name=\"author\" content=\"PRESS\" \/>\n<meta name=\"twitter:card\" content=\"summary_large_image\" \/>\n<meta name=\"twitter:label1\" content=\"Written by\" \/>\n\t<meta name=\"twitter:data1\" content=\"PRESS\" \/>\n\t<meta name=\"twitter:label2\" content=\"Est. reading time\" \/>\n\t<meta name=\"twitter:data2\" content=\"2 minutes\" \/>\n<script type=\"application\/ld+json\" class=\"yoast-schema-graph\">{\"@context\":\"https:\/\/schema.org\",\"@graph\":[{\"@type\":\"WebPage\",\"@id\":\"http:\/\/film-mag.net\/wp\/?p=50849\",\"url\":\"http:\/\/film-mag.net\/wp\/?p=50849\",\"name\":\"U Ljubljani se od stare 2022. godine opra\u0161tali uz rije\u010dkog 'Ora\u0161ara' u prepunom Cankarjevom domu! - FILM-mag.net\",\"isPartOf\":{\"@id\":\"http:\/\/film-mag.net\/wp\/#website\"},\"datePublished\":\"2023-01-02T18:33:33+00:00\",\"author\":{\"@id\":\"http:\/\/film-mag.net\/wp\/#\/schema\/person\/a8dd3a5b76a5bbde974e03510a205c2f\"},\"breadcrumb\":{\"@id\":\"http:\/\/film-mag.net\/wp\/?p=50849#breadcrumb\"},\"inLanguage\":\"en-US\",\"potentialAction\":[{\"@type\":\"ReadAction\",\"target\":[\"http:\/\/film-mag.net\/wp\/?p=50849\"]}]},{\"@type\":\"BreadcrumbList\",\"@id\":\"http:\/\/film-mag.net\/wp\/?p=50849#breadcrumb\",\"itemListElement\":[{\"@type\":\"ListItem\",\"position\":1,\"name\":\"Home\",\"item\":\"http:\/\/film-mag.net\/wp\/\"},{\"@type\":\"ListItem\",\"position\":2,\"name\":\"U Ljubljani se od stare 2022. godine opra\u0161tali uz rije\u010dkog &#8216;Ora\u0161ara&#8217; u prepunom Cankarjevom domu!\"}]},{\"@type\":\"WebSite\",\"@id\":\"http:\/\/film-mag.net\/wp\/#website\",\"url\":\"http:\/\/film-mag.net\/wp\/\",\"name\":\"FILM-mag.net\",\"description\":\"Prvi hrvatski portal o filmu i filmu bliskim podru\u010djima kulture\",\"potentialAction\":[{\"@type\":\"SearchAction\",\"target\":{\"@type\":\"EntryPoint\",\"urlTemplate\":\"http:\/\/film-mag.net\/wp\/?s={search_term_string}\"},\"query-input\":{\"@type\":\"PropertyValueSpecification\",\"valueRequired\":true,\"valueName\":\"search_term_string\"}}],\"inLanguage\":\"en-US\"},{\"@type\":\"Person\",\"@id\":\"http:\/\/film-mag.net\/wp\/#\/schema\/person\/a8dd3a5b76a5bbde974e03510a205c2f\",\"name\":\"PRESS\",\"image\":{\"@type\":\"ImageObject\",\"inLanguage\":\"en-US\",\"@id\":\"http:\/\/film-mag.net\/wp\/#\/schema\/person\/image\/\",\"url\":\"https:\/\/secure.gravatar.com\/avatar\/bf4ab1626f485b36c4f3650b1d351839?s=96&d=mm&r=g\",\"contentUrl\":\"https:\/\/secure.gravatar.com\/avatar\/bf4ab1626f485b36c4f3650b1d351839?s=96&d=mm&r=g\",\"caption\":\"PRESS\"},\"url\":\"http:\/\/film-mag.net\/wp\/?author=8\"}]}<\/script>\n<!-- \/ Yoast SEO plugin. -->","yoast_head_json":{"title":"U Ljubljani se od stare 2022. godine opra\u0161tali uz rije\u010dkog 'Ora\u0161ara' u prepunom Cankarjevom domu! - FILM-mag.net","robots":{"index":"index","follow":"follow","max-snippet":"max-snippet:-1","max-image-preview":"max-image-preview:large","max-video-preview":"max-video-preview:-1"},"canonical":"http:\/\/film-mag.net\/wp\/?p=50849","og_locale":"en_US","og_type":"article","og_title":"U Ljubljani se od stare 2022. godine opra\u0161tali uz rije\u010dkog 'Ora\u0161ara' u prepunom Cankarjevom domu! - FILM-mag.net","og_description":"Rije\u010dki Balet 2022. zaklju\u010dio uspjehom na inozemnom gostovanju: U Ljubljani se od stare godine opra\u0161tali uz rije\u010dkog \u201eOra\u0161ara\u201c u prepunom Cankarjevom domu Ansambl Baleta HNK Ivana pl. Zajca svoju je iznimno uspje\u0161nu 2022. godinu zaklju\u010dio gostovanjem u Ljubljani. Nakon Ludwigsburga u Njema\u010dkoj u dva navrata, Tivta u Crnoj Gori, Savonlinne u Finskoj i Herakliona na [&hellip;]","og_url":"http:\/\/film-mag.net\/wp\/?p=50849","og_site_name":"FILM-mag.net","article_published_time":"2023-01-02T18:33:33+00:00","author":"PRESS","twitter_card":"summary_large_image","twitter_misc":{"Written by":"PRESS","Est. reading time":"2 minutes"},"schema":{"@context":"https:\/\/schema.org","@graph":[{"@type":"WebPage","@id":"http:\/\/film-mag.net\/wp\/?p=50849","url":"http:\/\/film-mag.net\/wp\/?p=50849","name":"U Ljubljani se od stare 2022. godine opra\u0161tali uz rije\u010dkog 'Ora\u0161ara' u prepunom Cankarjevom domu! - FILM-mag.net","isPartOf":{"@id":"http:\/\/film-mag.net\/wp\/#website"},"datePublished":"2023-01-02T18:33:33+00:00","author":{"@id":"http:\/\/film-mag.net\/wp\/#\/schema\/person\/a8dd3a5b76a5bbde974e03510a205c2f"},"breadcrumb":{"@id":"http:\/\/film-mag.net\/wp\/?p=50849#breadcrumb"},"inLanguage":"en-US","potentialAction":[{"@type":"ReadAction","target":["http:\/\/film-mag.net\/wp\/?p=50849"]}]},{"@type":"BreadcrumbList","@id":"http:\/\/film-mag.net\/wp\/?p=50849#breadcrumb","itemListElement":[{"@type":"ListItem","position":1,"name":"Home","item":"http:\/\/film-mag.net\/wp\/"},{"@type":"ListItem","position":2,"name":"U Ljubljani se od stare 2022. godine opra\u0161tali uz rije\u010dkog &#8216;Ora\u0161ara&#8217; u prepunom Cankarjevom domu!"}]},{"@type":"WebSite","@id":"http:\/\/film-mag.net\/wp\/#website","url":"http:\/\/film-mag.net\/wp\/","name":"FILM-mag.net","description":"Prvi hrvatski portal o filmu i filmu bliskim podru\u010djima kulture","potentialAction":[{"@type":"SearchAction","target":{"@type":"EntryPoint","urlTemplate":"http:\/\/film-mag.net\/wp\/?s={search_term_string}"},"query-input":{"@type":"PropertyValueSpecification","valueRequired":true,"valueName":"search_term_string"}}],"inLanguage":"en-US"},{"@type":"Person","@id":"http:\/\/film-mag.net\/wp\/#\/schema\/person\/a8dd3a5b76a5bbde974e03510a205c2f","name":"PRESS","image":{"@type":"ImageObject","inLanguage":"en-US","@id":"http:\/\/film-mag.net\/wp\/#\/schema\/person\/image\/","url":"https:\/\/secure.gravatar.com\/avatar\/bf4ab1626f485b36c4f3650b1d351839?s=96&d=mm&r=g","contentUrl":"https:\/\/secure.gravatar.com\/avatar\/bf4ab1626f485b36c4f3650b1d351839?s=96&d=mm&r=g","caption":"PRESS"},"url":"http:\/\/film-mag.net\/wp\/?author=8"}]}},"_links":{"self":[{"href":"http:\/\/film-mag.net\/wp\/index.php?rest_route=\/wp\/v2\/posts\/50849","targetHints":{"allow":["GET"]}}],"collection":[{"href":"http:\/\/film-mag.net\/wp\/index.php?rest_route=\/wp\/v2\/posts"}],"about":[{"href":"http:\/\/film-mag.net\/wp\/index.php?rest_route=\/wp\/v2\/types\/post"}],"author":[{"embeddable":true,"href":"http:\/\/film-mag.net\/wp\/index.php?rest_route=\/wp\/v2\/users\/8"}],"replies":[{"embeddable":true,"href":"http:\/\/film-mag.net\/wp\/index.php?rest_route=%2Fwp%2Fv2%2Fcomments&post=50849"}],"version-history":[{"count":1,"href":"http:\/\/film-mag.net\/wp\/index.php?rest_route=\/wp\/v2\/posts\/50849\/revisions"}],"predecessor-version":[{"id":50851,"href":"http:\/\/film-mag.net\/wp\/index.php?rest_route=\/wp\/v2\/posts\/50849\/revisions\/50851"}],"wp:attachment":[{"href":"http:\/\/film-mag.net\/wp\/index.php?rest_route=%2Fwp%2Fv2%2Fmedia&parent=50849"}],"wp:term":[{"taxonomy":"category","embeddable":true,"href":"http:\/\/film-mag.net\/wp\/index.php?rest_route=%2Fwp%2Fv2%2Fcategories&post=50849"},{"taxonomy":"post_tag","embeddable":true,"href":"http:\/\/film-mag.net\/wp\/index.php?rest_route=%2Fwp%2Fv2%2Ftags&post=50849"}],"curies":[{"name":"wp","href":"https:\/\/api.w.org\/{rel}","templated":true}]}}