{"id":49857,"date":"2022-09-29T23:10:50","date_gmt":"2022-09-29T21:10:50","guid":{"rendered":"http:\/\/film-mag.net\/wp\/?p=49857"},"modified":"2022-09-29T23:10:50","modified_gmt":"2022-09-29T21:10:50","slug":"baletna-predstava-transparada-otvara-baletnu-sezonu-u-rijeckom-zajcu","status":"publish","type":"post","link":"http:\/\/film-mag.net\/wp\/?p=49857","title":{"rendered":"Baletna predstava &#8216;TransParada&#8217; otvara baletnu sezonu u rije\u010dkom Zajcu"},"content":{"rendered":"<p style=\"text-align: justify;\"><b>\u201eTransParada\u201c, u suradnji s najve\u0107im koreografima dana\u0161njice, otvara baletnu sezonu u \u201eZajcu\u201c<\/b><\/p>\n<p style=\"text-align: justify;\">Baletnu sezonu u rije\u010dkom HNK Ivana pl. Zajca otvorit \u0107e premijera predstave \u201eTransParada\u201cu subotu 1. listopada 2022. s po\u010detkom u 19.30 sati.<\/p>\n<p style=\"text-align: justify;\">\u201eTransParada\u201c je baletna ve\u010der koreografkinja i koreografa Maura Bigonzettija, Ma\u0161e Kolar, Waltera Matteinija i Ine Broeckx, Andonisa Foniadakisa, Ludmile Komkove, Marca Goeckeai Nadava Zelnera, izbor iz vrhunaca proteklih sezona i pogled u budu\u0107nost rije\u010dkog Baleta koji proteklih nekoliko sezona fascinira hrvatsku i me\u0111unarodnu publiku.<\/p>\n<p style=\"text-align: justify;\"><img decoding=\"async\" style=\"border: none; width: 100%;\" src=\" https:\/\/hnk-zajc.hr\/wp-content\/uploads\/2022\/07\/TransParada_vizual-715x575.jpg \" \/><\/p>\n<p style=\"text-align: justify;\">Fotografiju ustupio <a href=\"https:\/\/hnk-zajc.hr\/predstava\/transparada\/\"><strong>HNK Ivan pl. Zajc<\/strong><\/a> &#8211; Foto Fanni Tutek Hajnal<\/p>\n<p style=\"text-align: justify;\">\u201eTransParadom\u201d govorimo i o na\u0161oj pro\u0161losti i o na\u0161oj budu\u0107nosti. U prvom dijelu baletne ve\u010deri donosimo paradu minijatura, probranih uspje\u0161nica iz nekoliko prethodnih baletnih sezona, na \u010delu s \u201eRossini Cards&#8221; koreografa Maura Bigonzettija i iznena\u0111uju\u0107im \u201eBolerom&#8221; s izvo\u0111a\u010dima na trampolinima, u koreografiji Andonisa Foniadakisa. Konstantno se razvijamo i transformiramo, a to je ono \u0161to fizi\u010dki \u017eelimo izraziti u drugom dijelu ve\u010deri s tri nove kreacije najzna\u010dajnijih koreografa dana\u0161njice, poput njema\u010dkog koreografa Marca Goeckea i mladog Izraelca Nadava Zelnera. \u201eTransParada\u201d je balet koji pri\u010da jedinstvenu pri\u010du o nama, ansamblu rije\u010dkog Baleta, kao osjetljivom izra\u017eajnom korpusu u stalnom procesu transformacije i rasta\u201c, najavila je ravnateljica rije\u010dkog Baleta Ma\u0161a Kolar.<\/p>\n<p style=\"text-align: justify;\">Baletna ve\u010der zami\u0161ljena kao obnova nekih od najuspje\u0161nijih koreografija na repertoaru rije\u010dkog Baleta, u drugom dijelu donosi nova djela koja \u0107e demonstrirati ljepotu i snagu plesa\u010dkog tijela, pokreta i geste, te karakter rije\u010dkog baletnog ansambla, u suradnji s nekima od najve\u0107ih koreografskih majstora dana\u0161njice.<\/p>\n<p style=\"text-align: justify;\">Prvi dio ve\u010deri \u010dine redom: isje\u010dak iz baleta \u201eRossini Cards\u201c koreografa Maura Bigonzettija na glazbu Gioachina Rossinija, \u201eAllegro\u201c Ma\u0161e Kolar na glazbu Ludwiga van Beethovena, duet iz \u201eOdiseje\u201c Waltera Matteinija i Ine Broeckx na glazbu \u00d3lafura Arnaldsa te \u201eBolero\u201c Andonisa Foniadakisa na \u010duvenu Ravelovu glazbu.<\/p>\n<p style=\"text-align: justify;\">Drugi pak dio donosi tri nove koreografije: \u201en(u\/o)minous\u201c Ludmile Komkove na glazbu Daryla Griffitha, Olivera Davisa, Kerenze Peacock, Huwa Watkinsakoreografa Nadava Zelnera i Bradleyja Farmera, duet iz \u201e\u017dar ptice\u201c Igora Stravinskog u koreografiji Marca Goeckea te \u201eMedium rare\u201c\u00a0 na glazbu turskog kantautora Kazima Koyuncua i tradicionalnu gregorijansku glazbu.<\/p>\n<p style=\"text-align: justify;\">Njema\u010dki koreograf Marco Goecke smatra se jednim od najve\u0107ih koreografskih otkri\u0107a 21. stolje\u0107a i\u00a0 nedvojbeno je jedan od najpriznatijih koreografa ovog trenutka u me\u0111unarodnom plesnom svijetu koji svoju umjetni\u010dku viziju slijedi bez kompromisa Njegove su koreografije senzacionalno neo\u010dekivane i inovativne, a vokabular pokreta jedinstven. U atmosferi punoj sugestije i magije, doti\u010de gledatelja duboko u nutrinu. Za svoj rad dobio je brojne me\u0111unarodne nagrade, uklju\u010duju\u0107i Prix Dom Perignon 2003., Nagradu za kulturu pokrajine Baden-W\u00fcrttemberg 2005., Nagradu \u201eNijinsky\u201c 2006,., nizozemsku plesnu nagradu Zwaan i talijansku nagradu Danzadanza 2017. Godine 2017. kao i 2021. progla\u0161en je koreografom godine prema anketi me\u0111unarodne kritike \u010dasopisa \u201eTanz\u201c. Godine 2022. dobio je Kylianov prsten.<\/p>\n<p style=\"text-align: justify;\">Jedan od trenutno najzanimljivijih koreografa u svijetu svakako je i Izrealac Nadav Zelner koji odva\u017eno osvaja svijet suvremenog plesa. Nerijetko stvara pod od utjecajem popularne kulture, a njegova visokoestetizirana i provokativna djela obilje\u017eavaju i neo\u010dekivani izbori glazbe. U svoj svijet uvodi jedinstvenim, svje\u017eim i o\u010daravaju\u0107im, nerijetko munjevito brzim, plesnim jezikom. Koreografira za plesne trupe diljem svijeta: koreografirao je, izme\u0111u ostalih, i za Batcheva Dance Company, Gautier Dance Company, St. Gallen Theatre, Stanislavsky Ballet, Augsburg Ballet, Introdans, Stadttheater Bremerhaven, Kinesku me\u0111unarodnu baletnu kompaniju Chongging. Na osobni poziv primabalerine Ekaterine \u0160ipuline iz Bolj\u0161oj baleta, Nadav je za nju osmislio solo pod nazivom \u201eIkra\u201d.<\/p>\n<p style=\"text-align: justify;\">U \u201eTransParadi\u201c sudjeluje cijeli baletni ansambl rije\u010dkog \u201eZajca\u201c: Maria Matarranz de las Herras, Maria Del Mar Hernandez, Soyoka Iwata, Marta Kanazir, Tea Ru\u0161in, Marta Voinea \u010cavrak, Milica Mu\u010dibabi\u0107, Ksenija Krutova, Laura Orli\u0107, Michele Pastorini, Valentin Chou, Ali Tabbouch, Nicola Prato, Jody Bet, Noa Siluvangi, Antoine Salle, Leonardo De Santis, \u00c0lvaro Olmedo, Thomas Kr\u00e4henb\u00fchl, Anna Zardi, Farah Van Bulck, Alejandro Polo i Janne Boere.<\/p>\n<p style=\"text-align: justify;\">Nakon premijerne \u0107e izvedbe biti dodijeljene nagrade publike za najbolja umjetni\u010dka ostvarenja u programu Baleta u sezoni 2021.\/2022.<\/p>\n<p style=\"text-align: justify;\">Reprizne su izvedbe \u201eTransParade\u201c na programu 3., 7., 8., 13., 14. i 15. listopada 2022.<\/p>\n<p style=\"text-align: justify;\">[izvor informacije\u00a0<a href=\"http:\/\/hnk-zajc.hr\/naslovnica\/\"><strong>HNK Ivan pl. Zajc<\/strong><\/a>]<\/p>\n<p style=\"text-align: justify;\"><iframe loading=\"lazy\" style=\"border: none; overflow: hidden;\" src=\"https:\/\/www.facebook.com\/plugins\/post.php?href=https%3A%2F%2Fwww.facebook.com%2FFILMmagnet%2Fposts%2Fpfbid02XBzGeogWd2rJcSK6chJFvvDmfGySbpf3n6q9t433MichjEJiMgGj6oHBHBAYDdTAl&amp;show_text=true&amp;width=500\" width=\"500\" height=\"684\" frameborder=\"0\" scrolling=\"no\" allowfullscreen=\"allowfullscreen\"><\/iframe><\/p>\n<div id=\"fb_share_1\" style=\"float: right; margin-left: 10px;\"><a name=\"fb_share\" type=\"box_count\" share_url=\"http:\/\/film-mag.net\/wp\/?p=49857\" href=\"http:\/\/www.facebook.com\/sharer.php\">Share<\/a><\/div><div><script src=\"http:\/\/static.ak.fbcdn.net\/connect.php\/js\/FB.Share\" type=\"text\/javascript\"><\/script><\/div><div style=\"clear:both\"><\/div>","protected":false},"excerpt":{"rendered":"<p>\u201eTransParada\u201c, u suradnji s najve\u0107im koreografima dana\u0161njice, otvara baletnu sezonu u \u201eZajcu\u201c Baletnu sezonu u rije\u010dkom HNK Ivana pl. Zajca otvorit \u0107e premijera predstave \u201eTransParada\u201cu subotu 1. listopada 2022. s po\u010detkom u 19.30 sati. \u201eTransParada\u201c je baletna ve\u010der koreografkinja i koreografa Maura Bigonzettija, Ma\u0161e Kolar, Waltera Matteinija i Ine Broeckx, Andonisa Foniadakisa, Ludmile Komkove, Marca [&hellip;]<\/p>\n","protected":false},"author":8,"featured_media":0,"comment_status":"closed","ping_status":"closed","sticky":false,"template":"","format":"standard","meta":{"_et_pb_use_builder":"","_et_pb_old_content":"","_et_gb_content_width":"","_editorskit_title_hidden":false,"_editorskit_reading_time":0,"_editorskit_is_block_options_detached":false,"_editorskit_block_options_position":"{}","footnotes":""},"categories":[33,10,279,17050],"tags":[1164,14948,13109,3397,7131,137,18000,662],"class_list":["post-49857","post","type-post","status-publish","format-standard","hentry","category-kazalisne-premijere","category-kazaliste","category-ples-kazaliste","category-press","tag-balet","tag-baletna-predstava","tag-baletna-premijera","tag-gioachino-rossini","tag-hnk-ivan-pl-zajc","tag-kazalisna-premijera","tag-mauro-bigonzetti","tag-rijeka"],"yoast_head":"<!-- This site is optimized with the Yoast SEO plugin v24.6 - https:\/\/yoast.com\/wordpress\/plugins\/seo\/ -->\n<title>Baletna predstava &#039;TransParada&#039; otvara baletnu sezonu u rije\u010dkom Zajcu - FILM-mag.net<\/title>\n<meta name=\"robots\" content=\"index, follow, max-snippet:-1, max-image-preview:large, max-video-preview:-1\" \/>\n<link rel=\"canonical\" href=\"http:\/\/film-mag.net\/wp\/?p=49857\" \/>\n<meta property=\"og:locale\" content=\"en_US\" \/>\n<meta property=\"og:type\" content=\"article\" \/>\n<meta property=\"og:title\" content=\"Baletna predstava &#039;TransParada&#039; otvara baletnu sezonu u rije\u010dkom Zajcu - FILM-mag.net\" \/>\n<meta property=\"og:description\" content=\"\u201eTransParada\u201c, u suradnji s najve\u0107im koreografima dana\u0161njice, otvara baletnu sezonu u \u201eZajcu\u201c Baletnu sezonu u rije\u010dkom HNK Ivana pl. Zajca otvorit \u0107e premijera predstave \u201eTransParada\u201cu subotu 1. listopada 2022. s po\u010detkom u 19.30 sati. \u201eTransParada\u201c je baletna ve\u010der koreografkinja i koreografa Maura Bigonzettija, Ma\u0161e Kolar, Waltera Matteinija i Ine Broeckx, Andonisa Foniadakisa, Ludmile Komkove, Marca [&hellip;]\" \/>\n<meta property=\"og:url\" content=\"http:\/\/film-mag.net\/wp\/?p=49857\" \/>\n<meta property=\"og:site_name\" content=\"FILM-mag.net\" \/>\n<meta property=\"article:published_time\" content=\"2022-09-29T21:10:50+00:00\" \/>\n<meta name=\"author\" content=\"PRESS\" \/>\n<meta name=\"twitter:card\" content=\"summary_large_image\" \/>\n<meta name=\"twitter:label1\" content=\"Written by\" \/>\n\t<meta name=\"twitter:data1\" content=\"PRESS\" \/>\n\t<meta name=\"twitter:label2\" content=\"Est. reading time\" \/>\n\t<meta name=\"twitter:data2\" content=\"4 minutes\" \/>\n<script type=\"application\/ld+json\" class=\"yoast-schema-graph\">{\"@context\":\"https:\/\/schema.org\",\"@graph\":[{\"@type\":\"WebPage\",\"@id\":\"http:\/\/film-mag.net\/wp\/?p=49857\",\"url\":\"http:\/\/film-mag.net\/wp\/?p=49857\",\"name\":\"Baletna predstava 'TransParada' otvara baletnu sezonu u rije\u010dkom Zajcu - FILM-mag.net\",\"isPartOf\":{\"@id\":\"http:\/\/film-mag.net\/wp\/#website\"},\"datePublished\":\"2022-09-29T21:10:50+00:00\",\"author\":{\"@id\":\"http:\/\/film-mag.net\/wp\/#\/schema\/person\/a8dd3a5b76a5bbde974e03510a205c2f\"},\"breadcrumb\":{\"@id\":\"http:\/\/film-mag.net\/wp\/?p=49857#breadcrumb\"},\"inLanguage\":\"en-US\",\"potentialAction\":[{\"@type\":\"ReadAction\",\"target\":[\"http:\/\/film-mag.net\/wp\/?p=49857\"]}]},{\"@type\":\"BreadcrumbList\",\"@id\":\"http:\/\/film-mag.net\/wp\/?p=49857#breadcrumb\",\"itemListElement\":[{\"@type\":\"ListItem\",\"position\":1,\"name\":\"Home\",\"item\":\"http:\/\/film-mag.net\/wp\/\"},{\"@type\":\"ListItem\",\"position\":2,\"name\":\"Baletna predstava &#8216;TransParada&#8217; otvara baletnu sezonu u rije\u010dkom Zajcu\"}]},{\"@type\":\"WebSite\",\"@id\":\"http:\/\/film-mag.net\/wp\/#website\",\"url\":\"http:\/\/film-mag.net\/wp\/\",\"name\":\"FILM-mag.net\",\"description\":\"Prvi hrvatski portal o filmu i filmu bliskim podru\u010djima kulture\",\"potentialAction\":[{\"@type\":\"SearchAction\",\"target\":{\"@type\":\"EntryPoint\",\"urlTemplate\":\"http:\/\/film-mag.net\/wp\/?s={search_term_string}\"},\"query-input\":{\"@type\":\"PropertyValueSpecification\",\"valueRequired\":true,\"valueName\":\"search_term_string\"}}],\"inLanguage\":\"en-US\"},{\"@type\":\"Person\",\"@id\":\"http:\/\/film-mag.net\/wp\/#\/schema\/person\/a8dd3a5b76a5bbde974e03510a205c2f\",\"name\":\"PRESS\",\"image\":{\"@type\":\"ImageObject\",\"inLanguage\":\"en-US\",\"@id\":\"http:\/\/film-mag.net\/wp\/#\/schema\/person\/image\/\",\"url\":\"https:\/\/secure.gravatar.com\/avatar\/bf4ab1626f485b36c4f3650b1d351839?s=96&d=mm&r=g\",\"contentUrl\":\"https:\/\/secure.gravatar.com\/avatar\/bf4ab1626f485b36c4f3650b1d351839?s=96&d=mm&r=g\",\"caption\":\"PRESS\"},\"url\":\"http:\/\/film-mag.net\/wp\/?author=8\"}]}<\/script>\n<!-- \/ Yoast SEO plugin. -->","yoast_head_json":{"title":"Baletna predstava 'TransParada' otvara baletnu sezonu u rije\u010dkom Zajcu - FILM-mag.net","robots":{"index":"index","follow":"follow","max-snippet":"max-snippet:-1","max-image-preview":"max-image-preview:large","max-video-preview":"max-video-preview:-1"},"canonical":"http:\/\/film-mag.net\/wp\/?p=49857","og_locale":"en_US","og_type":"article","og_title":"Baletna predstava 'TransParada' otvara baletnu sezonu u rije\u010dkom Zajcu - FILM-mag.net","og_description":"\u201eTransParada\u201c, u suradnji s najve\u0107im koreografima dana\u0161njice, otvara baletnu sezonu u \u201eZajcu\u201c Baletnu sezonu u rije\u010dkom HNK Ivana pl. Zajca otvorit \u0107e premijera predstave \u201eTransParada\u201cu subotu 1. listopada 2022. s po\u010detkom u 19.30 sati. \u201eTransParada\u201c je baletna ve\u010der koreografkinja i koreografa Maura Bigonzettija, Ma\u0161e Kolar, Waltera Matteinija i Ine Broeckx, Andonisa Foniadakisa, Ludmile Komkove, Marca [&hellip;]","og_url":"http:\/\/film-mag.net\/wp\/?p=49857","og_site_name":"FILM-mag.net","article_published_time":"2022-09-29T21:10:50+00:00","author":"PRESS","twitter_card":"summary_large_image","twitter_misc":{"Written by":"PRESS","Est. reading time":"4 minutes"},"schema":{"@context":"https:\/\/schema.org","@graph":[{"@type":"WebPage","@id":"http:\/\/film-mag.net\/wp\/?p=49857","url":"http:\/\/film-mag.net\/wp\/?p=49857","name":"Baletna predstava 'TransParada' otvara baletnu sezonu u rije\u010dkom Zajcu - FILM-mag.net","isPartOf":{"@id":"http:\/\/film-mag.net\/wp\/#website"},"datePublished":"2022-09-29T21:10:50+00:00","author":{"@id":"http:\/\/film-mag.net\/wp\/#\/schema\/person\/a8dd3a5b76a5bbde974e03510a205c2f"},"breadcrumb":{"@id":"http:\/\/film-mag.net\/wp\/?p=49857#breadcrumb"},"inLanguage":"en-US","potentialAction":[{"@type":"ReadAction","target":["http:\/\/film-mag.net\/wp\/?p=49857"]}]},{"@type":"BreadcrumbList","@id":"http:\/\/film-mag.net\/wp\/?p=49857#breadcrumb","itemListElement":[{"@type":"ListItem","position":1,"name":"Home","item":"http:\/\/film-mag.net\/wp\/"},{"@type":"ListItem","position":2,"name":"Baletna predstava &#8216;TransParada&#8217; otvara baletnu sezonu u rije\u010dkom Zajcu"}]},{"@type":"WebSite","@id":"http:\/\/film-mag.net\/wp\/#website","url":"http:\/\/film-mag.net\/wp\/","name":"FILM-mag.net","description":"Prvi hrvatski portal o filmu i filmu bliskim podru\u010djima kulture","potentialAction":[{"@type":"SearchAction","target":{"@type":"EntryPoint","urlTemplate":"http:\/\/film-mag.net\/wp\/?s={search_term_string}"},"query-input":{"@type":"PropertyValueSpecification","valueRequired":true,"valueName":"search_term_string"}}],"inLanguage":"en-US"},{"@type":"Person","@id":"http:\/\/film-mag.net\/wp\/#\/schema\/person\/a8dd3a5b76a5bbde974e03510a205c2f","name":"PRESS","image":{"@type":"ImageObject","inLanguage":"en-US","@id":"http:\/\/film-mag.net\/wp\/#\/schema\/person\/image\/","url":"https:\/\/secure.gravatar.com\/avatar\/bf4ab1626f485b36c4f3650b1d351839?s=96&d=mm&r=g","contentUrl":"https:\/\/secure.gravatar.com\/avatar\/bf4ab1626f485b36c4f3650b1d351839?s=96&d=mm&r=g","caption":"PRESS"},"url":"http:\/\/film-mag.net\/wp\/?author=8"}]}},"_links":{"self":[{"href":"http:\/\/film-mag.net\/wp\/index.php?rest_route=\/wp\/v2\/posts\/49857","targetHints":{"allow":["GET"]}}],"collection":[{"href":"http:\/\/film-mag.net\/wp\/index.php?rest_route=\/wp\/v2\/posts"}],"about":[{"href":"http:\/\/film-mag.net\/wp\/index.php?rest_route=\/wp\/v2\/types\/post"}],"author":[{"embeddable":true,"href":"http:\/\/film-mag.net\/wp\/index.php?rest_route=\/wp\/v2\/users\/8"}],"replies":[{"embeddable":true,"href":"http:\/\/film-mag.net\/wp\/index.php?rest_route=%2Fwp%2Fv2%2Fcomments&post=49857"}],"version-history":[{"count":1,"href":"http:\/\/film-mag.net\/wp\/index.php?rest_route=\/wp\/v2\/posts\/49857\/revisions"}],"predecessor-version":[{"id":49858,"href":"http:\/\/film-mag.net\/wp\/index.php?rest_route=\/wp\/v2\/posts\/49857\/revisions\/49858"}],"wp:attachment":[{"href":"http:\/\/film-mag.net\/wp\/index.php?rest_route=%2Fwp%2Fv2%2Fmedia&parent=49857"}],"wp:term":[{"taxonomy":"category","embeddable":true,"href":"http:\/\/film-mag.net\/wp\/index.php?rest_route=%2Fwp%2Fv2%2Fcategories&post=49857"},{"taxonomy":"post_tag","embeddable":true,"href":"http:\/\/film-mag.net\/wp\/index.php?rest_route=%2Fwp%2Fv2%2Ftags&post=49857"}],"curies":[{"name":"wp","href":"https:\/\/api.w.org\/{rel}","templated":true}]}}