{"id":47312,"date":"2021-12-06T16:52:18","date_gmt":"2021-12-06T15:52:18","guid":{"rendered":"http:\/\/film-mag.net\/wp\/?p=47312"},"modified":"2021-12-06T16:52:18","modified_gmt":"2021-12-06T15:52:18","slug":"premijera-predstave-i-cyrano-i-djevojcica-u-rijeckom-hnk-u","status":"publish","type":"post","link":"http:\/\/film-mag.net\/wp\/?p=47312","title":{"rendered":"Premijera predstave &#8216;I Cyrano i djevoj\u010dica&#8217; u rije\u010dkom HNK-u"},"content":{"rendered":"<p style=\"text-align: justify;\"><b>PRVA RIJE\u010cKA PREDSTAVA LGBTQ+ TEMATIKE ZA MLADE: <\/b><b>\u201eI CYRANO I DJEVOJ\u010cICA\u201c PRU\u017dA PROSTOR LJUBAVI<\/b><\/p>\n<p style=\"text-align: justify;\">Prva rije\u010dka predstava LGBTQ+ tematike za mlade, ali i cijelu obitelj, &#8221;I Cyrano i djevoj\u010dica&#8221;, u re\u017eiji nagra\u0111ivanog argentinskog redatelja Guillerma Balda u produkciji Hrvatske drame HNK Ivana pl. Zajca bit \u0107e premijerno izvedena u utorak, 7. sije\u010dnja 2021. u 19 sati u Dram(m)a centru \u201eZajc\u201c (zgrada ex Ivexa). Rije\u010d je o po mnogo\u010demu neo\u010dekivanoj, druga\u010dijoj, latinoameri\u010dkoj adaptaciji &#8221;Cyrana de Bergeraca&#8221;, poznate drame Edmonda Rostanda. Predstava pri\u010da pri\u010du o Jeli koja se, prisje\u0107aju\u0107i se djetinjstva, prisje\u0107a i svoje ljubavne pri\u010de s najboljom prijateljicom. Ta ljubavna pri\u010da izrasta iz anonimnosti i iz sjene. Upravo je to tematski dodirna to\u010dka sa originalnim &#8221;Cyranom&#8221;, koji u slu\u010daju ove adaptacije, zadr\u017eavaju\u0107i osnovnu premisu, duboko propituje poimanje rodnih i spolnih identiteta te dru\u0161tvenih zadanosti.<\/p>\n<p style=\"text-align: justify;\"><img decoding=\"async\" style=\"border: none; width: 100%;\" src=\" https:\/\/hnk-zajc.hr\/wp-content\/uploads\/2021\/07\/cid_37744346-FE40-43D7-ACFA-22B9E770FA6E-715x575.jpg \" \/><\/p>\n<p style=\"text-align: justify;\">Fotografiju ustupio HNK Ivan pl. Zajc<\/p>\n<p style=\"text-align: justify;\">\u201cDjelo proizlazi iz istra\u017eivanja o pristupu tabu temama. Tekst &#8220;I Cyrano i djevoj\u010dica&#8221; bavi se ljubavnom pri\u010dom dviju djevoj\u010dica sa \u017eeljom da se prona\u0111e vi\u0161e prostora u kojima bi se djetinjstvo i mladost po\u0161tovali u svojoj slobodi i svoj svojoj raznolikosti. Bavi se samo jednom od tema koje svijet odraslih nastoji prekriti cenzurom u umjetnosti za djecu i mlade.\u201d, ka\u017ee Guillermo Baldo. \u201c Predstavu sam po\u010deo pisati sa \u017eeljom da stvorim kazali\u0161te kakvo bi mi puno pomoglo dok sam bio dijete te razmi\u0161ljaju\u0107i o onim mogu\u0107nostima koje su mi bile uskra\u0107ene ili odgo\u0111ene, ali i o onim prostorima koji su mi bili uto\u010di\u0161te i rov. Neki od tih prostora bili su kazali\u0161te i knji\u017eevnost. Dijalog sa &#8220;Cyranom&#8221; pojavljuje se jer me to djelo sna\u017eno dirnulo kada sam ga \u010ditao u dobi od 13 godina. Bilo je vrlo lako suosje\u0107ati s likom koji vjeruje da ne zaslu\u017euje biti voljen\u201d,<\/p>\n<p style=\"text-align: justify;\">Predstava pri\u010da pri\u010du o Jeli, koja kao ve\u0107 odrasla \u017eena u mislima obnavlja svoje djetinjstvo sje\u0107aju\u0107i se sebe kao djevoj\u010dice koja je ponekad bila i dje\u010dak. Naime, Jela, ba\u0161 kao Cyrano de Bergerac, svojoj prijateljici po\u010dinje\u00a0 pisati ljubavna pisma potpisuju\u0107i se mu\u0161kim imenom. Razmjena pisama sve je intenzivnija, a Jela se na\u0111e suo\u010dena s novim emocijama koje joj je te\u0161ko razumjeti.<\/p>\n<p style=\"text-align: justify;\">U predstavi igraju mlade rije\u010dke glumice Romina Tonkovi\u0107 (Jela) i Ana Marija Br\u0111anovi\u0107 (Roxana) a obje isti\u010du ponos \u0161to mogu sudjelovati u ovom va\u017enom projektu koji \u201cjako pametno i decentno progovara o LGBTQ+ temi te zapravo samo nagla\u0161ava ljepotu ljubavi\u201d te \u201csenzibilnoj i poeti\u010dnoj pri\u010di u kojoj je ljubav sna\u017ena i jednostavna.\u201d<\/p>\n<p style=\"text-align: justify;\">\u201cVa\u017eno je na ispravan na\u010din progovarati o razli\u010ditosti mla\u0111im generacijama, stoga toplo preporu\u010dam ovu predstavu ne samo djeci i mladima, nego i onima koji ih odgajaju. Pri\u010da je zaista divna jer je ujedno i poeti\u010dna i emotivna, ali i duhovita\u201d, ka\u017ee Romina Tonkovi\u0107.<\/p>\n<p style=\"text-align: justify;\">\u201cMo\u017eda je mladima ova tema bli\u017ea nego \u0161to mislimo, mo\u017eda njih ne treba samo educirati, mo\u017eda im vi\u0161e zna\u010di ako se mogu kroz neku kazali\u0161nu predstavu identificirati, osje\u0107ati manje usamljeno. Poruka predstave nije komplicirana, ne inzistira na stavu ve\u0107 pru\u017ea prostor za ljubav\u201d, nagla\u0161ava pak Ana Marija Br\u0111anovi\u0107.<\/p>\n<p style=\"text-align: justify;\">Predstava je nastala u koprodukciji sa zagreba\u010dkim Teatrom Poco Loco i u suradnji s Rije\u010dkim kazali\u0161tem mladih \u201cKamov\u201d.<\/p>\n<p style=\"text-align: justify;\">Scenografiju potpisuju Agostina Barbarini i Guillermo Baldo, kostimografkinja je Yanina Pastor, skladatelji Luisana Lipchak i Franco DallAmore, a oblikovatelj svjetla Daniel Maluf. Kostime je prilagodila Manuela Paladin \u0160abanovi\u0107, a scenografiju Ivan Boti\u010dki. Prevoditeljica je Nikolina Zidek.<\/p>\n<p style=\"text-align: justify;\">Tekst \u201eI Cyrano i djevoj\u010dica\u201d Guillerma Balda osvojio je Grand prix na Dr\u017eavnom natje\u010daju za dramski tekst za kazali\u0161te za djecu Argentinskog kazali\u0161nog instituta. I tekst, a potom i tamo\u0161nja predstava vi\u0161estruko su nagra\u0111ivani\u00a0 u Argentini, izme\u0111u ostalih predstavi su dodijeljene Nagrada za najbolju predstavu za djecu i Nagrada za najbolju dramaturgiju \u2013 Premios Provinciales de Teatro (2021.), Priznanje Nacionalnog kazali\u0161nog instituta Argentine na 21. dr\u017eavnom natjecanju predstava za mlade (2018.) i druge.<\/p>\n<p style=\"text-align: justify;\">[izvor informacije\u00a0<a href=\"http:\/\/hnk-zajc.hr\/naslovnica\/\"><strong>HNK Ivan pl. Zajc<\/strong><\/a>]<\/p>\n<p style=\"text-align: justify;\"><iframe loading=\"lazy\" style=\"border: none; overflow: hidden;\" src=\"https:\/\/www.facebook.com\/plugins\/post.php?href=https%3A%2F%2Fwww.facebook.com%2FFILMmagnet%2Fposts%2F4795505927154709&amp;show_text=true&amp;width=500\" width=\"500\" height=\"609\" frameborder=\"0\" scrolling=\"no\" allowfullscreen=\"allowfullscreen\"><\/iframe><\/p>\n<div id=\"fb_share_1\" style=\"float: right; margin-left: 10px;\"><a name=\"fb_share\" type=\"box_count\" share_url=\"http:\/\/film-mag.net\/wp\/?p=47312\" href=\"http:\/\/www.facebook.com\/sharer.php\">Share<\/a><\/div><div><script src=\"http:\/\/static.ak.fbcdn.net\/connect.php\/js\/FB.Share\" type=\"text\/javascript\"><\/script><\/div><div style=\"clear:both\"><\/div>","protected":false},"excerpt":{"rendered":"<p>PRVA RIJE\u010cKA PREDSTAVA LGBTQ+ TEMATIKE ZA MLADE: \u201eI CYRANO I DJEVOJ\u010cICA\u201c PRU\u017dA PROSTOR LJUBAVI Prva rije\u010dka predstava LGBTQ+ tematike za mlade, ali i cijelu obitelj, &#8221;I Cyrano i djevoj\u010dica&#8221;, u re\u017eiji nagra\u0111ivanog argentinskog redatelja Guillerma Balda u produkciji Hrvatske drame HNK Ivana pl. Zajca bit \u0107e premijerno izvedena u utorak, 7. sije\u010dnja 2021. u 19 [&hellip;]<\/p>\n","protected":false},"author":8,"featured_media":0,"comment_status":"closed","ping_status":"closed","sticky":false,"template":"","format":"standard","meta":{"_et_pb_use_builder":"","_et_pb_old_content":"","_et_gb_content_width":"","_editorskit_title_hidden":false,"_editorskit_reading_time":0,"_editorskit_is_block_options_detached":false,"_editorskit_block_options_position":"{}","footnotes":""},"categories":[33,10,17050],"tags":[16439,22734,22733,22735,7131,9673,137,22736,662,18443],"class_list":["post-47312","post","type-post","status-publish","format-standard","hentry","category-kazalisne-premijere","category-kazaliste","category-press","tag-ana-marija-brdanovic","tag-edmond-rostand","tag-edmond-rostand-guillermo-baldo","tag-guillermo-baldo","tag-hnk-ivan-pl-zajc","tag-kazalisna-koprodukcija","tag-kazalisna-premijera","tag-lgbtq","tag-rijeka","tag-romina-tonkovic"],"yoast_head":"<!-- This site is optimized with the Yoast SEO plugin v24.6 - https:\/\/yoast.com\/wordpress\/plugins\/seo\/ -->\n<title>Premijera predstave &#039;I Cyrano i djevoj\u010dica&#039; u rije\u010dkom HNK-u - FILM-mag.net<\/title>\n<meta name=\"robots\" content=\"index, follow, max-snippet:-1, max-image-preview:large, max-video-preview:-1\" \/>\n<link rel=\"canonical\" href=\"http:\/\/film-mag.net\/wp\/?p=47312\" \/>\n<meta property=\"og:locale\" content=\"en_US\" \/>\n<meta property=\"og:type\" content=\"article\" \/>\n<meta property=\"og:title\" content=\"Premijera predstave &#039;I Cyrano i djevoj\u010dica&#039; u rije\u010dkom HNK-u - FILM-mag.net\" \/>\n<meta property=\"og:description\" content=\"PRVA RIJE\u010cKA PREDSTAVA LGBTQ+ TEMATIKE ZA MLADE: \u201eI CYRANO I DJEVOJ\u010cICA\u201c PRU\u017dA PROSTOR LJUBAVI Prva rije\u010dka predstava LGBTQ+ tematike za mlade, ali i cijelu obitelj, &#8221;I Cyrano i djevoj\u010dica&#8221;, u re\u017eiji nagra\u0111ivanog argentinskog redatelja Guillerma Balda u produkciji Hrvatske drame HNK Ivana pl. Zajca bit \u0107e premijerno izvedena u utorak, 7. sije\u010dnja 2021. u 19 [&hellip;]\" \/>\n<meta property=\"og:url\" content=\"http:\/\/film-mag.net\/wp\/?p=47312\" \/>\n<meta property=\"og:site_name\" content=\"FILM-mag.net\" \/>\n<meta property=\"article:published_time\" content=\"2021-12-06T15:52:18+00:00\" \/>\n<meta name=\"author\" content=\"PRESS\" \/>\n<meta name=\"twitter:card\" content=\"summary_large_image\" \/>\n<meta name=\"twitter:label1\" content=\"Written by\" \/>\n\t<meta name=\"twitter:data1\" content=\"PRESS\" \/>\n\t<meta name=\"twitter:label2\" content=\"Est. reading time\" \/>\n\t<meta name=\"twitter:data2\" content=\"3 minutes\" \/>\n<script type=\"application\/ld+json\" class=\"yoast-schema-graph\">{\"@context\":\"https:\/\/schema.org\",\"@graph\":[{\"@type\":\"WebPage\",\"@id\":\"http:\/\/film-mag.net\/wp\/?p=47312\",\"url\":\"http:\/\/film-mag.net\/wp\/?p=47312\",\"name\":\"Premijera predstave 'I Cyrano i djevoj\u010dica' u rije\u010dkom HNK-u - FILM-mag.net\",\"isPartOf\":{\"@id\":\"http:\/\/film-mag.net\/wp\/#website\"},\"datePublished\":\"2021-12-06T15:52:18+00:00\",\"author\":{\"@id\":\"http:\/\/film-mag.net\/wp\/#\/schema\/person\/a8dd3a5b76a5bbde974e03510a205c2f\"},\"breadcrumb\":{\"@id\":\"http:\/\/film-mag.net\/wp\/?p=47312#breadcrumb\"},\"inLanguage\":\"en-US\",\"potentialAction\":[{\"@type\":\"ReadAction\",\"target\":[\"http:\/\/film-mag.net\/wp\/?p=47312\"]}]},{\"@type\":\"BreadcrumbList\",\"@id\":\"http:\/\/film-mag.net\/wp\/?p=47312#breadcrumb\",\"itemListElement\":[{\"@type\":\"ListItem\",\"position\":1,\"name\":\"Home\",\"item\":\"http:\/\/film-mag.net\/wp\/\"},{\"@type\":\"ListItem\",\"position\":2,\"name\":\"Premijera predstave &#8216;I Cyrano i djevoj\u010dica&#8217; u rije\u010dkom HNK-u\"}]},{\"@type\":\"WebSite\",\"@id\":\"http:\/\/film-mag.net\/wp\/#website\",\"url\":\"http:\/\/film-mag.net\/wp\/\",\"name\":\"FILM-mag.net\",\"description\":\"Prvi hrvatski portal o filmu i filmu bliskim podru\u010djima kulture\",\"potentialAction\":[{\"@type\":\"SearchAction\",\"target\":{\"@type\":\"EntryPoint\",\"urlTemplate\":\"http:\/\/film-mag.net\/wp\/?s={search_term_string}\"},\"query-input\":{\"@type\":\"PropertyValueSpecification\",\"valueRequired\":true,\"valueName\":\"search_term_string\"}}],\"inLanguage\":\"en-US\"},{\"@type\":\"Person\",\"@id\":\"http:\/\/film-mag.net\/wp\/#\/schema\/person\/a8dd3a5b76a5bbde974e03510a205c2f\",\"name\":\"PRESS\",\"image\":{\"@type\":\"ImageObject\",\"inLanguage\":\"en-US\",\"@id\":\"http:\/\/film-mag.net\/wp\/#\/schema\/person\/image\/\",\"url\":\"https:\/\/secure.gravatar.com\/avatar\/bf4ab1626f485b36c4f3650b1d351839?s=96&d=mm&r=g\",\"contentUrl\":\"https:\/\/secure.gravatar.com\/avatar\/bf4ab1626f485b36c4f3650b1d351839?s=96&d=mm&r=g\",\"caption\":\"PRESS\"},\"url\":\"http:\/\/film-mag.net\/wp\/?author=8\"}]}<\/script>\n<!-- \/ Yoast SEO plugin. -->","yoast_head_json":{"title":"Premijera predstave 'I Cyrano i djevoj\u010dica' u rije\u010dkom HNK-u - FILM-mag.net","robots":{"index":"index","follow":"follow","max-snippet":"max-snippet:-1","max-image-preview":"max-image-preview:large","max-video-preview":"max-video-preview:-1"},"canonical":"http:\/\/film-mag.net\/wp\/?p=47312","og_locale":"en_US","og_type":"article","og_title":"Premijera predstave 'I Cyrano i djevoj\u010dica' u rije\u010dkom HNK-u - FILM-mag.net","og_description":"PRVA RIJE\u010cKA PREDSTAVA LGBTQ+ TEMATIKE ZA MLADE: \u201eI CYRANO I DJEVOJ\u010cICA\u201c PRU\u017dA PROSTOR LJUBAVI Prva rije\u010dka predstava LGBTQ+ tematike za mlade, ali i cijelu obitelj, &#8221;I Cyrano i djevoj\u010dica&#8221;, u re\u017eiji nagra\u0111ivanog argentinskog redatelja Guillerma Balda u produkciji Hrvatske drame HNK Ivana pl. Zajca bit \u0107e premijerno izvedena u utorak, 7. sije\u010dnja 2021. u 19 [&hellip;]","og_url":"http:\/\/film-mag.net\/wp\/?p=47312","og_site_name":"FILM-mag.net","article_published_time":"2021-12-06T15:52:18+00:00","author":"PRESS","twitter_card":"summary_large_image","twitter_misc":{"Written by":"PRESS","Est. reading time":"3 minutes"},"schema":{"@context":"https:\/\/schema.org","@graph":[{"@type":"WebPage","@id":"http:\/\/film-mag.net\/wp\/?p=47312","url":"http:\/\/film-mag.net\/wp\/?p=47312","name":"Premijera predstave 'I Cyrano i djevoj\u010dica' u rije\u010dkom HNK-u - FILM-mag.net","isPartOf":{"@id":"http:\/\/film-mag.net\/wp\/#website"},"datePublished":"2021-12-06T15:52:18+00:00","author":{"@id":"http:\/\/film-mag.net\/wp\/#\/schema\/person\/a8dd3a5b76a5bbde974e03510a205c2f"},"breadcrumb":{"@id":"http:\/\/film-mag.net\/wp\/?p=47312#breadcrumb"},"inLanguage":"en-US","potentialAction":[{"@type":"ReadAction","target":["http:\/\/film-mag.net\/wp\/?p=47312"]}]},{"@type":"BreadcrumbList","@id":"http:\/\/film-mag.net\/wp\/?p=47312#breadcrumb","itemListElement":[{"@type":"ListItem","position":1,"name":"Home","item":"http:\/\/film-mag.net\/wp\/"},{"@type":"ListItem","position":2,"name":"Premijera predstave &#8216;I Cyrano i djevoj\u010dica&#8217; u rije\u010dkom HNK-u"}]},{"@type":"WebSite","@id":"http:\/\/film-mag.net\/wp\/#website","url":"http:\/\/film-mag.net\/wp\/","name":"FILM-mag.net","description":"Prvi hrvatski portal o filmu i filmu bliskim podru\u010djima kulture","potentialAction":[{"@type":"SearchAction","target":{"@type":"EntryPoint","urlTemplate":"http:\/\/film-mag.net\/wp\/?s={search_term_string}"},"query-input":{"@type":"PropertyValueSpecification","valueRequired":true,"valueName":"search_term_string"}}],"inLanguage":"en-US"},{"@type":"Person","@id":"http:\/\/film-mag.net\/wp\/#\/schema\/person\/a8dd3a5b76a5bbde974e03510a205c2f","name":"PRESS","image":{"@type":"ImageObject","inLanguage":"en-US","@id":"http:\/\/film-mag.net\/wp\/#\/schema\/person\/image\/","url":"https:\/\/secure.gravatar.com\/avatar\/bf4ab1626f485b36c4f3650b1d351839?s=96&d=mm&r=g","contentUrl":"https:\/\/secure.gravatar.com\/avatar\/bf4ab1626f485b36c4f3650b1d351839?s=96&d=mm&r=g","caption":"PRESS"},"url":"http:\/\/film-mag.net\/wp\/?author=8"}]}},"_links":{"self":[{"href":"http:\/\/film-mag.net\/wp\/index.php?rest_route=\/wp\/v2\/posts\/47312","targetHints":{"allow":["GET"]}}],"collection":[{"href":"http:\/\/film-mag.net\/wp\/index.php?rest_route=\/wp\/v2\/posts"}],"about":[{"href":"http:\/\/film-mag.net\/wp\/index.php?rest_route=\/wp\/v2\/types\/post"}],"author":[{"embeddable":true,"href":"http:\/\/film-mag.net\/wp\/index.php?rest_route=\/wp\/v2\/users\/8"}],"replies":[{"embeddable":true,"href":"http:\/\/film-mag.net\/wp\/index.php?rest_route=%2Fwp%2Fv2%2Fcomments&post=47312"}],"version-history":[{"count":1,"href":"http:\/\/film-mag.net\/wp\/index.php?rest_route=\/wp\/v2\/posts\/47312\/revisions"}],"predecessor-version":[{"id":47313,"href":"http:\/\/film-mag.net\/wp\/index.php?rest_route=\/wp\/v2\/posts\/47312\/revisions\/47313"}],"wp:attachment":[{"href":"http:\/\/film-mag.net\/wp\/index.php?rest_route=%2Fwp%2Fv2%2Fmedia&parent=47312"}],"wp:term":[{"taxonomy":"category","embeddable":true,"href":"http:\/\/film-mag.net\/wp\/index.php?rest_route=%2Fwp%2Fv2%2Fcategories&post=47312"},{"taxonomy":"post_tag","embeddable":true,"href":"http:\/\/film-mag.net\/wp\/index.php?rest_route=%2Fwp%2Fv2%2Ftags&post=47312"}],"curies":[{"name":"wp","href":"https:\/\/api.w.org\/{rel}","templated":true}]}}