{"id":46494,"date":"2021-09-14T22:49:12","date_gmt":"2021-09-14T20:49:12","guid":{"rendered":"http:\/\/film-mag.net\/wp\/?p=46494"},"modified":"2021-09-14T22:49:12","modified_gmt":"2021-09-14T20:49:12","slug":"zavrsile-11-veceri-udaraljkasa-u-krizevcima","status":"publish","type":"post","link":"http:\/\/film-mag.net\/wp\/?p=46494","title":{"rendered":"Zavr\u0161ile 11. Ve\u010deri udaraljka\u0161a u Kri\u017eevcima"},"content":{"rendered":"<p style=\"text-align: justify;\"><strong>Nakon tri dana, u nedjelju 12. rujna 2021. , zavr\u0161ile su 11. po redu Ve\u010deri udaraljka\u0161a u Kri\u017eevcima, popularni VUK.<\/strong><\/p>\n<p style=\"text-align: justify;\">&#8220;VUK je zapo\u010deo stru\u010dnim skupom nastavnika udaraljki iz Hrvatske, a ve\u010dernjim koncertom predstavili su se mladi udaraljka\u0161i i udaraljka\u0161ice iz glazbenih \u0161kola u Rijeci, Makarskoj i Zagrebu koji su imali svega par dana da se pripreme od po\u010detka \u0161kolske godine. U svijet afrokubanskih udaraljki i ritmova kroz inspirativnu radionicu uveo nas je <strong>Hrvoje Rup\u010di\u0107<\/strong>, a osnove sviranja na bubnjevima razli\u010ditih glazbenih stilova prezentirao je <strong>Borna \u0160ercar<\/strong>. Beogradski udaraljka\u0161ki duo, <strong>Sr\u0111an Pala\u010dkovi\u0107<\/strong> i <strong>Nevena \u0110or\u0111evi\u0107<\/strong>, koncertom Ve\u010der s marimbom uklopili su se u ljetni ambijent atrija Likovne galerije Gradskog muzeja Kri\u017eevci, zahvaljujem Tei Hatadi na povjerenju.&#8221;, izjavio je tim povodom organizator VUK-a <strong>Josip Konfic<\/strong>.<\/p>\n<p style=\"text-align: justify;\"><img decoding=\"async\" style=\"border: none; width: 100%;\" src=\" https:\/\/www.krizevci.info\/wp-content\/uploads\/2020\/09\/119510523_1491111631096284_3768269039842445883_n.jpg \" \/><\/p>\n<p style=\"text-align: justify;\">Fotografija preuzeta s portala <a href=\"https:\/\/www.krizevci.info\/\"><strong>Krizevci.info<\/strong><\/a><\/p>\n<p style=\"text-align: justify;\">Nakon toga uslijedio je VUK Afterparty na kojem su Kri\u017eev\u010dani mogli degustirati razne sorte vina nagra\u0111ivane vinarije Koren te ve\u0107 sada popularno Kri\u017eeva\u010dko pivo, a DJ BariLikum prezentirao je udaraljke kroz popularne glazbene primjere rock, funk i etno stila. Ovogodi\u0161nji VUK zatvorio je mladi nastavnik udaraljki \u0160tefan \u0110urkovi\u0107 s gostima Lanom Ga\u0161pert za klavirom i Luisom Camacho Montealegreom na marimbi.<\/p>\n<p style=\"text-align: justify;\">&#8220;Zahvalio bih se suradnicima, ravnateljici glazbene \u0161kole Branki \u0160poljar, Hrvoju Belaniju i udruzi P.O.I.N.T. te gradona\u010delniku Mariju Rajnu na pokroviteljstvu. Ve\u0107 su po\u010dele pripreme za VUK 2022. s jo\u0161 bogatijim koncertnim programom i radionicama za sve uzraste!&#8221;, zaklju\u010dio je na kraju <strong>Konfic<\/strong>.<\/p>\n<p style=\"text-align: justify;\">Ve\u010deri udaraljka\u0161a u Kri\u017eevcima (VUK) nastale su 2011. s ciljem promoviranja hrvatske i strane udaraljka\u0161ke scene. VUK tako nudi vertikalni presjek udaraljka\u0161ke scene, od po\u010detnika u osnovnim glazbenim \u0161kolama, studenata na Muzi\u010dkim akademijama do eminentnih umjetnika i ansambala u Hrvatskoj i regiji. Osim koncerata tu su i besplatne udaraljka\u0161ke i bubnjarske radionice koje mahom vode priznati me\u0111unarodni glazbenici, a uz sve navedeno svima zainteresiranima na raspolaganju su i stru\u010dna predavanja. Organizatori Ve\u010deri udaraljka\u0161a su Glazbena \u0161kola Alberta \u0160trige Kri\u017eevci i kri\u017eeva\u010dka udruga P.O.I.N.T., a pokrovitelj Grad Kri\u017eevci.<\/p>\n<p style=\"text-align: justify;\"><strong>Facebook<\/strong> | <a href=\"https:\/\/www.facebook.com\/veceriudaraljkasa\">https:\/\/www.facebook.com\/veceriudaraljkasa<\/a><br \/>\n<strong>Instagram<\/strong> | <a href=\"https:\/\/www.instagram.com\/veceri_udaraljkasa_krizevci\/\">https:\/\/www.instagram.com\/veceri_udaraljkasa_krizevci\/<\/a><br \/>\n<strong>Web<\/strong> | <a href=\"https:\/\/www.udruga-point.hr\">https:\/\/www.udruga-point.hr<\/a>; <a href=\"https:\/\/glazbenaskolakrizevci.hr\">https:\/\/glazbenaskolakrizevci.hr<\/a>;<\/p>\n<p style=\"text-align: justify;\">[Izvor informacije <a href=\"https:\/\/web.facebook.com\/veceriudaraljkasa\/?_rdc=1&amp;_rdr\"><strong>Ve\u010deri udaraljka\u0161a Kri\u017eevci<\/strong><\/a>]<\/p>\n<p style=\"text-align: justify;\"><iframe loading=\"lazy\" style=\"border: none; overflow: hidden;\" src=\"https:\/\/www.facebook.com\/plugins\/post.php?href=https%3A%2F%2Fweb.facebook.com%2FFILMmagnet%2Fposts%2F4524648847573753&amp;show_text=true&amp;width=500\" width=\"500\" height=\"665\" frameborder=\"0\" scrolling=\"no\" allowfullscreen=\"allowfullscreen\"><\/iframe><\/p>\n<div id=\"fb_share_1\" style=\"float: right; margin-left: 10px;\"><a name=\"fb_share\" type=\"box_count\" share_url=\"http:\/\/film-mag.net\/wp\/?p=46494\" href=\"http:\/\/www.facebook.com\/sharer.php\">Share<\/a><\/div><div><script src=\"http:\/\/static.ak.fbcdn.net\/connect.php\/js\/FB.Share\" type=\"text\/javascript\"><\/script><\/div><div style=\"clear:both\"><\/div>","protected":false},"excerpt":{"rendered":"<p>Nakon tri dana, u nedjelju 12. rujna 2021. , zavr\u0161ile su 11. po redu Ve\u010deri udaraljka\u0161a u Kri\u017eevcima, popularni VUK. &#8220;VUK je zapo\u010deo stru\u010dnim skupom nastavnika udaraljki iz Hrvatske, a ve\u010dernjim koncertom predstavili su se mladi udaraljka\u0161i i udaraljka\u0161ice iz glazbenih \u0161kola u Rijeci, Makarskoj i Zagrebu koji su imali svega par dana da se [&hellip;]<\/p>\n","protected":false},"author":8,"featured_media":0,"comment_status":"closed","ping_status":"closed","sticky":false,"template":"","format":"standard","meta":{"_et_pb_use_builder":"","_et_pb_old_content":"","_et_gb_content_width":"","_editorskit_title_hidden":false,"_editorskit_reading_time":0,"_editorskit_is_block_options_detached":false,"_editorskit_block_options_position":"{}","footnotes":""},"categories":[11,474,29,17050],"tags":[17445,17727,22287,22288],"class_list":["post-46494","post","type-post","status-publish","format-standard","hentry","category-glazba","category-glazbene-vijesti","category-koncerti","category-press","tag-glazbeni-susreti","tag-krizevci","tag-udaraljke","tag-veceri-udaraljkasa-u-krizevcima-vuk"],"yoast_head":"<!-- This site is optimized with the Yoast SEO plugin v24.6 - https:\/\/yoast.com\/wordpress\/plugins\/seo\/ -->\n<title>Zavr\u0161ile 11. Ve\u010deri udaraljka\u0161a u Kri\u017eevcima - FILM-mag.net<\/title>\n<meta name=\"robots\" content=\"index, follow, max-snippet:-1, max-image-preview:large, max-video-preview:-1\" \/>\n<link rel=\"canonical\" href=\"http:\/\/film-mag.net\/wp\/?p=46494\" \/>\n<meta property=\"og:locale\" content=\"en_US\" \/>\n<meta property=\"og:type\" content=\"article\" \/>\n<meta property=\"og:title\" content=\"Zavr\u0161ile 11. Ve\u010deri udaraljka\u0161a u Kri\u017eevcima - FILM-mag.net\" \/>\n<meta property=\"og:description\" content=\"Nakon tri dana, u nedjelju 12. rujna 2021. , zavr\u0161ile su 11. po redu Ve\u010deri udaraljka\u0161a u Kri\u017eevcima, popularni VUK. &#8220;VUK je zapo\u010deo stru\u010dnim skupom nastavnika udaraljki iz Hrvatske, a ve\u010dernjim koncertom predstavili su se mladi udaraljka\u0161i i udaraljka\u0161ice iz glazbenih \u0161kola u Rijeci, Makarskoj i Zagrebu koji su imali svega par dana da se [&hellip;]\" \/>\n<meta property=\"og:url\" content=\"http:\/\/film-mag.net\/wp\/?p=46494\" \/>\n<meta property=\"og:site_name\" content=\"FILM-mag.net\" \/>\n<meta property=\"article:published_time\" content=\"2021-09-14T20:49:12+00:00\" \/>\n<meta name=\"author\" content=\"PRESS\" \/>\n<meta name=\"twitter:card\" content=\"summary_large_image\" \/>\n<meta name=\"twitter:label1\" content=\"Written by\" \/>\n\t<meta name=\"twitter:data1\" content=\"PRESS\" \/>\n\t<meta name=\"twitter:label2\" content=\"Est. reading time\" \/>\n\t<meta name=\"twitter:data2\" content=\"2 minutes\" \/>\n<script type=\"application\/ld+json\" class=\"yoast-schema-graph\">{\"@context\":\"https:\/\/schema.org\",\"@graph\":[{\"@type\":\"WebPage\",\"@id\":\"http:\/\/film-mag.net\/wp\/?p=46494\",\"url\":\"http:\/\/film-mag.net\/wp\/?p=46494\",\"name\":\"Zavr\u0161ile 11. Ve\u010deri udaraljka\u0161a u Kri\u017eevcima - FILM-mag.net\",\"isPartOf\":{\"@id\":\"http:\/\/film-mag.net\/wp\/#website\"},\"datePublished\":\"2021-09-14T20:49:12+00:00\",\"author\":{\"@id\":\"http:\/\/film-mag.net\/wp\/#\/schema\/person\/a8dd3a5b76a5bbde974e03510a205c2f\"},\"breadcrumb\":{\"@id\":\"http:\/\/film-mag.net\/wp\/?p=46494#breadcrumb\"},\"inLanguage\":\"en-US\",\"potentialAction\":[{\"@type\":\"ReadAction\",\"target\":[\"http:\/\/film-mag.net\/wp\/?p=46494\"]}]},{\"@type\":\"BreadcrumbList\",\"@id\":\"http:\/\/film-mag.net\/wp\/?p=46494#breadcrumb\",\"itemListElement\":[{\"@type\":\"ListItem\",\"position\":1,\"name\":\"Home\",\"item\":\"http:\/\/film-mag.net\/wp\/\"},{\"@type\":\"ListItem\",\"position\":2,\"name\":\"Zavr\u0161ile 11. Ve\u010deri udaraljka\u0161a u Kri\u017eevcima\"}]},{\"@type\":\"WebSite\",\"@id\":\"http:\/\/film-mag.net\/wp\/#website\",\"url\":\"http:\/\/film-mag.net\/wp\/\",\"name\":\"FILM-mag.net\",\"description\":\"Prvi hrvatski portal o filmu i filmu bliskim podru\u010djima kulture\",\"potentialAction\":[{\"@type\":\"SearchAction\",\"target\":{\"@type\":\"EntryPoint\",\"urlTemplate\":\"http:\/\/film-mag.net\/wp\/?s={search_term_string}\"},\"query-input\":{\"@type\":\"PropertyValueSpecification\",\"valueRequired\":true,\"valueName\":\"search_term_string\"}}],\"inLanguage\":\"en-US\"},{\"@type\":\"Person\",\"@id\":\"http:\/\/film-mag.net\/wp\/#\/schema\/person\/a8dd3a5b76a5bbde974e03510a205c2f\",\"name\":\"PRESS\",\"image\":{\"@type\":\"ImageObject\",\"inLanguage\":\"en-US\",\"@id\":\"http:\/\/film-mag.net\/wp\/#\/schema\/person\/image\/\",\"url\":\"https:\/\/secure.gravatar.com\/avatar\/bf4ab1626f485b36c4f3650b1d351839?s=96&d=mm&r=g\",\"contentUrl\":\"https:\/\/secure.gravatar.com\/avatar\/bf4ab1626f485b36c4f3650b1d351839?s=96&d=mm&r=g\",\"caption\":\"PRESS\"},\"url\":\"http:\/\/film-mag.net\/wp\/?author=8\"}]}<\/script>\n<!-- \/ Yoast SEO plugin. -->","yoast_head_json":{"title":"Zavr\u0161ile 11. Ve\u010deri udaraljka\u0161a u Kri\u017eevcima - FILM-mag.net","robots":{"index":"index","follow":"follow","max-snippet":"max-snippet:-1","max-image-preview":"max-image-preview:large","max-video-preview":"max-video-preview:-1"},"canonical":"http:\/\/film-mag.net\/wp\/?p=46494","og_locale":"en_US","og_type":"article","og_title":"Zavr\u0161ile 11. Ve\u010deri udaraljka\u0161a u Kri\u017eevcima - FILM-mag.net","og_description":"Nakon tri dana, u nedjelju 12. rujna 2021. , zavr\u0161ile su 11. po redu Ve\u010deri udaraljka\u0161a u Kri\u017eevcima, popularni VUK. &#8220;VUK je zapo\u010deo stru\u010dnim skupom nastavnika udaraljki iz Hrvatske, a ve\u010dernjim koncertom predstavili su se mladi udaraljka\u0161i i udaraljka\u0161ice iz glazbenih \u0161kola u Rijeci, Makarskoj i Zagrebu koji su imali svega par dana da se [&hellip;]","og_url":"http:\/\/film-mag.net\/wp\/?p=46494","og_site_name":"FILM-mag.net","article_published_time":"2021-09-14T20:49:12+00:00","author":"PRESS","twitter_card":"summary_large_image","twitter_misc":{"Written by":"PRESS","Est. reading time":"2 minutes"},"schema":{"@context":"https:\/\/schema.org","@graph":[{"@type":"WebPage","@id":"http:\/\/film-mag.net\/wp\/?p=46494","url":"http:\/\/film-mag.net\/wp\/?p=46494","name":"Zavr\u0161ile 11. Ve\u010deri udaraljka\u0161a u Kri\u017eevcima - FILM-mag.net","isPartOf":{"@id":"http:\/\/film-mag.net\/wp\/#website"},"datePublished":"2021-09-14T20:49:12+00:00","author":{"@id":"http:\/\/film-mag.net\/wp\/#\/schema\/person\/a8dd3a5b76a5bbde974e03510a205c2f"},"breadcrumb":{"@id":"http:\/\/film-mag.net\/wp\/?p=46494#breadcrumb"},"inLanguage":"en-US","potentialAction":[{"@type":"ReadAction","target":["http:\/\/film-mag.net\/wp\/?p=46494"]}]},{"@type":"BreadcrumbList","@id":"http:\/\/film-mag.net\/wp\/?p=46494#breadcrumb","itemListElement":[{"@type":"ListItem","position":1,"name":"Home","item":"http:\/\/film-mag.net\/wp\/"},{"@type":"ListItem","position":2,"name":"Zavr\u0161ile 11. Ve\u010deri udaraljka\u0161a u Kri\u017eevcima"}]},{"@type":"WebSite","@id":"http:\/\/film-mag.net\/wp\/#website","url":"http:\/\/film-mag.net\/wp\/","name":"FILM-mag.net","description":"Prvi hrvatski portal o filmu i filmu bliskim podru\u010djima kulture","potentialAction":[{"@type":"SearchAction","target":{"@type":"EntryPoint","urlTemplate":"http:\/\/film-mag.net\/wp\/?s={search_term_string}"},"query-input":{"@type":"PropertyValueSpecification","valueRequired":true,"valueName":"search_term_string"}}],"inLanguage":"en-US"},{"@type":"Person","@id":"http:\/\/film-mag.net\/wp\/#\/schema\/person\/a8dd3a5b76a5bbde974e03510a205c2f","name":"PRESS","image":{"@type":"ImageObject","inLanguage":"en-US","@id":"http:\/\/film-mag.net\/wp\/#\/schema\/person\/image\/","url":"https:\/\/secure.gravatar.com\/avatar\/bf4ab1626f485b36c4f3650b1d351839?s=96&d=mm&r=g","contentUrl":"https:\/\/secure.gravatar.com\/avatar\/bf4ab1626f485b36c4f3650b1d351839?s=96&d=mm&r=g","caption":"PRESS"},"url":"http:\/\/film-mag.net\/wp\/?author=8"}]}},"_links":{"self":[{"href":"http:\/\/film-mag.net\/wp\/index.php?rest_route=\/wp\/v2\/posts\/46494","targetHints":{"allow":["GET"]}}],"collection":[{"href":"http:\/\/film-mag.net\/wp\/index.php?rest_route=\/wp\/v2\/posts"}],"about":[{"href":"http:\/\/film-mag.net\/wp\/index.php?rest_route=\/wp\/v2\/types\/post"}],"author":[{"embeddable":true,"href":"http:\/\/film-mag.net\/wp\/index.php?rest_route=\/wp\/v2\/users\/8"}],"replies":[{"embeddable":true,"href":"http:\/\/film-mag.net\/wp\/index.php?rest_route=%2Fwp%2Fv2%2Fcomments&post=46494"}],"version-history":[{"count":1,"href":"http:\/\/film-mag.net\/wp\/index.php?rest_route=\/wp\/v2\/posts\/46494\/revisions"}],"predecessor-version":[{"id":46495,"href":"http:\/\/film-mag.net\/wp\/index.php?rest_route=\/wp\/v2\/posts\/46494\/revisions\/46495"}],"wp:attachment":[{"href":"http:\/\/film-mag.net\/wp\/index.php?rest_route=%2Fwp%2Fv2%2Fmedia&parent=46494"}],"wp:term":[{"taxonomy":"category","embeddable":true,"href":"http:\/\/film-mag.net\/wp\/index.php?rest_route=%2Fwp%2Fv2%2Fcategories&post=46494"},{"taxonomy":"post_tag","embeddable":true,"href":"http:\/\/film-mag.net\/wp\/index.php?rest_route=%2Fwp%2Fv2%2Ftags&post=46494"}],"curies":[{"name":"wp","href":"https:\/\/api.w.org\/{rel}","templated":true}]}}