{"id":43942,"date":"2020-10-23T19:15:48","date_gmt":"2020-10-23T17:15:48","guid":{"rendered":"http:\/\/film-mag.net\/wp\/?p=43942"},"modified":"2020-10-23T19:15:48","modified_gmt":"2020-10-23T17:15:48","slug":"program-povodom-svjetskog-dana-audiovizualne-bastine-ove-2020-godine-odrzava-se-online","status":"publish","type":"post","link":"http:\/\/film-mag.net\/wp\/?p=43942","title":{"rendered":"Program povodom Svjetskog dana audiovizualne ba\u0161tine ove 2020. godine odr\u017eava se online"},"content":{"rendered":"<p style=\"text-align: justify;\">Zbog potrebe ja\u010danja svijesti o va\u017enosti o\u010duvanja audiovizualne ba\u0161tine od <strong>26. do 31. listopada 2020.<\/strong> <strong>Kino mre\u017ea<\/strong> u partnerstvu s <strong>Hrvatskim dr\u017eavnim arhivom\/Hrvatskom kinotekom<\/strong> po \u010detvrti put odr\u017eat \u0107e program povodom <strong>Svjetskog dana audiovizualne ba\u0161tine<\/strong> koji se diljem svijeta tradicionalno obilje\u017eava od 2005. godine, kada ga je utemeljio UNESCO.<\/p>\n<p style=\"text-align: justify;\">S obzirom na nepovoljnu situaciju s pandemijom uzrokovanom virusom COVID-19 cijeli <strong>program odr\u017eat <\/strong>\u0107e se <strong>online<\/strong>, na <a href=\"https:\/\/vimeo.com\/kinomreza\">Vimeo kanalu Kino mre\u017ee<\/a>. Publika \u0107e tako mo\u0107i <strong>besplatno<\/strong> pogledati <strong>\u010detiri vrijedna filmska djela<\/strong>,<strong> arhivsko gradivo iz zbirki Hrvatskog dr\u017eavnog arhiva<\/strong>, dva srednjometra\u017ena i jedan dugometra\u017eni film za djecu te jedan omnibus za odraslu publiku.<\/p>\n<p style=\"text-align: justify;\"><img decoding=\"async\" style=\"border: none; width: 100%;\" src=\" http:\/\/kinomreza.hr\/wp-content\/uploads\/2020\/10\/web-950x390.jpg \" \/><\/p>\n<p style=\"text-align: justify;\">Iako su vrijedan povijesni izvor, audiovizualni zapisi (pokretne slike i snimljeni zvuk) u stalnoj su opasnosti od propadanja. Brojni materijali nepovratno su izgubljeni zbog zanemarivanja, prirodnog propadanja i tehnolo\u0161ke zastarjelosti. Upravo s toga, posebna pa\u017enja pridaje se podizanju svijesti o va\u017enosti audiovizualnih dokumenata kao sastavnog dijela nacionalnog identiteta svake zemlje te se upozorava na hitnu potrebu njihove za\u0161tite.<\/p>\n<p style=\"text-align: justify;\"><strong>Jurnjava za motorom<\/strong> (1959.) redatelja <strong>Branka Majera<\/strong> srednjometra\u017eni je film koji prati radoznalog dje\u010daka koji se uvali u nevolje kada prilikom posjete ro\u0111acima u na selu sjedne na motocikl koji se iznenada upali. Film je nastao na pri\u010di za djecu Jurnjava na motoru hrvatskog knji\u017eevnika <strong>Slavka Kolara<\/strong>, koji je napisao scenarij.<\/p>\n<p style=\"text-align: justify;\">Srednjometra\u017eni film <strong>Piko<\/strong> (1959.) <strong>Sre\u0107ka Weynganda<\/strong> donosi pri\u010du o \u010de\u017enji za roditeljskom nje\u017eno\u0161\u0107u dje\u010daka Pika \u010diji su roditelji stalno zaposleni i nemaju vremena za njega dovode do toga da Piko bje\u017ei od ku\u0107e u svijet gdje se realnost ulice ispreple\u0107e sa svijetom njegove ma\u0161te.<\/p>\n<p style=\"text-align: justify;\"><strong>Sinji galeb<\/strong> (1953.) prvijenac <strong>Branka Bauera<\/strong> ekranizacija je romana <strong>Dru\u017eina Sinjeg galeba<\/strong> (Bratov\u0161\u010dina Sinjega galeba) slovenskog pisca <strong>Tone Seli\u0161kara <\/strong>u kojem \u0107emo pratiti pustolovine dje\u010daka Ive koji uz pomo\u0107 prijatelja odlazi u avanturu \u010damcem na pu\u010dinu kako bi otplatio dug pokojnoga oca. Zavr\u0161iv\u0161i u rukama krijum\u010dara, dje\u010daci preuzimaju brod na kojemu su zato\u010deni te im se uspje\u0161no suprotstave, pritom otkriv\u0161i tajnu iz pro\u0161losti kapetana toga broda koja \u0107e Ivinog oca osloboditi duga.<\/p>\n<p style=\"text-align: justify;\">Omnibus <strong>Klju\u010d<\/strong> iz 1965. godine nastao je po ideji hrvatskog knji\u017eevnika, urednika, novinara i scenarista <strong>Fedora Vidasa<\/strong> u kojem su se po prvi puta u re\u017eiji igranog filma oku\u0161ale tada mlade nade <strong>Antun Vrdoljak<\/strong>, <strong>Krsto Papi\u0107 <\/strong>i<strong> Van\u010da Kljakovi\u0107<\/strong>:<\/p>\n<p style=\"text-align: justify;\"><strong>Duga ulica<\/strong> (Van\u010da Kljakovi\u0107) &#8211; Shvativ\u0161i kasno da je Vera izmislila pri\u010du o izgubljenom klju\u010du, samo da bi bila u njegovoj blizini, Borisu ostaje samo sje\u0107anje na jednu no\u0107, tokom koje nije uspio uspostaviti kontakt s toliko \u017eeljenom osobom; <strong>\u010cekati<\/strong> (Krsto Papi\u0107) &#8211; Smr\u0107u starice koja im je ostavila stan, Sanja i Ivan ne posti\u017eu sre\u0107u o kojoj su ma\u0161tali dok su bili bez stana: postaje im jasno da su \u017eeljeli smrt starice, koja ih je voljela\u2026; <strong>Poslije predstave<\/strong> (r: Antun Vrdoljak)\u00a0&#8211; Igrom slu\u010daja ostav\u0161i bez klju\u010da od stana, mu\u017e i \u017eena prezauzeti svakodnevnim poslovima, do\u017eivljavaju u hotelskoj sobi, jednu izuzetnu ljubavnu no\u0107, poslije koje je opet ujutro zapo\u010deo svakodnevni \u017eivot.<\/p>\n<p style=\"text-align: justify;\">Detalje o programu potra\u017eite na slu\u017ebenoj internetskoj stranici Kino mre\u017ee<strong> (<\/strong><a href=\"http:\/\/www.kinomreza.hr\">www.kinomreza.hr<\/a><strong>)<\/strong><\/p>\n<p style=\"text-align: justify;\">Program povodom Svjetskog dana audiovizualne ba\u0161tine odr\u017eava se u partnerstvu Kino mre\u017ee i Hrvatskog dr\u017eavnog arhiva\/Hrvatske kinoteke uz financijsku podr\u0161ku Zaklade Kultura nova i Hrvatskog audiovizualnog centra. Svi materijali koji se koriste za odr\u017eavanje programa arhivsko su gradivo iz zbirke Hrvatskog dr\u017eavnog arhiva.<\/p>\n<p style=\"text-align: justify;\">[izvor informacije <a href=\"http:\/\/kinomreza.hr\/\"><strong>Kino mre\u017ea<\/strong><\/a>]<\/p>\n<p style=\"text-align: justify;\"><strong><a href=\"https:\/\/www.facebook.com\/FILMmagnet\/posts\/3580248005347180\">Facebook<\/a><\/strong><\/p>\n<div id=\"fb_share_1\" style=\"float: right; margin-left: 10px;\"><a name=\"fb_share\" type=\"box_count\" share_url=\"http:\/\/film-mag.net\/wp\/?p=43942\" href=\"http:\/\/www.facebook.com\/sharer.php\">Share<\/a><\/div><div><script src=\"http:\/\/static.ak.fbcdn.net\/connect.php\/js\/FB.Share\" type=\"text\/javascript\"><\/script><\/div><div style=\"clear:both\"><\/div>","protected":false},"excerpt":{"rendered":"<p>Zbog potrebe ja\u010danja svijesti o va\u017enosti o\u010duvanja audiovizualne ba\u0161tine od 26. do 31. listopada 2020. Kino mre\u017ea u partnerstvu s Hrvatskim dr\u017eavnim arhivom\/Hrvatskom kinotekom po \u010detvrti put odr\u017eat \u0107e program povodom Svjetskog dana audiovizualne ba\u0161tine koji se diljem svijeta tradicionalno obilje\u017eava od 2005. godine, kada ga je utemeljio UNESCO. S obzirom na nepovoljnu situaciju s [&hellip;]<\/p>\n","protected":false},"author":8,"featured_media":0,"comment_status":"closed","ping_status":"closed","sticky":false,"template":"","format":"standard","meta":{"_et_pb_use_builder":"","_et_pb_old_content":"","_et_gb_content_width":"","_editorskit_title_hidden":false,"_editorskit_reading_time":0,"_editorskit_is_block_options_detached":false,"_editorskit_block_options_position":"{}","footnotes":""},"categories":[9,21,17050],"tags":[18752,15936,173,12506,5687,9803],"class_list":["post-43942","post","type-post","status-publish","format-standard","hentry","category-film","category-filmske-novosti","category-press","tag-hda","tag-hrvatski-drzavni-arhiv","tag-hrvatski-film","tag-kino-mreza","tag-online","tag-svjetski-dan-audiovizualne-bastine"],"yoast_head":"<!-- This site is optimized with the Yoast SEO plugin v24.6 - https:\/\/yoast.com\/wordpress\/plugins\/seo\/ -->\n<title>Program povodom Svjetskog dana audiovizualne ba\u0161tine ove 2020. godine odr\u017eava se online - FILM-mag.net<\/title>\n<meta name=\"robots\" content=\"index, follow, max-snippet:-1, max-image-preview:large, max-video-preview:-1\" \/>\n<link rel=\"canonical\" href=\"http:\/\/film-mag.net\/wp\/?p=43942\" \/>\n<meta property=\"og:locale\" content=\"en_US\" \/>\n<meta property=\"og:type\" content=\"article\" \/>\n<meta property=\"og:title\" content=\"Program povodom Svjetskog dana audiovizualne ba\u0161tine ove 2020. godine odr\u017eava se online - FILM-mag.net\" \/>\n<meta property=\"og:description\" content=\"Zbog potrebe ja\u010danja svijesti o va\u017enosti o\u010duvanja audiovizualne ba\u0161tine od 26. do 31. listopada 2020. Kino mre\u017ea u partnerstvu s Hrvatskim dr\u017eavnim arhivom\/Hrvatskom kinotekom po \u010detvrti put odr\u017eat \u0107e program povodom Svjetskog dana audiovizualne ba\u0161tine koji se diljem svijeta tradicionalno obilje\u017eava od 2005. godine, kada ga je utemeljio UNESCO. S obzirom na nepovoljnu situaciju s [&hellip;]\" \/>\n<meta property=\"og:url\" content=\"http:\/\/film-mag.net\/wp\/?p=43942\" \/>\n<meta property=\"og:site_name\" content=\"FILM-mag.net\" \/>\n<meta property=\"article:published_time\" content=\"2020-10-23T17:15:48+00:00\" \/>\n<meta name=\"author\" content=\"PRESS\" \/>\n<meta name=\"twitter:card\" content=\"summary_large_image\" \/>\n<meta name=\"twitter:label1\" content=\"Written by\" \/>\n\t<meta name=\"twitter:data1\" content=\"PRESS\" \/>\n\t<meta name=\"twitter:label2\" content=\"Est. reading time\" \/>\n\t<meta name=\"twitter:data2\" content=\"3 minutes\" \/>\n<script type=\"application\/ld+json\" class=\"yoast-schema-graph\">{\"@context\":\"https:\/\/schema.org\",\"@graph\":[{\"@type\":\"WebPage\",\"@id\":\"http:\/\/film-mag.net\/wp\/?p=43942\",\"url\":\"http:\/\/film-mag.net\/wp\/?p=43942\",\"name\":\"Program povodom Svjetskog dana audiovizualne ba\u0161tine ove 2020. godine odr\u017eava se online - FILM-mag.net\",\"isPartOf\":{\"@id\":\"http:\/\/film-mag.net\/wp\/#website\"},\"datePublished\":\"2020-10-23T17:15:48+00:00\",\"author\":{\"@id\":\"http:\/\/film-mag.net\/wp\/#\/schema\/person\/a8dd3a5b76a5bbde974e03510a205c2f\"},\"breadcrumb\":{\"@id\":\"http:\/\/film-mag.net\/wp\/?p=43942#breadcrumb\"},\"inLanguage\":\"en-US\",\"potentialAction\":[{\"@type\":\"ReadAction\",\"target\":[\"http:\/\/film-mag.net\/wp\/?p=43942\"]}]},{\"@type\":\"BreadcrumbList\",\"@id\":\"http:\/\/film-mag.net\/wp\/?p=43942#breadcrumb\",\"itemListElement\":[{\"@type\":\"ListItem\",\"position\":1,\"name\":\"Home\",\"item\":\"http:\/\/film-mag.net\/wp\/\"},{\"@type\":\"ListItem\",\"position\":2,\"name\":\"Program povodom Svjetskog dana audiovizualne ba\u0161tine ove 2020. godine odr\u017eava se online\"}]},{\"@type\":\"WebSite\",\"@id\":\"http:\/\/film-mag.net\/wp\/#website\",\"url\":\"http:\/\/film-mag.net\/wp\/\",\"name\":\"FILM-mag.net\",\"description\":\"Prvi hrvatski portal o filmu i filmu bliskim podru\u010djima kulture\",\"potentialAction\":[{\"@type\":\"SearchAction\",\"target\":{\"@type\":\"EntryPoint\",\"urlTemplate\":\"http:\/\/film-mag.net\/wp\/?s={search_term_string}\"},\"query-input\":{\"@type\":\"PropertyValueSpecification\",\"valueRequired\":true,\"valueName\":\"search_term_string\"}}],\"inLanguage\":\"en-US\"},{\"@type\":\"Person\",\"@id\":\"http:\/\/film-mag.net\/wp\/#\/schema\/person\/a8dd3a5b76a5bbde974e03510a205c2f\",\"name\":\"PRESS\",\"image\":{\"@type\":\"ImageObject\",\"inLanguage\":\"en-US\",\"@id\":\"http:\/\/film-mag.net\/wp\/#\/schema\/person\/image\/\",\"url\":\"https:\/\/secure.gravatar.com\/avatar\/bf4ab1626f485b36c4f3650b1d351839?s=96&d=mm&r=g\",\"contentUrl\":\"https:\/\/secure.gravatar.com\/avatar\/bf4ab1626f485b36c4f3650b1d351839?s=96&d=mm&r=g\",\"caption\":\"PRESS\"},\"url\":\"http:\/\/film-mag.net\/wp\/?author=8\"}]}<\/script>\n<!-- \/ Yoast SEO plugin. -->","yoast_head_json":{"title":"Program povodom Svjetskog dana audiovizualne ba\u0161tine ove 2020. godine odr\u017eava se online - FILM-mag.net","robots":{"index":"index","follow":"follow","max-snippet":"max-snippet:-1","max-image-preview":"max-image-preview:large","max-video-preview":"max-video-preview:-1"},"canonical":"http:\/\/film-mag.net\/wp\/?p=43942","og_locale":"en_US","og_type":"article","og_title":"Program povodom Svjetskog dana audiovizualne ba\u0161tine ove 2020. godine odr\u017eava se online - FILM-mag.net","og_description":"Zbog potrebe ja\u010danja svijesti o va\u017enosti o\u010duvanja audiovizualne ba\u0161tine od 26. do 31. listopada 2020. Kino mre\u017ea u partnerstvu s Hrvatskim dr\u017eavnim arhivom\/Hrvatskom kinotekom po \u010detvrti put odr\u017eat \u0107e program povodom Svjetskog dana audiovizualne ba\u0161tine koji se diljem svijeta tradicionalno obilje\u017eava od 2005. godine, kada ga je utemeljio UNESCO. S obzirom na nepovoljnu situaciju s [&hellip;]","og_url":"http:\/\/film-mag.net\/wp\/?p=43942","og_site_name":"FILM-mag.net","article_published_time":"2020-10-23T17:15:48+00:00","author":"PRESS","twitter_card":"summary_large_image","twitter_misc":{"Written by":"PRESS","Est. reading time":"3 minutes"},"schema":{"@context":"https:\/\/schema.org","@graph":[{"@type":"WebPage","@id":"http:\/\/film-mag.net\/wp\/?p=43942","url":"http:\/\/film-mag.net\/wp\/?p=43942","name":"Program povodom Svjetskog dana audiovizualne ba\u0161tine ove 2020. godine odr\u017eava se online - FILM-mag.net","isPartOf":{"@id":"http:\/\/film-mag.net\/wp\/#website"},"datePublished":"2020-10-23T17:15:48+00:00","author":{"@id":"http:\/\/film-mag.net\/wp\/#\/schema\/person\/a8dd3a5b76a5bbde974e03510a205c2f"},"breadcrumb":{"@id":"http:\/\/film-mag.net\/wp\/?p=43942#breadcrumb"},"inLanguage":"en-US","potentialAction":[{"@type":"ReadAction","target":["http:\/\/film-mag.net\/wp\/?p=43942"]}]},{"@type":"BreadcrumbList","@id":"http:\/\/film-mag.net\/wp\/?p=43942#breadcrumb","itemListElement":[{"@type":"ListItem","position":1,"name":"Home","item":"http:\/\/film-mag.net\/wp\/"},{"@type":"ListItem","position":2,"name":"Program povodom Svjetskog dana audiovizualne ba\u0161tine ove 2020. godine odr\u017eava se online"}]},{"@type":"WebSite","@id":"http:\/\/film-mag.net\/wp\/#website","url":"http:\/\/film-mag.net\/wp\/","name":"FILM-mag.net","description":"Prvi hrvatski portal o filmu i filmu bliskim podru\u010djima kulture","potentialAction":[{"@type":"SearchAction","target":{"@type":"EntryPoint","urlTemplate":"http:\/\/film-mag.net\/wp\/?s={search_term_string}"},"query-input":{"@type":"PropertyValueSpecification","valueRequired":true,"valueName":"search_term_string"}}],"inLanguage":"en-US"},{"@type":"Person","@id":"http:\/\/film-mag.net\/wp\/#\/schema\/person\/a8dd3a5b76a5bbde974e03510a205c2f","name":"PRESS","image":{"@type":"ImageObject","inLanguage":"en-US","@id":"http:\/\/film-mag.net\/wp\/#\/schema\/person\/image\/","url":"https:\/\/secure.gravatar.com\/avatar\/bf4ab1626f485b36c4f3650b1d351839?s=96&d=mm&r=g","contentUrl":"https:\/\/secure.gravatar.com\/avatar\/bf4ab1626f485b36c4f3650b1d351839?s=96&d=mm&r=g","caption":"PRESS"},"url":"http:\/\/film-mag.net\/wp\/?author=8"}]}},"_links":{"self":[{"href":"http:\/\/film-mag.net\/wp\/index.php?rest_route=\/wp\/v2\/posts\/43942","targetHints":{"allow":["GET"]}}],"collection":[{"href":"http:\/\/film-mag.net\/wp\/index.php?rest_route=\/wp\/v2\/posts"}],"about":[{"href":"http:\/\/film-mag.net\/wp\/index.php?rest_route=\/wp\/v2\/types\/post"}],"author":[{"embeddable":true,"href":"http:\/\/film-mag.net\/wp\/index.php?rest_route=\/wp\/v2\/users\/8"}],"replies":[{"embeddable":true,"href":"http:\/\/film-mag.net\/wp\/index.php?rest_route=%2Fwp%2Fv2%2Fcomments&post=43942"}],"version-history":[{"count":1,"href":"http:\/\/film-mag.net\/wp\/index.php?rest_route=\/wp\/v2\/posts\/43942\/revisions"}],"predecessor-version":[{"id":43943,"href":"http:\/\/film-mag.net\/wp\/index.php?rest_route=\/wp\/v2\/posts\/43942\/revisions\/43943"}],"wp:attachment":[{"href":"http:\/\/film-mag.net\/wp\/index.php?rest_route=%2Fwp%2Fv2%2Fmedia&parent=43942"}],"wp:term":[{"taxonomy":"category","embeddable":true,"href":"http:\/\/film-mag.net\/wp\/index.php?rest_route=%2Fwp%2Fv2%2Fcategories&post=43942"},{"taxonomy":"post_tag","embeddable":true,"href":"http:\/\/film-mag.net\/wp\/index.php?rest_route=%2Fwp%2Fv2%2Ftags&post=43942"}],"curies":[{"name":"wp","href":"https:\/\/api.w.org\/{rel}","templated":true}]}}