{"id":436,"date":"2012-03-26T19:42:36","date_gmt":"2012-03-26T17:42:36","guid":{"rendered":"http:\/\/film-mag.net\/wp\/?p=436"},"modified":"2012-04-08T23:13:48","modified_gmt":"2012-04-08T21:13:48","slug":"revije-philips-fashion-week-ljubljana","status":"publish","type":"post","link":"http:\/\/film-mag.net\/wp\/?p=436","title":{"rendered":"Revije &#8211; Philips Fashion Week Ljubljana 2012"},"content":{"rendered":"<div class=\"mceTemp\" style=\"text-align: justify;\"><span style=\"text-align: justify;\">U susjednoj nam<\/span><strong style=\"text-align: justify;\">\u00a0Sloveniji<\/strong><span style=\"text-align: justify;\">, u metropolitskoj\u00a0<\/span><strong style=\"text-align: justify;\">Ljubljani<\/strong><span style=\"text-align: justify;\">, u\u00a0<\/span><strong style=\"text-align: justify;\">Kinu \u0160i\u0161ka<\/strong><span style=\"text-align: justify;\">, idu\u0107i \u0107e se tjedan, od 2. do 4. travnja, odr\u017eati\u00a0<\/span><strong style=\"text-align: justify;\">Philips Fashion Week 2012.<\/strong><\/div>\n<p style=\"text-align: justify;\"><span style=\"text-align: justify;\"><strong><\/strong>Najvljivan kao najve\u0107i modni doga\u0111aj godine, PFW \u0107e\u00a0obuhvatiti veliki broj predavanja te modne revije mladih dizajnera, najboljih slovenskih dizajnera te radionicu modnog filma.<\/span><\/p>\n<div class=\"mceTemp\" style=\"text-align: justify;\">\n<dl id=\"attachment_437\" class=\"wp-caption alignnone\" style=\"width: 520px;\">\n<dt class=\"wp-caption-dt\"><a href=\"http:\/\/film-mag.net\/wp\/wp-content\/uploads\/2012\/03\/PFW2012.jpg\"><img loading=\"lazy\" decoding=\"async\" class=\" wp-image-437 \" title=\"Philips fashion week pomlad\/poletje 2012\" src=\"http:\/\/film-mag.net\/wp\/wp-content\/uploads\/2012\/03\/PFW2012.jpg\" alt=\"Philips fashion week pomlad\/poletje 2012\" width=\"510\" height=\"291\" \/><\/a><\/dt>\n<dd class=\"wp-caption-dd\">Philips fashion week pomlad\/poletje 2012<\/dd>\n<\/dl>\n<\/div>\n<p style=\"text-align: justify;\">Ove godine PFW biti \u0107e jedan dan dulji od pro\u0161logodi\u0161njeg.<\/p>\n<p style=\"text-align: justify;\">Ve\u0107 prvi dan, 2. travanja, predstavit \u0107e se se mlade modne nade, me\u0111u kojima prepoznajem nekoliko kolega s prve godine magistarskog stupnja Modnog oblikovanja a NTF:\u00a0Peter Movrin, Petja Zorec, Dajana Ljubi\u010di\u010d, An\u0111ela Lukanovi\u010d, Ana Jelini\u010d, Nena Florjan\u010di\u010d, Sanija Reja Aske, Katja Magister, Alice Bossman, Arijana Gad\u017eijev, Ivan Rocco. Ovom prilikom im \u017eelim puno uspjeha na reviji i daljnjem radu!<\/p>\n<p style=\"text-align: justify;\">U utorak i srijedu, 2. i 4. travnja, kolekcije \u0107e predstavti poznati slovenski modni kreatori s malo vi\u0161e &#8216;radnog sta\u017ea&#8217; (prisutne su i dvije profesorice Oblikovanja obla\u010dil na NTF): Ur\u0161a Drofenik, Simona Lampa, Maja \u0160tamol, Vladimira Kralj, Mire Mi\u0161ljena, Matev\u017e Faganela(m*faganel), Sanja Grci\u0107 (Firma), Nicola de Main, Aleksandra Brlan, Maja Ferma Fashion, Tanja Zorn, Dra\u017e Pletenin, Farandula, Almira Sadar, Simona Muc (Niti Niti), Maxi, JSP, Marjeta Gro\u0161elj, Zoran Garevski, Nina \u0160u\u0161njara, Nata\u0161a Hrupi\u010d, Akultura ter Nata\u0161a Per\u0161uh.<\/p>\n<p style=\"text-align: justify;\">U ponedjeljak \u0107e se u dvorani Komuna odr\u017eati okrugli stol na temu &#8216;DNA slovenskog modnog dizajna&#8217;, u utorak \u0107e se u prisutnosti\u00a0British Councila sa stru\u010dnjacima\u00a0Nikolo De Main, Fred Butler, Kathryn Ferguson odr\u017eati zanimljiva predavanja ne temu &#8216;Moda in posel ter uporaba filmov v modi&#8217;.<\/p>\n<p style=\"text-align: justify;\"><strong>Ulaz na predavanja i okrugli stol je slobodan.<\/strong><\/p>\n<p style=\"text-align: justify;\">U \u010detvrtak i petak odvijat \u0107e se radionica &#8216;Fashion film&#8217; na kojoj \u0107e sudjelovati 20ak studenata Naravoslovnotehni\u0161ke fakultete (NTF), Visoke \u0161kole za dizajn (V\u0160D) i Visoke \u0161kole za umetnost.<\/p>\n<p style=\"text-align: justify;\">Modne revije mo\u017eete izravno pratiti na internetskom portalu\u00a0<a href=\"http:\/\/elle.si\/FASHIONWEEK\" target=\"_blank\">ELLE.SI\/FASHIONWEEK<\/a>\u00a0i SIOL-u.<\/p>\n<p style=\"text-align: justify;\"><a href=\"http:\/\/www.elle.si\/media\/fashionweek\/Vabilo2012.html\"><img loading=\"lazy\" decoding=\"async\" class=\"aligncenter  wp-image-438\" title=\"PFW2012vabilo\" src=\"http:\/\/film-mag.net\/wp\/wp-content\/uploads\/2012\/03\/PFW2012vabilo.jpg\" alt=\"\" width=\"343\" height=\"248\" \/><\/a><\/p>\n<p style=\"text-align: justify;\">Linkovi<\/p>\n<p style=\"text-align: justify;\"><a href=\"www.elle.si\/fashionweek\">URADNA SPLETNA STRAN PHILIPS FASHION WEEK<\/a><\/p>\n<p style=\"text-align: justify;\"><a href=\"http:\/\/www.elle.si\/fashionweek\/urnik\/\">PROGRAM<\/a><\/p>\n<p style=\"text-align: justify;\"><a href=\"www.facebook.com\/FashionWeekSlovenia\">Facebook<\/a><\/p>\n<p style=\"text-align: justify;\"><a href=\"http:\/\/www.elle.si\/moda\/novice3\/promo-video-fashion-week\/\">VIDEO Teaser Fashion Week<\/a><\/p>\n<p style=\"text-align: justify;\">Ostali tekstovi<\/p>\n<p style=\"text-align: justify;\">Revije &#8211;\u00a0<a href=\"http:\/\/film-mag.net\/wp\/?p=718\">Philips Fashion Week Ljubljana 2012 &#8211; Zavr\u0161nica (Dan tre\u0107i)<\/a><\/p>\n<p style=\"text-align: justify;\">Revije &#8211;\u00a0<a href=\"http:\/\/film-mag.net\/wp\/?p=657\">Philips Fashion Week Ljubljana 2012 &#8211; Dan drugi<\/a><\/p>\n<p style=\"text-align: justify;\">Revije &#8211;\u00a0<a href=\"http:\/\/film-mag.net\/wp\/?p=643\">Philips Fashion Week Ljubljana 2012 &#8211; Dan prvi<\/a><\/p>\n<div id=\"fb_share_1\" style=\"float: right; margin-left: 10px;\"><a name=\"fb_share\" type=\"box_count\" share_url=\"http:\/\/film-mag.net\/wp\/?p=436\" href=\"http:\/\/www.facebook.com\/sharer.php\">Share<\/a><\/div><div><script src=\"http:\/\/static.ak.fbcdn.net\/connect.php\/js\/FB.Share\" type=\"text\/javascript\"><\/script><\/div><div style=\"clear:both\"><\/div>","protected":false},"excerpt":{"rendered":"<p>U susjednoj nam\u00a0Sloveniji, u metropolitskoj\u00a0Ljubljani, u\u00a0Kinu \u0160i\u0161ka, idu\u0107i \u0107e se tjedan, od 2. do 4. travnja, odr\u017eati\u00a0Philips Fashion Week 2012. Najvljivan kao najve\u0107i modni doga\u0111aj godine, PFW \u0107e\u00a0obuhvatiti veliki broj predavanja te modne revije mladih dizajnera, najboljih slovenskih dizajnera te radionicu modnog filma. Philips fashion week pomlad\/poletje 2012 Ove godine PFW biti \u0107e jedan dan [&hellip;]<\/p>\n","protected":false},"author":1,"featured_media":0,"comment_status":"closed","ping_status":"closed","sticky":false,"template":"","format":"standard","meta":{"_et_pb_use_builder":"","_et_pb_old_content":"","_et_gb_content_width":"","_editorskit_title_hidden":false,"_editorskit_reading_time":0,"_editorskit_is_block_options_detached":false,"_editorskit_block_options_position":"{}","footnotes":""},"categories":[4,170,14,46],"tags":[118,121,119,117,120],"class_list":["post-436","post","type-post","status-publish","format-standard","hentry","category-istaknuto","category-kalendar","category-moda","category-revije","tag-fashion-week","tag-kino-siska","tag-ljubljana","tag-philips","tag-slovenija"],"yoast_head":"<!-- This site is optimized with the Yoast SEO plugin v24.6 - https:\/\/yoast.com\/wordpress\/plugins\/seo\/ -->\n<title>Revije - Philips Fashion Week Ljubljana 2012 - FILM-mag.net<\/title>\n<meta name=\"robots\" content=\"index, follow, max-snippet:-1, max-image-preview:large, max-video-preview:-1\" \/>\n<link rel=\"canonical\" href=\"http:\/\/film-mag.net\/wp\/?p=436\" \/>\n<meta property=\"og:locale\" content=\"en_US\" \/>\n<meta property=\"og:type\" content=\"article\" \/>\n<meta property=\"og:title\" content=\"Revije - Philips Fashion Week Ljubljana 2012 - FILM-mag.net\" \/>\n<meta property=\"og:description\" content=\"U susjednoj nam\u00a0Sloveniji, u metropolitskoj\u00a0Ljubljani, u\u00a0Kinu \u0160i\u0161ka, idu\u0107i \u0107e se tjedan, od 2. do 4. travnja, odr\u017eati\u00a0Philips Fashion Week 2012. Najvljivan kao najve\u0107i modni doga\u0111aj godine, PFW \u0107e\u00a0obuhvatiti veliki broj predavanja te modne revije mladih dizajnera, najboljih slovenskih dizajnera te radionicu modnog filma. Philips fashion week pomlad\/poletje 2012 Ove godine PFW biti \u0107e jedan dan [&hellip;]\" \/>\n<meta property=\"og:url\" content=\"http:\/\/film-mag.net\/wp\/?p=436\" \/>\n<meta property=\"og:site_name\" content=\"FILM-mag.net\" \/>\n<meta property=\"article:published_time\" content=\"2012-03-26T17:42:36+00:00\" \/>\n<meta property=\"article:modified_time\" content=\"2012-04-08T21:13:48+00:00\" \/>\n<meta property=\"og:image\" content=\"http:\/\/film-mag.net\/wp\/wp-content\/uploads\/2012\/03\/PFW2012.jpg\" \/>\n<meta name=\"author\" content=\"dr. sc. Vendi Juki\u0107 Bu\u010da\" \/>\n<meta name=\"twitter:card\" content=\"summary_large_image\" \/>\n<meta name=\"twitter:label1\" content=\"Written by\" \/>\n\t<meta name=\"twitter:data1\" content=\"dr. sc. Vendi Juki\u0107 Bu\u010da\" \/>\n\t<meta name=\"twitter:label2\" content=\"Est. reading time\" \/>\n\t<meta name=\"twitter:data2\" content=\"2 minutes\" \/>\n<script type=\"application\/ld+json\" class=\"yoast-schema-graph\">{\"@context\":\"https:\/\/schema.org\",\"@graph\":[{\"@type\":\"WebPage\",\"@id\":\"http:\/\/film-mag.net\/wp\/?p=436\",\"url\":\"http:\/\/film-mag.net\/wp\/?p=436\",\"name\":\"Revije - Philips Fashion Week Ljubljana 2012 - FILM-mag.net\",\"isPartOf\":{\"@id\":\"http:\/\/film-mag.net\/wp\/#website\"},\"primaryImageOfPage\":{\"@id\":\"http:\/\/film-mag.net\/wp\/?p=436#primaryimage\"},\"image\":{\"@id\":\"http:\/\/film-mag.net\/wp\/?p=436#primaryimage\"},\"thumbnailUrl\":\"http:\/\/film-mag.net\/wp\/wp-content\/uploads\/2012\/03\/PFW2012.jpg\",\"datePublished\":\"2012-03-26T17:42:36+00:00\",\"dateModified\":\"2012-04-08T21:13:48+00:00\",\"author\":{\"@id\":\"http:\/\/film-mag.net\/wp\/#\/schema\/person\/7981028733b22534da4b74048efa290b\"},\"breadcrumb\":{\"@id\":\"http:\/\/film-mag.net\/wp\/?p=436#breadcrumb\"},\"inLanguage\":\"en-US\",\"potentialAction\":[{\"@type\":\"ReadAction\",\"target\":[\"http:\/\/film-mag.net\/wp\/?p=436\"]}]},{\"@type\":\"ImageObject\",\"inLanguage\":\"en-US\",\"@id\":\"http:\/\/film-mag.net\/wp\/?p=436#primaryimage\",\"url\":\"http:\/\/film-mag.net\/wp\/wp-content\/uploads\/2012\/03\/PFW2012.jpg\",\"contentUrl\":\"http:\/\/film-mag.net\/wp\/wp-content\/uploads\/2012\/03\/PFW2012.jpg\"},{\"@type\":\"BreadcrumbList\",\"@id\":\"http:\/\/film-mag.net\/wp\/?p=436#breadcrumb\",\"itemListElement\":[{\"@type\":\"ListItem\",\"position\":1,\"name\":\"Home\",\"item\":\"http:\/\/film-mag.net\/wp\/\"},{\"@type\":\"ListItem\",\"position\":2,\"name\":\"Revije &#8211; Philips Fashion Week Ljubljana 2012\"}]},{\"@type\":\"WebSite\",\"@id\":\"http:\/\/film-mag.net\/wp\/#website\",\"url\":\"http:\/\/film-mag.net\/wp\/\",\"name\":\"FILM-mag.net\",\"description\":\"Prvi hrvatski portal o filmu i filmu bliskim podru\u010djima kulture\",\"potentialAction\":[{\"@type\":\"SearchAction\",\"target\":{\"@type\":\"EntryPoint\",\"urlTemplate\":\"http:\/\/film-mag.net\/wp\/?s={search_term_string}\"},\"query-input\":{\"@type\":\"PropertyValueSpecification\",\"valueRequired\":true,\"valueName\":\"search_term_string\"}}],\"inLanguage\":\"en-US\"},{\"@type\":\"Person\",\"@id\":\"http:\/\/film-mag.net\/wp\/#\/schema\/person\/7981028733b22534da4b74048efa290b\",\"name\":\"dr. sc. Vendi Juki\u0107 Bu\u010da\",\"image\":{\"@type\":\"ImageObject\",\"inLanguage\":\"en-US\",\"@id\":\"http:\/\/film-mag.net\/wp\/#\/schema\/person\/image\/\",\"url\":\"https:\/\/secure.gravatar.com\/avatar\/5cc6fa637e747da8f5ffb85de774143a?s=96&d=mm&r=g\",\"contentUrl\":\"https:\/\/secure.gravatar.com\/avatar\/5cc6fa637e747da8f5ffb85de774143a?s=96&d=mm&r=g\",\"caption\":\"dr. sc. Vendi Juki\u0107 Bu\u010da\"},\"url\":\"http:\/\/film-mag.net\/wp\/?author=1\"}]}<\/script>\n<!-- \/ Yoast SEO plugin. -->","yoast_head_json":{"title":"Revije - Philips Fashion Week Ljubljana 2012 - FILM-mag.net","robots":{"index":"index","follow":"follow","max-snippet":"max-snippet:-1","max-image-preview":"max-image-preview:large","max-video-preview":"max-video-preview:-1"},"canonical":"http:\/\/film-mag.net\/wp\/?p=436","og_locale":"en_US","og_type":"article","og_title":"Revije - Philips Fashion Week Ljubljana 2012 - FILM-mag.net","og_description":"U susjednoj nam\u00a0Sloveniji, u metropolitskoj\u00a0Ljubljani, u\u00a0Kinu \u0160i\u0161ka, idu\u0107i \u0107e se tjedan, od 2. do 4. travnja, odr\u017eati\u00a0Philips Fashion Week 2012. Najvljivan kao najve\u0107i modni doga\u0111aj godine, PFW \u0107e\u00a0obuhvatiti veliki broj predavanja te modne revije mladih dizajnera, najboljih slovenskih dizajnera te radionicu modnog filma. Philips fashion week pomlad\/poletje 2012 Ove godine PFW biti \u0107e jedan dan [&hellip;]","og_url":"http:\/\/film-mag.net\/wp\/?p=436","og_site_name":"FILM-mag.net","article_published_time":"2012-03-26T17:42:36+00:00","article_modified_time":"2012-04-08T21:13:48+00:00","og_image":[{"url":"http:\/\/film-mag.net\/wp\/wp-content\/uploads\/2012\/03\/PFW2012.jpg","type":"","width":"","height":""}],"author":"dr. sc. Vendi Juki\u0107 Bu\u010da","twitter_card":"summary_large_image","twitter_misc":{"Written by":"dr. sc. Vendi Juki\u0107 Bu\u010da","Est. reading time":"2 minutes"},"schema":{"@context":"https:\/\/schema.org","@graph":[{"@type":"WebPage","@id":"http:\/\/film-mag.net\/wp\/?p=436","url":"http:\/\/film-mag.net\/wp\/?p=436","name":"Revije - Philips Fashion Week Ljubljana 2012 - FILM-mag.net","isPartOf":{"@id":"http:\/\/film-mag.net\/wp\/#website"},"primaryImageOfPage":{"@id":"http:\/\/film-mag.net\/wp\/?p=436#primaryimage"},"image":{"@id":"http:\/\/film-mag.net\/wp\/?p=436#primaryimage"},"thumbnailUrl":"http:\/\/film-mag.net\/wp\/wp-content\/uploads\/2012\/03\/PFW2012.jpg","datePublished":"2012-03-26T17:42:36+00:00","dateModified":"2012-04-08T21:13:48+00:00","author":{"@id":"http:\/\/film-mag.net\/wp\/#\/schema\/person\/7981028733b22534da4b74048efa290b"},"breadcrumb":{"@id":"http:\/\/film-mag.net\/wp\/?p=436#breadcrumb"},"inLanguage":"en-US","potentialAction":[{"@type":"ReadAction","target":["http:\/\/film-mag.net\/wp\/?p=436"]}]},{"@type":"ImageObject","inLanguage":"en-US","@id":"http:\/\/film-mag.net\/wp\/?p=436#primaryimage","url":"http:\/\/film-mag.net\/wp\/wp-content\/uploads\/2012\/03\/PFW2012.jpg","contentUrl":"http:\/\/film-mag.net\/wp\/wp-content\/uploads\/2012\/03\/PFW2012.jpg"},{"@type":"BreadcrumbList","@id":"http:\/\/film-mag.net\/wp\/?p=436#breadcrumb","itemListElement":[{"@type":"ListItem","position":1,"name":"Home","item":"http:\/\/film-mag.net\/wp\/"},{"@type":"ListItem","position":2,"name":"Revije &#8211; Philips Fashion Week Ljubljana 2012"}]},{"@type":"WebSite","@id":"http:\/\/film-mag.net\/wp\/#website","url":"http:\/\/film-mag.net\/wp\/","name":"FILM-mag.net","description":"Prvi hrvatski portal o filmu i filmu bliskim podru\u010djima kulture","potentialAction":[{"@type":"SearchAction","target":{"@type":"EntryPoint","urlTemplate":"http:\/\/film-mag.net\/wp\/?s={search_term_string}"},"query-input":{"@type":"PropertyValueSpecification","valueRequired":true,"valueName":"search_term_string"}}],"inLanguage":"en-US"},{"@type":"Person","@id":"http:\/\/film-mag.net\/wp\/#\/schema\/person\/7981028733b22534da4b74048efa290b","name":"dr. sc. Vendi Juki\u0107 Bu\u010da","image":{"@type":"ImageObject","inLanguage":"en-US","@id":"http:\/\/film-mag.net\/wp\/#\/schema\/person\/image\/","url":"https:\/\/secure.gravatar.com\/avatar\/5cc6fa637e747da8f5ffb85de774143a?s=96&d=mm&r=g","contentUrl":"https:\/\/secure.gravatar.com\/avatar\/5cc6fa637e747da8f5ffb85de774143a?s=96&d=mm&r=g","caption":"dr. sc. Vendi Juki\u0107 Bu\u010da"},"url":"http:\/\/film-mag.net\/wp\/?author=1"}]}},"_links":{"self":[{"href":"http:\/\/film-mag.net\/wp\/index.php?rest_route=\/wp\/v2\/posts\/436","targetHints":{"allow":["GET"]}}],"collection":[{"href":"http:\/\/film-mag.net\/wp\/index.php?rest_route=\/wp\/v2\/posts"}],"about":[{"href":"http:\/\/film-mag.net\/wp\/index.php?rest_route=\/wp\/v2\/types\/post"}],"author":[{"embeddable":true,"href":"http:\/\/film-mag.net\/wp\/index.php?rest_route=\/wp\/v2\/users\/1"}],"replies":[{"embeddable":true,"href":"http:\/\/film-mag.net\/wp\/index.php?rest_route=%2Fwp%2Fv2%2Fcomments&post=436"}],"version-history":[{"count":12,"href":"http:\/\/film-mag.net\/wp\/index.php?rest_route=\/wp\/v2\/posts\/436\/revisions"}],"predecessor-version":[{"id":826,"href":"http:\/\/film-mag.net\/wp\/index.php?rest_route=\/wp\/v2\/posts\/436\/revisions\/826"}],"wp:attachment":[{"href":"http:\/\/film-mag.net\/wp\/index.php?rest_route=%2Fwp%2Fv2%2Fmedia&parent=436"}],"wp:term":[{"taxonomy":"category","embeddable":true,"href":"http:\/\/film-mag.net\/wp\/index.php?rest_route=%2Fwp%2Fv2%2Fcategories&post=436"},{"taxonomy":"post_tag","embeddable":true,"href":"http:\/\/film-mag.net\/wp\/index.php?rest_route=%2Fwp%2Fv2%2Ftags&post=436"}],"curies":[{"name":"wp","href":"https:\/\/api.w.org\/{rel}","templated":true}]}}