{"id":43497,"date":"2020-09-08T21:08:13","date_gmt":"2020-09-08T19:08:13","guid":{"rendered":"http:\/\/film-mag.net\/wp\/?p=43497"},"modified":"2020-09-08T22:23:20","modified_gmt":"2020-09-08T20:23:20","slug":"vjezbanje-zivota-ponovno-na-sceni-zajca","status":"publish","type":"post","link":"http:\/\/film-mag.net\/wp\/?p=43497","title":{"rendered":"&#8216;Vje\u017ebanje \u017eivota&#8217; ponovno na sceni Zajca!"},"content":{"rendered":"<p style=\"text-align: justify;\"><b>\u201eVJE\u017dBANJE \u017dIVOTA \u2013 DRUGI PUT\u201c PONOVNO NA SCENI \u201eZAJCA\u201c!<\/b><\/p>\n<p style=\"text-align: justify;\">Predstava \u201eVje\u017ebanje \u017eivota \u2013 drugi put\u201c, koju je rije\u010dka publika \u010dekala tri desetlje\u0107a, vra\u0107a se na pozornicu HNK Ivana pl. Zajca. Novi blok izvedbi na programu je 10, 11, 14, 15. i 17. rujna 2020., a sve izvedbe predstave po\u010dinju Karnevalom politi\u010dara u 19.30 sati ispred zgrade Kazali\u0161ta. <b><br \/>\n<\/b><\/p>\n<p style=\"text-align: justify;\">Prema legendarnom romanu Nedjeljka Fabrija u re\u017eiji Marina Bla\u017eevi\u0107a, koji s Lucijom Klari\u0107, Majom Le\u017eai\u0107 i Nikolinom Rafaj potpisuje i dramatizaciju romana, novo uprizorenje, premijerno izvedeno 24. lipnja, donosi povijest Rijeke iz perspektive \u017eenskih likova, \u010dije potresne pri\u010de povijest uglavnom ne bilje\u017ei, ali i perspektive glumica koje ih izvode. Tako i u novim izvedbama vrhunske glumice Neva Ro\u0161i\u0107, Olivera Baljak, Zrinka Kolak Fabijan, Elis Lovri\u0107 predvode cijelu gluma\u010dku plejadu od tridesetak glumica i glumaca.<\/p>\n<p style=\"text-align: justify;\"><img decoding=\"async\" style=\"border: none; width: 100%;\" src=\" http:\/\/hnk-zajc.hr\/wp-content\/uploads\/2020\/03\/vjezbanje-sve-zene-fb-715x575.png \" \/><\/p>\n<p style=\"text-align: justify;\">Fotografiju ustupio HNK Ivan pl. Zajc<\/p>\n<p style=\"text-align: justify;\">Najve\u0107a rije\u010dka dramska produkcija u posljednjih deset godina i jedan od vrhunaca programskog pravca Doba mo\u0107i projekta EPK &#8211; Rijeka 2020 donosi pri\u010du o Rijeci, o na\u0161em gradu, ali ne samo onu politi\u010dku, ve\u0107 i pri\u010du o \u017eivotu i smrti, o ljubavima i nikad dosanjanim snovima, o stalnim odlascima i rastancima na vjetrometini burne rije\u010dke povijesti i burnih promjena.<\/p>\n<p style=\"text-align: justify;\">\u201eVje\u017ebanje \u017eivota \u2013 drugi put\u201c istodobno je i <i>hommage<\/i> predstavi Nedjeljka Fabrija i Darka Ga\u0161parovi\u0107a u re\u017eiji Georgija Para iz 1990. godine, \u010dija se radnja, za razliku od predstave iz 90. godine odnosno romana, ne zaustavlja 50-ih godina 20. stolje\u0107a ve\u0107 se u nekim perspektivama produ\u017eava sve do 90-ih godina pro\u0161log stolje\u0107a. Tako predstava o rije\u010dkim identitetima otvara i teme koje su obilje\u017eile \u017eivot Rijeke nakon trenutka u kojem roman zavr\u0161ava, pa postaje primjerice i predstavom o na\u0161em, rije\u010dkom Kazali\u0161tu u kojem su se zbili neki klju\u010dni doga\u0111aji.<\/p>\n<p style=\"text-align: justify;\">Autorski tim \u010dine redom predstavnice i predstavnici nove generacije rije\u010dke umjetni\u010dke i kazali\u0161ne scene: koreografkinja i asistentica redatelja Mila \u010culjak, scenograf\u00a0 Alan Vukeli\u0107, kostimografkinja Sandra Dekani\u0107, autori glazbe Josip Mar\u0161i\u0107 i Zoran Medved, autor videa Marin Lukanovi\u0107 i dizajner svjetla Dalibor Fugo\u0161i\u0107.<\/p>\n<p style=\"text-align: justify;\">Uz glumice i glumce Hrvatske i Talijanske drame HNK Ivana pl. Zajca, u predstavi sudjeluje polaznici Rije\u010dkog kazali\u0161ta mladih \u201eKamov\u201c kao i Rije\u010dkog opernog zbora.<\/p>\n<p style=\"text-align: justify;\">Program u HNK Ivana pl. Zajca odvija se uz po\u0161tivanje svih protuepidemijskih mjera, od dezinfekcije na ulazu do obaveznog no\u0161enja maski, a broj mjesta u gledali\u0161tu je, kao i ranije, reduciran kako bi udovoljio propisanim mjerama fizi\u010dke udaljenosti.<\/p>\n<p style=\"text-align: justify;\">[izvor informacije\u00a0<a href=\"http:\/\/hnk-zajc.hr\/naslovnica\/\"><strong>HNK Ivan pl. Zajc<\/strong><\/a>]<\/p>\n<p style=\"text-align: justify;\"><strong><a href=\"https:\/\/web.facebook.com\/FILMmagnet\/posts\/3444110718960910\">Facebook<\/a><\/strong><\/p>\n<div id=\"fb_share_1\" style=\"float: right; margin-left: 10px;\"><a name=\"fb_share\" type=\"box_count\" share_url=\"http:\/\/film-mag.net\/wp\/?p=43497\" href=\"http:\/\/www.facebook.com\/sharer.php\">Share<\/a><\/div><div><script src=\"http:\/\/static.ak.fbcdn.net\/connect.php\/js\/FB.Share\" type=\"text\/javascript\"><\/script><\/div><div style=\"clear:both\"><\/div>","protected":false},"excerpt":{"rendered":"<p>\u201eVJE\u017dBANJE \u017dIVOTA \u2013 DRUGI PUT\u201c PONOVNO NA SCENI \u201eZAJCA\u201c! Predstava \u201eVje\u017ebanje \u017eivota \u2013 drugi put\u201c, koju je rije\u010dka publika \u010dekala tri desetlje\u0107a, vra\u0107a se na pozornicu HNK Ivana pl. Zajca. Novi blok izvedbi na programu je 10, 11, 14, 15. i 17. rujna 2020., a sve izvedbe predstave po\u010dinju Karnevalom politi\u010dara u 19.30 sati ispred [&hellip;]<\/p>\n","protected":false},"author":8,"featured_media":0,"comment_status":"closed","ping_status":"closed","sticky":false,"template":"","format":"standard","meta":{"_et_pb_use_builder":"","_et_pb_old_content":"","_et_gb_content_width":"","_editorskit_title_hidden":false,"_editorskit_reading_time":0,"_editorskit_is_block_options_detached":false,"_editorskit_block_options_position":"{}","footnotes":""},"categories":[36,33,10,17050],"tags":[7131,137,10199,4999,20816,20981,662],"class_list":["post-43497","post","type-post","status-publish","format-standard","hentry","category-kazalisne-najave","category-kazalisne-premijere","category-kazaliste","category-press","tag-hnk-ivan-pl-zajc","tag-kazalisna-premijera","tag-marin-blazevic","tag-mira-furlan","tag-nedjeljko-fabrio","tag-neva-rosic","tag-rijeka"],"yoast_head":"<!-- This site is optimized with the Yoast SEO plugin v24.6 - https:\/\/yoast.com\/wordpress\/plugins\/seo\/ -->\n<title>&#039;Vje\u017ebanje \u017eivota&#039; ponovno na sceni Zajca! - FILM-mag.net<\/title>\n<meta name=\"robots\" content=\"index, follow, max-snippet:-1, max-image-preview:large, max-video-preview:-1\" \/>\n<link rel=\"canonical\" href=\"http:\/\/film-mag.net\/wp\/?p=43497\" \/>\n<meta property=\"og:locale\" content=\"en_US\" \/>\n<meta property=\"og:type\" content=\"article\" \/>\n<meta property=\"og:title\" content=\"&#039;Vje\u017ebanje \u017eivota&#039; ponovno na sceni Zajca! - FILM-mag.net\" \/>\n<meta property=\"og:description\" content=\"\u201eVJE\u017dBANJE \u017dIVOTA \u2013 DRUGI PUT\u201c PONOVNO NA SCENI \u201eZAJCA\u201c! Predstava \u201eVje\u017ebanje \u017eivota \u2013 drugi put\u201c, koju je rije\u010dka publika \u010dekala tri desetlje\u0107a, vra\u0107a se na pozornicu HNK Ivana pl. Zajca. Novi blok izvedbi na programu je 10, 11, 14, 15. i 17. rujna 2020., a sve izvedbe predstave po\u010dinju Karnevalom politi\u010dara u 19.30 sati ispred [&hellip;]\" \/>\n<meta property=\"og:url\" content=\"http:\/\/film-mag.net\/wp\/?p=43497\" \/>\n<meta property=\"og:site_name\" content=\"FILM-mag.net\" \/>\n<meta property=\"article:published_time\" content=\"2020-09-08T19:08:13+00:00\" \/>\n<meta property=\"article:modified_time\" content=\"2020-09-08T20:23:20+00:00\" \/>\n<meta name=\"author\" content=\"PRESS\" \/>\n<meta name=\"twitter:card\" content=\"summary_large_image\" \/>\n<meta name=\"twitter:label1\" content=\"Written by\" \/>\n\t<meta name=\"twitter:data1\" content=\"PRESS\" \/>\n\t<meta name=\"twitter:label2\" content=\"Est. reading time\" \/>\n\t<meta name=\"twitter:data2\" content=\"2 minutes\" \/>\n<script type=\"application\/ld+json\" class=\"yoast-schema-graph\">{\"@context\":\"https:\/\/schema.org\",\"@graph\":[{\"@type\":\"WebPage\",\"@id\":\"http:\/\/film-mag.net\/wp\/?p=43497\",\"url\":\"http:\/\/film-mag.net\/wp\/?p=43497\",\"name\":\"'Vje\u017ebanje \u017eivota' ponovno na sceni Zajca! - FILM-mag.net\",\"isPartOf\":{\"@id\":\"https:\/\/film-mag.net\/wp\/#website\"},\"datePublished\":\"2020-09-08T19:08:13+00:00\",\"dateModified\":\"2020-09-08T20:23:20+00:00\",\"author\":{\"@id\":\"https:\/\/film-mag.net\/wp\/#\/schema\/person\/a8dd3a5b76a5bbde974e03510a205c2f\"},\"breadcrumb\":{\"@id\":\"http:\/\/film-mag.net\/wp\/?p=43497#breadcrumb\"},\"inLanguage\":\"en-US\",\"potentialAction\":[{\"@type\":\"ReadAction\",\"target\":[\"http:\/\/film-mag.net\/wp\/?p=43497\"]}]},{\"@type\":\"BreadcrumbList\",\"@id\":\"http:\/\/film-mag.net\/wp\/?p=43497#breadcrumb\",\"itemListElement\":[{\"@type\":\"ListItem\",\"position\":1,\"name\":\"Home\",\"item\":\"https:\/\/film-mag.net\/wp\/\"},{\"@type\":\"ListItem\",\"position\":2,\"name\":\"&#8216;Vje\u017ebanje \u017eivota&#8217; ponovno na sceni Zajca!\"}]},{\"@type\":\"WebSite\",\"@id\":\"https:\/\/film-mag.net\/wp\/#website\",\"url\":\"https:\/\/film-mag.net\/wp\/\",\"name\":\"FILM-mag.net\",\"description\":\"Prvi hrvatski portal o filmu i filmu bliskim podru\u010djima kulture\",\"potentialAction\":[{\"@type\":\"SearchAction\",\"target\":{\"@type\":\"EntryPoint\",\"urlTemplate\":\"https:\/\/film-mag.net\/wp\/?s={search_term_string}\"},\"query-input\":{\"@type\":\"PropertyValueSpecification\",\"valueRequired\":true,\"valueName\":\"search_term_string\"}}],\"inLanguage\":\"en-US\"},{\"@type\":\"Person\",\"@id\":\"https:\/\/film-mag.net\/wp\/#\/schema\/person\/a8dd3a5b76a5bbde974e03510a205c2f\",\"name\":\"PRESS\",\"image\":{\"@type\":\"ImageObject\",\"inLanguage\":\"en-US\",\"@id\":\"https:\/\/film-mag.net\/wp\/#\/schema\/person\/image\/\",\"url\":\"https:\/\/secure.gravatar.com\/avatar\/bf4ab1626f485b36c4f3650b1d351839?s=96&d=mm&r=g\",\"contentUrl\":\"https:\/\/secure.gravatar.com\/avatar\/bf4ab1626f485b36c4f3650b1d351839?s=96&d=mm&r=g\",\"caption\":\"PRESS\"},\"url\":\"http:\/\/film-mag.net\/wp\/?author=8\"}]}<\/script>\n<!-- \/ Yoast SEO plugin. -->","yoast_head_json":{"title":"'Vje\u017ebanje \u017eivota' ponovno na sceni Zajca! - FILM-mag.net","robots":{"index":"index","follow":"follow","max-snippet":"max-snippet:-1","max-image-preview":"max-image-preview:large","max-video-preview":"max-video-preview:-1"},"canonical":"http:\/\/film-mag.net\/wp\/?p=43497","og_locale":"en_US","og_type":"article","og_title":"'Vje\u017ebanje \u017eivota' ponovno na sceni Zajca! - FILM-mag.net","og_description":"\u201eVJE\u017dBANJE \u017dIVOTA \u2013 DRUGI PUT\u201c PONOVNO NA SCENI \u201eZAJCA\u201c! Predstava \u201eVje\u017ebanje \u017eivota \u2013 drugi put\u201c, koju je rije\u010dka publika \u010dekala tri desetlje\u0107a, vra\u0107a se na pozornicu HNK Ivana pl. Zajca. Novi blok izvedbi na programu je 10, 11, 14, 15. i 17. rujna 2020., a sve izvedbe predstave po\u010dinju Karnevalom politi\u010dara u 19.30 sati ispred [&hellip;]","og_url":"http:\/\/film-mag.net\/wp\/?p=43497","og_site_name":"FILM-mag.net","article_published_time":"2020-09-08T19:08:13+00:00","article_modified_time":"2020-09-08T20:23:20+00:00","author":"PRESS","twitter_card":"summary_large_image","twitter_misc":{"Written by":"PRESS","Est. reading time":"2 minutes"},"schema":{"@context":"https:\/\/schema.org","@graph":[{"@type":"WebPage","@id":"http:\/\/film-mag.net\/wp\/?p=43497","url":"http:\/\/film-mag.net\/wp\/?p=43497","name":"'Vje\u017ebanje \u017eivota' ponovno na sceni Zajca! - FILM-mag.net","isPartOf":{"@id":"https:\/\/film-mag.net\/wp\/#website"},"datePublished":"2020-09-08T19:08:13+00:00","dateModified":"2020-09-08T20:23:20+00:00","author":{"@id":"https:\/\/film-mag.net\/wp\/#\/schema\/person\/a8dd3a5b76a5bbde974e03510a205c2f"},"breadcrumb":{"@id":"http:\/\/film-mag.net\/wp\/?p=43497#breadcrumb"},"inLanguage":"en-US","potentialAction":[{"@type":"ReadAction","target":["http:\/\/film-mag.net\/wp\/?p=43497"]}]},{"@type":"BreadcrumbList","@id":"http:\/\/film-mag.net\/wp\/?p=43497#breadcrumb","itemListElement":[{"@type":"ListItem","position":1,"name":"Home","item":"https:\/\/film-mag.net\/wp\/"},{"@type":"ListItem","position":2,"name":"&#8216;Vje\u017ebanje \u017eivota&#8217; ponovno na sceni Zajca!"}]},{"@type":"WebSite","@id":"https:\/\/film-mag.net\/wp\/#website","url":"https:\/\/film-mag.net\/wp\/","name":"FILM-mag.net","description":"Prvi hrvatski portal o filmu i filmu bliskim podru\u010djima kulture","potentialAction":[{"@type":"SearchAction","target":{"@type":"EntryPoint","urlTemplate":"https:\/\/film-mag.net\/wp\/?s={search_term_string}"},"query-input":{"@type":"PropertyValueSpecification","valueRequired":true,"valueName":"search_term_string"}}],"inLanguage":"en-US"},{"@type":"Person","@id":"https:\/\/film-mag.net\/wp\/#\/schema\/person\/a8dd3a5b76a5bbde974e03510a205c2f","name":"PRESS","image":{"@type":"ImageObject","inLanguage":"en-US","@id":"https:\/\/film-mag.net\/wp\/#\/schema\/person\/image\/","url":"https:\/\/secure.gravatar.com\/avatar\/bf4ab1626f485b36c4f3650b1d351839?s=96&d=mm&r=g","contentUrl":"https:\/\/secure.gravatar.com\/avatar\/bf4ab1626f485b36c4f3650b1d351839?s=96&d=mm&r=g","caption":"PRESS"},"url":"http:\/\/film-mag.net\/wp\/?author=8"}]}},"_links":{"self":[{"href":"http:\/\/film-mag.net\/wp\/index.php?rest_route=\/wp\/v2\/posts\/43497","targetHints":{"allow":["GET"]}}],"collection":[{"href":"http:\/\/film-mag.net\/wp\/index.php?rest_route=\/wp\/v2\/posts"}],"about":[{"href":"http:\/\/film-mag.net\/wp\/index.php?rest_route=\/wp\/v2\/types\/post"}],"author":[{"embeddable":true,"href":"http:\/\/film-mag.net\/wp\/index.php?rest_route=\/wp\/v2\/users\/8"}],"replies":[{"embeddable":true,"href":"http:\/\/film-mag.net\/wp\/index.php?rest_route=%2Fwp%2Fv2%2Fcomments&post=43497"}],"version-history":[{"count":1,"href":"http:\/\/film-mag.net\/wp\/index.php?rest_route=\/wp\/v2\/posts\/43497\/revisions"}],"predecessor-version":[{"id":43499,"href":"http:\/\/film-mag.net\/wp\/index.php?rest_route=\/wp\/v2\/posts\/43497\/revisions\/43499"}],"wp:attachment":[{"href":"http:\/\/film-mag.net\/wp\/index.php?rest_route=%2Fwp%2Fv2%2Fmedia&parent=43497"}],"wp:term":[{"taxonomy":"category","embeddable":true,"href":"http:\/\/film-mag.net\/wp\/index.php?rest_route=%2Fwp%2Fv2%2Fcategories&post=43497"},{"taxonomy":"post_tag","embeddable":true,"href":"http:\/\/film-mag.net\/wp\/index.php?rest_route=%2Fwp%2Fv2%2Ftags&post=43497"}],"curies":[{"name":"wp","href":"https:\/\/api.w.org\/{rel}","templated":true}]}}