{"id":43218,"date":"2020-08-06T11:52:01","date_gmt":"2020-08-06T09:52:01","guid":{"rendered":"http:\/\/film-mag.net\/wp\/?p=43218"},"modified":"2020-08-06T11:52:01","modified_gmt":"2020-08-06T09:52:01","slug":"fraktura-predstavlja-sutnja-bijeloga-grada","status":"publish","type":"post","link":"http:\/\/film-mag.net\/wp\/?p=43218","title":{"rendered":"Fraktura predstavlja: \u0160utnja bijeloga grada"},"content":{"rendered":"<p style=\"text-align: justify;\">U prvom romanu senzacionalne <em>Trilogije bijeloga grada<\/em> inspektor Unai L\u00f3pez de Ayala zvan Kraken kre\u0107e tragom okrutnih ritualnih ubojstava koja potresaju baskijski grad Vitoriju. Uvijek dva tijela. Mu\u0161ko i \u017eensko, s rukom na obrazu onoga drugog, gotovo kao dodir utjehe. Tako je bilo prije dvadeset godina, a tako je i danas, koji dan prije nego \u0161to iz zatvora treba iza\u0107i \u010dovjek koji je za ubojstva osu\u0111en \u2013 neko\u0107 slavljen, a danas omra\u017een, briljantni arheolog Tasio Ortiz de Z\u00e1rate. Pred inspektorom Ayalom, mladom zvijezdom vitorijske policije, te\u017eak je zadatak: otkriti kako je Tasio nastavio ubijati iz zatvora, ili prona\u0107i ubojicu zbog kojega je junak Krakenova djetinjstva u tamnici dva desetlje\u0107a proveo nevin.<\/p>\n<p style=\"text-align: justify;\">Ali, je li itko nevin u pri\u010di koju u sebi skriva <em>\u0160utnja bijeloga grada<\/em>? U misti\u010dnoj atmosferi Baskije, slijede\u0107i trag krvi, koji od drevnih dolmena i keltskih nalazi\u0161ta vodi do Stare katedrale i velebnih pala\u010da Vitorije \u2013 ovaj triler furiozna tempa hvata nas u svoju mre\u017eu i ne dopu\u0161ta nam da predahnemo.<\/p>\n<p style=\"text-align: justify;\">Mogu li se okajati grijesi iz pro\u0161losti?<br \/>\nMo\u017ee li se u srce tame dospjeti slijede\u0107i let p\u010dele?<br \/>\nI ima li odatle povratka?<\/p>\n<p style=\"text-align: justify;\"><img decoding=\"async\" style=\"border: none; width: 50%;\" src=\" https:\/\/fraktura.hr\/media\/catalog\/product\/cache\/74c1057f7991b4edb2bc7bdaa94de933\/s\/u\/sutnja_bijeloga_grada_300dpi.jpg \" \/><\/p>\n<p style=\"text-align: justify;\">Me\u0111unarodni bestseler <em>\u0160utnja bijeloga grada<\/em> Eve Garc\u00eda S\u00e1enz de Urturi napet je, elegantan krimi\u0107 u kojemu se mitologija i legende, arheologija i obiteljske tajne mije\u0161aju sve do vrtoglavog raspleta koji \u0107e vas zate\u0107i nespremne.<\/p>\n<p style=\"text-align: justify;\">\u201cPrvi dio <em>Trilogije bijeloga grada<\/em> Eve Garc\u00eda S\u00e1enz de Urturi zavodljivo je pisano djelo impresivna dosega i dubine.\u201d<br \/>\n\u2013 <em>Kirkus<\/em><\/p>\n<p style=\"text-align: justify;\">\u201cNevjerojatno je kako te dr\u017ei u neizvjesnosti. Otvarala sam tu knjigu \u010dak i kad sam znala da imam samo deset minuta za \u010ditanje.\u201d<br \/>\n<em>\u2013 Graciella Pisiani<\/em><\/p>\n<p style=\"text-align: justify;\">\u201cSa strepnjom, tako sam \u010ditala <em>\u0160utnju bijeloga grada<\/em>. Inteligentna, zabavna i puna iznena\u0111enja \u2013 pro\u010ditajte je i ne\u0107ete se pokajati!\u201d<br \/>\n<em>\u2013 Cristina Castro<\/em><\/p>\n<p style=\"text-align: justify;\">\u201c\u010cista desetka za ludo originalnu radnju! Kad po\u010dne\u0161 \u010ditati, ne mo\u017ee\u0161 prestati.\u201d<br \/>\n<em>\u2013 Carme F. Mart\u00ednez<\/em><\/p>\n<p style=\"text-align: justify;\"><strong>Eva Garc\u00eda S\u00e1enz de Urturi<\/strong><br \/>\nEva Garc\u00eda S\u00e1enz de Urturi (Vitoria, 1972.) diplomirala je optometriju, radila na nekoliko rukovode\u0107ih polo\u017eaja u opti\u010darskom sektoru, a potom se njezina karijera nastavila na Sveu\u010dili\u0161tu u Alicanteu. Slavu izvan \u0160panjolske stekla je romanom &#8216;Saga o dugovje\u010dnima&#8217; (La saga de los longevos, 2012.), koji je postao bestseler u SAD-u i Velikoj Britaniji. Godine 2014. objavila je &#8216;Adamove sinove&#8217; (Los hijos de Ad\u00e1n) i povijesni roman &#8216;Putovanje na Tahiti&#8217; (Pasaje a Tahit\u00ed). Vrhunce ljestvica najprodavanijih naslova dosti\u017ee 2016., kada je u knji\u017eare do\u0161la &#8216;\u0160utnja bijeloga grada&#8217; \u2013 prvi dio trilogije koja slavi baskijski grad Vitoriju, a \u010ditatelje upoznaje s Krakenom, briljantnim policijskim stru\u010dnjakom za profiliranje zlo\u010dinaca. &#8216;\u0160utnja bijeloga grada&#8217; ekranizirana je, a romani trilogije dr\u017ee mjesto najprodavanijih digitalnih izdanja u \u0160panjolskoj. Eva Garc\u00eda S\u00e1enz de Urturi jedna je od \u0161panjolskih spisateljica s najvi\u0161e pratitelja na dru\u0161tvenim mre\u017eama.<\/p>\n<p style=\"text-align: justify;\">El silencio de la ciudad blanca &#8211; IMDb<\/p>\n<h3 style=\"text-align: justify;\"><strong>Informacije knjizi:<\/strong><\/h3>\n<p style=\"text-align: justify;\"><strong>Eva Garc\u00eda S\u00e1enz de Urturi<\/strong><br \/>\n<strong>\u0160utnja bijeloga grada<\/strong><\/p>\n<p style=\"text-align: justify;\">Naslov izvornika: El silencio de la ciudad blanca<br \/>\nPrijevod: Silvana Rogli\u0107<br \/>\nDatum hrvatskog izdanja: lipanj 2020.<br \/>\nDatum originalnog izdanja: 2016.<br \/>\nJezik izvornika: \u0161panjolski<br \/>\nBroj stranica: 487<br \/>\nISBN: 978-953358224-5<br \/>\nVrsta uveza: Meki<br \/>\nVisina: 225 mm<br \/>\nTe\u017eina: 615 g<br \/>\nCijena: 149,00 kn<\/p>\n<p><strong>Trailer filma snimljenog prema knjizi:<\/strong><\/p>\n<p style=\"text-align: justify;\"><iframe loading=\"lazy\" src=\"https:\/\/www.youtube.com\/embed\/kg_hccHe8bU\" width=\"560\" height=\"315\" frameborder=\"0\" allowfullscreen=\"allowfullscreen\"><span style=\"display: inline-block; width: 0px; overflow: hidden; line-height: 0;\" data-mce-type=\"bookmark\" class=\"mce_SELRES_start\">\ufeff<\/span><\/iframe><\/p>\n<p style=\"text-align: justify;\">[izvor informacije\u00a0<strong><a href=\"https:\/\/fraktura.hr\/\">Fraktura<\/a><\/strong>]<\/p>\n<div id=\"fb_share_1\" style=\"float: right; margin-left: 10px;\"><a name=\"fb_share\" type=\"box_count\" share_url=\"http:\/\/film-mag.net\/wp\/?p=43218\" href=\"http:\/\/www.facebook.com\/sharer.php\">Share<\/a><\/div><div><script src=\"http:\/\/static.ak.fbcdn.net\/connect.php\/js\/FB.Share\" type=\"text\/javascript\"><\/script><\/div><div style=\"clear:both\"><\/div>","protected":false},"excerpt":{"rendered":"<p>U prvom romanu senzacionalne Trilogije bijeloga grada inspektor Unai L\u00f3pez de Ayala zvan Kraken kre\u0107e tragom okrutnih ritualnih ubojstava koja potresaju baskijski grad Vitoriju. Uvijek dva tijela. Mu\u0161ko i \u017eensko, s rukom na obrazu onoga drugog, gotovo kao dodir utjehe. Tako je bilo prije dvadeset godina, a tako je i danas, koji dan prije nego [&hellip;]<\/p>\n","protected":false},"author":8,"featured_media":0,"comment_status":"closed","ping_status":"closed","sticky":false,"template":"","format":"standard","meta":{"_et_pb_use_builder":"","_et_pb_old_content":"","_et_gb_content_width":"","_editorskit_title_hidden":false,"_editorskit_reading_time":0,"_editorskit_is_block_options_detached":false,"_editorskit_block_options_position":"{}","footnotes":""},"categories":[4,38,19650,12,17050],"tags":[20911,20896,86,19292,85,702],"class_list":["post-43218","post","type-post","status-publish","format-standard","hentry","category-istaknuto","category-knjige","category-knjige-istaknuto","category-knjizevnost","category-press","tag-daniel-calparsoro","tag-eva-garcia-saenz-de-urturi","tag-fraktura","tag-fraktura-predstavlja","tag-knjiga","tag-spanjolska-knjizevnost"],"yoast_head":"<!-- This site is optimized with the Yoast SEO plugin v24.6 - https:\/\/yoast.com\/wordpress\/plugins\/seo\/ -->\n<title>Fraktura predstavlja: \u0160utnja bijeloga grada - FILM-mag.net<\/title>\n<meta name=\"robots\" content=\"index, follow, max-snippet:-1, max-image-preview:large, max-video-preview:-1\" \/>\n<link rel=\"canonical\" href=\"http:\/\/film-mag.net\/wp\/?p=43218\" \/>\n<meta property=\"og:locale\" content=\"en_US\" \/>\n<meta property=\"og:type\" content=\"article\" \/>\n<meta property=\"og:title\" content=\"Fraktura predstavlja: \u0160utnja bijeloga grada - FILM-mag.net\" \/>\n<meta property=\"og:description\" content=\"U prvom romanu senzacionalne Trilogije bijeloga grada inspektor Unai L\u00f3pez de Ayala zvan Kraken kre\u0107e tragom okrutnih ritualnih ubojstava koja potresaju baskijski grad Vitoriju. Uvijek dva tijela. Mu\u0161ko i \u017eensko, s rukom na obrazu onoga drugog, gotovo kao dodir utjehe. Tako je bilo prije dvadeset godina, a tako je i danas, koji dan prije nego [&hellip;]\" \/>\n<meta property=\"og:url\" content=\"http:\/\/film-mag.net\/wp\/?p=43218\" \/>\n<meta property=\"og:site_name\" content=\"FILM-mag.net\" \/>\n<meta property=\"article:published_time\" content=\"2020-08-06T09:52:01+00:00\" \/>\n<meta name=\"author\" content=\"PRESS\" \/>\n<meta name=\"twitter:card\" content=\"summary_large_image\" \/>\n<meta name=\"twitter:label1\" content=\"Written by\" \/>\n\t<meta name=\"twitter:data1\" content=\"PRESS\" \/>\n\t<meta name=\"twitter:label2\" content=\"Est. reading time\" \/>\n\t<meta name=\"twitter:data2\" content=\"3 minutes\" \/>\n<script type=\"application\/ld+json\" class=\"yoast-schema-graph\">{\"@context\":\"https:\/\/schema.org\",\"@graph\":[{\"@type\":\"WebPage\",\"@id\":\"http:\/\/film-mag.net\/wp\/?p=43218\",\"url\":\"http:\/\/film-mag.net\/wp\/?p=43218\",\"name\":\"Fraktura predstavlja: \u0160utnja bijeloga grada - FILM-mag.net\",\"isPartOf\":{\"@id\":\"http:\/\/film-mag.net\/wp\/#website\"},\"datePublished\":\"2020-08-06T09:52:01+00:00\",\"author\":{\"@id\":\"http:\/\/film-mag.net\/wp\/#\/schema\/person\/a8dd3a5b76a5bbde974e03510a205c2f\"},\"breadcrumb\":{\"@id\":\"http:\/\/film-mag.net\/wp\/?p=43218#breadcrumb\"},\"inLanguage\":\"en-US\",\"potentialAction\":[{\"@type\":\"ReadAction\",\"target\":[\"http:\/\/film-mag.net\/wp\/?p=43218\"]}]},{\"@type\":\"BreadcrumbList\",\"@id\":\"http:\/\/film-mag.net\/wp\/?p=43218#breadcrumb\",\"itemListElement\":[{\"@type\":\"ListItem\",\"position\":1,\"name\":\"Home\",\"item\":\"http:\/\/film-mag.net\/wp\/\"},{\"@type\":\"ListItem\",\"position\":2,\"name\":\"Fraktura predstavlja: \u0160utnja bijeloga grada\"}]},{\"@type\":\"WebSite\",\"@id\":\"http:\/\/film-mag.net\/wp\/#website\",\"url\":\"http:\/\/film-mag.net\/wp\/\",\"name\":\"FILM-mag.net\",\"description\":\"Prvi hrvatski portal o filmu i filmu bliskim podru\u010djima kulture\",\"potentialAction\":[{\"@type\":\"SearchAction\",\"target\":{\"@type\":\"EntryPoint\",\"urlTemplate\":\"http:\/\/film-mag.net\/wp\/?s={search_term_string}\"},\"query-input\":{\"@type\":\"PropertyValueSpecification\",\"valueRequired\":true,\"valueName\":\"search_term_string\"}}],\"inLanguage\":\"en-US\"},{\"@type\":\"Person\",\"@id\":\"http:\/\/film-mag.net\/wp\/#\/schema\/person\/a8dd3a5b76a5bbde974e03510a205c2f\",\"name\":\"PRESS\",\"image\":{\"@type\":\"ImageObject\",\"inLanguage\":\"en-US\",\"@id\":\"http:\/\/film-mag.net\/wp\/#\/schema\/person\/image\/\",\"url\":\"https:\/\/secure.gravatar.com\/avatar\/bf4ab1626f485b36c4f3650b1d351839?s=96&d=mm&r=g\",\"contentUrl\":\"https:\/\/secure.gravatar.com\/avatar\/bf4ab1626f485b36c4f3650b1d351839?s=96&d=mm&r=g\",\"caption\":\"PRESS\"},\"url\":\"http:\/\/film-mag.net\/wp\/?author=8\"}]}<\/script>\n<!-- \/ Yoast SEO plugin. -->","yoast_head_json":{"title":"Fraktura predstavlja: \u0160utnja bijeloga grada - FILM-mag.net","robots":{"index":"index","follow":"follow","max-snippet":"max-snippet:-1","max-image-preview":"max-image-preview:large","max-video-preview":"max-video-preview:-1"},"canonical":"http:\/\/film-mag.net\/wp\/?p=43218","og_locale":"en_US","og_type":"article","og_title":"Fraktura predstavlja: \u0160utnja bijeloga grada - FILM-mag.net","og_description":"U prvom romanu senzacionalne Trilogije bijeloga grada inspektor Unai L\u00f3pez de Ayala zvan Kraken kre\u0107e tragom okrutnih ritualnih ubojstava koja potresaju baskijski grad Vitoriju. Uvijek dva tijela. Mu\u0161ko i \u017eensko, s rukom na obrazu onoga drugog, gotovo kao dodir utjehe. Tako je bilo prije dvadeset godina, a tako je i danas, koji dan prije nego [&hellip;]","og_url":"http:\/\/film-mag.net\/wp\/?p=43218","og_site_name":"FILM-mag.net","article_published_time":"2020-08-06T09:52:01+00:00","author":"PRESS","twitter_card":"summary_large_image","twitter_misc":{"Written by":"PRESS","Est. reading time":"3 minutes"},"schema":{"@context":"https:\/\/schema.org","@graph":[{"@type":"WebPage","@id":"http:\/\/film-mag.net\/wp\/?p=43218","url":"http:\/\/film-mag.net\/wp\/?p=43218","name":"Fraktura predstavlja: \u0160utnja bijeloga grada - FILM-mag.net","isPartOf":{"@id":"http:\/\/film-mag.net\/wp\/#website"},"datePublished":"2020-08-06T09:52:01+00:00","author":{"@id":"http:\/\/film-mag.net\/wp\/#\/schema\/person\/a8dd3a5b76a5bbde974e03510a205c2f"},"breadcrumb":{"@id":"http:\/\/film-mag.net\/wp\/?p=43218#breadcrumb"},"inLanguage":"en-US","potentialAction":[{"@type":"ReadAction","target":["http:\/\/film-mag.net\/wp\/?p=43218"]}]},{"@type":"BreadcrumbList","@id":"http:\/\/film-mag.net\/wp\/?p=43218#breadcrumb","itemListElement":[{"@type":"ListItem","position":1,"name":"Home","item":"http:\/\/film-mag.net\/wp\/"},{"@type":"ListItem","position":2,"name":"Fraktura predstavlja: \u0160utnja bijeloga grada"}]},{"@type":"WebSite","@id":"http:\/\/film-mag.net\/wp\/#website","url":"http:\/\/film-mag.net\/wp\/","name":"FILM-mag.net","description":"Prvi hrvatski portal o filmu i filmu bliskim podru\u010djima kulture","potentialAction":[{"@type":"SearchAction","target":{"@type":"EntryPoint","urlTemplate":"http:\/\/film-mag.net\/wp\/?s={search_term_string}"},"query-input":{"@type":"PropertyValueSpecification","valueRequired":true,"valueName":"search_term_string"}}],"inLanguage":"en-US"},{"@type":"Person","@id":"http:\/\/film-mag.net\/wp\/#\/schema\/person\/a8dd3a5b76a5bbde974e03510a205c2f","name":"PRESS","image":{"@type":"ImageObject","inLanguage":"en-US","@id":"http:\/\/film-mag.net\/wp\/#\/schema\/person\/image\/","url":"https:\/\/secure.gravatar.com\/avatar\/bf4ab1626f485b36c4f3650b1d351839?s=96&d=mm&r=g","contentUrl":"https:\/\/secure.gravatar.com\/avatar\/bf4ab1626f485b36c4f3650b1d351839?s=96&d=mm&r=g","caption":"PRESS"},"url":"http:\/\/film-mag.net\/wp\/?author=8"}]}},"_links":{"self":[{"href":"http:\/\/film-mag.net\/wp\/index.php?rest_route=\/wp\/v2\/posts\/43218","targetHints":{"allow":["GET"]}}],"collection":[{"href":"http:\/\/film-mag.net\/wp\/index.php?rest_route=\/wp\/v2\/posts"}],"about":[{"href":"http:\/\/film-mag.net\/wp\/index.php?rest_route=\/wp\/v2\/types\/post"}],"author":[{"embeddable":true,"href":"http:\/\/film-mag.net\/wp\/index.php?rest_route=\/wp\/v2\/users\/8"}],"replies":[{"embeddable":true,"href":"http:\/\/film-mag.net\/wp\/index.php?rest_route=%2Fwp%2Fv2%2Fcomments&post=43218"}],"version-history":[{"count":1,"href":"http:\/\/film-mag.net\/wp\/index.php?rest_route=\/wp\/v2\/posts\/43218\/revisions"}],"predecessor-version":[{"id":43219,"href":"http:\/\/film-mag.net\/wp\/index.php?rest_route=\/wp\/v2\/posts\/43218\/revisions\/43219"}],"wp:attachment":[{"href":"http:\/\/film-mag.net\/wp\/index.php?rest_route=%2Fwp%2Fv2%2Fmedia&parent=43218"}],"wp:term":[{"taxonomy":"category","embeddable":true,"href":"http:\/\/film-mag.net\/wp\/index.php?rest_route=%2Fwp%2Fv2%2Fcategories&post=43218"},{"taxonomy":"post_tag","embeddable":true,"href":"http:\/\/film-mag.net\/wp\/index.php?rest_route=%2Fwp%2Fv2%2Ftags&post=43218"}],"curies":[{"name":"wp","href":"https:\/\/api.w.org\/{rel}","templated":true}]}}